{"id":15234,"date":"2020-05-14T17:48:07","date_gmt":"2020-05-14T17:48:07","guid":{"rendered":"https:\/\/larevistadigital.com.ar\/blog\/?p=15234"},"modified":"2020-05-14T17:48:07","modified_gmt":"2020-05-14T17:48:07","slug":"mercado-de-animales-salvajes-y-coronavirus-los-prohibidos-y-porque-algunos-siguen-funcionando","status":"publish","type":"post","link":"https:\/\/larevistadigital.com.ar\/blog\/mercado-de-animales-salvajes-y-coronavirus-los-prohibidos-y-porque-algunos-siguen-funcionando\/","title":{"rendered":"MERCADO DE ANIMALES SALVAJES Y CORONAVIRUS: LOS PROHIBIDOS Y PORQU\u00c9 ALGUNOS SIGUEN FUNCIONANDO"},"content":{"rendered":"<h2><em>Si bien en China fueron temporariamente prohibidos, en otros pa\u00edses a\u00fan funcionan.<\/em><\/h2>\n<p>Si bien muchos expertos piensan que los primeros casos de coronavirus se originaron en el mercado de Huanan, en Wuhan -especializado en venta de pescados y mariscos-\u00a0la noticia gener\u00f3 confusi\u00f3n entre los mercados de venta de alimentos frescos y los de venta de animales salvajes.<\/p>\n<div class=\"contenedor__publicidad desktop\" data-spot=\"5c842224412eff0015574418\" data-id=\"5c842239412eff0015574423\" data-pos=\"P7\" data-width=\"0\" data-height=\"auto;\" data-fixed=\"undefined\">\n<div class=\"publicidad P7 desktop\">\n<div class=\"gpt-load\" data-gpt=\"\/31503472\/BBN_Desk_Nota_Middle1\" data-size=\"[[300,250],[336,280],[1,1], &quot;fluid&quot;]\">\n<p>Los mercados chinos t\u00edpicos\u00a0son lugares no muy distintos a los ya conocidos en Argentina,\u00a0donde se exponen y comercializan carnes, frutas, verduras y especias.<\/p>\n<p>Los que realmente preocupan a los sanitaristas son los que venden animales salvajes y ex\u00f3ticos, manteni\u00e9ndolos en espacios estrechos, superpoblados y con poca higiene que favorecen el desarrollo de enfermedades, que luego pueden transmitirse a humanos a trav\u00e9s de fluidos corporales.<\/p>\n<p>Una secci\u00f3n del\u00a0mercado de Huanan, de hecho,\u00a0se dedicaba a este tipo de actividades, comercializando serpientes, roedores y hasta lobeznos.<\/p>\n<p>Sin embargo,\u00a0muchas voces internacionales pidieron el cierre de todos los mercados chinos, perdiendo de vista que los de venta de productos son parte esencial de la alimentaci\u00f3n en ese pa\u00eds.<\/p>\n<h1>Prohibici\u00f3n y clandestinidad<\/h1>\n<p>Lo cierto es que China ya tom\u00f3 medidas para restringir la venta de animales salvaje\u00a0con una prohibici\u00f3n temporaria.\u00a0El mercado de Huanan permanece cerrado desde enero.<\/p>\n<p>Sin embargo, hay reportes de que varios mercados que comercian con animales reabrieron en la clandestinidad. Y\u00a0en otros pa\u00edses como Indonesia funcionan con normalidad.<\/p>\n<p><img data-recalc-dims=\"1\" loading=\"lazy\" decoding=\"async\" class=\"alignnone size-full wp-image-15235\" src=\"https:\/\/i0.wp.com\/larevistadigital.com.ar\/blog\/wp-content\/uploads\/photo-1555735119-731630503616.jpg?resize=1490%2C838&#038;ssl=1\" alt=\"\" width=\"1490\" height=\"838\" srcset=\"https:\/\/i0.wp.com\/larevistadigital.com.ar\/blog\/wp-content\/uploads\/photo-1555735119-731630503616.jpg?w=1490&amp;ssl=1 1490w, https:\/\/i0.wp.com\/larevistadigital.com.ar\/blog\/wp-content\/uploads\/photo-1555735119-731630503616.jpg?resize=300%2C169&amp;ssl=1 300w, https:\/\/i0.wp.com\/larevistadigital.com.ar\/blog\/wp-content\/uploads\/photo-1555735119-731630503616.jpg?resize=1024%2C576&amp;ssl=1 1024w, https:\/\/i0.wp.com\/larevistadigital.com.ar\/blog\/wp-content\/uploads\/photo-1555735119-731630503616.jpg?resize=768%2C432&amp;ssl=1 768w, https:\/\/i0.wp.com\/larevistadigital.com.ar\/blog\/wp-content\/uploads\/photo-1555735119-731630503616.jpg?resize=678%2C381&amp;ssl=1 678w\" sizes=\"auto, (max-width: 1000px) 100vw, 1000px\" \/><\/p>\n<p>All\u00ed, el mercado de Tomohon contin\u00faa vendiendo murci\u00e9lagos, ratas, serpientes,\u00a0lagartos y hasta perros, a veces en preparaciones para consumo humano.<\/p>\n<p><strong><em>\u00abSi realmente queremos prevenir futuras pandemias,\u00a0hay que hacer mucho m\u00e1s que prohibir la faena de animales salvajes o la venta de su carne\u00bb<\/em><\/strong>, se\u00f1ala\u00a0<strong>Debbie Banks<\/strong>, de la Agencia de Investigaci\u00f3n Ambiental de Inglaterra a\u00a0<em>The Guardian<\/em>.<\/p>\n<p><strong><em>\u00abEn algunos pa\u00edses, los animales salvajes se cr\u00edan en granjas y se transportan directamente a restaurantes o a banquetes privados. Tambi\u00e9n son utilizados en medicina tradicional.\u00a0Por lo cual lo que se necesita es atacar la demanda m\u00e1s all\u00e1 de los mercados\u00bb<\/em><\/strong>, agreg\u00f3.<\/p>\n<p>publicado en big bang news<\/p>\n<\/div>\n<\/div>\n<\/div>\n","protected":false},"excerpt":{"rendered":"<div class=\"mh-excerpt\"><p>Si bien en China fueron temporariamente prohibidos, en otros pa\u00edses a\u00fan funcionan. Si bien muchos expertos piensan que los primeros casos de coronavirus se originaron en el mercado de Huanan, en Wuhan -especializado en venta <a class=\"mh-excerpt-more\" href=\"https:\/\/larevistadigital.com.ar\/blog\/mercado-de-animales-salvajes-y-coronavirus-los-prohibidos-y-porque-algunos-siguen-funcionando\/\" title=\"MERCADO DE ANIMALES SALVAJES Y CORONAVIRUS: LOS PROHIBIDOS Y PORQU\u00c9 ALGUNOS SIGUEN FUNCIONANDO\">[Leer M\u00e1s]<\/a><\/p>\n<\/div>","protected":false},"author":3,"featured_media":15236,"comment_status":"open","ping_status":"open","sticky":false,"template":"","format":"standard","meta":{"_jetpack_memberships_contains_paid_content":false,"footnotes":"","jetpack_publicize_message":"","jetpack_publicize_feature_enabled":true,"jetpack_social_post_already_shared":true,"jetpack_social_options":{"image_generator_settings":{"template":"highway","default_image_id":0,"font":"","enabled":false},"version":2}},"categories":[50],"tags":[],"class_list":{"0":"post-15234","1":"post","2":"type-post","3":"status-publish","4":"format-standard","5":"has-post-thumbnail","7":"category-interes-general"},"jetpack_publicize_connections":[],"jetpack_featured_media_url":"https:\/\/i0.wp.com\/larevistadigital.com.ar\/blog\/wp-content\/uploads\/merlin_172443231_b77575e0-3ce0-409f-8ae3-d840d578f466-jumbo.jpg?fit=1024%2C682&ssl=1","jetpack_sharing_enabled":true,"jetpack_shortlink":"https:\/\/wp.me\/p8qtrQ-3XI","jetpack-related-posts":[{"id":18685,"url":"https:\/\/larevistadigital.com.ar\/blog\/las-vacas-abandonadas-en-chernobyl-se-volvieron-salvajes-y-tienen-comportamientos-extranos\/","url_meta":{"origin":15234,"position":0},"title":"LAS VACAS ABANDONADAS EN CHERNOBYL, SE VOLVIERON SALVAJES Y TIENEN \u00abCOMPORTAMIENTOS EXTRA\u00d1OS\u00bb","author":"Alejandro Sosa Ruda","date":"1 febrero, 2021","format":false,"excerpt":"Tras examinar la vida de un conjunto de estos animales durante tres a\u00f1os, los bi\u00f3logos llegaron a una llamativa conclusi\u00f3n. Mir\u00e1. Si bien pasaron 35 a\u00f1os de la tragedia de Chernobyl,\u00a0en la cual se registraron muertos y una zona deshabitada por el escape radioactivo,\u00a0la situaci\u00f3n parece nunca m\u00e1s volver a\u2026","rel":"","context":"En \u00abINTERES GENERAL\u00bb","block_context":{"text":"INTERES GENERAL","link":"https:\/\/larevistadigital.com.ar\/blog\/category\/interes-general\/"},"img":{"alt_text":"","src":"https:\/\/i0.wp.com\/larevistadigital.com.ar\/blog\/wp-content\/uploads\/Captura.png?fit=1191%2C602&ssl=1&resize=350%2C200","width":350,"height":200,"srcset":"https:\/\/i0.wp.com\/larevistadigital.com.ar\/blog\/wp-content\/uploads\/Captura.png?fit=1191%2C602&ssl=1&resize=350%2C200 1x, https:\/\/i0.wp.com\/larevistadigital.com.ar\/blog\/wp-content\/uploads\/Captura.png?fit=1191%2C602&ssl=1&resize=525%2C300 1.5x, https:\/\/i0.wp.com\/larevistadigital.com.ar\/blog\/wp-content\/uploads\/Captura.png?fit=1191%2C602&ssl=1&resize=700%2C400 2x, https:\/\/i0.wp.com\/larevistadigital.com.ar\/blog\/wp-content\/uploads\/Captura.png?fit=1191%2C602&ssl=1&resize=1050%2C600 3x"},"classes":[]},{"id":5803,"url":"https:\/\/larevistadigital.com.ar\/blog\/ayudemos-a-prevenir-la-triquinosis\/","url_meta":{"origin":15234,"position":1},"title":"Ayudemos a prevenir la triquinosis","author":"admin","date":"20 junio, 2018","format":false,"excerpt":"Zoonosis y Bromatolog\u00eda advierten sobre la importancia de los controles y los recaudos que hay que tomar para la faena casera de cerdos. Es una enfermedad producida por un par\u00e1sito que se encuentra alojado en los m\u00fasculos de los cerdos y otros animales salvajes, como el jabal\u00ed. Las personas se\u2026","rel":"","context":"En \u00abLEZAMA\u00bb","block_context":{"text":"LEZAMA","link":"https:\/\/larevistadigital.com.ar\/blog\/category\/lezama\/"},"img":{"alt_text":"","src":"https:\/\/i0.wp.com\/larevistadigital.com.ar\/blog\/wp-content\/uploads\/2018\/06\/resize_1529423929.jpg?fit=679%2C452&ssl=1&resize=350%2C200","width":350,"height":200,"srcset":"https:\/\/i0.wp.com\/larevistadigital.com.ar\/blog\/wp-content\/uploads\/2018\/06\/resize_1529423929.jpg?fit=679%2C452&ssl=1&resize=350%2C200 1x, https:\/\/i0.wp.com\/larevistadigital.com.ar\/blog\/wp-content\/uploads\/2018\/06\/resize_1529423929.jpg?fit=679%2C452&ssl=1&resize=525%2C300 1.5x"},"classes":[]},{"id":26227,"url":"https:\/\/larevistadigital.com.ar\/blog\/segun-un-estudio-del-reino-unido-la-mitad-de-los-rios-del-mundo-estan-contaminados-con-medicamentos-de-venta-libre\/","url_meta":{"origin":15234,"position":2},"title":"SEG\u00daN UN ESTUDIO DEL REINO UNIDO, LA MITAD DE LOS R\u00cdOS DEL MUNDO EST\u00c1N CONTAMINADOS CON MEDICAMENTOS DE VENTA LIBRE","author":"Alejandro Sosa Ruda","date":"30 junio, 2022","format":false,"excerpt":"Seg\u00fan un estudio del equipo de la Universidad de York, la contaminaci\u00f3n var\u00eda desde antibi\u00f3ticos, antidepresivos y analg\u00e9sicos hasta anticonceptivos orales, pastillas para la alergia y tranquilizantes. Los hallazgos provienen de un estudio de 1052 ubicaciones en 104 pa\u00edses de todo el mundo, lo que lo convierte en el an\u00e1lisis\u2026","rel":"","context":"En \u00abINTERES GENERAL\u00bb","block_context":{"text":"INTERES GENERAL","link":"https:\/\/larevistadigital.com.ar\/blog\/category\/interes-general\/"},"img":{"alt_text":"","src":"https:\/\/i0.wp.com\/larevistadigital.com.ar\/blog\/wp-content\/uploads\/20220630120422_la-mitad-de-los-rios-del-mundo-estan-contaminados-con-medicamentos-recetados-y-de-venta-libre.jpg?fit=880%2C512&ssl=1&resize=350%2C200","width":350,"height":200,"srcset":"https:\/\/i0.wp.com\/larevistadigital.com.ar\/blog\/wp-content\/uploads\/20220630120422_la-mitad-de-los-rios-del-mundo-estan-contaminados-con-medicamentos-recetados-y-de-venta-libre.jpg?fit=880%2C512&ssl=1&resize=350%2C200 1x, https:\/\/i0.wp.com\/larevistadigital.com.ar\/blog\/wp-content\/uploads\/20220630120422_la-mitad-de-los-rios-del-mundo-estan-contaminados-con-medicamentos-recetados-y-de-venta-libre.jpg?fit=880%2C512&ssl=1&resize=525%2C300 1.5x, https:\/\/i0.wp.com\/larevistadigital.com.ar\/blog\/wp-content\/uploads\/20220630120422_la-mitad-de-los-rios-del-mundo-estan-contaminados-con-medicamentos-recetados-y-de-venta-libre.jpg?fit=880%2C512&ssl=1&resize=700%2C400 2x"},"classes":[]},{"id":10634,"url":"https:\/\/larevistadigital.com.ar\/blog\/castelli-desbaratan-criadero-de-cerdos-que-criaba-a-los-animales-consumiendo-basura\/","url_meta":{"origin":15234,"position":3},"title":"CASTELLI: DESBARATAN CRIADERO DE CERDOS QUE CRIABA A LOS ANIMALES CONSUMIENDO BASURA","author":"Alejandro Sosa Ruda","date":"15 junio, 2019","format":false,"excerpt":"Personal de la polic\u00eda rural, producci\u00f3n y bromatolog\u00eda de la municipalidad desbarataron, este lunes, un criadero de cerdos cercano a la planta de tratamiento de residuos. Seg\u00fan detallaron, los animales hab\u00edan causado destrozos en el lugar y se constat\u00f3 que eran alimentados con residuos, lo que contribuye a un grave\u2026","rel":"","context":"En \u00abCASTELLI\u00bb","block_context":{"text":"CASTELLI","link":"https:\/\/larevistadigital.com.ar\/blog\/category\/castelli\/"},"img":{"alt_text":"","src":"https:\/\/i0.wp.com\/larevistadigital.com.ar\/blog\/wp-content\/uploads\/61319392_2739765089371452_4938000273319657472_n.jpg?fit=720%2C540&ssl=1&resize=350%2C200","width":350,"height":200,"srcset":"https:\/\/i0.wp.com\/larevistadigital.com.ar\/blog\/wp-content\/uploads\/61319392_2739765089371452_4938000273319657472_n.jpg?fit=720%2C540&ssl=1&resize=350%2C200 1x, https:\/\/i0.wp.com\/larevistadigital.com.ar\/blog\/wp-content\/uploads\/61319392_2739765089371452_4938000273319657472_n.jpg?fit=720%2C540&ssl=1&resize=525%2C300 1.5x, https:\/\/i0.wp.com\/larevistadigital.com.ar\/blog\/wp-content\/uploads\/61319392_2739765089371452_4938000273319657472_n.jpg?fit=720%2C540&ssl=1&resize=700%2C400 2x"},"classes":[]},{"id":13258,"url":"https:\/\/larevistadigital.com.ar\/blog\/mar-del-plata-perros-multas-que-llegan-a-los-170-000-y-sanciones-hasta-para-los-que-no-recojan-las-heces\/","url_meta":{"origin":15234,"position":4},"title":"MAR DEL PLATA &#8211; PERROS: MULTAS QUE LLEGAN A LOS $170.000.- Y SANCIONES HASTA PARA LOS QUE NO RECOJAN LAS HECES","author":"Alejandro Sosa Ruda","date":"19 noviembre, 2019","format":false,"excerpt":"MAR DEL PLATA - El decreto 2877 del intendente Carlos Arroyo establece un severo r\u00e9gimen sancionatorio para los propietarios de perros que incumplan la norma. Los montos est\u00e1n especificados en US (Unidades de Sanci\u00f3n), que equivale al precio en el mercado \u2013a la fecha de la sanci\u00f3n\u2013 de un litro\u2026","rel":"","context":"En \u00abREGIONALES\u00bb","block_context":{"text":"REGIONALES","link":"https:\/\/larevistadigital.com.ar\/blog\/category\/regionales\/"},"img":{"alt_text":"","src":"https:\/\/i0.wp.com\/larevistadigital.com.ar\/blog\/wp-content\/uploads\/Screenshot_2-63.jpg?fit=1010%2C673&ssl=1&resize=350%2C200","width":350,"height":200,"srcset":"https:\/\/i0.wp.com\/larevistadigital.com.ar\/blog\/wp-content\/uploads\/Screenshot_2-63.jpg?fit=1010%2C673&ssl=1&resize=350%2C200 1x, https:\/\/i0.wp.com\/larevistadigital.com.ar\/blog\/wp-content\/uploads\/Screenshot_2-63.jpg?fit=1010%2C673&ssl=1&resize=525%2C300 1.5x, https:\/\/i0.wp.com\/larevistadigital.com.ar\/blog\/wp-content\/uploads\/Screenshot_2-63.jpg?fit=1010%2C673&ssl=1&resize=700%2C400 2x"},"classes":[]},{"id":13072,"url":"https:\/\/larevistadigital.com.ar\/blog\/cipriano-perez-del-cerro-hemos-regulado-las-condiciones-de-seguridad-para-el-almacenamiento-y-venta-de-fuegos-artificiales-en-chascomus\/","url_meta":{"origin":15234,"position":5},"title":"CIPRIANO P\u00c9REZ DEL CERRO: \u201cHEMOS REGULADO LAS CONDICIONES DE SEGURIDAD PARA EL ALMACENAMIENTO Y VENTA DE FUEGOS ARTIFICIALES EN CHASCOM\u00daS\u201d","author":"Alejandro Sosa Ruda","date":"6 noviembre, 2019","format":false,"excerpt":"Tras la suspensi\u00f3n por parte de la Justicia de los efectos de la Ordenanza N\u00ba 5305\/2018 que restring\u00eda la venta y el uso de pirotecnia en el Distrito, el gobierno municipal avanz\u00f3 con la reglamentaci\u00f3n que deben cumplimentar los comercios de venta de productos de fuegos artificiales a fin de\u2026","rel":"","context":"En \u00abCHASCOM\u00daS\u00bb","block_context":{"text":"CHASCOM\u00daS","link":"https:\/\/larevistadigital.com.ar\/blog\/category\/chascomus\/"},"img":{"alt_text":"","src":"","width":0,"height":0},"classes":[]}],"_links":{"self":[{"href":"https:\/\/larevistadigital.com.ar\/blog\/wp-json\/wp\/v2\/posts\/15234","targetHints":{"allow":["GET"]}}],"collection":[{"href":"https:\/\/larevistadigital.com.ar\/blog\/wp-json\/wp\/v2\/posts"}],"about":[{"href":"https:\/\/larevistadigital.com.ar\/blog\/wp-json\/wp\/v2\/types\/post"}],"author":[{"embeddable":true,"href":"https:\/\/larevistadigital.com.ar\/blog\/wp-json\/wp\/v2\/users\/3"}],"replies":[{"embeddable":true,"href":"https:\/\/larevistadigital.com.ar\/blog\/wp-json\/wp\/v2\/comments?post=15234"}],"version-history":[{"count":1,"href":"https:\/\/larevistadigital.com.ar\/blog\/wp-json\/wp\/v2\/posts\/15234\/revisions"}],"predecessor-version":[{"id":15237,"href":"https:\/\/larevistadigital.com.ar\/blog\/wp-json\/wp\/v2\/posts\/15234\/revisions\/15237"}],"wp:featuredmedia":[{"embeddable":true,"href":"https:\/\/larevistadigital.com.ar\/blog\/wp-json\/wp\/v2\/media\/15236"}],"wp:attachment":[{"href":"https:\/\/larevistadigital.com.ar\/blog\/wp-json\/wp\/v2\/media?parent=15234"}],"wp:term":[{"taxonomy":"category","embeddable":true,"href":"https:\/\/larevistadigital.com.ar\/blog\/wp-json\/wp\/v2\/categories?post=15234"},{"taxonomy":"post_tag","embeddable":true,"href":"https:\/\/larevistadigital.com.ar\/blog\/wp-json\/wp\/v2\/tags?post=15234"}],"curies":[{"name":"wp","href":"https:\/\/api.w.org\/{rel}","templated":true}]}}