{"id":15239,"date":"2020-05-18T13:20:01","date_gmt":"2020-05-18T13:20:01","guid":{"rendered":"https:\/\/larevistadigital.com.ar\/blog\/?p=15239"},"modified":"2020-05-18T13:20:01","modified_gmt":"2020-05-18T13:20:01","slug":"revocan-la-prision-domiciliaria-de-un-delincuente-que-al-salir-cometio-otro-robo","status":"publish","type":"post","link":"https:\/\/larevistadigital.com.ar\/blog\/revocan-la-prision-domiciliaria-de-un-delincuente-que-al-salir-cometio-otro-robo\/","title":{"rendered":"REVOCAN LA PRISI\u00d3N DOMICILIARIA DE UN DELINCUENTE QUE AL SALIR COMETI\u00d3 OTRO ROBO"},"content":{"rendered":"<h2><em>La Sala 1 de la C\u00e1mara de Apelaci\u00f3n y Garant\u00edas dio lugar al recurso de apelaci\u00f3n del fiscal Guillermo Nicora. En la resoluci\u00f3n remarcan que no se le dio aviso a la v\u00edctima de la medida.<\/em><\/h2>\n<p><strong>MAR DEL PLATA &#8211; <\/strong>Una pena \u00fanica a 16 a\u00f1os y medio de prisi\u00f3n que vence en diciembre de 2023 por un homicidio y un robo con arma aparente, dos delitos graves que involucraron violencia personal, una declaraci\u00f3n de reincidencia y la comisi\u00f3n de un nuevo delito mientas ten\u00eda una salida transitoria. Esos fueron cuatro de los puntos que para los miembros de la C\u00e1mara de Apelaci\u00f3n y Garant\u00edas<strong>\u00a0no se tuvieron en cuenta al momento de otorgarle la prisi\u00f3n domiciliaria a Fernando Dar\u00edo Luna, por lo que revoc\u00f3 la medida tras el pedido del Ministerio P\u00fablico Fiscal.<\/strong><\/p>\n<p>En su planteo la fiscal\u00eda sostuvo que Luna \u2013de 33 a\u00f1os- no estaba dentro de las previsiones para acceder al r\u00e9gimen de prisi\u00f3n domiciliaria y que \u201cni siquiera en la situaci\u00f3n extraordinaria en la que nos encontramos podr\u00eda interpretarse que el interno est\u00e1 abarcado por alguna de las circunstancias enumeradas en el Decreto presidencial ni en las resoluciones judiciales.\u00a0<strong>\u201cNo existe constancia que permita suponer que Luna tenga alg\u00fan riesgo aumentado de comorbilidad de contraer Covid-19, por lo que la decisi\u00f3n no se corresponde con las condiciones fijadas por la autoridad sanitaria, haci\u00e9ndose una interpretaci\u00f3n extensiva e inadecuada de las resoluciones\u201d<\/strong>, indicaron.<\/p>\n<blockquote>\n<h3>La presentaci\u00f3n del Ministerio P\u00fablico Fiscal en rechazo a la decisi\u00f3n del Juez de Ejecuci\u00f3n Penal\u00a0<strong>Juan Galarreta\u00a0<\/strong>consider\u00f3 que <strong>Luna<\/strong> cumple una pena \u00fanica de diecis\u00e9is a\u00f1os y seis meses de prisi\u00f3n que vencer\u00e1 el d\u00eda 12 de diciembre de 2023, que comprende un hecho de homicidio y otro de robo con arma aparente, dos delitos graves que han involucrado violencia personal y que, en el primer caso, cost\u00f3 la vida de una persona y en el segundo, el aprovechamiento de una salida transitoria mientras cumpl\u00eda la primera condena.<\/h3>\n<\/blockquote>\n<p><em><strong>\u201cNada de ello fue considerado en el fallo impugnado, que s\u00f3lo evalu\u00f3 de modo particular el correcto cumplimiento de las salidas transitorias por parte de Luna para la conversi\u00f3n a un r\u00e9gimen de prisi\u00f3n domiciliaria\u201d<\/strong><\/em>, dijeron los jueces\u00a0<strong>Esteban Vi\u00f1as y Marcelo Riquert\u00a0<\/strong>en su resoluci\u00f3n. Los magistrados remarcaron que tampoco se le comunic\u00f3 la decisi\u00f3n a la v\u00edctima en <em><strong>\u201csu derecho a ser informado y a expresar su opini\u00f3n en todo cuanto estime conveniente respecto al planteo de conversi\u00f3n de salidas transitorias en prisi\u00f3n domiciliaria\u201d.<\/strong><\/em><\/p>\n<p>fuente:0223<\/p>\n","protected":false},"excerpt":{"rendered":"<div class=\"mh-excerpt\"><p>La Sala 1 de la C\u00e1mara de Apelaci\u00f3n y Garant\u00edas dio lugar al recurso de apelaci\u00f3n del fiscal Guillermo Nicora. En la resoluci\u00f3n remarcan que no se le dio aviso a la v\u00edctima de la <a class=\"mh-excerpt-more\" href=\"https:\/\/larevistadigital.com.ar\/blog\/revocan-la-prision-domiciliaria-de-un-delincuente-que-al-salir-cometio-otro-robo\/\" title=\"REVOCAN LA PRISI\u00d3N DOMICILIARIA DE UN DELINCUENTE QUE AL SALIR COMETI\u00d3 OTRO ROBO\">[Leer M\u00e1s]<\/a><\/p>\n<\/div>","protected":false},"author":3,"featured_media":15240,"comment_status":"open","ping_status":"open","sticky":false,"template":"","format":"standard","meta":{"_jetpack_memberships_contains_paid_content":false,"footnotes":"","jetpack_publicize_message":"","jetpack_publicize_feature_enabled":true,"jetpack_social_post_already_shared":true,"jetpack_social_options":{"image_generator_settings":{"template":"highway","default_image_id":0,"font":"","enabled":false},"version":2}},"categories":[44,51],"tags":[],"class_list":{"0":"post-15239","1":"post","2":"type-post","3":"status-publish","4":"format-standard","5":"has-post-thumbnail","7":"category-policiales","8":"category-regionales"},"jetpack_publicize_connections":[],"jetpack_featured_media_url":"https:\/\/i0.wp.com\/larevistadigital.com.ar\/blog\/wp-content\/uploads\/6462594433258920_1.jpg?fit=1312%2C1040&ssl=1","jetpack_sharing_enabled":true,"jetpack_shortlink":"https:\/\/wp.me\/p8qtrQ-3XN","jetpack-related-posts":[{"id":20866,"url":"https:\/\/larevistadigital.com.ar\/blog\/piden-revocar-la-prision-domiciliaria-de-alberto-samid\/","url_meta":{"origin":15239,"position":0},"title":"PIDEN REVOCAR LA PRISI\u00d3N DOMICILIARIA DE ALBERTO SAMID","author":"Alejandro Sosa Ruda","date":"23 junio, 2021","format":false,"excerpt":"A trav\u00e9s de una presentaci\u00f3n formulada hace minutos, el diputado bonaerense de Juntos por el Cambio, Luciano Bugallo, solicit\u00f3 ante la Unidad Fiscal de Ejecuci\u00f3n Penal que se le revoque el beneficio de la presi\u00f3n domiciliaria a Alberto Samid, luego del esc\u00e1ndalo protagonizado esta tarde en Ramos Mejia donde comensales\u2026","rel":"","context":"En \u00abINTERES GENERAL\u00bb","block_context":{"text":"INTERES GENERAL","link":"https:\/\/larevistadigital.com.ar\/blog\/category\/interes-general\/"},"img":{"alt_text":"","src":"https:\/\/i0.wp.com\/larevistadigital.com.ar\/blog\/wp-content\/uploads\/ARCHI_852001.jpg?fit=760%2C424&ssl=1&resize=350%2C200","width":350,"height":200,"srcset":"https:\/\/i0.wp.com\/larevistadigital.com.ar\/blog\/wp-content\/uploads\/ARCHI_852001.jpg?fit=760%2C424&ssl=1&resize=350%2C200 1x, https:\/\/i0.wp.com\/larevistadigital.com.ar\/blog\/wp-content\/uploads\/ARCHI_852001.jpg?fit=760%2C424&ssl=1&resize=525%2C300 1.5x, https:\/\/i0.wp.com\/larevistadigital.com.ar\/blog\/wp-content\/uploads\/ARCHI_852001.jpg?fit=760%2C424&ssl=1&resize=700%2C400 2x"},"classes":[]},{"id":23947,"url":"https:\/\/larevistadigital.com.ar\/blog\/revocan-la-prision-domiciliaria-del-hombre-detenido-por-abusar-de-su-bisnieta-de-3-meses\/","url_meta":{"origin":15239,"position":1},"title":"REVOCAN LA PRISI\u00d3N DOMICILIARIA DEL HOMBRE DETENIDO POR ABUSAR DE SU BISNIETA DE 3 MESES","author":"Alejandro Sosa Ruda","date":"12 febrero, 2022","format":false,"excerpt":"El jueves pasado cuando la Polic\u00eda Bonaerense detuvo a un hombre de 63 a\u00f1os acusado de haber abusado sexualmente de su bisnieta de tres meses, uno de los datos que emergi\u00f3 r\u00e1pidamente entre los investigadores era que en esa casa el imputado cumpl\u00eda prisi\u00f3n domiciliaria por una causa previa, tambi\u00e9n\u2026","rel":"","context":"En \u00abINTERES GENERAL\u00bb","block_context":{"text":"INTERES GENERAL","link":"https:\/\/larevistadigital.com.ar\/blog\/category\/interes-general\/"},"img":{"alt_text":"","src":"https:\/\/i0.wp.com\/larevistadigital.com.ar\/blog\/wp-content\/uploads\/20220211154836_tribunal-oral-federal-mar-del-plata.jpg?fit=880%2C512&ssl=1&resize=350%2C200","width":350,"height":200,"srcset":"https:\/\/i0.wp.com\/larevistadigital.com.ar\/blog\/wp-content\/uploads\/20220211154836_tribunal-oral-federal-mar-del-plata.jpg?fit=880%2C512&ssl=1&resize=350%2C200 1x, https:\/\/i0.wp.com\/larevistadigital.com.ar\/blog\/wp-content\/uploads\/20220211154836_tribunal-oral-federal-mar-del-plata.jpg?fit=880%2C512&ssl=1&resize=525%2C300 1.5x, https:\/\/i0.wp.com\/larevistadigital.com.ar\/blog\/wp-content\/uploads\/20220211154836_tribunal-oral-federal-mar-del-plata.jpg?fit=880%2C512&ssl=1&resize=700%2C400 2x"},"classes":[]},{"id":15394,"url":"https:\/\/larevistadigital.com.ar\/blog\/durante-la-pandemia-casi-100-presos-salieron-de-batan\/","url_meta":{"origin":15239,"position":2},"title":"DURANTE LA PANDEMIA, CASI 100 PRESOS SALIERON DE BAT\u00c1N","author":"Alejandro Sosa Ruda","date":"28 mayo, 2020","format":false,"excerpt":"La cifra surgi\u00f3 a trav\u00e9s de un relevamiento realizado por LA CAPITAL en los distintos juzgados marplatenses: 48 reclusos obtuvieron la libertad asistida o condicional, y 47 el beneficio de prisi\u00f3n domiciliaria. En tanto, se rechazaron 150 pedidos del mismo tipo y restan ser respondidos m\u00e1s de 300. Desde marzo\u2026","rel":"","context":"En \u00abREGIONALES\u00bb","block_context":{"text":"REGIONALES","link":"https:\/\/larevistadigital.com.ar\/blog\/category\/regionales\/"},"img":{"alt_text":"","src":"https:\/\/i0.wp.com\/larevistadigital.com.ar\/blog\/wp-content\/uploads\/Screenshot_1-112.jpg?fit=1006%2C696&ssl=1&resize=350%2C200","width":350,"height":200,"srcset":"https:\/\/i0.wp.com\/larevistadigital.com.ar\/blog\/wp-content\/uploads\/Screenshot_1-112.jpg?fit=1006%2C696&ssl=1&resize=350%2C200 1x, https:\/\/i0.wp.com\/larevistadigital.com.ar\/blog\/wp-content\/uploads\/Screenshot_1-112.jpg?fit=1006%2C696&ssl=1&resize=525%2C300 1.5x, https:\/\/i0.wp.com\/larevistadigital.com.ar\/blog\/wp-content\/uploads\/Screenshot_1-112.jpg?fit=1006%2C696&ssl=1&resize=700%2C400 2x"},"classes":[]},{"id":23827,"url":"https:\/\/larevistadigital.com.ar\/blog\/chacal-en-mar-del-plata-cumplia-prision-domiciliaria-y-abuso-de-su-bisnieta-de-3-meses\/","url_meta":{"origin":15239,"position":3},"title":"CHACAL EN MAR DEL PLATA: CUMPL\u00cdA PRISI\u00d3N DOMICILIARIA Y ABUS\u00d3 DE SU BISNIETA DE 3 MESES","author":"Alejandro Sosa Ruda","date":"5 febrero, 2022","format":false,"excerpt":"Los m\u00e9dicos que revisaron a la menor confirmaron que presentaba lesiones, por lo que de inmediato dieron intervenci\u00f3n a la Polic\u00eda. Con el informe de los profesionales y los antecedentes penales del hombre, la fiscal de turno Mar\u00eda Florencia Salas pidi\u00f3 la inmediata detenci\u00f3n del hombre. MAR DEL PLATA -\u00a0\u2026","rel":"","context":"En \u00abPOLICIALES\u00bb","block_context":{"text":"POLICIALES","link":"https:\/\/larevistadigital.com.ar\/blog\/category\/policiales\/"},"img":{"alt_text":"","src":"https:\/\/i0.wp.com\/larevistadigital.com.ar\/blog\/wp-content\/uploads\/20220204180112_maternoinfantil-1024x695-810x550-1.jpg?fit=880%2C512&ssl=1&resize=350%2C200","width":350,"height":200,"srcset":"https:\/\/i0.wp.com\/larevistadigital.com.ar\/blog\/wp-content\/uploads\/20220204180112_maternoinfantil-1024x695-810x550-1.jpg?fit=880%2C512&ssl=1&resize=350%2C200 1x, https:\/\/i0.wp.com\/larevistadigital.com.ar\/blog\/wp-content\/uploads\/20220204180112_maternoinfantil-1024x695-810x550-1.jpg?fit=880%2C512&ssl=1&resize=525%2C300 1.5x, https:\/\/i0.wp.com\/larevistadigital.com.ar\/blog\/wp-content\/uploads\/20220204180112_maternoinfantil-1024x695-810x550-1.jpg?fit=880%2C512&ssl=1&resize=700%2C400 2x"},"classes":[]},{"id":9395,"url":"https:\/\/larevistadigital.com.ar\/blog\/dolores-aparentemente-se-robaron-en-el-frigorifico-mas-de-lo-denunciado\/","url_meta":{"origin":15239,"position":4},"title":"DOLORES: APARENTEMENTE SE ROBARON EN EL FRIGOR\u00cdFICO M\u00c1S DE LO DENUNCIADO","author":"Alejandro Sosa Ruda","date":"26 marzo, 2019","format":false,"excerpt":"En la resoluci\u00f3n que confirm\u00f3 \u201cla prisi\u00f3n preventiva\u201d de los detenidos surgen indicios que la suma ser\u00eda mayor que la denunciada. La C\u00e1mara Penal indic\u00f3 a la Fiscal\u00eda que profundice la investigaci\u00f3n en ese aspecto. Directa o indirectamente un imputado, un familiar y testigos hablan de una suma considerable en\u2026","rel":"","context":"En \u00abDOLORES\u00bb","block_context":{"text":"DOLORES","link":"https:\/\/larevistadigital.com.ar\/blog\/category\/dolores\/"},"img":{"alt_text":"","src":"https:\/\/i0.wp.com\/larevistadigital.com.ar\/blog\/wp-content\/uploads\/2019\/03\/MATADERO-660x330.jpg?fit=660%2C330&ssl=1&resize=350%2C200","width":350,"height":200,"srcset":"https:\/\/i0.wp.com\/larevistadigital.com.ar\/blog\/wp-content\/uploads\/2019\/03\/MATADERO-660x330.jpg?fit=660%2C330&ssl=1&resize=350%2C200 1x, https:\/\/i0.wp.com\/larevistadigital.com.ar\/blog\/wp-content\/uploads\/2019\/03\/MATADERO-660x330.jpg?fit=660%2C330&ssl=1&resize=525%2C300 1.5x"},"classes":[]},{"id":40093,"url":"https:\/\/larevistadigital.com.ar\/blog\/cristina-kirchner-se-presentara-en-comodoro-py-el-miercoles-y-solicita-prision-domiciliaria\/","url_meta":{"origin":15239,"position":5},"title":"Cristina Kirchner se presentar\u00e1 en Comodoro Py el mi\u00e9rcoles y solicita prisi\u00f3n domiciliaria","author":"Alejandro Sosa Ruda","date":"13 junio, 2025","format":false,"excerpt":"La expresidenta confirm\u00f3 que acatar\u00e1 el fallo judicial y reforz\u00f3 su pedido de prisi\u00f3n domiciliaria, invocando razones de seguridad. 13 de Junio de 2025 BUENOS AIRES -\u00a0 A trav\u00e9s de una carta difundida en sus redes sociales, Cristina Fern\u00e1ndez de Kirchner anunci\u00f3 que el pr\u00f3ximo mi\u00e9rcoles 18 de junio se\u2026","rel":"","context":"En \u00abINTERES GENERAL\u00bb","block_context":{"text":"INTERES GENERAL","link":"https:\/\/larevistadigital.com.ar\/blog\/category\/interes-general\/"},"img":{"alt_text":"","src":"https:\/\/i0.wp.com\/larevistadigital.com.ar\/blog\/wp-content\/uploads\/Cristina-Kirchner.jpg?fit=712%2C441&ssl=1&resize=350%2C200","width":350,"height":200,"srcset":"https:\/\/i0.wp.com\/larevistadigital.com.ar\/blog\/wp-content\/uploads\/Cristina-Kirchner.jpg?fit=712%2C441&ssl=1&resize=350%2C200 1x, https:\/\/i0.wp.com\/larevistadigital.com.ar\/blog\/wp-content\/uploads\/Cristina-Kirchner.jpg?fit=712%2C441&ssl=1&resize=525%2C300 1.5x, https:\/\/i0.wp.com\/larevistadigital.com.ar\/blog\/wp-content\/uploads\/Cristina-Kirchner.jpg?fit=712%2C441&ssl=1&resize=700%2C400 2x"},"classes":[]}],"_links":{"self":[{"href":"https:\/\/larevistadigital.com.ar\/blog\/wp-json\/wp\/v2\/posts\/15239","targetHints":{"allow":["GET"]}}],"collection":[{"href":"https:\/\/larevistadigital.com.ar\/blog\/wp-json\/wp\/v2\/posts"}],"about":[{"href":"https:\/\/larevistadigital.com.ar\/blog\/wp-json\/wp\/v2\/types\/post"}],"author":[{"embeddable":true,"href":"https:\/\/larevistadigital.com.ar\/blog\/wp-json\/wp\/v2\/users\/3"}],"replies":[{"embeddable":true,"href":"https:\/\/larevistadigital.com.ar\/blog\/wp-json\/wp\/v2\/comments?post=15239"}],"version-history":[{"count":1,"href":"https:\/\/larevistadigital.com.ar\/blog\/wp-json\/wp\/v2\/posts\/15239\/revisions"}],"predecessor-version":[{"id":15241,"href":"https:\/\/larevistadigital.com.ar\/blog\/wp-json\/wp\/v2\/posts\/15239\/revisions\/15241"}],"wp:featuredmedia":[{"embeddable":true,"href":"https:\/\/larevistadigital.com.ar\/blog\/wp-json\/wp\/v2\/media\/15240"}],"wp:attachment":[{"href":"https:\/\/larevistadigital.com.ar\/blog\/wp-json\/wp\/v2\/media?parent=15239"}],"wp:term":[{"taxonomy":"category","embeddable":true,"href":"https:\/\/larevistadigital.com.ar\/blog\/wp-json\/wp\/v2\/categories?post=15239"},{"taxonomy":"post_tag","embeddable":true,"href":"https:\/\/larevistadigital.com.ar\/blog\/wp-json\/wp\/v2\/tags?post=15239"}],"curies":[{"name":"wp","href":"https:\/\/api.w.org\/{rel}","templated":true}]}}