{"id":15242,"date":"2020-05-18T13:38:36","date_gmt":"2020-05-18T13:38:36","guid":{"rendered":"https:\/\/larevistadigital.com.ar\/blog\/?p=15242"},"modified":"2020-05-18T13:38:36","modified_gmt":"2020-05-18T13:38:36","slug":"video-tragico-incendio-en-punta-lara-dos-personas-fallecieron-al-quedar-atrapadas","status":"publish","type":"post","link":"https:\/\/larevistadigital.com.ar\/blog\/video-tragico-incendio-en-punta-lara-dos-personas-fallecieron-al-quedar-atrapadas\/","title":{"rendered":"[VIDEO] TR\u00c1GICO INCENDIO EN PUNTA LARA, DOS PERSONAS FALLECIERON AL QUEDAR ATRAPADAS"},"content":{"rendered":"<h2 class=\"fparrafo ctext fz18 lh25\">Dos personas fallecieron esta madrugada como consecuencia de un incendio de una viviendas mixta, familiar y de locales comerciales, en la localidad de Punta Lara. El tr\u00e1gico hecho se produjo a la medianoche en 112 entre 5 y 7.<\/h2>\n<p class=\"selectionShareable\">Una vivienda mixta se incendi\u00f3 a la medianoche y durante esta madrugada en Punta Lara, precisamente en 112 entre 5 y 7, dejando el tr\u00e1gico saldo de dos personas fallecidas, una mujer de 57 a\u00f1os\u00a0identificada como Elena In\u00e9s Danna, y un menor de 13\u00a0a\u00f1os que se llamaba Brian Daddacio, informaron los bomberos de la ciudad de Ensenada a\u00a0<strong>El Editor Platense.\u00a0<\/strong><\/p>\n<p class=\"selectionShareable\">Los bomberos de Punta Lara que fueron los primeros en llegar recibieron el aviso del incendio a las 23.40 del domingo, luego recibieron el apoyo de siete dotaciones del cuartel central y trabajaron en el lugar unos 30 efectivos.<\/p>\n<p><span class=\"embed-youtube\" style=\"text-align:center; display: block;\"><iframe loading=\"lazy\" class=\"youtube-player\" width=\"640\" height=\"360\" src=\"https:\/\/www.youtube.com\/embed\/E73HlkVmlBg?version=3&#038;rel=1&#038;showsearch=0&#038;showinfo=1&#038;iv_load_policy=1&#038;fs=1&#038;hl=es-ES&#038;autohide=2&#038;wmode=transparent\" allowfullscreen=\"true\" style=\"border:0;\" sandbox=\"allow-scripts allow-same-origin allow-popups allow-presentation allow-popups-to-escape-sandbox\"><\/iframe><\/span><\/p>\n<p>FUENTE ELEDITORPLATENSE<\/p>\n<div class=\"google-auto-placed ap_container\"><\/div>\n","protected":false},"excerpt":{"rendered":"<div class=\"mh-excerpt\"><p>Dos personas fallecieron esta madrugada como consecuencia de un incendio de una viviendas mixta, familiar y de locales comerciales, en la localidad de Punta Lara. El tr\u00e1gico hecho se produjo a la medianoche en 112 <a class=\"mh-excerpt-more\" href=\"https:\/\/larevistadigital.com.ar\/blog\/video-tragico-incendio-en-punta-lara-dos-personas-fallecieron-al-quedar-atrapadas\/\" title=\"[VIDEO] TR\u00c1GICO INCENDIO EN PUNTA LARA, DOS PERSONAS FALLECIERON AL QUEDAR ATRAPADAS\">[Leer M\u00e1s]<\/a><\/p>\n<\/div>","protected":false},"author":3,"featured_media":15243,"comment_status":"open","ping_status":"open","sticky":false,"template":"","format":"standard","meta":{"_jetpack_memberships_contains_paid_content":false,"footnotes":"","jetpack_publicize_message":"","jetpack_publicize_feature_enabled":true,"jetpack_social_post_already_shared":true,"jetpack_social_options":{"image_generator_settings":{"template":"highway","default_image_id":0,"font":"","enabled":false},"version":2}},"categories":[51],"tags":[],"class_list":{"0":"post-15242","1":"post","2":"type-post","3":"status-publish","4":"format-standard","5":"has-post-thumbnail","7":"category-regionales"},"jetpack_publicize_connections":[],"jetpack_featured_media_url":"https:\/\/i0.wp.com\/larevistadigital.com.ar\/blog\/wp-content\/uploads\/20200518101100_72c32b50_9700_41f1_940b_b2d8d56be783.jpg?fit=880%2C586&ssl=1","jetpack_sharing_enabled":true,"jetpack_shortlink":"https:\/\/wp.me\/p8qtrQ-3XQ","jetpack-related-posts":[{"id":26049,"url":"https:\/\/larevistadigital.com.ar\/blog\/incendio-tragico-en-recoleta-mueren-3-chicos-y-2-mujeres\/","url_meta":{"origin":15242,"position":0},"title":"INCENDIO TR\u00c1GICO EN RECOLETA, MUEREN 3 CHICOS Y 2 MUJERES","author":"Alejandro Sosa Ruda","date":"23 junio, 2022","format":false,"excerpt":"Un incendio desatado en el s\u00e9ptimo piso de un edificio de Recoleta dej\u00f3 el saldo tr\u00e1gico de 5 muertos y 18 heridos. Un impactante\u00a0incendio\u00a0se desat\u00f3 este jueves en un edificio del barrio porte\u00f1o de\u00a0Recoleta. El fuego se inici\u00f3 en el s\u00e9ptimo piso y se propag\u00f3 al octavo de la torre\u2026","rel":"","context":"En \u00abDESTACADAS\u00bb","block_context":{"text":"DESTACADAS","link":"https:\/\/larevistadigital.com.ar\/blog\/category\/destacadas\/"},"img":{"alt_text":"","src":"https:\/\/i0.wp.com\/larevistadigital.com.ar\/blog\/wp-content\/uploads\/incendio-recoleta.jpg?fit=1200%2C662&ssl=1&resize=350%2C200","width":350,"height":200,"srcset":"https:\/\/i0.wp.com\/larevistadigital.com.ar\/blog\/wp-content\/uploads\/incendio-recoleta.jpg?fit=1200%2C662&ssl=1&resize=350%2C200 1x, https:\/\/i0.wp.com\/larevistadigital.com.ar\/blog\/wp-content\/uploads\/incendio-recoleta.jpg?fit=1200%2C662&ssl=1&resize=525%2C300 1.5x, https:\/\/i0.wp.com\/larevistadigital.com.ar\/blog\/wp-content\/uploads\/incendio-recoleta.jpg?fit=1200%2C662&ssl=1&resize=700%2C400 2x, https:\/\/i0.wp.com\/larevistadigital.com.ar\/blog\/wp-content\/uploads\/incendio-recoleta.jpg?fit=1200%2C662&ssl=1&resize=1050%2C600 3x"},"classes":[]},{"id":26323,"url":"https:\/\/larevistadigital.com.ar\/blog\/tragedia-mueren-5-personas-en-el-incendio-de-su-casa\/","url_meta":{"origin":15242,"position":1},"title":"TRAGEDIA: MUEREN 5 PERSONAS EN EL INCENDIO DE SU CASA","author":"Alejandro Sosa Ruda","date":"4 julio, 2022","format":false,"excerpt":"Ocurri\u00f3 en la localidad bonaerense de Monte Grande. Fallecieron el padre, la madre, dos menores de edad y la abuela de los ni\u00f1os. El abuelo fue el \u00fanico que logr\u00f3 escapar con vida. MONTE GRANDE -\u00a0 El incendio\u00a0que se desat\u00f3 dentro de una vivienda en la localidad bonaerense de\u00a0Monte Grande\u00a0caus\u00f3\u2026","rel":"","context":"En \u00abINTERES GENERAL\u00bb","block_context":{"text":"INTERES GENERAL","link":"https:\/\/larevistadigital.com.ar\/blog\/category\/interes-general\/"},"img":{"alt_text":"","src":"https:\/\/i0.wp.com\/larevistadigital.com.ar\/blog\/wp-content\/uploads\/a0a4cc4f1691b920f878b55ef96a57280f6451a7.jpg?fit=1140%2C730&ssl=1&resize=350%2C200","width":350,"height":200,"srcset":"https:\/\/i0.wp.com\/larevistadigital.com.ar\/blog\/wp-content\/uploads\/a0a4cc4f1691b920f878b55ef96a57280f6451a7.jpg?fit=1140%2C730&ssl=1&resize=350%2C200 1x, https:\/\/i0.wp.com\/larevistadigital.com.ar\/blog\/wp-content\/uploads\/a0a4cc4f1691b920f878b55ef96a57280f6451a7.jpg?fit=1140%2C730&ssl=1&resize=525%2C300 1.5x, https:\/\/i0.wp.com\/larevistadigital.com.ar\/blog\/wp-content\/uploads\/a0a4cc4f1691b920f878b55ef96a57280f6451a7.jpg?fit=1140%2C730&ssl=1&resize=700%2C400 2x, https:\/\/i0.wp.com\/larevistadigital.com.ar\/blog\/wp-content\/uploads\/a0a4cc4f1691b920f878b55ef96a57280f6451a7.jpg?fit=1140%2C730&ssl=1&resize=1050%2C600 3x"},"classes":[]},{"id":12305,"url":"https:\/\/larevistadigital.com.ar\/blog\/tragico-incendio-en-hotel-de-flores-un-nene-muerto-y-23-afectados\/","url_meta":{"origin":15242,"position":2},"title":"TR\u00c1GICO INCENDIO EN HOTEL DE FLORES. UN NENE MUERTO Y 23 AFECTADOS","author":"Alejandro Sosa Ruda","date":"26 septiembre, 2019","format":false,"excerpt":"El fuego se inici\u00f3 en el primer piso del abergue familiar, donde las llamas ya fueron dominadas, y termin\u00f3 tomando 25 habitaciones. Hay dos menores en grave estado. Un nene de tres a\u00f1os muri\u00f3 tras incendiarse un hotel familiar, ubicado en la calle Fray Cayetano Rodr\u00edguez al 345, en el\u2026","rel":"","context":"En \u00abINTERES GENERAL\u00bb","block_context":{"text":"INTERES GENERAL","link":"https:\/\/larevistadigital.com.ar\/blog\/category\/interes-general\/"},"img":{"alt_text":"","src":"https:\/\/i0.wp.com\/larevistadigital.com.ar\/blog\/wp-content\/uploads\/Screenshot_1-40.jpg?fit=1128%2C548&ssl=1&resize=350%2C200","width":350,"height":200,"srcset":"https:\/\/i0.wp.com\/larevistadigital.com.ar\/blog\/wp-content\/uploads\/Screenshot_1-40.jpg?fit=1128%2C548&ssl=1&resize=350%2C200 1x, https:\/\/i0.wp.com\/larevistadigital.com.ar\/blog\/wp-content\/uploads\/Screenshot_1-40.jpg?fit=1128%2C548&ssl=1&resize=525%2C300 1.5x, https:\/\/i0.wp.com\/larevistadigital.com.ar\/blog\/wp-content\/uploads\/Screenshot_1-40.jpg?fit=1128%2C548&ssl=1&resize=700%2C400 2x, https:\/\/i0.wp.com\/larevistadigital.com.ar\/blog\/wp-content\/uploads\/Screenshot_1-40.jpg?fit=1128%2C548&ssl=1&resize=1050%2C600 3x"},"classes":[]},{"id":36661,"url":"https:\/\/larevistadigital.com.ar\/blog\/pinamar-incendio-en-ostende-mueren-una-mama-y-sus-dos-hijos\/","url_meta":{"origin":15242,"position":3},"title":"PINAMAR: INCENDIO EN OSTENDE, MUEREN UNA MAM\u00c1 Y SUS DOS HIJOS.","author":"Alejandro Sosa Ruda","date":"12 julio, 2024","format":false,"excerpt":"El tr\u00e1gico siniestro tuvo como \u00fanico sobreviviente al marido y padre de las criaturas fallecidas. Se encuentra en estado reservado. 11 de Julio de 2024 PINAMAR -\u00a0 En un tr\u00e1gico incendio ocurrido en una casilla de madera en Ostende, partido de Pinamar, una mujer y sus dos hijos peque\u00f1os, un\u2026","rel":"","context":"En \u00abPOLICIALES\u00bb","block_context":{"text":"POLICIALES","link":"https:\/\/larevistadigital.com.ar\/blog\/category\/policiales\/"},"img":{"alt_text":"","src":"https:\/\/i0.wp.com\/larevistadigital.com.ar\/blog\/wp-content\/uploads\/7caf4855692354f8a6500f206e29dd206135645d.jpg?fit=1140%2C642&ssl=1&resize=350%2C200","width":350,"height":200,"srcset":"https:\/\/i0.wp.com\/larevistadigital.com.ar\/blog\/wp-content\/uploads\/7caf4855692354f8a6500f206e29dd206135645d.jpg?fit=1140%2C642&ssl=1&resize=350%2C200 1x, https:\/\/i0.wp.com\/larevistadigital.com.ar\/blog\/wp-content\/uploads\/7caf4855692354f8a6500f206e29dd206135645d.jpg?fit=1140%2C642&ssl=1&resize=525%2C300 1.5x, https:\/\/i0.wp.com\/larevistadigital.com.ar\/blog\/wp-content\/uploads\/7caf4855692354f8a6500f206e29dd206135645d.jpg?fit=1140%2C642&ssl=1&resize=700%2C400 2x, https:\/\/i0.wp.com\/larevistadigital.com.ar\/blog\/wp-content\/uploads\/7caf4855692354f8a6500f206e29dd206135645d.jpg?fit=1140%2C642&ssl=1&resize=1050%2C600 3x"},"classes":[]},{"id":36886,"url":"https:\/\/larevistadigital.com.ar\/blog\/pinamar-detienen-al-padre-de-la-familia-tras-el-tragico-incendio-en-ostende\/","url_meta":{"origin":15242,"position":4},"title":"PINAMAR: DETIENEN AL PADRE DE LA FAMILIA TRAS EL TR\u00c1GICO INCENDIO EN OSTENDE","author":"Alejandro Sosa Ruda","date":"3 agosto, 2024","format":false,"excerpt":"En un giro inesperado, el \u00fanico sobreviviente del incendio que cobr\u00f3 la vida de su familia el pasado 11 de julio en Ostende, Pinamar, fue detenido mientras intentaba tomar un vuelo hacia Tucum\u00e1n. PINAMAR -\u00a0 El detenido, un hombre de 26 a\u00f1os, logr\u00f3 escapar ileso del incendio que consumi\u00f3 la\u2026","rel":"","context":"En \u00abPOLICIALES\u00bb","block_context":{"text":"POLICIALES","link":"https:\/\/larevistadigital.com.ar\/blog\/category\/policiales\/"},"img":{"alt_text":"","src":"https:\/\/i0.wp.com\/larevistadigital.com.ar\/blog\/wp-content\/uploads\/7caf4855692354f8a6500f206e29dd206135645d.jpg?fit=1140%2C642&ssl=1&resize=350%2C200","width":350,"height":200,"srcset":"https:\/\/i0.wp.com\/larevistadigital.com.ar\/blog\/wp-content\/uploads\/7caf4855692354f8a6500f206e29dd206135645d.jpg?fit=1140%2C642&ssl=1&resize=350%2C200 1x, https:\/\/i0.wp.com\/larevistadigital.com.ar\/blog\/wp-content\/uploads\/7caf4855692354f8a6500f206e29dd206135645d.jpg?fit=1140%2C642&ssl=1&resize=525%2C300 1.5x, https:\/\/i0.wp.com\/larevistadigital.com.ar\/blog\/wp-content\/uploads\/7caf4855692354f8a6500f206e29dd206135645d.jpg?fit=1140%2C642&ssl=1&resize=700%2C400 2x, https:\/\/i0.wp.com\/larevistadigital.com.ar\/blog\/wp-content\/uploads\/7caf4855692354f8a6500f206e29dd206135645d.jpg?fit=1140%2C642&ssl=1&resize=1050%2C600 3x"},"classes":[]},{"id":33647,"url":"https:\/\/larevistadigital.com.ar\/blog\/tragedia-dos-ninos-murieron-en-un-incendio-en-villa-dominico\/","url_meta":{"origin":15242,"position":5},"title":"TRAGEDIA: DOS NI\u00d1OS MURIERON EN UN INCENDIO EN VILLA DOM\u00cdNICO","author":"Alejandro Sosa Ruda","date":"28 septiembre, 2023","format":false,"excerpt":"Los peque\u00f1os de 4 y 8 a\u00f1os murieron esta madrugada como consecuencia de un incendio en una vivienda de la localidad de Villa Dom\u00ednico en Avellaneda. Cecilia de apenas dos a\u00f1os pudo ser rescatada y lucha por su vida en un centro asistencial. 28 de Septiembre de 2023 VILLA DOM\u00cdNICO\u2026","rel":"","context":"En \u00abSin categor\u00eda\u00bb","block_context":{"text":"Sin categor\u00eda","link":"https:\/\/larevistadigital.com.ar\/blog\/category\/sin-categoria\/"},"img":{"alt_text":"","src":"https:\/\/i0.wp.com\/larevistadigital.com.ar\/blog\/wp-content\/uploads\/20230928182051_20230928090913-incendio-avellaneda-dominico.jpg?fit=880%2C512&ssl=1&resize=350%2C200","width":350,"height":200,"srcset":"https:\/\/i0.wp.com\/larevistadigital.com.ar\/blog\/wp-content\/uploads\/20230928182051_20230928090913-incendio-avellaneda-dominico.jpg?fit=880%2C512&ssl=1&resize=350%2C200 1x, https:\/\/i0.wp.com\/larevistadigital.com.ar\/blog\/wp-content\/uploads\/20230928182051_20230928090913-incendio-avellaneda-dominico.jpg?fit=880%2C512&ssl=1&resize=525%2C300 1.5x, https:\/\/i0.wp.com\/larevistadigital.com.ar\/blog\/wp-content\/uploads\/20230928182051_20230928090913-incendio-avellaneda-dominico.jpg?fit=880%2C512&ssl=1&resize=700%2C400 2x"},"classes":[]}],"_links":{"self":[{"href":"https:\/\/larevistadigital.com.ar\/blog\/wp-json\/wp\/v2\/posts\/15242","targetHints":{"allow":["GET"]}}],"collection":[{"href":"https:\/\/larevistadigital.com.ar\/blog\/wp-json\/wp\/v2\/posts"}],"about":[{"href":"https:\/\/larevistadigital.com.ar\/blog\/wp-json\/wp\/v2\/types\/post"}],"author":[{"embeddable":true,"href":"https:\/\/larevistadigital.com.ar\/blog\/wp-json\/wp\/v2\/users\/3"}],"replies":[{"embeddable":true,"href":"https:\/\/larevistadigital.com.ar\/blog\/wp-json\/wp\/v2\/comments?post=15242"}],"version-history":[{"count":1,"href":"https:\/\/larevistadigital.com.ar\/blog\/wp-json\/wp\/v2\/posts\/15242\/revisions"}],"predecessor-version":[{"id":15244,"href":"https:\/\/larevistadigital.com.ar\/blog\/wp-json\/wp\/v2\/posts\/15242\/revisions\/15244"}],"wp:featuredmedia":[{"embeddable":true,"href":"https:\/\/larevistadigital.com.ar\/blog\/wp-json\/wp\/v2\/media\/15243"}],"wp:attachment":[{"href":"https:\/\/larevistadigital.com.ar\/blog\/wp-json\/wp\/v2\/media?parent=15242"}],"wp:term":[{"taxonomy":"category","embeddable":true,"href":"https:\/\/larevistadigital.com.ar\/blog\/wp-json\/wp\/v2\/categories?post=15242"},{"taxonomy":"post_tag","embeddable":true,"href":"https:\/\/larevistadigital.com.ar\/blog\/wp-json\/wp\/v2\/tags?post=15242"}],"curies":[{"name":"wp","href":"https:\/\/api.w.org\/{rel}","templated":true}]}}