{"id":15248,"date":"2020-05-20T16:10:05","date_gmt":"2020-05-20T16:10:05","guid":{"rendered":"https:\/\/larevistadigital.com.ar\/blog\/?p=15248"},"modified":"2020-05-20T16:10:05","modified_gmt":"2020-05-20T16:10:05","slug":"muchacho-es-golpeado-por-tres-menores-al-evitar-el-robo-a-un-vecino","status":"publish","type":"post","link":"https:\/\/larevistadigital.com.ar\/blog\/muchacho-es-golpeado-por-tres-menores-al-evitar-el-robo-a-un-vecino\/","title":{"rendered":"MUCHACHO ES GOLPEADO POR TRES MENORES AL EVITAR EL ROBO A UN VECINO"},"content":{"rendered":"<p>Los hechos sucedieron a media ma\u00f1ana, en las calles Sol\u00eds y Rico, cuando el hombre llamado <strong>Alfredo<\/strong>, pudo observar que tres muchachos se encontraban por ingresar a la casa de un vecino suyo, entre los \u00e1rboles del frente de la misma.<\/p>\n<blockquote>\n<h3>Al advertir esto, <strong>Alfredo<\/strong> les llam\u00f3 la atenci\u00f3n, pregunt\u00e1ndoles que pretend\u00edan hacer y mientras dos le hablaban, el otro le propin\u00f3 un fuerte golpe desde atr\u00e1s, por lo que qued\u00f3 confundido, pero r\u00e1pidamente tom\u00f3 un fierro que hab\u00eda en el lugar, lo que ocasion\u00f3 que los cobardes agresores se dieran inmediatamente a la fuga.<\/h3>\n<\/blockquote>\n<figure id=\"attachment_15250\" aria-describedby=\"caption-attachment-15250\" style=\"width: 1280px\" class=\"wp-caption alignnone\"><img data-recalc-dims=\"1\" loading=\"lazy\" decoding=\"async\" class=\"size-full wp-image-15250\" src=\"https:\/\/i0.wp.com\/larevistadigital.com.ar\/blog\/wp-content\/uploads\/bbb.jpg?resize=1280%2C721&#038;ssl=1\" alt=\"\" width=\"1280\" height=\"721\" srcset=\"https:\/\/i0.wp.com\/larevistadigital.com.ar\/blog\/wp-content\/uploads\/bbb.jpg?w=1280&amp;ssl=1 1280w, https:\/\/i0.wp.com\/larevistadigital.com.ar\/blog\/wp-content\/uploads\/bbb.jpg?resize=300%2C169&amp;ssl=1 300w, https:\/\/i0.wp.com\/larevistadigital.com.ar\/blog\/wp-content\/uploads\/bbb.jpg?resize=1024%2C577&amp;ssl=1 1024w, https:\/\/i0.wp.com\/larevistadigital.com.ar\/blog\/wp-content\/uploads\/bbb.jpg?resize=768%2C433&amp;ssl=1 768w, https:\/\/i0.wp.com\/larevistadigital.com.ar\/blog\/wp-content\/uploads\/bbb.jpg?resize=678%2C381&amp;ssl=1 678w\" sizes=\"auto, (max-width: 1000px) 100vw, 1000px\" \/><figcaption id=\"caption-attachment-15250\" class=\"wp-caption-text\"><strong>POR AH\u00cd PRETEND\u00cdAN INGRESAR<\/strong><\/figcaption><\/figure>\n<p>Resulta lamentable que a las 10 de la ma\u00f1ana ocurran estas cosas. \u00bfNada se aprecia con las c\u00e1maras? Deber\u00eda ser un poco m\u00e1s f\u00e1cil que de costumbre, ya que con el aislamiento no hay tanta gente en la calle, y deber\u00edan observarse con claridad las situaciones sospechosas.<\/p>\n<p>Por suerte en el momento estaba este vecino que en lugar de hacerse el desentendido, eligi\u00f3 reaccionar y evitar que se cometa el robo. Evidentemente, a\u00fan queda gente solidaria.<\/p>\n","protected":false},"excerpt":{"rendered":"<div class=\"mh-excerpt\"><p>Los hechos sucedieron a media ma\u00f1ana, en las calles Sol\u00eds y Rico, cuando el hombre llamado Alfredo, pudo observar que tres muchachos se encontraban por ingresar a la casa de un vecino suyo, entre los <a class=\"mh-excerpt-more\" href=\"https:\/\/larevistadigital.com.ar\/blog\/muchacho-es-golpeado-por-tres-menores-al-evitar-el-robo-a-un-vecino\/\" title=\"MUCHACHO ES GOLPEADO POR TRES MENORES AL EVITAR EL ROBO A UN VECINO\">[Leer M\u00e1s]<\/a><\/p>\n<\/div>","protected":false},"author":3,"featured_media":15249,"comment_status":"open","ping_status":"open","sticky":false,"template":"","format":"standard","meta":{"_jetpack_memberships_contains_paid_content":false,"footnotes":"","jetpack_publicize_message":"","jetpack_publicize_feature_enabled":true,"jetpack_social_post_already_shared":true,"jetpack_social_options":{"image_generator_settings":{"template":"highway","default_image_id":0,"font":"","enabled":false},"version":2}},"categories":[6],"tags":[],"class_list":{"0":"post-15248","1":"post","2":"type-post","3":"status-publish","4":"format-standard","5":"has-post-thumbnail","7":"category-chascomus"},"jetpack_publicize_connections":[],"jetpack_featured_media_url":"https:\/\/i0.wp.com\/larevistadigital.com.ar\/blog\/wp-content\/uploads\/alfredo.jpg?fit=720%2C626&ssl=1","jetpack_sharing_enabled":true,"jetpack_shortlink":"https:\/\/wp.me\/p8qtrQ-3XW","jetpack-related-posts":[{"id":21242,"url":"https:\/\/larevistadigital.com.ar\/blog\/chascomus-intentan-estafar-a-un-vecino-diciendo-que-eran-de-telefonica\/","url_meta":{"origin":15248,"position":0},"title":"CHASCOM\u00daS: INTENTAN ESTAFAR A UN VECINO DICIENDO QUE ERAN DE TELEF\u00d3NICA","author":"Alejandro Sosa Ruda","date":"22 julio, 2021","format":false,"excerpt":"CHASCOM\u00daS -\u00a0 El vecino Alfredo Gauna, se comunic\u00f3 con nosotros, para relatarnos una desagradable situaci\u00f3n que le toc\u00f3 vivir junto a su madre, a efectos de poner a los vecinos y lectores de La Revista digital para que nadie m\u00e1s tenga que pasar por esto y ser estafado en su\u2026","rel":"","context":"En \u00abINTERES GENERAL\u00bb","block_context":{"text":"INTERES GENERAL","link":"https:\/\/larevistadigital.com.ar\/blog\/category\/interes-general\/"},"img":{"alt_text":"","src":"https:\/\/i0.wp.com\/larevistadigital.com.ar\/blog\/wp-content\/uploads\/Estafas.jpg?fit=800%2C450&ssl=1&resize=350%2C200","width":350,"height":200,"srcset":"https:\/\/i0.wp.com\/larevistadigital.com.ar\/blog\/wp-content\/uploads\/Estafas.jpg?fit=800%2C450&ssl=1&resize=350%2C200 1x, https:\/\/i0.wp.com\/larevistadigital.com.ar\/blog\/wp-content\/uploads\/Estafas.jpg?fit=800%2C450&ssl=1&resize=525%2C300 1.5x, https:\/\/i0.wp.com\/larevistadigital.com.ar\/blog\/wp-content\/uploads\/Estafas.jpg?fit=800%2C450&ssl=1&resize=700%2C400 2x"},"classes":[]},{"id":16483,"url":"https:\/\/larevistadigital.com.ar\/blog\/audio-vecinos-de-girado-solicitan-que-el-municipio-les-permita-el-ingreso-a-sus-propiedades\/","url_meta":{"origin":15248,"position":1},"title":"[AUDIO] VECINOS DE GIRADO SOLICITAN QUE EL MUNICIPIO LES PERMITA EL INGRESO A SUS PROPIEDADES","author":"Alejandro Sosa Ruda","date":"24 septiembre, 2020","format":false,"excerpt":"Dialogamos con uno de ellos, Juan Lemik, que adem\u00e1s de ser propietario tiene domicilio en Chascom\u00fas. Solicitan por lo menos que se les permita visitar sus propiedades algunos d\u00edas al mes. Llama la atenci\u00f3n que mientras se tiene tanta inflexibilidad con los propietarios, se permita el ingreso a otras personas\u2026","rel":"","context":"En \u00abDESTACADAS\u00bb","block_context":{"text":"DESTACADAS","link":"https:\/\/larevistadigital.com.ar\/blog\/category\/destacadas\/"},"img":{"alt_text":"","src":"https:\/\/i0.wp.com\/larevistadigital.com.ar\/blog\/wp-content\/uploads\/15697470_1830302867226965_1259355380113995191_n.jpg?fit=720%2C960&ssl=1&resize=350%2C200","width":350,"height":200,"srcset":"https:\/\/i0.wp.com\/larevistadigital.com.ar\/blog\/wp-content\/uploads\/15697470_1830302867226965_1259355380113995191_n.jpg?fit=720%2C960&ssl=1&resize=350%2C200 1x, https:\/\/i0.wp.com\/larevistadigital.com.ar\/blog\/wp-content\/uploads\/15697470_1830302867226965_1259355380113995191_n.jpg?fit=720%2C960&ssl=1&resize=525%2C300 1.5x, https:\/\/i0.wp.com\/larevistadigital.com.ar\/blog\/wp-content\/uploads\/15697470_1830302867226965_1259355380113995191_n.jpg?fit=720%2C960&ssl=1&resize=700%2C400 2x"},"classes":[]},{"id":15106,"url":"https:\/\/larevistadigital.com.ar\/blog\/interceptan-a-35-turistas-que-pretendian-vacacionar-en-la-costa-atlantica\/","url_meta":{"origin":15248,"position":2},"title":"INTERCEPTAN A 35 TURISTAS QUE PRETEND\u00cdAN VACACIONAR EN LA COSTA ATL\u00c1NTICA","author":"Alejandro Sosa Ruda","date":"1 mayo, 2020","format":false,"excerpt":"Fueron detectados en los distintos controles que hay en las diferentes rutas para evitar el ingreso de turistas a Mar del Plata, La Costa, Gesell, Pinamar y otras localidades de la zona. Al menos 35 automovilistas con intenciones de \u201cvacacionar\u201d en la Costa Atl\u00e1ntica fueron interceptados este jueves a la\u2026","rel":"","context":"En \u00abREGIONALES\u00bb","block_context":{"text":"REGIONALES","link":"https:\/\/larevistadigital.com.ar\/blog\/category\/regionales\/"},"img":{"alt_text":"","src":"https:\/\/i0.wp.com\/larevistadigital.com.ar\/blog\/wp-content\/uploads\/ef5ecd87863f83b1c99692d2617209ba5655340f.jpg?fit=1140%2C758&ssl=1&resize=350%2C200","width":350,"height":200,"srcset":"https:\/\/i0.wp.com\/larevistadigital.com.ar\/blog\/wp-content\/uploads\/ef5ecd87863f83b1c99692d2617209ba5655340f.jpg?fit=1140%2C758&ssl=1&resize=350%2C200 1x, https:\/\/i0.wp.com\/larevistadigital.com.ar\/blog\/wp-content\/uploads\/ef5ecd87863f83b1c99692d2617209ba5655340f.jpg?fit=1140%2C758&ssl=1&resize=525%2C300 1.5x, https:\/\/i0.wp.com\/larevistadigital.com.ar\/blog\/wp-content\/uploads\/ef5ecd87863f83b1c99692d2617209ba5655340f.jpg?fit=1140%2C758&ssl=1&resize=700%2C400 2x, https:\/\/i0.wp.com\/larevistadigital.com.ar\/blog\/wp-content\/uploads\/ef5ecd87863f83b1c99692d2617209ba5655340f.jpg?fit=1140%2C758&ssl=1&resize=1050%2C600 3x"},"classes":[]},{"id":17943,"url":"https:\/\/larevistadigital.com.ar\/blog\/vecino-del-barrio-san-luis-evito-un-robo\/","url_meta":{"origin":15248,"position":3},"title":"VECINO DEL BARRIO SAN LUIS, EVIT\u00d3 UN ROBO","author":"Alejandro Sosa Ruda","date":"3 diciembre, 2020","format":false,"excerpt":"El testigo del robo ocurrido en calle Escribano E\/Ju\u00e1rez y Dorrego fue entrevistado en la ma\u00f1ana de FM por siempre 97.3\u00a0 donde contaba que el episodio tuvo lugar entre la 1:45 y 2:00 am. de la noche del martes. El vecino escuch\u00f3 ruidos y al acercarse a ver por una\u2026","rel":"","context":"En \u00abCHASCOM\u00daS\u00bb","block_context":{"text":"CHASCOM\u00daS","link":"https:\/\/larevistadigital.com.ar\/blog\/category\/chascomus\/"},"img":{"alt_text":"","src":"https:\/\/i0.wp.com\/larevistadigital.com.ar\/blog\/wp-content\/uploads\/2018\/03\/Policia-allanamiento-noche.jpg?fit=777%2C498&ssl=1&resize=350%2C200","width":350,"height":200,"srcset":"https:\/\/i0.wp.com\/larevistadigital.com.ar\/blog\/wp-content\/uploads\/2018\/03\/Policia-allanamiento-noche.jpg?fit=777%2C498&ssl=1&resize=350%2C200 1x, https:\/\/i0.wp.com\/larevistadigital.com.ar\/blog\/wp-content\/uploads\/2018\/03\/Policia-allanamiento-noche.jpg?fit=777%2C498&ssl=1&resize=525%2C300 1.5x, https:\/\/i0.wp.com\/larevistadigital.com.ar\/blog\/wp-content\/uploads\/2018\/03\/Policia-allanamiento-noche.jpg?fit=777%2C498&ssl=1&resize=700%2C400 2x"},"classes":[]},{"id":18543,"url":"https:\/\/larevistadigital.com.ar\/blog\/conocido-vecino-y-dirigente-politico-de-chascomus-sobrevivio-milagrosamente-a-un-accidente\/","url_meta":{"origin":15248,"position":4},"title":"CONOCIDO VECINO Y DIRIGENTE POL\u00cdTICO DE CHASCOM\u00daS SOBREVIVI\u00d3 MILAGROSAMENTE A UN ACCIDENTE","author":"Alejandro Sosa Ruda","date":"7 enero, 2021","format":false,"excerpt":"CHASCOM\u00daS -\u00a0Las im\u00e1genes del siniestro son realmente impresionantes, y solo se puede pensar que Dios estuvo junto a Juan Pablo \"El Polilla\" Odera hoy por la ma\u00f1ana cuando sufri\u00f3 un fort\u00edsimo accidente con su autom\u00f3vil, que qued\u00f3 totalmente destruido. Resulta incre\u00edble, pero \"El Poli\", como se le dice en la\u2026","rel":"","context":"En \u00abCHASCOM\u00daS\u00bb","block_context":{"text":"CHASCOM\u00daS","link":"https:\/\/larevistadigital.com.ar\/blog\/category\/chascomus\/"},"img":{"alt_text":"","src":"https:\/\/i0.wp.com\/larevistadigital.com.ar\/blog\/wp-content\/uploads\/WhatsApp-Image-2021-01-07-at-17.20.24.jpeg?fit=1024%2C768&ssl=1&resize=350%2C200","width":350,"height":200,"srcset":"https:\/\/i0.wp.com\/larevistadigital.com.ar\/blog\/wp-content\/uploads\/WhatsApp-Image-2021-01-07-at-17.20.24.jpeg?fit=1024%2C768&ssl=1&resize=350%2C200 1x, https:\/\/i0.wp.com\/larevistadigital.com.ar\/blog\/wp-content\/uploads\/WhatsApp-Image-2021-01-07-at-17.20.24.jpeg?fit=1024%2C768&ssl=1&resize=525%2C300 1.5x, https:\/\/i0.wp.com\/larevistadigital.com.ar\/blog\/wp-content\/uploads\/WhatsApp-Image-2021-01-07-at-17.20.24.jpeg?fit=1024%2C768&ssl=1&resize=700%2C400 2x"},"classes":[]},{"id":31826,"url":"https:\/\/larevistadigital.com.ar\/blog\/brandsen-brutal-asalto-donde-golpean-a-una-persona-y-le-llevan-dinero-y-el-auto\/","url_meta":{"origin":15248,"position":5},"title":"BRANDSEN: BRUTAL ASALTO DONDE GOLPEAN A UNA PERSONA Y LE LLEVAN DINERO Y EL AUTO","author":"Alejandro Sosa Ruda","date":"31 mayo, 2023","format":false,"excerpt":"Ocurri\u00f3 en la ma\u00f1ana de ayer en el barrio Los Pinos. El vecino sal\u00eda de su casa para ir a trabajar. Por el momento no hay detenidos. 31 de mayo de 2023 BRANDSEN -\u00a0 Pasadas las seis de la ma\u00f1ana de ayer lunes 29 de mayo, un vecino que se\u2026","rel":"","context":"En \u00abPOLICIALES\u00bb","block_context":{"text":"POLICIALES","link":"https:\/\/larevistadigital.com.ar\/blog\/category\/policiales\/"},"img":{"alt_text":"","src":"https:\/\/i0.wp.com\/larevistadigital.com.ar\/blog\/wp-content\/uploads\/Photo_1685460531114.jpg?fit=1080%2C607&ssl=1&resize=350%2C200","width":350,"height":200,"srcset":"https:\/\/i0.wp.com\/larevistadigital.com.ar\/blog\/wp-content\/uploads\/Photo_1685460531114.jpg?fit=1080%2C607&ssl=1&resize=350%2C200 1x, https:\/\/i0.wp.com\/larevistadigital.com.ar\/blog\/wp-content\/uploads\/Photo_1685460531114.jpg?fit=1080%2C607&ssl=1&resize=525%2C300 1.5x, https:\/\/i0.wp.com\/larevistadigital.com.ar\/blog\/wp-content\/uploads\/Photo_1685460531114.jpg?fit=1080%2C607&ssl=1&resize=700%2C400 2x, https:\/\/i0.wp.com\/larevistadigital.com.ar\/blog\/wp-content\/uploads\/Photo_1685460531114.jpg?fit=1080%2C607&ssl=1&resize=1050%2C600 3x"},"classes":[]}],"_links":{"self":[{"href":"https:\/\/larevistadigital.com.ar\/blog\/wp-json\/wp\/v2\/posts\/15248","targetHints":{"allow":["GET"]}}],"collection":[{"href":"https:\/\/larevistadigital.com.ar\/blog\/wp-json\/wp\/v2\/posts"}],"about":[{"href":"https:\/\/larevistadigital.com.ar\/blog\/wp-json\/wp\/v2\/types\/post"}],"author":[{"embeddable":true,"href":"https:\/\/larevistadigital.com.ar\/blog\/wp-json\/wp\/v2\/users\/3"}],"replies":[{"embeddable":true,"href":"https:\/\/larevistadigital.com.ar\/blog\/wp-json\/wp\/v2\/comments?post=15248"}],"version-history":[{"count":1,"href":"https:\/\/larevistadigital.com.ar\/blog\/wp-json\/wp\/v2\/posts\/15248\/revisions"}],"predecessor-version":[{"id":15251,"href":"https:\/\/larevistadigital.com.ar\/blog\/wp-json\/wp\/v2\/posts\/15248\/revisions\/15251"}],"wp:featuredmedia":[{"embeddable":true,"href":"https:\/\/larevistadigital.com.ar\/blog\/wp-json\/wp\/v2\/media\/15249"}],"wp:attachment":[{"href":"https:\/\/larevistadigital.com.ar\/blog\/wp-json\/wp\/v2\/media?parent=15248"}],"wp:term":[{"taxonomy":"category","embeddable":true,"href":"https:\/\/larevistadigital.com.ar\/blog\/wp-json\/wp\/v2\/categories?post=15248"},{"taxonomy":"post_tag","embeddable":true,"href":"https:\/\/larevistadigital.com.ar\/blog\/wp-json\/wp\/v2\/tags?post=15248"}],"curies":[{"name":"wp","href":"https:\/\/api.w.org\/{rel}","templated":true}]}}