{"id":1531,"date":"2017-03-22T19:20:37","date_gmt":"2017-03-22T19:20:37","guid":{"rendered":"https:\/\/larevistadigital.com.ar\/blog\/?p=1531"},"modified":"2017-03-22T19:38:51","modified_gmt":"2017-03-22T19:38:51","slug":"la-comision-por-la-memoria-no-hablaria-sobre-el-represor-milani","status":"publish","type":"post","link":"https:\/\/larevistadigital.com.ar\/blog\/la-comision-por-la-memoria-no-hablaria-sobre-el-represor-milani\/","title":{"rendered":"La Comisi\u00f3n por la Memoria no hablar\u00eda sobre el represor Milani"},"content":{"rendered":"<p>A tan solo dos d\u00edas de la conmemoraci\u00f3n del D\u00eda Nacional de la Memoria, una de las integrantes de la Comisi\u00f3n Municipal por la Memoria, la profesora Minusa Sallenave fue entrevistada en el programa radial \u2018Tardes El Tr\u00e9bol\u2019 que conduce el periodista Alfredo Perona en FM La Radio 101.5.<br \/>\nLa dirigente, luego de comentar las acciones previstas para los actos del pr\u00f3ximo viernes, fue consultada sobre si se pronunciar\u00e1n en torno al procesamiento del ex jefe del Ejercito designado por Cristina Fern\u00e1ndez de Kirchner, C\u00e9sar Milani, quien es investigado por la justicia por delitos de lessa humanidad, en torno a la desaparici\u00f3n del conscripto Alberto Ledo. En ese sentido, y a pesar de que en el acto del a\u00f1o 2016 los miembros de la Comisi\u00f3n se pronunciaron a favor de la liberaci\u00f3n de\u00a0la por entonces reci\u00e9n detenida Milagros Salas, Sallenave explic\u00f3 que a\u00fan no hab\u00eda una postura tomada sobre el caso Milani, por lo cual en principio no estaba previsto pronunciarse al respecto.<br \/>\n<a href=\"https:\/\/i0.wp.com\/larevistadigital.com.ar\/blog\/wp-content\/uploads\/2017\/03\/not_872655_13_153226.jpg?ssl=1\"><img data-recalc-dims=\"1\" loading=\"lazy\" decoding=\"async\" class=\"size-medium wp-image-1534 alignleft\" src=\"https:\/\/i0.wp.com\/larevistadigital.com.ar\/blog\/wp-content\/uploads\/2017\/03\/not_872655_13_153226.jpg?resize=300%2C162&#038;ssl=1\" alt=\"\" width=\"300\" height=\"162\" srcset=\"https:\/\/i0.wp.com\/larevistadigital.com.ar\/blog\/wp-content\/uploads\/2017\/03\/not_872655_13_153226.jpg?resize=300%2C162&amp;ssl=1 300w, https:\/\/i0.wp.com\/larevistadigital.com.ar\/blog\/wp-content\/uploads\/2017\/03\/not_872655_13_153226.jpg?resize=768%2C415&amp;ssl=1 768w, https:\/\/i0.wp.com\/larevistadigital.com.ar\/blog\/wp-content\/uploads\/2017\/03\/not_872655_13_153226.jpg?w=1000&amp;ssl=1 1000w\" sizes=\"auto, (max-width: 300px) 100vw, 300px\" \/><\/a>As\u00ed, el ex jefe militar que se encuentra detenido sospechado de la desaparici\u00f3n de Ledo, no recibir\u00eda ning\u00fan tipo de cuestionamiento por parte de la Comisi\u00f3n Municipal por la Memoria de Chascom\u00fas, a pesar de que se encuentra procesado.<\/p>\n<p>Este es el audio de la nota<\/p>\n<!--[if lt IE 9]><script>document.createElement('audio');<\/script><![endif]-->\n<audio class=\"wp-audio-shortcode\" id=\"audio-1531-1\" preload=\"none\" style=\"width: 100%;\" controls=\"controls\"><source type=\"audio\/mpeg\" src=\"https:\/\/larevistadigital.com.ar\/blog\/wp-content\/uploads\/2017\/03\/minusa-sallanave.mp3?_=1\" \/><a href=\"https:\/\/larevistadigital.com.ar\/blog\/wp-content\/uploads\/2017\/03\/minusa-sallanave.mp3\">https:\/\/larevistadigital.com.ar\/blog\/wp-content\/uploads\/2017\/03\/minusa-sallanave.mp3<\/a><\/audio>\n","protected":false},"excerpt":{"rendered":"<div class=\"mh-excerpt\"><p>A tan solo dos d\u00edas de la conmemoraci\u00f3n del D\u00eda Nacional de la Memoria, una de las integrantes de la Comisi\u00f3n Municipal por la Memoria, la profesora Minusa Sallenave fue entrevistada en el programa radial <a class=\"mh-excerpt-more\" href=\"https:\/\/larevistadigital.com.ar\/blog\/la-comision-por-la-memoria-no-hablaria-sobre-el-represor-milani\/\" title=\"La Comisi\u00f3n por la Memoria no hablar\u00eda sobre el represor Milani\">[Leer M\u00e1s]<\/a><\/p>\n<\/div>","protected":false},"author":2,"featured_media":1538,"comment_status":"open","ping_status":"open","sticky":false,"template":"","format":"standard","meta":{"_jetpack_memberships_contains_paid_content":false,"footnotes":"","jetpack_publicize_message":"La Comisi\u00f3n por la Memoria no hablar\u00eda sobre el represor Milani","jetpack_publicize_feature_enabled":true,"jetpack_social_post_already_shared":true,"jetpack_social_options":{"image_generator_settings":{"template":"highway","default_image_id":0,"font":"","enabled":false},"version":2}},"categories":[6,12,23],"tags":[],"class_list":{"0":"post-1531","1":"post","2":"type-post","3":"status-publish","4":"format-standard","5":"has-post-thumbnail","7":"category-chascomus","8":"category-politica","9":"category-politica-local"},"jetpack_publicize_connections":[],"jetpack_featured_media_url":"https:\/\/i0.wp.com\/larevistadigital.com.ar\/blog\/wp-content\/uploads\/2017\/03\/1795142_1418032145138727_4821055964681917077_o-1.jpg?fit=800%2C296&ssl=1","jetpack_sharing_enabled":true,"jetpack_shortlink":"https:\/\/wp.me\/p8qtrQ-oH","jetpack-related-posts":[{"id":43858,"url":"https:\/\/larevistadigital.com.ar\/blog\/una-grave-denuncia-sacude-al-municipio-de-mar-del-plata-y-una-diputada-libertaria-salio-a-la-defensa\/","url_meta":{"origin":1531,"position":0},"title":"Una grave denuncia sacude al Municipio de Mar del Plata y una diputada libertaria sali\u00f3 a la defensa","author":"Alejandro Sosa Ruda","date":"7 febrero, 2026","format":false,"excerpt":"La Comisi\u00f3n Provincial por la Memoria present\u00f3 una nueva demanda judicial por el accionar de la Patrulla Municipal marplatense y la pol\u00edtica de orden urbano del gobierno local, tras esto, tanto Sof\u00eda Pomponio como Agust\u00edn Neme rechazaron la acusaci\u00f3n. 07 de febrero de 2026 Sof\u00eda Pomponio,\u00a0diputada bonaerense\u00a0del bloque\u00a0La Libertad Avanza,\u2026","rel":"","context":"En \u00abREGIONALES\u00bb","block_context":{"text":"REGIONALES","link":"https:\/\/larevistadigital.com.ar\/blog\/category\/regionales\/"},"img":{"alt_text":"","src":"https:\/\/i0.wp.com\/larevistadigital.com.ar\/blog\/wp-content\/uploads\/Captura-de-pantalla-2026-02-07-145356.jpg?fit=792%2C453&ssl=1&resize=350%2C200","width":350,"height":200,"srcset":"https:\/\/i0.wp.com\/larevistadigital.com.ar\/blog\/wp-content\/uploads\/Captura-de-pantalla-2026-02-07-145356.jpg?fit=792%2C453&ssl=1&resize=350%2C200 1x, https:\/\/i0.wp.com\/larevistadigital.com.ar\/blog\/wp-content\/uploads\/Captura-de-pantalla-2026-02-07-145356.jpg?fit=792%2C453&ssl=1&resize=525%2C300 1.5x, https:\/\/i0.wp.com\/larevistadigital.com.ar\/blog\/wp-content\/uploads\/Captura-de-pantalla-2026-02-07-145356.jpg?fit=792%2C453&ssl=1&resize=700%2C400 2x"},"classes":[]},{"id":271,"url":"https:\/\/larevistadigital.com.ar\/blog\/cesar-milani-quedo-detenido-luego-declarar-secuestros-la-ultima-dictadura\/","url_meta":{"origin":1531,"position":1},"title":"C\u00e9sar Milani qued\u00f3 detenido luego de declarar por secuestros en la \u00faltima dictadura","author":"editor","date":"17 febrero, 2017","format":false,"excerpt":"El juez federal Daniel Herrera Piedrabuena orden\u00f3 detener al ex jefe del Ej\u00e9rcito del kirchnerismo luego de indagarlo El ex jefe del Ej\u00e9rcito durante el segundo gobierno de Cristina Kirchner, C\u00e9sar Milani, fue detenido este viernes en La Rioja por orden del juez federal Daniel Herrera Piedrabuena. La aprehensi\u00f3n se\u2026","rel":"","context":"En \u00abPOLITICA\u00bb","block_context":{"text":"POLITICA","link":"https:\/\/larevistadigital.com.ar\/blog\/category\/politica\/"},"img":{"alt_text":"","src":"https:\/\/i0.wp.com\/larevistadigital.com.ar\/blog\/wp-content\/uploads\/2017\/02\/milani-hebem-.jpeg?fit=600%2C337&ssl=1&resize=350%2C200","width":350,"height":200,"srcset":"https:\/\/i0.wp.com\/larevistadigital.com.ar\/blog\/wp-content\/uploads\/2017\/02\/milani-hebem-.jpeg?fit=600%2C337&ssl=1&resize=350%2C200 1x, https:\/\/i0.wp.com\/larevistadigital.com.ar\/blog\/wp-content\/uploads\/2017\/02\/milani-hebem-.jpeg?fit=600%2C337&ssl=1&resize=525%2C300 1.5x"},"classes":[]},{"id":1604,"url":"https:\/\/larevistadigital.com.ar\/blog\/se-realizo-el-acto-oficial-por-el-dia-nacional-de-la-memoria-la-verdad-y-la-justicia\/","url_meta":{"origin":1531,"position":2},"title":"Se realiz\u00f3 el acto oficial por el \u00abD\u00eda Nacional de la Memoria, la Verdad y la Justicia\u00bb","author":"editor","date":"25 marzo, 2017","format":false,"excerpt":"En la ma\u00f1ana de ayer, alrededor de las 10 horas, se llev\u00f3 a cabo el acto oficial realizado en la Plaza Independencia a 41 a\u00f1os del golpe c\u00edvico militar. Tras el izamiento de las banderas Argentina y Bonaerense, y la entonaci\u00f3n del Himno Nacional, procedieron a depositas una ofrenda floral\u2026","rel":"","context":"En \u00abCHASCOM\u00daS\u00bb","block_context":{"text":"CHASCOM\u00daS","link":"https:\/\/larevistadigital.com.ar\/blog\/category\/chascomus\/"},"img":{"alt_text":"","src":"https:\/\/i0.wp.com\/larevistadigital.com.ar\/blog\/wp-content\/uploads\/2017\/03\/m1_elfuerte_250317.jpg?fit=806%2C514&ssl=1&resize=350%2C200","width":350,"height":200,"srcset":"https:\/\/i0.wp.com\/larevistadigital.com.ar\/blog\/wp-content\/uploads\/2017\/03\/m1_elfuerte_250317.jpg?fit=806%2C514&ssl=1&resize=350%2C200 1x, https:\/\/i0.wp.com\/larevistadigital.com.ar\/blog\/wp-content\/uploads\/2017\/03\/m1_elfuerte_250317.jpg?fit=806%2C514&ssl=1&resize=525%2C300 1.5x, https:\/\/i0.wp.com\/larevistadigital.com.ar\/blog\/wp-content\/uploads\/2017\/03\/m1_elfuerte_250317.jpg?fit=806%2C514&ssl=1&resize=700%2C400 2x"},"classes":[]},{"id":42112,"url":"https:\/\/larevistadigital.com.ar\/blog\/chascomus-presente-en-el-encuentro-provincial-de-jovenes-y-memoria\/","url_meta":{"origin":1531,"position":3},"title":"Chascom\u00fas presente en el encuentro provincial de \u201cJ\u00f3venes y Memoria\u201d","author":"Alejandro Sosa Ruda","date":"20 octubre, 2025","format":false,"excerpt":"M\u00e1s de 50 j\u00f3venes locales compartieron sus producciones e investigaciones en Mar del Plata. 20 de Octubre de 2025 CHASCOM\u00daS -\u00a0 \u00a0M\u00e1s de medio centenar de j\u00f3venes de Chascom\u00fas participaron la semana pasada del encuentro provincial del programa \u201cJ\u00f3venes y Memoria\u201d, que se llev\u00f3 a cabo en la ciudad de\u2026","rel":"","context":"En \u00abCHASCOM\u00daS\u00bb","block_context":{"text":"CHASCOM\u00daS","link":"https:\/\/larevistadigital.com.ar\/blog\/category\/chascomus\/"},"img":{"alt_text":"","src":"https:\/\/i0.wp.com\/larevistadigital.com.ar\/blog\/wp-content\/uploads\/68f6718932c35.png?fit=668%2C445&ssl=1&resize=350%2C200","width":350,"height":200,"srcset":"https:\/\/i0.wp.com\/larevistadigital.com.ar\/blog\/wp-content\/uploads\/68f6718932c35.png?fit=668%2C445&ssl=1&resize=350%2C200 1x, https:\/\/i0.wp.com\/larevistadigital.com.ar\/blog\/wp-content\/uploads\/68f6718932c35.png?fit=668%2C445&ssl=1&resize=525%2C300 1.5x"},"classes":[]},{"id":11902,"url":"https:\/\/larevistadigital.com.ar\/blog\/brandsen-dolor-por-el-fallecimiento-del-vicepresidente-de-la-comision-directiva-de-bomberos\/","url_meta":{"origin":1531,"position":4},"title":"BRANDSEN: DOLOR POR EL FALLECIMIENTO DEL VICEPRESIDENTE DE LA COMISI\u00d3N DIRECTIVA DE BOMBEROS","author":"Alejandro Sosa Ruda","date":"20 agosto, 2019","format":false,"excerpt":"Ocurri\u00f3 el pasado 16 de agosto, y sumi\u00f3 a la comunidad y amigos en un profundo dolor. El cuerpo de Bomberos Voluntarios emiti\u00f3 un comunicado al respecto: COMUNICADO DE BOMBEROS VOLUNTARIOS \"Lamentamos informar el fallecimiento en el d\u00eda de hoy, del Se\u00f1or Vicepresidente de la Honorable Comisi\u00f3n Directiva, Don Andr\u00e9s\u2026","rel":"","context":"En \u00abREGIONALES\u00bb","block_context":{"text":"REGIONALES","link":"https:\/\/larevistadigital.com.ar\/blog\/category\/regionales\/"},"img":{"alt_text":"","src":"https:\/\/i0.wp.com\/larevistadigital.com.ar\/blog\/wp-content\/uploads\/BOMBEROS-LUTO.jpg?fit=700%2C700&ssl=1&resize=350%2C200","width":350,"height":200,"srcset":"https:\/\/i0.wp.com\/larevistadigital.com.ar\/blog\/wp-content\/uploads\/BOMBEROS-LUTO.jpg?fit=700%2C700&ssl=1&resize=350%2C200 1x, https:\/\/i0.wp.com\/larevistadigital.com.ar\/blog\/wp-content\/uploads\/BOMBEROS-LUTO.jpg?fit=700%2C700&ssl=1&resize=525%2C300 1.5x, https:\/\/i0.wp.com\/larevistadigital.com.ar\/blog\/wp-content\/uploads\/BOMBEROS-LUTO.jpg?fit=700%2C700&ssl=1&resize=700%2C400 2x"},"classes":[]},{"id":16203,"url":"https:\/\/larevistadigital.com.ar\/blog\/confirmado-los-restos-hallados-son-de-facundo-astudillo-castro\/","url_meta":{"origin":1531,"position":5},"title":"CONFIRMADO: LOS RESTOS HALLADOS SON DE FACUNDO ASTUDILLO CASTRO","author":"Alejandro Sosa Ruda","date":"2 septiembre, 2020","format":false,"excerpt":"El resultado de ADN indic\u00f3 que el cuerpo encontrado en la localidad bonaerense de Villarino pertenece al joven. La jueza federal de Bah\u00eda Blanca, Mar\u00eda Gabriela Marr\u00f3n, confirm\u00f3 que\u00a0los restos \u00f3seos hallados un cangrejal en Villarino Viejo pertenecen a Facundo Astudillo Castro, quien estaba desaparecido desde el pasado 30 de\u2026","rel":"","context":"En \u00abDESTACADAS\u00bb","block_context":{"text":"DESTACADAS","link":"https:\/\/larevistadigital.com.ar\/blog\/category\/destacadas\/"},"img":{"alt_text":"","src":"https:\/\/i0.wp.com\/larevistadigital.com.ar\/blog\/wp-content\/uploads\/0037953637.jpg?fit=1140%2C640&ssl=1&resize=350%2C200","width":350,"height":200,"srcset":"https:\/\/i0.wp.com\/larevistadigital.com.ar\/blog\/wp-content\/uploads\/0037953637.jpg?fit=1140%2C640&ssl=1&resize=350%2C200 1x, https:\/\/i0.wp.com\/larevistadigital.com.ar\/blog\/wp-content\/uploads\/0037953637.jpg?fit=1140%2C640&ssl=1&resize=525%2C300 1.5x, https:\/\/i0.wp.com\/larevistadigital.com.ar\/blog\/wp-content\/uploads\/0037953637.jpg?fit=1140%2C640&ssl=1&resize=700%2C400 2x, https:\/\/i0.wp.com\/larevistadigital.com.ar\/blog\/wp-content\/uploads\/0037953637.jpg?fit=1140%2C640&ssl=1&resize=1050%2C600 3x"},"classes":[]}],"_links":{"self":[{"href":"https:\/\/larevistadigital.com.ar\/blog\/wp-json\/wp\/v2\/posts\/1531","targetHints":{"allow":["GET"]}}],"collection":[{"href":"https:\/\/larevistadigital.com.ar\/blog\/wp-json\/wp\/v2\/posts"}],"about":[{"href":"https:\/\/larevistadigital.com.ar\/blog\/wp-json\/wp\/v2\/types\/post"}],"author":[{"embeddable":true,"href":"https:\/\/larevistadigital.com.ar\/blog\/wp-json\/wp\/v2\/users\/2"}],"replies":[{"embeddable":true,"href":"https:\/\/larevistadigital.com.ar\/blog\/wp-json\/wp\/v2\/comments?post=1531"}],"version-history":[{"count":1,"href":"https:\/\/larevistadigital.com.ar\/blog\/wp-json\/wp\/v2\/posts\/1531\/revisions"}],"predecessor-version":[{"id":1535,"href":"https:\/\/larevistadigital.com.ar\/blog\/wp-json\/wp\/v2\/posts\/1531\/revisions\/1535"}],"wp:featuredmedia":[{"embeddable":true,"href":"https:\/\/larevistadigital.com.ar\/blog\/wp-json\/wp\/v2\/media\/1538"}],"wp:attachment":[{"href":"https:\/\/larevistadigital.com.ar\/blog\/wp-json\/wp\/v2\/media?parent=1531"}],"wp:term":[{"taxonomy":"category","embeddable":true,"href":"https:\/\/larevistadigital.com.ar\/blog\/wp-json\/wp\/v2\/categories?post=1531"},{"taxonomy":"post_tag","embeddable":true,"href":"https:\/\/larevistadigital.com.ar\/blog\/wp-json\/wp\/v2\/tags?post=1531"}],"curies":[{"name":"wp","href":"https:\/\/api.w.org\/{rel}","templated":true}]}}