{"id":15326,"date":"2020-05-25T20:38:03","date_gmt":"2020-05-25T20:38:03","guid":{"rendered":"https:\/\/larevistadigital.com.ar\/blog\/?p=15326"},"modified":"2020-05-25T20:38:03","modified_gmt":"2020-05-25T20:38:03","slug":"la-plata-falso-pasajero-de-un-remis-apunalo-al-chofer-y-robo-el-auto-y-la-recaudacion","status":"publish","type":"post","link":"https:\/\/larevistadigital.com.ar\/blog\/la-plata-falso-pasajero-de-un-remis-apunalo-al-chofer-y-robo-el-auto-y-la-recaudacion\/","title":{"rendered":"LA PLATA: FALSO PASAJERO DE UN REMIS, APU\u00d1AL\u00d3 AL CHOFER Y ROB\u00d3 EL AUTO Y LA RECAUDACI\u00d3N"},"content":{"rendered":"<h2 class=\"fz16 bold ctext\">El ataque sucedi\u00f3 en el barrio Jos\u00e9 Hern\u00e1ndez. La v\u00edctima, de 59 a\u00f1os, sufri\u00f3 una herida de arma blanca en el brazo izquierdo. Un patrullero lo traslad\u00f3 al Hospital de Melchor Romero. El delincuente escap\u00f3 con un Chevrolet Prisma y dinero<\/h2>\n<p>El D\u00eda de la Patria fue utilizado por un delincuente para hacerse pasar por un pasajero y cometer un violento asalto a un remisero, al que apu\u00f1al\u00f3 en un brazo y le rob\u00f3 la recaudaci\u00f3n y el auto, informaron fuentes policiales a\u00a0<strong>INFOCIELO<\/strong>.<\/p>\n<blockquote>\n<h3>El caso sucedi\u00f3 en los primeros minutos de este lunes en el barrio La Granja de La Plata y la v\u00edctima fue identificada oficialmente como <strong>Jos\u00e9 Alberto Gramblica<\/strong>, de 59 a\u00f1os.<\/h3>\n<\/blockquote>\n<p>El chofer del auto de alquiler fue atacado por el presunto cliente cuando se movilizaba en un Chevrolet Prisma por 140 y 525. En ese lugar el delincuente amenaz\u00f3 a <strong>Gramblica<\/strong> con un cuchillo y lo hizo frenar.<\/p>\n<blockquote>\n<h3>Al parecer el chofer quiso resistir la sustracci\u00f3n del veh\u00edculo y sufri\u00f3 un corte en el antebrazo izquierdo. El hombre qued\u00f3 en la esquina mencionada con una lesi\u00f3n sangrante y el ladr\u00f3n se fug\u00f3 con el auto.<\/h3>\n<\/blockquote>\n<p><strong>Gramblica<\/strong> fue derivado al Hospital de Melchor Romero, donde fue atendido y se confirm\u00f3 que la vida no corr\u00eda peligro. En tanto, personal de la subcomisar\u00eda La Uni\u00f3n y la DDI La Plata investigan lo sucedido en una causa que qued\u00f3 a disposici\u00f3n de la UFI N\u00b0 9 de Autores Ignorados.<\/p>\n","protected":false},"excerpt":{"rendered":"<div class=\"mh-excerpt\"><p>El ataque sucedi\u00f3 en el barrio Jos\u00e9 Hern\u00e1ndez. La v\u00edctima, de 59 a\u00f1os, sufri\u00f3 una herida de arma blanca en el brazo izquierdo. Un patrullero lo traslad\u00f3 al Hospital de Melchor Romero. El delincuente escap\u00f3 <a class=\"mh-excerpt-more\" href=\"https:\/\/larevistadigital.com.ar\/blog\/la-plata-falso-pasajero-de-un-remis-apunalo-al-chofer-y-robo-el-auto-y-la-recaudacion\/\" title=\"LA PLATA: FALSO PASAJERO DE UN REMIS, APU\u00d1AL\u00d3 AL CHOFER Y ROB\u00d3 EL AUTO Y LA RECAUDACI\u00d3N\">[Leer M\u00e1s]<\/a><\/p>\n<\/div>","protected":false},"author":3,"featured_media":15327,"comment_status":"open","ping_status":"open","sticky":false,"template":"","format":"standard","meta":{"_jetpack_memberships_contains_paid_content":false,"footnotes":"","jetpack_publicize_message":"","jetpack_publicize_feature_enabled":true,"jetpack_social_post_already_shared":true,"jetpack_social_options":{"image_generator_settings":{"template":"highway","default_image_id":0,"font":"","enabled":false},"version":2}},"categories":[44,51],"tags":[],"class_list":{"0":"post-15326","1":"post","2":"type-post","3":"status-publish","4":"format-standard","5":"has-post-thumbnail","7":"category-policiales","8":"category-regionales"},"jetpack_publicize_connections":[],"jetpack_featured_media_url":"https:\/\/i0.wp.com\/larevistadigital.com.ar\/blog\/wp-content\/uploads\/20200525083729_aaa.jpg?fit=887%2C554&ssl=1","jetpack_sharing_enabled":true,"jetpack_shortlink":"https:\/\/wp.me\/p8qtrQ-3Zc","jetpack-related-posts":[{"id":40932,"url":"https:\/\/larevistadigital.com.ar\/blog\/mar-del-plata-pasajero-de-uber-le-apunto-con-arma-a-la-conductora-y-le-robo-el-auto\/","url_meta":{"origin":15326,"position":0},"title":"Mar del Plata: Pasajero de Uber le apunt\u00f3 con arma a la conductora y le rob\u00f3 el auto","author":"Alejandro Sosa Ruda","date":"15 agosto, 2025","format":false,"excerpt":"La v\u00edctima es una mujer de 60 a\u00f1os. Recuperaron el rodado y aprehendieron a tres hombres. 15 de agosto de 2025 MAR DEL PLATA -\u00a0 \u00a0Una mujer de 60 a\u00f1os, que trabajaba con la aplicaci\u00f3n Uber, fue v\u00edctima de un violento asalto el jueves por la noche, cuando un hombre\u2026","rel":"","context":"En \u00abPOLICIALES\u00bb","block_context":{"text":"POLICIALES","link":"https:\/\/larevistadigital.com.ar\/blog\/category\/policiales\/"},"img":{"alt_text":"","src":"","width":0,"height":0},"classes":[]},{"id":33437,"url":"https:\/\/larevistadigital.com.ar\/blog\/mar-del-plata-apunalo-a-su-primo-con-un-destornillador\/","url_meta":{"origin":15326,"position":1},"title":"MAR DEL PLATA: APU\u00d1AL\u00d3 A SU PRIMO CON UN DESTORNILLADOR","author":"Alejandro Sosa Ruda","date":"11 septiembre, 2023","format":false,"excerpt":"El agresor de 27 a\u00f1os qued\u00f3 alojado en la Unidad Pena N\u00b044 de Bat\u00e1n imputado de homicidio en grado de tentativa. 11 de septiembre de 2023 MAR DEL PLATA -\u00a0 Un hombre de 27 a\u00f1os que el lunes por la tarde, apu\u00f1al\u00f3 con un destornillador a su primo fue aprehendido\u2026","rel":"","context":"En \u00abPOLICIALES\u00bb","block_context":{"text":"POLICIALES","link":"https:\/\/larevistadigital.com.ar\/blog\/category\/policiales\/"},"img":{"alt_text":"","src":"https:\/\/i0.wp.com\/larevistadigital.com.ar\/blog\/wp-content\/uploads\/Captura-de-pantalla-2023-09-11-232500.png?fit=795%2C437&ssl=1&resize=350%2C200","width":350,"height":200,"srcset":"https:\/\/i0.wp.com\/larevistadigital.com.ar\/blog\/wp-content\/uploads\/Captura-de-pantalla-2023-09-11-232500.png?fit=795%2C437&ssl=1&resize=350%2C200 1x, https:\/\/i0.wp.com\/larevistadigital.com.ar\/blog\/wp-content\/uploads\/Captura-de-pantalla-2023-09-11-232500.png?fit=795%2C437&ssl=1&resize=525%2C300 1.5x, https:\/\/i0.wp.com\/larevistadigital.com.ar\/blog\/wp-content\/uploads\/Captura-de-pantalla-2023-09-11-232500.png?fit=795%2C437&ssl=1&resize=700%2C400 2x"},"classes":[]},{"id":30752,"url":"https:\/\/larevistadigital.com.ar\/blog\/mar-del-plata-durante-un-cumpleanos-infantil-se-enojo-una-invitada-y-apunalo-a-la-duena-de-casa\/","url_meta":{"origin":15326,"position":2},"title":"MAR DEL PLATA: DURANTE UN CUMPLEA\u00d1OS INFANTIL, SE ENOJ\u00d3 UNA INVITADA, Y APU\u00d1AL\u00d3 A LA DUE\u00d1A DE CASA.","author":"Alejandro Sosa Ruda","date":"28 marzo, 2023","format":false,"excerpt":"El hecho ocurri\u00f3 en el barrio Libertad. Todo comenz\u00f3 con una discusi\u00f3n que fue subiendo de tono. 28 den marzo de 2023 MAR DEL PLATA -\u00a0 Un\u00a0cumplea\u00f1os infantil, fue el escenario que culmin\u00f3 con una discusi\u00f3n y una mujer de 33 a\u00f1os apu\u00f1alada\u00a0e internada de urgencia en el Hospital Interzonal\u2026","rel":"","context":"En \u00abPOLICIALES\u00bb","block_context":{"text":"POLICIALES","link":"https:\/\/larevistadigital.com.ar\/blog\/category\/policiales\/"},"img":{"alt_text":"","src":"https:\/\/i0.wp.com\/larevistadigital.com.ar\/blog\/wp-content\/uploads\/19051026e2bfaa580ec3ba230d835f185f1f3691.jpg?fit=1140%2C644&ssl=1&resize=350%2C200","width":350,"height":200,"srcset":"https:\/\/i0.wp.com\/larevistadigital.com.ar\/blog\/wp-content\/uploads\/19051026e2bfaa580ec3ba230d835f185f1f3691.jpg?fit=1140%2C644&ssl=1&resize=350%2C200 1x, https:\/\/i0.wp.com\/larevistadigital.com.ar\/blog\/wp-content\/uploads\/19051026e2bfaa580ec3ba230d835f185f1f3691.jpg?fit=1140%2C644&ssl=1&resize=525%2C300 1.5x, https:\/\/i0.wp.com\/larevistadigital.com.ar\/blog\/wp-content\/uploads\/19051026e2bfaa580ec3ba230d835f185f1f3691.jpg?fit=1140%2C644&ssl=1&resize=700%2C400 2x, https:\/\/i0.wp.com\/larevistadigital.com.ar\/blog\/wp-content\/uploads\/19051026e2bfaa580ec3ba230d835f185f1f3691.jpg?fit=1140%2C644&ssl=1&resize=1050%2C600 3x"},"classes":[]},{"id":21324,"url":"https:\/\/larevistadigital.com.ar\/blog\/detienen-a-mujer-que-apunalo-a-su-pareja-con-una-tijera\/","url_meta":{"origin":15326,"position":3},"title":"DETIENEN A MUJER QUE APU\u00d1AL\u00d3 A SU PAREJA CON UNA TIJERA","author":"Alejandro Sosa Ruda","date":"30 julio, 2021","format":false,"excerpt":"Ocurri\u00f3 ayer a la noche. La v\u00edctima, de 33 a\u00f1os, fue hallada por la polic\u00eda herida de gravedad en la vereda de un hostel del barrio La Perla. La mujer, de 39 a\u00f1os, fue imputada por \"lesiones agravadas\" y la tijera utilizada como arma fue secuestrada. MAR DEL PLATA -\u00a0\u2026","rel":"","context":"En \u00abINTERES GENERAL\u00bb","block_context":{"text":"INTERES GENERAL","link":"https:\/\/larevistadigital.com.ar\/blog\/category\/interes-general\/"},"img":{"alt_text":"","src":"https:\/\/i0.wp.com\/larevistadigital.com.ar\/blog\/wp-content\/uploads\/Captura-de-pantalla-2021-07-30-123942.png?fit=1012%2C661&ssl=1&resize=350%2C200","width":350,"height":200,"srcset":"https:\/\/i0.wp.com\/larevistadigital.com.ar\/blog\/wp-content\/uploads\/Captura-de-pantalla-2021-07-30-123942.png?fit=1012%2C661&ssl=1&resize=350%2C200 1x, https:\/\/i0.wp.com\/larevistadigital.com.ar\/blog\/wp-content\/uploads\/Captura-de-pantalla-2021-07-30-123942.png?fit=1012%2C661&ssl=1&resize=525%2C300 1.5x, https:\/\/i0.wp.com\/larevistadigital.com.ar\/blog\/wp-content\/uploads\/Captura-de-pantalla-2021-07-30-123942.png?fit=1012%2C661&ssl=1&resize=700%2C400 2x"},"classes":[]},{"id":12673,"url":"https:\/\/larevistadigital.com.ar\/blog\/mar-del-plata-asesinan-a-comerciante-durante-un-robo\/","url_meta":{"origin":15326,"position":4},"title":"MAR DEL PLATA: ASESINAN A COMERCIANTE DURANTE UN ROBO","author":"Alejandro Sosa Ruda","date":"17 octubre, 2019","format":false,"excerpt":"Sucedi\u00f3 el mi\u00e9rcoles a la noche en 9 de Julio casi Mitre. Al menos tres sujetos le robaron la recaudaci\u00f3n y le dispararon antes de huir a Gerard Borja Pastrana, de\u00a028 a\u00f1os. Un\u00a0comerciante fue asesinado\u00a0este mi\u00e9rcoles por la noche, cuando al menos tres delincuentes ingresaron a su local en el\u2026","rel":"","context":"En \u00abREGIONALES\u00bb","block_context":{"text":"REGIONALES","link":"https:\/\/larevistadigital.com.ar\/blog\/category\/regionales\/"},"img":{"alt_text":"","src":"https:\/\/i0.wp.com\/larevistadigital.com.ar\/blog\/wp-content\/uploads\/1571310675181.jpeg?fit=790%2C444&ssl=1&resize=350%2C200","width":350,"height":200,"srcset":"https:\/\/i0.wp.com\/larevistadigital.com.ar\/blog\/wp-content\/uploads\/1571310675181.jpeg?fit=790%2C444&ssl=1&resize=350%2C200 1x, https:\/\/i0.wp.com\/larevistadigital.com.ar\/blog\/wp-content\/uploads\/1571310675181.jpeg?fit=790%2C444&ssl=1&resize=525%2C300 1.5x, https:\/\/i0.wp.com\/larevistadigital.com.ar\/blog\/wp-content\/uploads\/1571310675181.jpeg?fit=790%2C444&ssl=1&resize=700%2C400 2x"},"classes":[]},{"id":24925,"url":"https:\/\/larevistadigital.com.ar\/blog\/la-policia-pudo-evitar-un-robo-a-un-taxista-gracias-al-boton-de-panico\/","url_meta":{"origin":15326,"position":5},"title":"LA POLIC\u00cdA PUDO EVITAR UN ROBO A UN TAXISTA, GRACIAS AL BOT\u00d3N DE P\u00c1NICO","author":"Alejandro Sosa Ruda","date":"2 abril, 2022","format":false,"excerpt":"Ocurri\u00f3 esta madrugada en el barrio Libertad. Un adolescente fingi\u00f3 ser pasajero y luego, con otro hombre, amenazaron al taxista con un arma de fuego. Ambos quedaron detenidos. MAR DEL PLATA -\u00a0 Un\u00a0adolescente de 17 a\u00f1os y un joven de 28\u00a0fueron detenidos esta madrugada en el barrio Libertad tras asaltar\u2026","rel":"","context":"En \u00abPOLICIALES\u00bb","block_context":{"text":"POLICIALES","link":"https:\/\/larevistadigital.com.ar\/blog\/category\/policiales\/"},"img":{"alt_text":"","src":"https:\/\/i0.wp.com\/larevistadigital.com.ar\/blog\/wp-content\/uploads\/POLICIA-1.jpg?fit=792%2C436&ssl=1&resize=350%2C200","width":350,"height":200,"srcset":"https:\/\/i0.wp.com\/larevistadigital.com.ar\/blog\/wp-content\/uploads\/POLICIA-1.jpg?fit=792%2C436&ssl=1&resize=350%2C200 1x, https:\/\/i0.wp.com\/larevistadigital.com.ar\/blog\/wp-content\/uploads\/POLICIA-1.jpg?fit=792%2C436&ssl=1&resize=525%2C300 1.5x, https:\/\/i0.wp.com\/larevistadigital.com.ar\/blog\/wp-content\/uploads\/POLICIA-1.jpg?fit=792%2C436&ssl=1&resize=700%2C400 2x"},"classes":[]}],"_links":{"self":[{"href":"https:\/\/larevistadigital.com.ar\/blog\/wp-json\/wp\/v2\/posts\/15326","targetHints":{"allow":["GET"]}}],"collection":[{"href":"https:\/\/larevistadigital.com.ar\/blog\/wp-json\/wp\/v2\/posts"}],"about":[{"href":"https:\/\/larevistadigital.com.ar\/blog\/wp-json\/wp\/v2\/types\/post"}],"author":[{"embeddable":true,"href":"https:\/\/larevistadigital.com.ar\/blog\/wp-json\/wp\/v2\/users\/3"}],"replies":[{"embeddable":true,"href":"https:\/\/larevistadigital.com.ar\/blog\/wp-json\/wp\/v2\/comments?post=15326"}],"version-history":[{"count":2,"href":"https:\/\/larevistadigital.com.ar\/blog\/wp-json\/wp\/v2\/posts\/15326\/revisions"}],"predecessor-version":[{"id":15329,"href":"https:\/\/larevistadigital.com.ar\/blog\/wp-json\/wp\/v2\/posts\/15326\/revisions\/15329"}],"wp:featuredmedia":[{"embeddable":true,"href":"https:\/\/larevistadigital.com.ar\/blog\/wp-json\/wp\/v2\/media\/15327"}],"wp:attachment":[{"href":"https:\/\/larevistadigital.com.ar\/blog\/wp-json\/wp\/v2\/media?parent=15326"}],"wp:term":[{"taxonomy":"category","embeddable":true,"href":"https:\/\/larevistadigital.com.ar\/blog\/wp-json\/wp\/v2\/categories?post=15326"},{"taxonomy":"post_tag","embeddable":true,"href":"https:\/\/larevistadigital.com.ar\/blog\/wp-json\/wp\/v2\/tags?post=15326"}],"curies":[{"name":"wp","href":"https:\/\/api.w.org\/{rel}","templated":true}]}}