{"id":15330,"date":"2020-05-25T20:50:27","date_gmt":"2020-05-25T20:50:27","guid":{"rendered":"https:\/\/larevistadigital.com.ar\/blog\/?p=15330"},"modified":"2020-05-25T20:50:27","modified_gmt":"2020-05-25T20:50:27","slug":"clara-y-contundente-carta-abierta-del-circulo-medico-al-intendente-javier-gaston","status":"publish","type":"post","link":"https:\/\/larevistadigital.com.ar\/blog\/clara-y-contundente-carta-abierta-del-circulo-medico-al-intendente-javier-gaston\/","title":{"rendered":"CLARA Y CONTUNDENTE CARTA ABIERTA DEL C\u00cdRCULO M\u00c9DICO AL INTENDENTE JAVIER GAST\u00d3N"},"content":{"rendered":"<p><strong>CARTA ABIERTA AL SE\u00d1OR INTENDENTE DE CHASCOMUS<\/strong><\/p>\n<p>De acuerdo al desarrollo de los hechos inherentes a la pandemia y su planificaci\u00f3n de la estrategia sanitaria en nuestra ciudad el CIRCULO MEDICO DE CHASCOMUS considera imprescindible y oportuno sentar una postura frente a la situaci\u00f3n actual.<\/p>\n<p>-Esta \u00faltima semana los medios de comunicaci\u00f3n y redes sociales han sido dominados por los conflictos suscitados en torno a las renuncias de m\u00e9dicos y enfermeras en relaci\u00f3n con desavenencias con los funcionarios del \u00e1rea salud.<\/p>\n<p>-El caso positivo en el Hogar de Ancianos Municipal es una se\u00f1al de m\u00e1xima alarma que sino se toman las medidas sanitarias adecuadas podr\u00edan desencadenar una situaci\u00f3n realmente grave.<\/p>\n<p>-La denuncias del personal de la salud a trav\u00e9s de los sindicatos por falta de material para su protecci\u00f3n (lo cual tambi\u00e9n fue preguntado por integrantes de esta comisi\u00f3n en reiteradas oportunidades) fue asegurada por las autoridades pero puestas en duda (si se est\u00e1 suficientemente abastecido como informan los responsables del \u00e1rea que sea disponible a los sectores que las precisan) .<\/p>\n<p>-Cuestionamientos sobre la ausencia de capacitaci\u00f3n para algunos de los servicios.<\/p>\n<p>-Las opiniones encontradas entre el infect\u00f3logo y autoridades de salud sobre la toma de decisiones derivadas en discusiones recurrentes, rumores sobre renuncia del Dr Arguello quien hab\u00eda mostrado mucha idoneidad y compromiso en su corta trayectoria local gan\u00e1ndose el respeto de sus compa\u00f1eros de trabajo.<\/p>\n<p>.La renuncia del Dr Santander medico de UTI por disputas con funcionarios que no se esforzaron por disuadir para salvar diferencias.<\/p>\n<p>-La actualidad edilicia del Hospital en transici\u00f3n de una obra que complica en forma significativa su funcionamiento y circulaci\u00f3n.<\/p>\n<p>-El intento de derivaci\u00f3n de los 5 casos positivos de Covid 19 y luego la decisi\u00f3n unilateral de efectivizarlo con el paciente del geri\u00e1trico sin el consentimiento de sus m\u00e9dicos tratantes.<\/p>\n<p>-La aparente negativa a coordinar una estrategia de trabajo en conjunto con el otro efector con capacidad de internaci\u00f3n que hay en la ciudad, Cl\u00ednica Chascom\u00fas, con el objetivo de separar aquellas patolog\u00edas infecciosas compatible con Covid19 de las no infecciosas como cirug\u00edas, partos, cardiovasculares, pediatria , etc complementado con la descentralizaci\u00f3n adecuada de los pacientes infectados.<\/p>\n<p>-Denuncias sobre improvisaci\u00f3n en los aislamientos en el hotel Howard Johnson donde se not\u00f3 claramente no estar preparados.<\/p>\n<p>-Estos puntos resumidos hablan de un escenario preocupante ante la inminente multiplicaci\u00f3n de casos de Covid 19 en nuestra ciudad despu\u00e9s de mas de dos meses de preparaci\u00f3n y haber sido invitados a participar en numerosas reuniones con el solo fin de mostrarse abarcativos ante la sociedad sin ser escuchados nunca.<\/p>\n<p>-Decir que esto es desestabilizante y \u201ctibios\u201d como si fuera una contienda pol\u00edtica tambi\u00e9n es preocupante. No somos enemigos de ninguna gesti\u00f3n. Nuestra comisi\u00f3n directiva con diferentes afiliaciones pol\u00edticas en lo \u00fanico que piensa es en la mejor estrategia para afrontar este desaf\u00edo y no en la mezquindades pol\u00edticas como se quiere vender a la opini\u00f3n publica.<\/p>\n<p>-Por \u00faltimo como mensaje mas destacado y tranquilizador a la poblaci\u00f3n en general este Circulo Medico apoya incondicionalmente al servicio de cl\u00ednica m\u00e9dica y UTI especialmente, como as\u00ed tambi\u00e9n a todos los que intervienen en la atenci\u00f3n general (mucamas, enfermeros, administrativos, m\u00e9dicos, etc) de nuestro Hospital que a pesar de esta problem\u00e1tica, que es descripta para resolverla y no para crear p\u00e1nico, se ha mostrado sobradamente comprometida para estar a la altura de las circunstancias.<\/p>\n<p>COMISI\u00d3N DIRECTIVA.<\/p>\n","protected":false},"excerpt":{"rendered":"<div class=\"mh-excerpt\"><p>CARTA ABIERTA AL SE\u00d1OR INTENDENTE DE CHASCOMUS De acuerdo al desarrollo de los hechos inherentes a la pandemia y su planificaci\u00f3n de la estrategia sanitaria en nuestra ciudad el CIRCULO MEDICO DE CHASCOMUS considera imprescindible <a class=\"mh-excerpt-more\" href=\"https:\/\/larevistadigital.com.ar\/blog\/clara-y-contundente-carta-abierta-del-circulo-medico-al-intendente-javier-gaston\/\" title=\"CLARA Y CONTUNDENTE CARTA ABIERTA DEL C\u00cdRCULO M\u00c9DICO AL INTENDENTE JAVIER GAST\u00d3N\">[Leer M\u00e1s]<\/a><\/p>\n<\/div>","protected":false},"author":3,"featured_media":6256,"comment_status":"open","ping_status":"open","sticky":false,"template":"","format":"standard","meta":{"_jetpack_memberships_contains_paid_content":false,"footnotes":"","jetpack_publicize_message":"","jetpack_publicize_feature_enabled":true,"jetpack_social_post_already_shared":true,"jetpack_social_options":{"image_generator_settings":{"template":"highway","default_image_id":0,"font":"","enabled":false},"version":2}},"categories":[41],"tags":[],"class_list":{"0":"post-15330","1":"post","2":"type-post","3":"status-publish","4":"format-standard","5":"has-post-thumbnail","7":"category-destacadas"},"jetpack_publicize_connections":[],"jetpack_featured_media_url":"https:\/\/i0.wp.com\/larevistadigital.com.ar\/blog\/wp-content\/uploads\/2018\/08\/enfermera-silencio.jpg?fit=1200%2C675&ssl=1","jetpack_sharing_enabled":true,"jetpack_shortlink":"https:\/\/wp.me\/p8qtrQ-3Zg","jetpack-related-posts":[{"id":4084,"url":"https:\/\/larevistadigital.com.ar\/blog\/chascomus-carta-abierta-al-intendente-gaston\/","url_meta":{"origin":15330,"position":0},"title":"CHASCOM\u00daS: CARTA ABIERTA AL INTENDENTE GAST\u00d3N","author":"Alejandro Sosa Ruda","date":"1 diciembre, 2017","format":false,"excerpt":"El reconocido m\u00e9dico chascomunense Claudio Alberto Botta, hizo p\u00fablica una carta abierta al Intendente Javier Gast\u00f3n, ya que como \u00e9l mismo escribe en el texto, nunca fue recibido pese a los reiterados pedidos de audiencia al alcalde local. En la carta, el doctor Botta realiza un diagn\u00f3stico de algunas situaciones\u2026","rel":"","context":"En \u00abDESTACADAS\u00bb","block_context":{"text":"DESTACADAS","link":"https:\/\/larevistadigital.com.ar\/blog\/category\/destacadas\/"},"img":{"alt_text":"","src":"https:\/\/i0.wp.com\/larevistadigital.com.ar\/blog\/wp-content\/uploads\/2017\/10\/hospi1-1024x767-111-700x524.jpg?fit=700%2C524&ssl=1&resize=350%2C200","width":350,"height":200,"srcset":"https:\/\/i0.wp.com\/larevistadigital.com.ar\/blog\/wp-content\/uploads\/2017\/10\/hospi1-1024x767-111-700x524.jpg?fit=700%2C524&ssl=1&resize=350%2C200 1x, https:\/\/i0.wp.com\/larevistadigital.com.ar\/blog\/wp-content\/uploads\/2017\/10\/hospi1-1024x767-111-700x524.jpg?fit=700%2C524&ssl=1&resize=525%2C300 1.5x, https:\/\/i0.wp.com\/larevistadigital.com.ar\/blog\/wp-content\/uploads\/2017\/10\/hospi1-1024x767-111-700x524.jpg?fit=700%2C524&ssl=1&resize=700%2C400 2x"},"classes":[]},{"id":19195,"url":"https:\/\/larevistadigital.com.ar\/blog\/el-circulo-medico-apoyo-a-los-profesionales-del-hospital-en-su-reclamo-y-convoco-a-concurrir-a-la-marcha-de-manana-a-las-12-hs\/","url_meta":{"origin":15330,"position":1},"title":"EL C\u00cdRCULO M\u00c9DICO APOY\u00d3 A LOS PROFESIONALES DEL HOSPITAL EN SU RECLAMO Y CONVOC\u00d3 A CONCURRIR A LA MARCHA DE MA\u00d1ANA A LAS 12 HS.","author":"Alejandro Sosa Ruda","date":"7 marzo, 2021","format":false,"excerpt":"CHASCOM\u00daS -\u00a0El C\u00edrculo M\u00e9dico de Chascom\u00fas, emiti\u00f3 un comunicado en el que apoya a los profesionales del Hospital Municipal San Vicente de Paul en el conflicto que vienen manteniendo con las autoridades del municipio en reclamo de mejores condiciones laborales y la recomposici\u00f3n de sus salarios. Todo esto, en realidad\u2026","rel":"","context":"En \u00abDESTACADAS\u00bb","block_context":{"text":"DESTACADAS","link":"https:\/\/larevistadigital.com.ar\/blog\/category\/destacadas\/"},"img":{"alt_text":"","src":"https:\/\/i0.wp.com\/larevistadigital.com.ar\/blog\/wp-content\/uploads\/WhatsApp-Image-2021-03-07-at-7.51.49-PM.jpeg?fit=750%2C694&ssl=1&resize=350%2C200","width":350,"height":200,"srcset":"https:\/\/i0.wp.com\/larevistadigital.com.ar\/blog\/wp-content\/uploads\/WhatsApp-Image-2021-03-07-at-7.51.49-PM.jpeg?fit=750%2C694&ssl=1&resize=350%2C200 1x, https:\/\/i0.wp.com\/larevistadigital.com.ar\/blog\/wp-content\/uploads\/WhatsApp-Image-2021-03-07-at-7.51.49-PM.jpeg?fit=750%2C694&ssl=1&resize=525%2C300 1.5x, https:\/\/i0.wp.com\/larevistadigital.com.ar\/blog\/wp-content\/uploads\/WhatsApp-Image-2021-03-07-at-7.51.49-PM.jpeg?fit=750%2C694&ssl=1&resize=700%2C400 2x"},"classes":[]},{"id":32740,"url":"https:\/\/larevistadigital.com.ar\/blog\/conmovedora-carta-de-una-persona-que-tiene-a-su-madre-en-el-hogar-municipal-y-reclama-por-falta-de-personal-y-medico-para-los-abuelos\/","url_meta":{"origin":15330,"position":2},"title":"CONMOVEDORA CARTA DE UNA PERSONA QUE TIENE A SU MADRE EN EL HOGAR MUNICIPAL Y RECLAMA POR FALTA DE PERSONAL Y M\u00c9DICO PARA LOS ABUELOS","author":"Alejandro Sosa Ruda","date":"3 agosto, 2023","format":false,"excerpt":"Quien escribe la carta al intendente Gast\u00f3n y a la Secretaria de Desarrollo Social Fernanda Sallenave, pide por su madre, y por los abuelos que residen en el Hogar de Ancianos. Tambi\u00e9n la public\u00f3 en su cuenta de la red social Facebook. 2 de agosto de 2023 CHASCOM\u00daS -\u00a0 Tomamos\u2026","rel":"","context":"En \u00abINTERES GENERAL\u00bb","block_context":{"text":"INTERES GENERAL","link":"https:\/\/larevistadigital.com.ar\/blog\/category\/interes-general\/"},"img":{"alt_text":"","src":"https:\/\/i0.wp.com\/larevistadigital.com.ar\/blog\/wp-content\/uploads\/hogar-elfuerte31demayode2020.jpg?fit=737%2C415&ssl=1&resize=350%2C200","width":350,"height":200,"srcset":"https:\/\/i0.wp.com\/larevistadigital.com.ar\/blog\/wp-content\/uploads\/hogar-elfuerte31demayode2020.jpg?fit=737%2C415&ssl=1&resize=350%2C200 1x, https:\/\/i0.wp.com\/larevistadigital.com.ar\/blog\/wp-content\/uploads\/hogar-elfuerte31demayode2020.jpg?fit=737%2C415&ssl=1&resize=525%2C300 1.5x, https:\/\/i0.wp.com\/larevistadigital.com.ar\/blog\/wp-content\/uploads\/hogar-elfuerte31demayode2020.jpg?fit=737%2C415&ssl=1&resize=700%2C400 2x"},"classes":[]},{"id":30516,"url":"https:\/\/larevistadigital.com.ar\/blog\/chascomus-santiago-dos-santos-hablo-de-lo-que-planifica-para-el-hospital-municipal-san-vicente-de-paul\/","url_meta":{"origin":15330,"position":3},"title":"CHASCOM\u00daS: SANTIAGO DOS SANTOS HABL\u00d3 DE LO QUE PLANIFICA PARA EL HOSPITAL MUNICIPAL SAN VICENTE DE PAUL","author":"Alejandro Sosa Ruda","date":"10 marzo, 2023","format":false,"excerpt":"EL cirujano y pre candidato a intendente de Chascom\u00fas, dijo que \u201cVamos a hacia un hospital de excelencia, a recuperar los profesionales que fueron forzados a emigrar, y a desarrollar con seriedad el \u00e1rea de salud mental\u201d 10 de marzo de 2023 CHASCOM\u00daS -\u00a0 El prestigioso m\u00e9dico cirujano Santiago Dos\u2026","rel":"","context":"En \u00abINTERES GENERAL\u00bb","block_context":{"text":"INTERES GENERAL","link":"https:\/\/larevistadigital.com.ar\/blog\/category\/interes-general\/"},"img":{"alt_text":"","src":"https:\/\/i0.wp.com\/larevistadigital.com.ar\/blog\/wp-content\/uploads\/Sds-1.jpg?fit=1200%2C899&ssl=1&resize=350%2C200","width":350,"height":200,"srcset":"https:\/\/i0.wp.com\/larevistadigital.com.ar\/blog\/wp-content\/uploads\/Sds-1.jpg?fit=1200%2C899&ssl=1&resize=350%2C200 1x, https:\/\/i0.wp.com\/larevistadigital.com.ar\/blog\/wp-content\/uploads\/Sds-1.jpg?fit=1200%2C899&ssl=1&resize=525%2C300 1.5x, https:\/\/i0.wp.com\/larevistadigital.com.ar\/blog\/wp-content\/uploads\/Sds-1.jpg?fit=1200%2C899&ssl=1&resize=700%2C400 2x, https:\/\/i0.wp.com\/larevistadigital.com.ar\/blog\/wp-content\/uploads\/Sds-1.jpg?fit=1200%2C899&ssl=1&resize=1050%2C600 3x"},"classes":[]},{"id":19567,"url":"https:\/\/larevistadigital.com.ar\/blog\/carta-abierta-de-anselmo-un-jubilado-municipal-de-chascomus\/","url_meta":{"origin":15330,"position":4},"title":"CARTA ABIERTA DE ANSELMO, UN JUBILADO MUNICIPAL DE CHASCOM\u00daS","author":"Alejandro Sosa Ruda","date":"1 abril, 2021","format":false,"excerpt":"La primera de las reflexiones que nos env\u00eda Anselmo, un jubilado municipal, ficticio (o no) que se personifica y cobra vida mediante la magia y el ingenio de ED\u00da, que combinado con la realidad, nos da una bofetada que nos baja a tierra y nos muestra lo que sienten y\u2026","rel":"","context":"En \u00abCHASCOM\u00daS\u00bb","block_context":{"text":"CHASCOM\u00daS","link":"https:\/\/larevistadigital.com.ar\/blog\/category\/chascomus\/"},"img":{"alt_text":"","src":"https:\/\/i0.wp.com\/larevistadigital.com.ar\/blog\/wp-content\/uploads\/ANSELMO-SALUDO-A-LA-GENTE-e1617300315136.jpg?fit=656%2C497&ssl=1&resize=350%2C200","width":350,"height":200,"srcset":"https:\/\/i0.wp.com\/larevistadigital.com.ar\/blog\/wp-content\/uploads\/ANSELMO-SALUDO-A-LA-GENTE-e1617300315136.jpg?fit=656%2C497&ssl=1&resize=350%2C200 1x, https:\/\/i0.wp.com\/larevistadigital.com.ar\/blog\/wp-content\/uploads\/ANSELMO-SALUDO-A-LA-GENTE-e1617300315136.jpg?fit=656%2C497&ssl=1&resize=525%2C300 1.5x"},"classes":[]},{"id":15358,"url":"https:\/\/larevistadigital.com.ar\/blog\/los-trabajadores-de-la-salud-publicaron-una-carta-al-intendente-gaston\/","url_meta":{"origin":15330,"position":5},"title":"LOS TRABAJADORES DE LA SALUD, PUBLICARON UNA CARTA AL INTENDENTE GAST\u00d3N","author":"Alejandro Sosa Ruda","date":"26 mayo, 2020","format":false,"excerpt":"La situaci\u00f3n en el \u00e1mbito de la salud, est\u00e1 cada d\u00eda m\u00e1s complicada, ya que pareciera que el ejecutivo municipal insiste en deso\u00edr los reclamos y cuestiones que plantean distintos profesionales del \u00e1rea y que ha provocado distintas renuncias. Ahora, un grupo de personas que pertenecen al Hospital, Hogar de\u2026","rel":"","context":"En \u00abINTERES GENERAL\u00bb","block_context":{"text":"INTERES GENERAL","link":"https:\/\/larevistadigital.com.ar\/blog\/category\/interes-general\/"},"img":{"alt_text":"","src":"https:\/\/i0.wp.com\/larevistadigital.com.ar\/blog\/wp-content\/uploads\/2018\/06\/hospi1-1024x767-111-700x524.jpg?fit=700%2C524&ssl=1&resize=350%2C200","width":350,"height":200,"srcset":"https:\/\/i0.wp.com\/larevistadigital.com.ar\/blog\/wp-content\/uploads\/2018\/06\/hospi1-1024x767-111-700x524.jpg?fit=700%2C524&ssl=1&resize=350%2C200 1x, https:\/\/i0.wp.com\/larevistadigital.com.ar\/blog\/wp-content\/uploads\/2018\/06\/hospi1-1024x767-111-700x524.jpg?fit=700%2C524&ssl=1&resize=525%2C300 1.5x, https:\/\/i0.wp.com\/larevistadigital.com.ar\/blog\/wp-content\/uploads\/2018\/06\/hospi1-1024x767-111-700x524.jpg?fit=700%2C524&ssl=1&resize=700%2C400 2x"},"classes":[]}],"_links":{"self":[{"href":"https:\/\/larevistadigital.com.ar\/blog\/wp-json\/wp\/v2\/posts\/15330","targetHints":{"allow":["GET"]}}],"collection":[{"href":"https:\/\/larevistadigital.com.ar\/blog\/wp-json\/wp\/v2\/posts"}],"about":[{"href":"https:\/\/larevistadigital.com.ar\/blog\/wp-json\/wp\/v2\/types\/post"}],"author":[{"embeddable":true,"href":"https:\/\/larevistadigital.com.ar\/blog\/wp-json\/wp\/v2\/users\/3"}],"replies":[{"embeddable":true,"href":"https:\/\/larevistadigital.com.ar\/blog\/wp-json\/wp\/v2\/comments?post=15330"}],"version-history":[{"count":1,"href":"https:\/\/larevistadigital.com.ar\/blog\/wp-json\/wp\/v2\/posts\/15330\/revisions"}],"predecessor-version":[{"id":15332,"href":"https:\/\/larevistadigital.com.ar\/blog\/wp-json\/wp\/v2\/posts\/15330\/revisions\/15332"}],"wp:featuredmedia":[{"embeddable":true,"href":"https:\/\/larevistadigital.com.ar\/blog\/wp-json\/wp\/v2\/media\/6256"}],"wp:attachment":[{"href":"https:\/\/larevistadigital.com.ar\/blog\/wp-json\/wp\/v2\/media?parent=15330"}],"wp:term":[{"taxonomy":"category","embeddable":true,"href":"https:\/\/larevistadigital.com.ar\/blog\/wp-json\/wp\/v2\/categories?post=15330"},{"taxonomy":"post_tag","embeddable":true,"href":"https:\/\/larevistadigital.com.ar\/blog\/wp-json\/wp\/v2\/tags?post=15330"}],"curies":[{"name":"wp","href":"https:\/\/api.w.org\/{rel}","templated":true}]}}