{"id":15333,"date":"2020-05-25T23:51:26","date_gmt":"2020-05-25T23:51:26","guid":{"rendered":"https:\/\/larevistadigital.com.ar\/blog\/?p=15333"},"modified":"2020-05-25T23:52:29","modified_gmt":"2020-05-25T23:52:29","slug":"murio-ricardo-barreda-tristemente-celebre-por-asesinar-a-su-mujer-suegra-y-dos-hijas","status":"publish","type":"post","link":"https:\/\/larevistadigital.com.ar\/blog\/murio-ricardo-barreda-tristemente-celebre-por-asesinar-a-su-mujer-suegra-y-dos-hijas\/","title":{"rendered":"MURI\u00d3 RICARDO BARREDA. TRISTEMENTE C\u00c9LEBRE POR ASESINAR A SU MUJER, SUEGRA Y DOS HIJAS"},"content":{"rendered":"<h2>El cu\u00e1druple femicida platense Ricardo Barreda muri\u00f3 hoy de un paro card\u00edaco a los 83 a\u00f1os en un geri\u00e1trico del partido de San Mart\u00edn en el que se hallaba alojado desde hac\u00eda varios meses, informaron fuentes policiales.<\/h2>\n<p>En la noche de este lunes, se confirm\u00f3 la muerte del femicida <strong>Ricardo Barreda<\/strong>. El hombre, que ten\u00eda 83 a\u00f1os, se encontraba en un geri\u00e1trico de Jos\u00e9 C. Paz y falleci\u00f3 por \u00abcausas naturales\u00bb, seg\u00fan confirmaron fuentes policiales.<\/p>\n<blockquote>\n<h3>Barreda era un odont\u00f3logo oriundo de La Plata que hab\u00eda sido condenado a prisi\u00f3n perpetua por asesinar a su mujer, sus dos hijas y su suegra. El hecho ocurri\u00f3 en 1992 en su domicilio y fue uno de\u00a0los cr\u00edmenes con m\u00e1s impacto en la historia del pa\u00eds.<\/h3>\n<\/blockquote>\n<p>El hombre estaba bajo libertad condicional y cobraba una jubilaci\u00f3n del ANSES desde 2018.<\/p>\n<p>Sus \u00faltimos a\u00f1os fueron vividos en la pobreza, sin hogar.\u00a0Una de sus \u00faltimas apariciones p\u00fablicas hab\u00eda sido en una imagen donde se lo ve\u00eda vivir en\u00a0los pasillos del Hospital General Villegas de Pacheco.<\/p>\n","protected":false},"excerpt":{"rendered":"<div class=\"mh-excerpt\"><p>El cu\u00e1druple femicida platense Ricardo Barreda muri\u00f3 hoy de un paro card\u00edaco a los 83 a\u00f1os en un geri\u00e1trico del partido de San Mart\u00edn en el que se hallaba alojado desde hac\u00eda varios meses, informaron <a class=\"mh-excerpt-more\" href=\"https:\/\/larevistadigital.com.ar\/blog\/murio-ricardo-barreda-tristemente-celebre-por-asesinar-a-su-mujer-suegra-y-dos-hijas\/\" title=\"MURI\u00d3 RICARDO BARREDA. TRISTEMENTE C\u00c9LEBRE POR ASESINAR A SU MUJER, SUEGRA Y DOS HIJAS\">[Leer M\u00e1s]<\/a><\/p>\n<\/div>","protected":false},"author":3,"featured_media":15336,"comment_status":"open","ping_status":"open","sticky":false,"template":"","format":"standard","meta":{"_jetpack_memberships_contains_paid_content":false,"footnotes":"","jetpack_publicize_message":"","jetpack_publicize_feature_enabled":true,"jetpack_social_post_already_shared":true,"jetpack_social_options":{"image_generator_settings":{"template":"highway","default_image_id":0,"font":"","enabled":false},"version":2}},"categories":[50],"tags":[],"class_list":{"0":"post-15333","1":"post","2":"type-post","3":"status-publish","4":"format-standard","5":"has-post-thumbnail","7":"category-interes-general"},"jetpack_publicize_connections":[],"jetpack_featured_media_url":"https:\/\/i0.wp.com\/larevistadigital.com.ar\/blog\/wp-content\/uploads\/720.jpeg?fit=1280%2C718&ssl=1","jetpack_sharing_enabled":true,"jetpack_shortlink":"https:\/\/wp.me\/p8qtrQ-3Zj","jetpack-related-posts":[{"id":34365,"url":"https:\/\/larevistadigital.com.ar\/blog\/santa-teresita-detienen-una-pareja-acusada-de-entregar-a-sus-dos-hijas-para-que-sean-abusadas-a-cambio-de-drogas\/","url_meta":{"origin":15333,"position":0},"title":"SANTA TERESITA: DETIENEN UNA PAREJA ACUSADA DE ENTREGAR A SUS DOS HIJAS PARA QUE SEAN ABUSADAS A CAMBIO DE DROGAS","author":"Alejandro Sosa Ruda","date":"5 noviembre, 2023","format":false,"excerpt":"Una pareja fue detenida en la localidad balnearia de Santa Teresita acusada de haber entregado a sus dos hijas, cuando ten\u00edan entre 9 y 12 a\u00f1os, para que fueran abusados sexualmente a cambio de drogas, informaron hoy fuentes policiales. 5 de Noviembre de 20232 SANTA TERESITA -\u00a0 Las detenciones fueron\u2026","rel":"","context":"En \u00abPOLICIALES\u00bb","block_context":{"text":"POLICIALES","link":"https:\/\/larevistadigital.com.ar\/blog\/category\/policiales\/"},"img":{"alt_text":"","src":"https:\/\/i0.wp.com\/larevistadigital.com.ar\/blog\/wp-content\/uploads\/20231104112707_pareja-detenida-santa-teresita-menores-abusaadas.jpg?fit=880%2C512&ssl=1&resize=350%2C200","width":350,"height":200,"srcset":"https:\/\/i0.wp.com\/larevistadigital.com.ar\/blog\/wp-content\/uploads\/20231104112707_pareja-detenida-santa-teresita-menores-abusaadas.jpg?fit=880%2C512&ssl=1&resize=350%2C200 1x, https:\/\/i0.wp.com\/larevistadigital.com.ar\/blog\/wp-content\/uploads\/20231104112707_pareja-detenida-santa-teresita-menores-abusaadas.jpg?fit=880%2C512&ssl=1&resize=525%2C300 1.5x, https:\/\/i0.wp.com\/larevistadigital.com.ar\/blog\/wp-content\/uploads\/20231104112707_pareja-detenida-santa-teresita-menores-abusaadas.jpg?fit=880%2C512&ssl=1&resize=700%2C400 2x"},"classes":[]},{"id":12384,"url":"https:\/\/larevistadigital.com.ar\/blog\/horror-hombre-degollo-a-su-ex-novia-y-los-vecinos-casi-lo-linchan\/","url_meta":{"origin":15333,"position":1},"title":"HORROR: HOMBRE DEGOLL\u00d3 A SU EX NOVIA, Y LOS VECINOS CASI LO LINCHAN","author":"Alejandro Sosa Ruda","date":"30 septiembre, 2019","format":false,"excerpt":"Un hombre de nacionalidad paraguaya mat\u00f3 a su ex pareja, Miriam Adela Portillo,\u00a0de 39 a\u00f1os. Despu\u00e9s, fue atacado por familiares de la v\u00edctima y vecinos del lugar. El femicida fue trasladado al Hospital Mi Pueblo donde constataron que presenta hundimiento de cr\u00e1neo.\u00a0 El caso conmociona a todo Florencio Varela. Una\u2026","rel":"","context":"En \u00abINTERES GENERAL\u00bb","block_context":{"text":"INTERES GENERAL","link":"https:\/\/larevistadigital.com.ar\/blog\/category\/interes-general\/"},"img":{"alt_text":"","src":"https:\/\/i0.wp.com\/larevistadigital.com.ar\/blog\/wp-content\/uploads\/0023097206.jpg?fit=1030%2C474&ssl=1&resize=350%2C200","width":350,"height":200,"srcset":"https:\/\/i0.wp.com\/larevistadigital.com.ar\/blog\/wp-content\/uploads\/0023097206.jpg?fit=1030%2C474&ssl=1&resize=350%2C200 1x, https:\/\/i0.wp.com\/larevistadigital.com.ar\/blog\/wp-content\/uploads\/0023097206.jpg?fit=1030%2C474&ssl=1&resize=525%2C300 1.5x, https:\/\/i0.wp.com\/larevistadigital.com.ar\/blog\/wp-content\/uploads\/0023097206.jpg?fit=1030%2C474&ssl=1&resize=700%2C400 2x"},"classes":[]},{"id":20820,"url":"https:\/\/larevistadigital.com.ar\/blog\/mar-del-tuyu-abuelo-fue-victima-de-una-viuda-negra\/","url_meta":{"origin":15333,"position":2},"title":"MAR DEL TUY\u00da: ABUELO FUE V\u00cdCTIMA DE UNA VIUDA NEGRA","author":"Alejandro Sosa Ruda","date":"22 junio, 2021","format":false,"excerpt":"Los estafadores, lo llevaron a Capital y lo internaron en un geri\u00e1trico MAR DEL TUY\u00da - Un hombre fue enga\u00f1ado, llevado a Capital Federal y estafado econ\u00f3micamente. Seg\u00fan relat\u00f3 el hijo de la v\u00edctima a Radios Noticias Web dos personas ingresaron al Hotel propiedad de su padre y con estrategias\u2026","rel":"","context":"En \u00abPOLICIALES\u00bb","block_context":{"text":"POLICIALES","link":"https:\/\/larevistadigital.com.ar\/blog\/category\/policiales\/"},"img":{"alt_text":"","src":"https:\/\/i0.wp.com\/larevistadigital.com.ar\/blog\/wp-content\/uploads\/10d57d3807001393f8868a21df542340ede6cf4c.jpg?fit=1140%2C592&ssl=1&resize=350%2C200","width":350,"height":200,"srcset":"https:\/\/i0.wp.com\/larevistadigital.com.ar\/blog\/wp-content\/uploads\/10d57d3807001393f8868a21df542340ede6cf4c.jpg?fit=1140%2C592&ssl=1&resize=350%2C200 1x, https:\/\/i0.wp.com\/larevistadigital.com.ar\/blog\/wp-content\/uploads\/10d57d3807001393f8868a21df542340ede6cf4c.jpg?fit=1140%2C592&ssl=1&resize=525%2C300 1.5x, https:\/\/i0.wp.com\/larevistadigital.com.ar\/blog\/wp-content\/uploads\/10d57d3807001393f8868a21df542340ede6cf4c.jpg?fit=1140%2C592&ssl=1&resize=700%2C400 2x, https:\/\/i0.wp.com\/larevistadigital.com.ar\/blog\/wp-content\/uploads\/10d57d3807001393f8868a21df542340ede6cf4c.jpg?fit=1140%2C592&ssl=1&resize=1050%2C600 3x"},"classes":[]},{"id":29031,"url":"https:\/\/larevistadigital.com.ar\/blog\/ruta-2-bajo-de-su-auto-y-murio-atropellado\/","url_meta":{"origin":15333,"position":3},"title":"RUTA 2: BAJ\u00d3 DE SU AUTO Y MURI\u00d3 ATROPELLADO","author":"Alejandro Sosa Ruda","date":"24 noviembre, 2022","format":false,"excerpt":"El automovilista se hab\u00eda bajado de su camioneta porque hab\u00eda sufrido un desperfecto mec\u00e1nico en la Autov\u00eda 2, a la altura de Coronel Vidal. 23 de noviembre de 2022 CORONEL VIDAL -\u00a0\u00a0Un lamentable accidente ocurri\u00f3 cuando una persona detuvo su camioneta utilitaria en la ruta 2, debido a un desperfecto\u2026","rel":"","context":"En \u00abPOLICIALES\u00bb","block_context":{"text":"POLICIALES","link":"https:\/\/larevistadigital.com.ar\/blog\/category\/policiales\/"},"img":{"alt_text":"","src":"https:\/\/i0.wp.com\/larevistadigital.com.ar\/blog\/wp-content\/uploads\/9ac309c6f4d19b747d8c237c4d8f50cb7c061836.jpg?fit=1140%2C717&ssl=1&resize=350%2C200","width":350,"height":200,"srcset":"https:\/\/i0.wp.com\/larevistadigital.com.ar\/blog\/wp-content\/uploads\/9ac309c6f4d19b747d8c237c4d8f50cb7c061836.jpg?fit=1140%2C717&ssl=1&resize=350%2C200 1x, https:\/\/i0.wp.com\/larevistadigital.com.ar\/blog\/wp-content\/uploads\/9ac309c6f4d19b747d8c237c4d8f50cb7c061836.jpg?fit=1140%2C717&ssl=1&resize=525%2C300 1.5x, https:\/\/i0.wp.com\/larevistadigital.com.ar\/blog\/wp-content\/uploads\/9ac309c6f4d19b747d8c237c4d8f50cb7c061836.jpg?fit=1140%2C717&ssl=1&resize=700%2C400 2x, https:\/\/i0.wp.com\/larevistadigital.com.ar\/blog\/wp-content\/uploads\/9ac309c6f4d19b747d8c237c4d8f50cb7c061836.jpg?fit=1140%2C717&ssl=1&resize=1050%2C600 3x"},"classes":[]},{"id":30027,"url":"https:\/\/larevistadigital.com.ar\/blog\/bahia-blanca-una-mujer-prendio-fuego-su-casa-y-murio-con-su-hijo-de-2-anos\/","url_meta":{"origin":15333,"position":4},"title":"BAH\u00cdA BLANCA: UNA MUJER PRENDI\u00d3 FUEGO SU CASA Y MURI\u00d3 CON SU HIJO DE 2 A\u00d1OS.","author":"Alejandro Sosa Ruda","date":"8 febrero, 2023","format":false,"excerpt":"Fuentes policiales confirmaron que la principal hip\u00f3tesis es la de homicidio seguido de suicidio. Mar\u00eda Guerrero de 48 a\u00f1os, habr\u00eda iniciado el fuego que deriv\u00f3 en su muerte y la del chiquito. Se produjo en el barrio Viajantes del Sur de Bah\u00eda Blanca. 8 de febrero de 2023 BAH\u00cdA BLANCA\u2026","rel":"","context":"En \u00abPOLICIALES\u00bb","block_context":{"text":"POLICIALES","link":"https:\/\/larevistadigital.com.ar\/blog\/category\/policiales\/"},"img":{"alt_text":"","src":"https:\/\/i0.wp.com\/larevistadigital.com.ar\/blog\/wp-content\/uploads\/20230206124211_incendio.jpg?fit=880%2C512&ssl=1&resize=350%2C200","width":350,"height":200,"srcset":"https:\/\/i0.wp.com\/larevistadigital.com.ar\/blog\/wp-content\/uploads\/20230206124211_incendio.jpg?fit=880%2C512&ssl=1&resize=350%2C200 1x, https:\/\/i0.wp.com\/larevistadigital.com.ar\/blog\/wp-content\/uploads\/20230206124211_incendio.jpg?fit=880%2C512&ssl=1&resize=525%2C300 1.5x, https:\/\/i0.wp.com\/larevistadigital.com.ar\/blog\/wp-content\/uploads\/20230206124211_incendio.jpg?fit=880%2C512&ssl=1&resize=700%2C400 2x"},"classes":[]},{"id":13895,"url":"https:\/\/larevistadigital.com.ar\/blog\/condenan-a-perpetua-a-femicida-de-mar-del-tuyu\/","url_meta":{"origin":15333,"position":5},"title":"CONDENAN A PERPETUA A FEMICIDA DE MAR DEL TUY\u00da","author":"Alejandro Sosa Ruda","date":"29 diciembre, 2019","format":false,"excerpt":"El femicida arroj\u00f3 nafta y quem\u00f3 a Gisell Orellano. A las 8 de la ma\u00f1ana del 23 de febrero de 2017, Giselle Orellano sufri\u00f3 una terrible agresi\u00f3n por parte de su pareja en Mar del Tuy\u00fa y pocos d\u00edas despu\u00e9s muri\u00f3 en el Hospital de Mar de Aj\u00f3. Esa ma\u00f1ana,\u2026","rel":"","context":"En \u00abSin categor\u00eda\u00bb","block_context":{"text":"Sin categor\u00eda","link":"https:\/\/larevistadigital.com.ar\/blog\/category\/sin-categoria\/"},"img":{"alt_text":"","src":"https:\/\/i0.wp.com\/larevistadigital.com.ar\/blog\/wp-content\/uploads\/67a3505de5f2049b6465b5724e4a5225a355df1b.jpg?fit=1140%2C641&ssl=1&resize=350%2C200","width":350,"height":200,"srcset":"https:\/\/i0.wp.com\/larevistadigital.com.ar\/blog\/wp-content\/uploads\/67a3505de5f2049b6465b5724e4a5225a355df1b.jpg?fit=1140%2C641&ssl=1&resize=350%2C200 1x, https:\/\/i0.wp.com\/larevistadigital.com.ar\/blog\/wp-content\/uploads\/67a3505de5f2049b6465b5724e4a5225a355df1b.jpg?fit=1140%2C641&ssl=1&resize=525%2C300 1.5x, https:\/\/i0.wp.com\/larevistadigital.com.ar\/blog\/wp-content\/uploads\/67a3505de5f2049b6465b5724e4a5225a355df1b.jpg?fit=1140%2C641&ssl=1&resize=700%2C400 2x, https:\/\/i0.wp.com\/larevistadigital.com.ar\/blog\/wp-content\/uploads\/67a3505de5f2049b6465b5724e4a5225a355df1b.jpg?fit=1140%2C641&ssl=1&resize=1050%2C600 3x"},"classes":[]}],"_links":{"self":[{"href":"https:\/\/larevistadigital.com.ar\/blog\/wp-json\/wp\/v2\/posts\/15333","targetHints":{"allow":["GET"]}}],"collection":[{"href":"https:\/\/larevistadigital.com.ar\/blog\/wp-json\/wp\/v2\/posts"}],"about":[{"href":"https:\/\/larevistadigital.com.ar\/blog\/wp-json\/wp\/v2\/types\/post"}],"author":[{"embeddable":true,"href":"https:\/\/larevistadigital.com.ar\/blog\/wp-json\/wp\/v2\/users\/3"}],"replies":[{"embeddable":true,"href":"https:\/\/larevistadigital.com.ar\/blog\/wp-json\/wp\/v2\/comments?post=15333"}],"version-history":[{"count":1,"href":"https:\/\/larevistadigital.com.ar\/blog\/wp-json\/wp\/v2\/posts\/15333\/revisions"}],"predecessor-version":[{"id":15334,"href":"https:\/\/larevistadigital.com.ar\/blog\/wp-json\/wp\/v2\/posts\/15333\/revisions\/15334"}],"wp:featuredmedia":[{"embeddable":true,"href":"https:\/\/larevistadigital.com.ar\/blog\/wp-json\/wp\/v2\/media\/15336"}],"wp:attachment":[{"href":"https:\/\/larevistadigital.com.ar\/blog\/wp-json\/wp\/v2\/media?parent=15333"}],"wp:term":[{"taxonomy":"category","embeddable":true,"href":"https:\/\/larevistadigital.com.ar\/blog\/wp-json\/wp\/v2\/categories?post=15333"},{"taxonomy":"post_tag","embeddable":true,"href":"https:\/\/larevistadigital.com.ar\/blog\/wp-json\/wp\/v2\/tags?post=15333"}],"curies":[{"name":"wp","href":"https:\/\/api.w.org\/{rel}","templated":true}]}}