{"id":15337,"date":"2020-05-26T14:46:29","date_gmt":"2020-05-26T14:46:29","guid":{"rendered":"https:\/\/larevistadigital.com.ar\/blog\/?p=15337"},"modified":"2020-05-26T14:46:29","modified_gmt":"2020-05-26T14:46:29","slug":"chascomus-comerciantes-se-autoconvocaron-al-municipio-reclamando-abrir-sus-locales","status":"publish","type":"post","link":"https:\/\/larevistadigital.com.ar\/blog\/chascomus-comerciantes-se-autoconvocaron-al-municipio-reclamando-abrir-sus-locales\/","title":{"rendered":"CHASCOM\u00daS: COMERCIANTES SE AUTOCONVOCARON AL MUNICIPIO RECLAMANDO ABRIR SUS LOCALES"},"content":{"rendered":"<p>Trascendi\u00f3 a trav\u00e9s de un mensaje de Whatsapp, que un grupo de comerciantes estaba convocando por las redes una \u00abMarcha\u00bb hacia la puerta del Municipio el d\u00eda de hoy por la ma\u00f1ana.<\/p>\n<p>El mismo, ha circulado por toda la ciudad y aqu\u00ed lo reproducimos:<\/p>\n<p><strong><em>\u00abHola, buenas tardes. Disculpen. Hubo un cambio de horario, porque a la una se van todos de la Municipalidad, nos acaban de informar. As\u00ed que la convocatoria va a ser a las diez de la ma\u00f1ana, en la puerta de la municipalidad, de manera pac\u00edfica, simplemente para reclamar una apertura as\u00ed como lo hab\u00edamos dicho, de entrega en la puerta. As\u00ed que si ten\u00e9s contactos de gente que tiene cerrado, pas\u00e1selo. Vamos a hacerlo boca a boca, no subirlo a los grupos, para no politizarlo y contacto por contacto. Con los contactos que tengan que tienen cerrado locales, decile (sic) que ma\u00f1ana los convocamos y que se hagan presentes a las diez en la municipalidad. Gracias\u00bb<\/em><\/strong><\/p>\n<p>No obstante, fuentes fidedignas nos informan que habr\u00eda di\u00e1logos entre el Secretario de Gobierno y un par de comerciantes, que ser\u00edan recibidos en representaci\u00f3n de todos, para evitar aglomeramientos que pueden ser peligrosos en las circunstancias que vivimos. Desconocemos si esa reuni\u00f3n existi\u00f3, pero si, podemos informar que igualmente el d\u00eda de hoy un grupo lleg\u00f3 hasta el municipio con el reclamo mencionado.<\/p>\n<p>Esperemos que puedan llegar a alg\u00fan tipo de soluci\u00f3n, mediante el consenso, porque esta situaci\u00f3n est\u00e1 dejando en la calle a muchos que no tienen otra forma de subsistir, y que con desesperaci\u00f3n ven como se cae lo poco o mucho que han construido con a\u00f1os de sacrificios.<\/p>\n","protected":false},"excerpt":{"rendered":"<div class=\"mh-excerpt\"><p>Trascendi\u00f3 a trav\u00e9s de un mensaje de Whatsapp, que un grupo de comerciantes estaba convocando por las redes una \u00abMarcha\u00bb hacia la puerta del Municipio el d\u00eda de hoy por la ma\u00f1ana. El mismo, ha <a class=\"mh-excerpt-more\" href=\"https:\/\/larevistadigital.com.ar\/blog\/chascomus-comerciantes-se-autoconvocaron-al-municipio-reclamando-abrir-sus-locales\/\" title=\"CHASCOM\u00daS: COMERCIANTES SE AUTOCONVOCARON AL MUNICIPIO RECLAMANDO ABRIR SUS LOCALES\">[Leer M\u00e1s]<\/a><\/p>\n<\/div>","protected":false},"author":3,"featured_media":15342,"comment_status":"open","ping_status":"open","sticky":false,"template":"","format":"standard","meta":{"_jetpack_memberships_contains_paid_content":false,"footnotes":"","jetpack_publicize_message":"","jetpack_publicize_feature_enabled":true,"jetpack_social_post_already_shared":true,"jetpack_social_options":{"image_generator_settings":{"template":"highway","default_image_id":0,"font":"","enabled":false},"version":2}},"categories":[41],"tags":[],"class_list":{"0":"post-15337","1":"post","2":"type-post","3":"status-publish","4":"format-standard","5":"has-post-thumbnail","7":"category-destacadas"},"jetpack_publicize_connections":[],"jetpack_featured_media_url":"https:\/\/i0.wp.com\/larevistadigital.com.ar\/blog\/wp-content\/uploads\/WhatsApp-Image-2020-05-26-at-10.25.09.jpeg?fit=1280%2C770&ssl=1","jetpack_sharing_enabled":true,"jetpack_shortlink":"https:\/\/wp.me\/p8qtrQ-3Zn","jetpack-related-posts":[{"id":15351,"url":"https:\/\/larevistadigital.com.ar\/blog\/los-comerciantes-resolvieron-realizar-una-caravana-el-dia-de-manana\/","url_meta":{"origin":15337,"position":0},"title":"LOS COMERCIANTES RESOLVIERON REALIZAR UNA CARAVANA EL D\u00cdA DE MA\u00d1ANA","author":"Alejandro Sosa Ruda","date":"26 mayo, 2020","format":false,"excerpt":"Finalmente, los comerciantes de Chascom\u00fas que se autoconvocaron por la ma\u00f1ana en el municipio, para pedir la apertura de sus negocios, con protocolos de cuidado y atenci\u00f3n en la puerta, pareciera que no han encontrado un punto de acuerdo con las autoridades municipales. Decimos esto, porque lo que acordaron, fue\u2026","rel":"","context":"En \u00abDESTACADAS\u00bb","block_context":{"text":"DESTACADAS","link":"https:\/\/larevistadigital.com.ar\/blog\/category\/destacadas\/"},"img":{"alt_text":"","src":"https:\/\/i0.wp.com\/larevistadigital.com.ar\/blog\/wp-content\/uploads\/WhatsApp-Image-2020-05-25-at-19.28.50.jpeg?fit=1200%2C1200&ssl=1&resize=350%2C200","width":350,"height":200,"srcset":"https:\/\/i0.wp.com\/larevistadigital.com.ar\/blog\/wp-content\/uploads\/WhatsApp-Image-2020-05-25-at-19.28.50.jpeg?fit=1200%2C1200&ssl=1&resize=350%2C200 1x, https:\/\/i0.wp.com\/larevistadigital.com.ar\/blog\/wp-content\/uploads\/WhatsApp-Image-2020-05-25-at-19.28.50.jpeg?fit=1200%2C1200&ssl=1&resize=525%2C300 1.5x, https:\/\/i0.wp.com\/larevistadigital.com.ar\/blog\/wp-content\/uploads\/WhatsApp-Image-2020-05-25-at-19.28.50.jpeg?fit=1200%2C1200&ssl=1&resize=700%2C400 2x, https:\/\/i0.wp.com\/larevistadigital.com.ar\/blog\/wp-content\/uploads\/WhatsApp-Image-2020-05-25-at-19.28.50.jpeg?fit=1200%2C1200&ssl=1&resize=1050%2C600 3x"},"classes":[]},{"id":45222,"url":"https:\/\/larevistadigital.com.ar\/blog\/chacomus-se-realizara-una-encuesta-para-conocer-las-necesidades-de-formacion-de-los-comerciantes-locales\/","url_meta":{"origin":15337,"position":1},"title":"Chacom\u00fas: Se realizar\u00e1 una encuesta para conocer las necesidades de formaci\u00f3n de los comerciantes locales","author":"Alejandro Sosa Ruda","date":"20 abril, 2026","format":false,"excerpt":"Es una iniciativa que desarrollan en conjunto la Municipalidad de Chascom\u00fas y la C\u00e1mara de Comercio de nuestra ciudad. 20 de abril de 2026 CHASCOM\u00daS -\u00a0 La Municipalidad de Chascom\u00fas, a trav\u00e9s del \u00e1rea de Desarrollo Productivo, informa que en los pr\u00f3ximos d\u00edas se llevar\u00e1 adelante un relevamiento destinado a\u2026","rel":"","context":"En \u00abCHASCOM\u00daS\u00bb","block_context":{"text":"CHASCOM\u00daS","link":"https:\/\/larevistadigital.com.ar\/blog\/category\/chascomus\/"},"img":{"alt_text":"","src":"https:\/\/i0.wp.com\/larevistadigital.com.ar\/blog\/wp-content\/uploads\/69e661d0a6c6e.png?fit=668%2C445&ssl=1&resize=350%2C200","width":350,"height":200,"srcset":"https:\/\/i0.wp.com\/larevistadigital.com.ar\/blog\/wp-content\/uploads\/69e661d0a6c6e.png?fit=668%2C445&ssl=1&resize=350%2C200 1x, https:\/\/i0.wp.com\/larevistadigital.com.ar\/blog\/wp-content\/uploads\/69e661d0a6c6e.png?fit=668%2C445&ssl=1&resize=525%2C300 1.5x"},"classes":[]},{"id":15344,"url":"https:\/\/larevistadigital.com.ar\/blog\/ultimo-momento-los-comerciantes-autoconvocados-en-el-municipio-se-niegan-a-retirarse-hasta-no-ser-atendidos-por-el-ejecutivo\/","url_meta":{"origin":15337,"position":2},"title":"\u00daLTIMO MOMENTO: LOS COMERCIANTES AUTOCONVOCADOS EN EL MUNICIPIO SE NIEGAN A RETIRARSE HASTA NO SER ATENDIDOS POR EL EJECUTIVO","author":"Alejandro Sosa Ruda","date":"26 mayo, 2020","format":false,"excerpt":"En este preciso instante, los comerciantes autoconvocados al municipio, para reclamar la apertura responsable de sus negocios, con la modalidad \"atendiendo afuera\" siguen en la puerta del edificio de calle Cr\u00e1mer y as\u00ed prometen continuar hasta ser atendidos por el ejecutivo municipal. Nos han comentado, que \"salieron los concejales Ramiro\u2026","rel":"","context":"En \u00abDESTACADAS\u00bb","block_context":{"text":"DESTACADAS","link":"https:\/\/larevistadigital.com.ar\/blog\/category\/destacadas\/"},"img":{"alt_text":"","src":"https:\/\/i0.wp.com\/larevistadigital.com.ar\/blog\/wp-content\/uploads\/WhatsApp-Image-2020-05-26-at-10.25.09-1.jpeg?fit=1200%2C722&ssl=1&resize=350%2C200","width":350,"height":200,"srcset":"https:\/\/i0.wp.com\/larevistadigital.com.ar\/blog\/wp-content\/uploads\/WhatsApp-Image-2020-05-26-at-10.25.09-1.jpeg?fit=1200%2C722&ssl=1&resize=350%2C200 1x, https:\/\/i0.wp.com\/larevistadigital.com.ar\/blog\/wp-content\/uploads\/WhatsApp-Image-2020-05-26-at-10.25.09-1.jpeg?fit=1200%2C722&ssl=1&resize=525%2C300 1.5x, https:\/\/i0.wp.com\/larevistadigital.com.ar\/blog\/wp-content\/uploads\/WhatsApp-Image-2020-05-26-at-10.25.09-1.jpeg?fit=1200%2C722&ssl=1&resize=700%2C400 2x, https:\/\/i0.wp.com\/larevistadigital.com.ar\/blog\/wp-content\/uploads\/WhatsApp-Image-2020-05-26-at-10.25.09-1.jpeg?fit=1200%2C722&ssl=1&resize=1050%2C600 3x"},"classes":[]},{"id":42998,"url":"https:\/\/larevistadigital.com.ar\/blog\/chascomus-comerciantes-y-municipio-trabajan-en-medidas-para-incentivar-ventas\/","url_meta":{"origin":15337,"position":3},"title":"Chascom\u00fas: Comerciantes y municipio trabajan en medidas para incentivar ventas","author":"Alejandro Sosa Ruda","date":"22 diciembre, 2025","format":false,"excerpt":"La Municipalidad analiz\u00f3 propuestas para acompa\u00f1ar al comercio local durante lo que resta del a\u00f1o. 22 de diciembre de 2025 CHASCOM\u00daS -\u00a0 \u00a0En el marco de las Fiestas y a partir de una solicitud presentada por comerciantes locales, la Municipalidad de Chascom\u00fas llev\u00f3 adelante una reuni\u00f3n de trabajo en la\u2026","rel":"","context":"En \u00abCHASCOM\u00daS\u00bb","block_context":{"text":"CHASCOM\u00daS","link":"https:\/\/larevistadigital.com.ar\/blog\/category\/chascomus\/"},"img":{"alt_text":"","src":"https:\/\/i0.wp.com\/larevistadigital.com.ar\/blog\/wp-content\/uploads\/694984d61b2f6.png?fit=668%2C445&ssl=1&resize=350%2C200","width":350,"height":200,"srcset":"https:\/\/i0.wp.com\/larevistadigital.com.ar\/blog\/wp-content\/uploads\/694984d61b2f6.png?fit=668%2C445&ssl=1&resize=350%2C200 1x, https:\/\/i0.wp.com\/larevistadigital.com.ar\/blog\/wp-content\/uploads\/694984d61b2f6.png?fit=668%2C445&ssl=1&resize=525%2C300 1.5x"},"classes":[]},{"id":35284,"url":"https:\/\/larevistadigital.com.ar\/blog\/la-plata-fumigacion-corte-de-pasto-y-repelente-propio-son-las-armas-del-municipio-contra-la-invasion-de-mosquitos\/","url_meta":{"origin":15337,"position":4},"title":"LA PLATA: FUMIGACI\u00d3N, CORTE DE PASTO Y REPELENTE PROPIO SON LAS ARMAS DEL MUNICIPIO CONTRA LA INVASI\u00d3N DE MOSQUITOS","author":"Alejandro Sosa Ruda","date":"20 febrero, 2024","format":false,"excerpt":"La Municipalidad de La Plata realiza un trabajo integral en medio de la invasi\u00f3n de mosquitos. Corte de pasto, repelente, fumigaci\u00f3n y m\u00e1s. 20 de febrero de 2024 LA PLATA -\u00a0 La\u00a0Municipalidad de La Plata realiza distintas tareas por la invasion de mosquitos que atormenta a los vecinos de todas\u2026","rel":"","context":"En \u00abREGIONALES\u00bb","block_context":{"text":"REGIONALES","link":"https:\/\/larevistadigital.com.ar\/blog\/category\/regionales\/"},"img":{"alt_text":"","src":"https:\/\/i0.wp.com\/larevistadigital.com.ar\/blog\/wp-content\/uploads\/Captura-de-pantalla-2024-02-20-105504.png?fit=893%2C429&ssl=1&resize=350%2C200","width":350,"height":200,"srcset":"https:\/\/i0.wp.com\/larevistadigital.com.ar\/blog\/wp-content\/uploads\/Captura-de-pantalla-2024-02-20-105504.png?fit=893%2C429&ssl=1&resize=350%2C200 1x, https:\/\/i0.wp.com\/larevistadigital.com.ar\/blog\/wp-content\/uploads\/Captura-de-pantalla-2024-02-20-105504.png?fit=893%2C429&ssl=1&resize=525%2C300 1.5x, https:\/\/i0.wp.com\/larevistadigital.com.ar\/blog\/wp-content\/uploads\/Captura-de-pantalla-2024-02-20-105504.png?fit=893%2C429&ssl=1&resize=700%2C400 2x"},"classes":[]},{"id":15373,"url":"https:\/\/larevistadigital.com.ar\/blog\/los-comerciantes-autoconvocados-realizaron-una-nutrida-caravana-y-hubo-reunion-pero-no-se-llego-a-ningun-acuerdo\/","url_meta":{"origin":15337,"position":5},"title":"LOS COMERCIANTES AUTOCONVOCADOS REALIZARON UNA NUTRIDA CARAVANA Y HUBO REUNI\u00d3N. PERO NO SE LLEG\u00d3 A NING\u00daN ACUERDO","author":"Alejandro Sosa Ruda","date":"27 mayo, 2020","format":false,"excerpt":"Tal y como estaba previsto, los comerciantes autoconvocados de Chascom\u00fas, realizaron finalmente la caravana que se hab\u00eda convocado para el d\u00eda de hoy, a las 10 de la ma\u00f1ana. La misma, parti\u00f3 del municipio, y recorri\u00f3 las calles c\u00e9ntricas, de manera prolija, desde los autos y tocando sus bocinas, en\u2026","rel":"","context":"En \u00abDESTACADAS\u00bb","block_context":{"text":"DESTACADAS","link":"https:\/\/larevistadigital.com.ar\/blog\/category\/destacadas\/"},"img":{"alt_text":"","src":"https:\/\/i0.wp.com\/larevistadigital.com.ar\/blog\/wp-content\/uploads\/WhatsApp-Image-2020-05-27-at-10.48.21.jpeg?fit=900%2C1200&ssl=1&resize=350%2C200","width":350,"height":200,"srcset":"https:\/\/i0.wp.com\/larevistadigital.com.ar\/blog\/wp-content\/uploads\/WhatsApp-Image-2020-05-27-at-10.48.21.jpeg?fit=900%2C1200&ssl=1&resize=350%2C200 1x, https:\/\/i0.wp.com\/larevistadigital.com.ar\/blog\/wp-content\/uploads\/WhatsApp-Image-2020-05-27-at-10.48.21.jpeg?fit=900%2C1200&ssl=1&resize=525%2C300 1.5x, https:\/\/i0.wp.com\/larevistadigital.com.ar\/blog\/wp-content\/uploads\/WhatsApp-Image-2020-05-27-at-10.48.21.jpeg?fit=900%2C1200&ssl=1&resize=700%2C400 2x"},"classes":[]}],"_links":{"self":[{"href":"https:\/\/larevistadigital.com.ar\/blog\/wp-json\/wp\/v2\/posts\/15337","targetHints":{"allow":["GET"]}}],"collection":[{"href":"https:\/\/larevistadigital.com.ar\/blog\/wp-json\/wp\/v2\/posts"}],"about":[{"href":"https:\/\/larevistadigital.com.ar\/blog\/wp-json\/wp\/v2\/types\/post"}],"author":[{"embeddable":true,"href":"https:\/\/larevistadigital.com.ar\/blog\/wp-json\/wp\/v2\/users\/3"}],"replies":[{"embeddable":true,"href":"https:\/\/larevistadigital.com.ar\/blog\/wp-json\/wp\/v2\/comments?post=15337"}],"version-history":[{"count":1,"href":"https:\/\/larevistadigital.com.ar\/blog\/wp-json\/wp\/v2\/posts\/15337\/revisions"}],"predecessor-version":[{"id":15343,"href":"https:\/\/larevistadigital.com.ar\/blog\/wp-json\/wp\/v2\/posts\/15337\/revisions\/15343"}],"wp:featuredmedia":[{"embeddable":true,"href":"https:\/\/larevistadigital.com.ar\/blog\/wp-json\/wp\/v2\/media\/15342"}],"wp:attachment":[{"href":"https:\/\/larevistadigital.com.ar\/blog\/wp-json\/wp\/v2\/media?parent=15337"}],"wp:term":[{"taxonomy":"category","embeddable":true,"href":"https:\/\/larevistadigital.com.ar\/blog\/wp-json\/wp\/v2\/categories?post=15337"},{"taxonomy":"post_tag","embeddable":true,"href":"https:\/\/larevistadigital.com.ar\/blog\/wp-json\/wp\/v2\/tags?post=15337"}],"curies":[{"name":"wp","href":"https:\/\/api.w.org\/{rel}","templated":true}]}}