{"id":15377,"date":"2020-05-27T16:44:34","date_gmt":"2020-05-27T16:44:34","guid":{"rendered":"https:\/\/larevistadigital.com.ar\/blog\/?p=15377"},"modified":"2020-05-27T16:44:34","modified_gmt":"2020-05-27T16:44:34","slug":"el-problema-de-los-comercios-de-chascomus-reflejado-en-medios-provinciales","status":"publish","type":"post","link":"https:\/\/larevistadigital.com.ar\/blog\/el-problema-de-los-comercios-de-chascomus-reflejado-en-medios-provinciales\/","title":{"rendered":"EL PROBLEMA DE LOS COMERCIOS DE CHASCOM\u00daS, REFLEJADO EN MEDIOS PROVINCIALES"},"content":{"rendered":"<p>La situaci\u00f3n que lamentablemente toca vivir a los comerciantes de Chascom\u00fas, es sencillamente la misma que la que padecen en todo el pa\u00eds. Aunque en algunos lugares, tienen la suerte que cuentan con algo de flexibilizaci\u00f3n que les permite al menos seguir subsistiendo.<\/p>\n<p>Esto tambi\u00e9n lo reflejan distintos medios de alcance provincial, y nacional. En este caso, con una publicaci\u00f3n de la revista \u00abLa Tecla\u00bb, que ha abordado el problema, y entre otros ha entrevistado a una comerciante chascomunense:<\/p>\n<blockquote><p><strong>En distintos puntos de la Provincia, comerciantes de manifestaron p\u00fablicamente para que los habiliten a reabrir sus puertas, que debieron cerrar al declararse el aislamiento obligatorio hace m\u00e1s de 60 d\u00edas. <em>\u201cLa situaci\u00f3n es cr\u00edtica. Cada dos d\u00edas cierra un comercio. Nos preocupa much\u00edsimo. No nos escucha el Poder Ejecutivo, ni siquiera nos responde cu\u00e1l es la traba por la cual no podemos reabrir los comercios, incluso con la presentaci\u00f3n de los protocolos sanitarios\u201d<\/em>, se\u00f1al\u00f3 a <em>LaTecla.Info<\/em>, Claudia Vieira, comerciante de Chascom\u00fas.\u00a0<\/strong><\/p><\/blockquote>\n<p><em><strong>\u201cEntendemos la situaci\u00f3n sanitaria, y felicitamos a los comerciantes del grupo alimenticio que est\u00e1n abiertos porque evidentemente realizaron todos los protocolos y no hubo contagios. El delivery no sirve porque hay productos que tienen menor valor al que tiene el env\u00edo. El viernes volveremos a hacer una nueva caravana porque no hemos tenido respuesta\u201d<\/strong><\/em>, adelant\u00f3 <strong>Vieira.<\/strong><\/p>\n<p>La Tecla, contin\u00faa de la siguiente manera: <strong>\u00abVale recordar que d\u00edas atr\u00e1s, tras la confirmaci\u00f3n de los tres nuevos casos, el intendente Javier Gast\u00f3n se vio obligado a retrotraer las medidas de apertura de la cuarentena. En un mensaje grabado y difundido por las redes sociales, indicaba que esa situaci\u00f3n significaba \u00abun llamado de atenci\u00f3n para todos\u00bb.<\/strong><\/p>\n<p>Pero Chascom\u00fas no fue el \u00fanico lugar donde se registraron movilizaciones de comerciantes, sino que se replicaron en otros distritos, inclusive del Conurbano. En las redes sociales circularon algunas manifestaciones en Ituzaing\u00f3, Mar del Plata, La Plata, Lomas de Zamora y Almirante Brown, entre otros.<\/p>\n","protected":false},"excerpt":{"rendered":"<div class=\"mh-excerpt\"><p>La situaci\u00f3n que lamentablemente toca vivir a los comerciantes de Chascom\u00fas, es sencillamente la misma que la que padecen en todo el pa\u00eds. Aunque en algunos lugares, tienen la suerte que cuentan con algo de <a class=\"mh-excerpt-more\" href=\"https:\/\/larevistadigital.com.ar\/blog\/el-problema-de-los-comercios-de-chascomus-reflejado-en-medios-provinciales\/\" title=\"EL PROBLEMA DE LOS COMERCIOS DE CHASCOM\u00daS, REFLEJADO EN MEDIOS PROVINCIALES\">[Leer M\u00e1s]<\/a><\/p>\n<\/div>","protected":false},"author":3,"featured_media":15378,"comment_status":"open","ping_status":"open","sticky":false,"template":"","format":"standard","meta":{"_jetpack_memberships_contains_paid_content":false,"footnotes":"","jetpack_publicize_message":"","jetpack_publicize_feature_enabled":true,"jetpack_social_post_already_shared":true,"jetpack_social_options":{"image_generator_settings":{"template":"highway","default_image_id":0,"font":"","enabled":false},"version":2}},"categories":[50],"tags":[],"class_list":{"0":"post-15377","1":"post","2":"type-post","3":"status-publish","4":"format-standard","5":"has-post-thumbnail","7":"category-interes-general"},"jetpack_publicize_connections":[],"jetpack_featured_media_url":"https:\/\/i0.wp.com\/larevistadigital.com.ar\/blog\/wp-content\/uploads\/Screenshot_2-93.jpg?fit=1043%2C662&ssl=1","jetpack_sharing_enabled":true,"jetpack_shortlink":"https:\/\/wp.me\/p8qtrQ-401","jetpack-related-posts":[{"id":6966,"url":"https:\/\/larevistadigital.com.ar\/blog\/chascomus-comerciantes-indignados-se-organizan-contra-la-tosudez-del-gobierno-local\/","url_meta":{"origin":15377,"position":0},"title":"CHASCOM\u00daS: COMERCIANTES INDIGNADOS SE ORGANIZAN CONTRA LA TOSUDEZ DEL GOBIERNO LOCAL","author":"Alejandro Sosa Ruda","date":"29 octubre, 2018","format":false,"excerpt":"El gobierno de Chascom\u00fas parece no querer escuchar las razones y reclamos de los comerciantes, que pretenden se postergue la decisi\u00f3n compulsiva de reformar el centro en calle Libres del Sur, y obligarlos a pagar parte de las obras, en un momento donde la econom\u00eda complica las cosas, adem\u00e1s de\u2026","rel":"","context":"En \u00abDESTACADAS\u00bb","block_context":{"text":"DESTACADAS","link":"https:\/\/larevistadigital.com.ar\/blog\/category\/destacadas\/"},"img":{"alt_text":"","src":"https:\/\/i0.wp.com\/larevistadigital.com.ar\/blog\/wp-content\/uploads\/2017\/10\/oidos-sordos-1.jpg?fit=900%2C376&ssl=1&resize=350%2C200","width":350,"height":200,"srcset":"https:\/\/i0.wp.com\/larevistadigital.com.ar\/blog\/wp-content\/uploads\/2017\/10\/oidos-sordos-1.jpg?fit=900%2C376&ssl=1&resize=350%2C200 1x, https:\/\/i0.wp.com\/larevistadigital.com.ar\/blog\/wp-content\/uploads\/2017\/10\/oidos-sordos-1.jpg?fit=900%2C376&ssl=1&resize=525%2C300 1.5x, https:\/\/i0.wp.com\/larevistadigital.com.ar\/blog\/wp-content\/uploads\/2017\/10\/oidos-sordos-1.jpg?fit=900%2C376&ssl=1&resize=700%2C400 2x"},"classes":[]},{"id":23444,"url":"https:\/\/larevistadigital.com.ar\/blog\/video-chascomus-tristemente-celebres-por-la-situacion-en-salud-trasciende-en-medios-nacionales\/","url_meta":{"origin":15377,"position":1},"title":"[VIDEO] CHASCOM\u00daS: \u00abTRISTEMENTE C\u00c9LEBRES\u00bb&#8230; POR LA SITUACI\u00d3N EN SALUD, TRASCIENDE EN MEDIOS NACIONALES","author":"Alejandro Sosa Ruda","date":"18 enero, 2022","format":false,"excerpt":"El tema de la falta de insumos y la suspensi\u00f3n de los testeos lleg\u00f3 a medios nacionales como TN, que a las 21,30 de hoy abordar\u00e1 el tema en vivo, con entrevistas y testimonios. CHASCOM\u00daS -\u00a0 La situaci\u00f3n de la salud en Chascom\u00fas, donde por falta de insumos se ha\u2026","rel":"","context":"En \u00abDESTACADAS\u00bb","block_context":{"text":"DESTACADAS","link":"https:\/\/larevistadigital.com.ar\/blog\/category\/destacadas\/"},"img":{"alt_text":"","src":"https:\/\/i0.wp.com\/larevistadigital.com.ar\/blog\/wp-content\/uploads\/WhatsApp-Image-2022-01-18-at-19.42.19.jpeg?fit=1200%2C540&ssl=1&resize=350%2C200","width":350,"height":200,"srcset":"https:\/\/i0.wp.com\/larevistadigital.com.ar\/blog\/wp-content\/uploads\/WhatsApp-Image-2022-01-18-at-19.42.19.jpeg?fit=1200%2C540&ssl=1&resize=350%2C200 1x, https:\/\/i0.wp.com\/larevistadigital.com.ar\/blog\/wp-content\/uploads\/WhatsApp-Image-2022-01-18-at-19.42.19.jpeg?fit=1200%2C540&ssl=1&resize=525%2C300 1.5x, https:\/\/i0.wp.com\/larevistadigital.com.ar\/blog\/wp-content\/uploads\/WhatsApp-Image-2022-01-18-at-19.42.19.jpeg?fit=1200%2C540&ssl=1&resize=700%2C400 2x, https:\/\/i0.wp.com\/larevistadigital.com.ar\/blog\/wp-content\/uploads\/WhatsApp-Image-2022-01-18-at-19.42.19.jpeg?fit=1200%2C540&ssl=1&resize=1050%2C600 3x"},"classes":[]},{"id":7098,"url":"https:\/\/larevistadigital.com.ar\/blog\/chascomus-el-municipio-pide-colaboracion-economica-a-los-mismos-comerciantes-que-pretende-obligar-a-pagar-el-arreglo-del-centro\/","url_meta":{"origin":15377,"position":2},"title":"CHASCOM\u00daS: EL MUNICIPIO PIDE \u00abCOLABORACI\u00d3N ECON\u00d3MICA\u00bb A LOS MISMOS COMERCIANTES QUE PRETENDE OBLIGAR A PAGAR EL ARREGLO DEL CENTRO","author":"Alejandro Sosa Ruda","date":"7 diciembre, 2018","format":false,"excerpt":"Algunos comerciantes de la ciudad de Chascom\u00fas, a\u00fan no pueden salir de su asombro, ya que han recibido una nota de la Secretar\u00eda de Turismo, firmada por el responsable de la misma, Leandro Otondo, solicitando su \u201ccolaboraci\u00f3n\u201d para lo que ser\u00e1 la Apertura de Temporada 2019. El hecho en cuesti\u00f3n,\u2026","rel":"","context":"En \u00abCHASCOM\u00daS\u00bb","block_context":{"text":"CHASCOM\u00daS","link":"https:\/\/larevistadigital.com.ar\/blog\/category\/chascomus\/"},"img":{"alt_text":"","src":"https:\/\/i0.wp.com\/larevistadigital.com.ar\/blog\/wp-content\/uploads\/2018\/12\/images.jpg?fit=600%2C336&ssl=1&resize=350%2C200","width":350,"height":200,"srcset":"https:\/\/i0.wp.com\/larevistadigital.com.ar\/blog\/wp-content\/uploads\/2018\/12\/images.jpg?fit=600%2C336&ssl=1&resize=350%2C200 1x, https:\/\/i0.wp.com\/larevistadigital.com.ar\/blog\/wp-content\/uploads\/2018\/12\/images.jpg?fit=600%2C336&ssl=1&resize=525%2C300 1.5x"},"classes":[]},{"id":15337,"url":"https:\/\/larevistadigital.com.ar\/blog\/chascomus-comerciantes-se-autoconvocaron-al-municipio-reclamando-abrir-sus-locales\/","url_meta":{"origin":15377,"position":3},"title":"CHASCOM\u00daS: COMERCIANTES SE AUTOCONVOCARON AL MUNICIPIO RECLAMANDO ABRIR SUS LOCALES","author":"Alejandro Sosa Ruda","date":"26 mayo, 2020","format":false,"excerpt":"Trascendi\u00f3 a trav\u00e9s de un mensaje de Whatsapp, que un grupo de comerciantes estaba convocando por las redes una \"Marcha\" hacia la puerta del Municipio el d\u00eda de hoy por la ma\u00f1ana. El mismo, ha circulado por toda la ciudad y aqu\u00ed lo reproducimos: \"Hola, buenas tardes. Disculpen. Hubo un\u2026","rel":"","context":"En \u00abDESTACADAS\u00bb","block_context":{"text":"DESTACADAS","link":"https:\/\/larevistadigital.com.ar\/blog\/category\/destacadas\/"},"img":{"alt_text":"","src":"https:\/\/i0.wp.com\/larevistadigital.com.ar\/blog\/wp-content\/uploads\/WhatsApp-Image-2020-05-26-at-10.25.09.jpeg?fit=1200%2C722&ssl=1&resize=350%2C200","width":350,"height":200,"srcset":"https:\/\/i0.wp.com\/larevistadigital.com.ar\/blog\/wp-content\/uploads\/WhatsApp-Image-2020-05-26-at-10.25.09.jpeg?fit=1200%2C722&ssl=1&resize=350%2C200 1x, https:\/\/i0.wp.com\/larevistadigital.com.ar\/blog\/wp-content\/uploads\/WhatsApp-Image-2020-05-26-at-10.25.09.jpeg?fit=1200%2C722&ssl=1&resize=525%2C300 1.5x, https:\/\/i0.wp.com\/larevistadigital.com.ar\/blog\/wp-content\/uploads\/WhatsApp-Image-2020-05-26-at-10.25.09.jpeg?fit=1200%2C722&ssl=1&resize=700%2C400 2x, https:\/\/i0.wp.com\/larevistadigital.com.ar\/blog\/wp-content\/uploads\/WhatsApp-Image-2020-05-26-at-10.25.09.jpeg?fit=1200%2C722&ssl=1&resize=1050%2C600 3x"},"classes":[]},{"id":4427,"url":"https:\/\/larevistadigital.com.ar\/blog\/chascomus-buena-senal-del-intendente-javier-gaston\/","url_meta":{"origin":15377,"position":4},"title":"CHASCOM\u00daS: BUENA SE\u00d1AL DEL INTENDENTE JAVIER GAST\u00d3N","author":"Alejandro Sosa Ruda","date":"8 enero, 2018","format":false,"excerpt":"El municipio pidi\u00f3 de manera urgente una reuni\u00f3n con autoridades de la firma EDEA, por la gran cantidad de cortes a los que se ve sometida la poblaci\u00f3n, que, entre otras cosas, provoc\u00f3 que un grupo de vecinos saliera en algunos medios de comunicaci\u00f3n, y se reunieran con algunos concejales\u2026","rel":"","context":"En \u00abDESTACADAS\u00bb","block_context":{"text":"DESTACADAS","link":"https:\/\/larevistadigital.com.ar\/blog\/category\/destacadas\/"},"img":{"alt_text":"","src":"https:\/\/i0.wp.com\/larevistadigital.com.ar\/blog\/wp-content\/uploads\/2018\/01\/chascomus.jpg?fit=960%2C640&ssl=1&resize=350%2C200","width":350,"height":200,"srcset":"https:\/\/i0.wp.com\/larevistadigital.com.ar\/blog\/wp-content\/uploads\/2018\/01\/chascomus.jpg?fit=960%2C640&ssl=1&resize=350%2C200 1x, https:\/\/i0.wp.com\/larevistadigital.com.ar\/blog\/wp-content\/uploads\/2018\/01\/chascomus.jpg?fit=960%2C640&ssl=1&resize=525%2C300 1.5x, https:\/\/i0.wp.com\/larevistadigital.com.ar\/blog\/wp-content\/uploads\/2018\/01\/chascomus.jpg?fit=960%2C640&ssl=1&resize=700%2C400 2x"},"classes":[]},{"id":8879,"url":"https:\/\/larevistadigital.com.ar\/blog\/chascomus-vecina-desesperada-recurre-a-los-medios-luego-de-presentar-varias-notas-al-municipio-sin-obtener-respuesta-alguna\/","url_meta":{"origin":15377,"position":5},"title":"CHASCOM\u00daS: VECINA DESESPERADA RECURRE A LOS MEDIOS LUEGO DE PRESENTAR VARIAS NOTAS AL MUNICIPIO, SIN OBTENER RESPUESTA ALGUNA","author":"Alejandro Sosa Ruda","date":"4 marzo, 2019","format":false,"excerpt":"D\u00edas atr\u00e1s, una vecina de Chascom\u00fas, llamada Alina Maidana, dio a conocer una situaci\u00f3n que la viene aquejando hace tiempo, con un desesperado mensaje al intendente Javier Gast\u00f3n, quien seg\u00fan dice la se\u00f1ora en cuesti\u00f3n, se ha negado a atenderla en m\u00e1s de una oportunidad. Tambi\u00e9n manifest\u00f3 su situaci\u00f3n a\u2026","rel":"","context":"En \u00abDESTACADAS\u00bb","block_context":{"text":"DESTACADAS","link":"https:\/\/larevistadigital.com.ar\/blog\/category\/destacadas\/"},"img":{"alt_text":"","src":"https:\/\/i0.wp.com\/larevistadigital.com.ar\/blog\/wp-content\/uploads\/2019\/03\/mujer-llorando.jpg?fit=1200%2C652&ssl=1&resize=350%2C200","width":350,"height":200,"srcset":"https:\/\/i0.wp.com\/larevistadigital.com.ar\/blog\/wp-content\/uploads\/2019\/03\/mujer-llorando.jpg?fit=1200%2C652&ssl=1&resize=350%2C200 1x, https:\/\/i0.wp.com\/larevistadigital.com.ar\/blog\/wp-content\/uploads\/2019\/03\/mujer-llorando.jpg?fit=1200%2C652&ssl=1&resize=525%2C300 1.5x, https:\/\/i0.wp.com\/larevistadigital.com.ar\/blog\/wp-content\/uploads\/2019\/03\/mujer-llorando.jpg?fit=1200%2C652&ssl=1&resize=700%2C400 2x, https:\/\/i0.wp.com\/larevistadigital.com.ar\/blog\/wp-content\/uploads\/2019\/03\/mujer-llorando.jpg?fit=1200%2C652&ssl=1&resize=1050%2C600 3x"},"classes":[]}],"_links":{"self":[{"href":"https:\/\/larevistadigital.com.ar\/blog\/wp-json\/wp\/v2\/posts\/15377","targetHints":{"allow":["GET"]}}],"collection":[{"href":"https:\/\/larevistadigital.com.ar\/blog\/wp-json\/wp\/v2\/posts"}],"about":[{"href":"https:\/\/larevistadigital.com.ar\/blog\/wp-json\/wp\/v2\/types\/post"}],"author":[{"embeddable":true,"href":"https:\/\/larevistadigital.com.ar\/blog\/wp-json\/wp\/v2\/users\/3"}],"replies":[{"embeddable":true,"href":"https:\/\/larevistadigital.com.ar\/blog\/wp-json\/wp\/v2\/comments?post=15377"}],"version-history":[{"count":1,"href":"https:\/\/larevistadigital.com.ar\/blog\/wp-json\/wp\/v2\/posts\/15377\/revisions"}],"predecessor-version":[{"id":15379,"href":"https:\/\/larevistadigital.com.ar\/blog\/wp-json\/wp\/v2\/posts\/15377\/revisions\/15379"}],"wp:featuredmedia":[{"embeddable":true,"href":"https:\/\/larevistadigital.com.ar\/blog\/wp-json\/wp\/v2\/media\/15378"}],"wp:attachment":[{"href":"https:\/\/larevistadigital.com.ar\/blog\/wp-json\/wp\/v2\/media?parent=15377"}],"wp:term":[{"taxonomy":"category","embeddable":true,"href":"https:\/\/larevistadigital.com.ar\/blog\/wp-json\/wp\/v2\/categories?post=15377"},{"taxonomy":"post_tag","embeddable":true,"href":"https:\/\/larevistadigital.com.ar\/blog\/wp-json\/wp\/v2\/tags?post=15377"}],"curies":[{"name":"wp","href":"https:\/\/api.w.org\/{rel}","templated":true}]}}