{"id":15380,"date":"2020-05-27T17:23:48","date_gmt":"2020-05-27T17:23:48","guid":{"rendered":"https:\/\/larevistadigital.com.ar\/blog\/?p=15380"},"modified":"2020-05-27T17:23:48","modified_gmt":"2020-05-27T17:23:48","slug":"acerca-de-la-pandemia-el-gen-emitio-un-nuevo-comunicado","status":"publish","type":"post","link":"https:\/\/larevistadigital.com.ar\/blog\/acerca-de-la-pandemia-el-gen-emitio-un-nuevo-comunicado\/","title":{"rendered":"ACERCA DE LA PANDEMIA&#8230; EL GEN EMITI\u00d3 UN NUEVO COMUNICADO"},"content":{"rendered":"<h3><u>Consensos para afrontar la pandemia y promover el desarrollo.<\/u><\/h3>\n<p>El partido GEN de la Provincia de Buenos Aires y tambi\u00e9n en la 5ta Secci\u00f3n Electoral ha contribuido con la acci\u00f3n de sus representantes p\u00fablicos y con nuestros militantes a las decisiones pol\u00edticas que se han ido tomando con relaci\u00f3n a la pandemia que sufre nuestro pa\u00eds.- Las iniciativas que tanto los gobiernos nacional, provincial o municipales promovieron han sido acompa\u00f1adas en este momento de especial vulnerabilidad de la salud de nuestra poblaci\u00f3n.- Creemos en la estrategia adoptada por el gobierno nacional en cuanto al confinamiento colectivo de nuestra poblaci\u00f3n, adem\u00e1s, por ser la \u00fanica racionalmente posible en nuestro pa\u00eds.-<\/p>\n<p>Sin embargo, como partido de oposici\u00f3n , tenemos entre otras obligaciones, no s\u00f3lo controlar al gobierno sino tambi\u00e9n sugerir ideas y marcar falencias cuando estas ocurren.- De tal manera nuestra observaci\u00f3n favorable en lo que respecta a la pol\u00edtica epidemiol\u00f3gica, no es igual con relaci\u00f3n a las decisiones o si se quiere a la falta de decisiones que han ocurrido en el \u00e1mbito econ\u00f3mico.-\u00a0 Como positivo se cuenta la asistencia a la poblaci\u00f3n con menores recursos.- No es lo mismo lo que acontece con peque\u00f1as y medianas empresas, comerciantes y sectores medios cuentapropistas que con su esfuerzo constituyen uno de los pilares para sacar adelante el pa\u00eds con trabajo y producci\u00f3n.- La ayuda ha llegado mal, en forma err\u00e1tica y con innumerables demoras y atajos que los que pudieron concretar tuvieron que atravesar mientras que algunos fracasaron en el intento.-.- En otros casos la AFIP, \u00a0a mediados de mayo pareciera que reci\u00e9n se enterara que hay una pandemia en el pa\u00eds.- Antes, silencio de radio. Se sigue cobrando adelanto de ganancias cuando resulta un impuesto que hasta parece irrisorio frente al cierre y la ca\u00edda de producci\u00f3n y actividad comercial de manera estrepitosa.<\/p>\n<p>Se requiere generar consensos en el marco social y pol\u00edtico para que la salida de la pandemia y a\u00fan el transcurso de la misma tengan un horizonte m\u00ednimo de certeza para la gente que invierte, trabaja y produce.- La pol\u00edtica econ\u00f3mica no puede agotarse en la renegociaci\u00f3n de la deuda externa, que por otra parte ha contado en su tratamiento con el apoyo patri\u00f3tico de todos los sectores para renegociarla de mejor manera. Es fundamental acordar las bases de un Plan Estrat\u00e9gico de Desarrollo, con una visi\u00f3n compartida de mediano plazo, que permita crecer de manera sostenida, con esfuerzos y beneficios distribuidos con equidad por un Estado transparente, inteligente, justo y eficiente. Para ello es necesario no solo el consenso pol\u00edtico sino tambi\u00e9n el involucramiento y acuerdo de los distintos actores econ\u00f3micos, gremiales, sociales y cient\u00edficos, en un Consejo Econ\u00f3mico y Social, lamentablemente tan postergado.<\/p>\n<p>Desde lo institucional nos preocupa la falta de funcionamiento del Poder Legislativo y del Poder Judicial.- La emergencia se afronta con una Rep\u00fablica de pie y no con sus retazos.- Esa falencia se observa n\u00edtidamente cuando un DNU del Presidente arrebata al Parlamento su funci\u00f3n esencial que es la de asignar los recursos de la Naci\u00f3n y en una marco m\u00e1s cotidiano, cuando los ciudadanos con enormes dificultades en el cumplimiento de contratos existentes no cuentan con un Juez que pueda ordenar y recomponer situaciones l\u00f3gicamente controversiales.-<\/p>\n<p>En este tiempo tambi\u00e9n existieron hechos no generados por virus pero s\u00ed por personas con responsabilidades institucionales que tambi\u00e9n fueron de caracter\u00edsticas graves y que por ello no podemos dejar de se\u00f1alarlas.- Una es la liberaci\u00f3n indiscriminada de presos, subestimando una vez m\u00e1s la importancia del funcionamiento del sistema penitenciario como parte de una pol\u00edtica de seguridad y el intento por parte del Ejecutivo de privilegiar a algunos que por ser delincuentes acusados de corrupci\u00f3n constituyen un p\u00e9simo ejemplo para la sociedad.- El otro es una decisi\u00f3n desatinada e in -consulta de retirarse de las negociaciones del Mercosur sin considerar las consecuencias de tal determinaci\u00f3n y que obviamente perjudican el inter\u00e9s de la sociedad toda .-<\/p>\n<p>Los hechos demuestran que el Gobierno acierta cuando sus pol\u00edticas llevan el acompa\u00f1amiento de las mayor\u00edas, mientras que cuando intenta burlar las instituciones y embriagarse de discrecionalidad s\u00f3lo lo aguarda el fracaso.<\/p>\n<p>Queremos en definitiva que el Gobierno no especule pol\u00edticamente, que genere consenso sobre las decisiones primordiales que debe afrontar y que respete las instituciones de la Rep\u00fablica,. En ello encontrar\u00e1 fortaleza y el compromiso de toda la Naci\u00f3n frente al momento extraordinario que vivimos.-<\/p>\n","protected":false},"excerpt":{"rendered":"<div class=\"mh-excerpt\"><p>Consensos para afrontar la pandemia y promover el desarrollo. El partido GEN de la Provincia de Buenos Aires y tambi\u00e9n en la 5ta Secci\u00f3n Electoral ha contribuido con la acci\u00f3n de sus representantes p\u00fablicos y <a class=\"mh-excerpt-more\" href=\"https:\/\/larevistadigital.com.ar\/blog\/acerca-de-la-pandemia-el-gen-emitio-un-nuevo-comunicado\/\" title=\"ACERCA DE LA PANDEMIA&#8230; EL GEN EMITI\u00d3 UN NUEVO COMUNICADO\">[Leer M\u00e1s]<\/a><\/p>\n<\/div>","protected":false},"author":3,"featured_media":15381,"comment_status":"open","ping_status":"open","sticky":false,"template":"","format":"standard","meta":{"_jetpack_memberships_contains_paid_content":false,"footnotes":"","jetpack_publicize_message":"","jetpack_publicize_feature_enabled":true,"jetpack_social_post_already_shared":true,"jetpack_social_options":{"image_generator_settings":{"template":"highway","default_image_id":0,"font":"","enabled":false},"version":2}},"categories":[6,12],"tags":[],"class_list":{"0":"post-15380","1":"post","2":"type-post","3":"status-publish","4":"format-standard","5":"has-post-thumbnail","7":"category-chascomus","8":"category-politica"},"jetpack_publicize_connections":[],"jetpack_featured_media_url":"https:\/\/i0.wp.com\/larevistadigital.com.ar\/blog\/wp-content\/uploads\/VULqDp5z_400x400.jpg?fit=362%2C362&ssl=1","jetpack_sharing_enabled":true,"jetpack_shortlink":"https:\/\/wp.me\/p8qtrQ-404","jetpack-related-posts":[{"id":20957,"url":"https:\/\/larevistadigital.com.ar\/blog\/construir-una-alternativa-para-chascomus-comunicado-partido-gen\/","url_meta":{"origin":15380,"position":0},"title":"CONSTRU\u00cdR UNA ALTERNATIVA PARA CHASCOM\u00daS (Comunicado partido Gen)","author":"Alejandro Sosa Ruda","date":"30 junio, 2021","format":false,"excerpt":"Desde el \u00e1rea de Prensa del Partido Gen de Chascom\u00fas, nos hacen llegar un comunicado, que a continuaci\u00f3n publicamos: La situaci\u00f3n general de Argentina y en particular de la Provincia de Buenos Aires exige mayores responsabilidades a los partidos pol\u00edticos que representan la voluntad de la ciudadan\u00eda. El descalabro producido\u2026","rel":"","context":"En \u00abCHASCOM\u00daS\u00bb","block_context":{"text":"CHASCOM\u00daS","link":"https:\/\/larevistadigital.com.ar\/blog\/category\/chascomus\/"},"img":{"alt_text":"","src":"https:\/\/i0.wp.com\/larevistadigital.com.ar\/blog\/wp-content\/uploads\/gen-chascomus.png?fit=1200%2C440&ssl=1&resize=350%2C200","width":350,"height":200,"srcset":"https:\/\/i0.wp.com\/larevistadigital.com.ar\/blog\/wp-content\/uploads\/gen-chascomus.png?fit=1200%2C440&ssl=1&resize=350%2C200 1x, https:\/\/i0.wp.com\/larevistadigital.com.ar\/blog\/wp-content\/uploads\/gen-chascomus.png?fit=1200%2C440&ssl=1&resize=525%2C300 1.5x, https:\/\/i0.wp.com\/larevistadigital.com.ar\/blog\/wp-content\/uploads\/gen-chascomus.png?fit=1200%2C440&ssl=1&resize=700%2C400 2x, https:\/\/i0.wp.com\/larevistadigital.com.ar\/blog\/wp-content\/uploads\/gen-chascomus.png?fit=1200%2C440&ssl=1&resize=1050%2C600 3x"},"classes":[]},{"id":21972,"url":"https:\/\/larevistadigital.com.ar\/blog\/comunicado-del-partido-gen-que-resalta-la-vocacion-frentista-de-juntos\/","url_meta":{"origin":15380,"position":1},"title":"COMUNICADO DEL PARTIDO GEN QUE RESALTA LA \u00abVOCACI\u00d3N FRENTISTA\u00bb DE \u00abJUNTOS\u00bb","author":"Alejandro Sosa Ruda","date":"14 septiembre, 2021","format":false,"excerpt":"Pese a las pol\u00e9micas declaraciones de Flavio Ponce, presidente de la UCR local que provocaron malestar en todos los sectores de \"Juntos\" e inclusive de muchos radicales, el GEN sac\u00f3 un comunicado donde apuesta al consenso y a la \"vocaci\u00f3n frentista\" Compromiso con los ciudadanos El partido GEN de Chascom\u00fas\u2026","rel":"","context":"En \u00abINTERES GENERAL\u00bb","block_context":{"text":"INTERES GENERAL","link":"https:\/\/larevistadigital.com.ar\/blog\/category\/interes-general\/"},"img":{"alt_text":"","src":"https:\/\/i0.wp.com\/larevistadigital.com.ar\/blog\/wp-content\/uploads\/gen-chascomus.png?fit=1200%2C440&ssl=1&resize=350%2C200","width":350,"height":200,"srcset":"https:\/\/i0.wp.com\/larevistadigital.com.ar\/blog\/wp-content\/uploads\/gen-chascomus.png?fit=1200%2C440&ssl=1&resize=350%2C200 1x, https:\/\/i0.wp.com\/larevistadigital.com.ar\/blog\/wp-content\/uploads\/gen-chascomus.png?fit=1200%2C440&ssl=1&resize=525%2C300 1.5x, https:\/\/i0.wp.com\/larevistadigital.com.ar\/blog\/wp-content\/uploads\/gen-chascomus.png?fit=1200%2C440&ssl=1&resize=700%2C400 2x, https:\/\/i0.wp.com\/larevistadigital.com.ar\/blog\/wp-content\/uploads\/gen-chascomus.png?fit=1200%2C440&ssl=1&resize=1050%2C600 3x"},"classes":[]},{"id":20386,"url":"https:\/\/larevistadigital.com.ar\/blog\/comunicado-del-partido-gen-hay-que-generar-confianza\/","url_meta":{"origin":15380,"position":2},"title":"COMUNICADO DEL PARTIDO GEN: \u00abHAY QUE GENERAR CONFIANZA\u00bb","author":"Alejandro Sosa Ruda","date":"20 mayo, 2021","format":false,"excerpt":"LA HISTORIA SE REPITE HAY QUE GENERAR CONFIANZA Reiteraci\u00f3n de medidas que ya han fracasado.- Argentina se despierta a diario con nuevas reglas de juego que el actual gobierno de Alberto Fern\u00e1ndez se empe\u00f1a en sorprendernos todas las ma\u00f1anas.- Lo peor es que en todos los casos son sorpresas ingratas\u2026","rel":"","context":"En \u00abCHASCOM\u00daS\u00bb","block_context":{"text":"CHASCOM\u00daS","link":"https:\/\/larevistadigital.com.ar\/blog\/category\/chascomus\/"},"img":{"alt_text":"","src":"https:\/\/i0.wp.com\/larevistadigital.com.ar\/blog\/wp-content\/uploads\/vacas_robadas.jpg?fit=1200%2C850&ssl=1&resize=350%2C200","width":350,"height":200,"srcset":"https:\/\/i0.wp.com\/larevistadigital.com.ar\/blog\/wp-content\/uploads\/vacas_robadas.jpg?fit=1200%2C850&ssl=1&resize=350%2C200 1x, https:\/\/i0.wp.com\/larevistadigital.com.ar\/blog\/wp-content\/uploads\/vacas_robadas.jpg?fit=1200%2C850&ssl=1&resize=525%2C300 1.5x, https:\/\/i0.wp.com\/larevistadigital.com.ar\/blog\/wp-content\/uploads\/vacas_robadas.jpg?fit=1200%2C850&ssl=1&resize=700%2C400 2x, https:\/\/i0.wp.com\/larevistadigital.com.ar\/blog\/wp-content\/uploads\/vacas_robadas.jpg?fit=1200%2C850&ssl=1&resize=1050%2C600 3x"},"classes":[]},{"id":20402,"url":"https:\/\/larevistadigital.com.ar\/blog\/se-eligieron-las-nuevas-autoridades-del-partido-gen-de-la-provincia-de-buenos-aires\/","url_meta":{"origin":15380,"position":3},"title":"SE ELIGIERON LAS NUEVAS AUTORIDADES DEL PARTIDO GEN DE LA PROVINCIA DE BUENOS AIRES","author":"Alejandro Sosa Ruda","date":"21 mayo, 2021","format":false,"excerpt":"Se desarroll\u00f3 en la ma\u00f1ana del pasado s\u00e1bado 15 de mayo, de manera virtual, el Congreso extraordinario del Partido GEN de la Provincia de Buenos Aires. Con la apertura de Liliana Piani, Presidenta saliente, quien pidi\u00f3 homenaje a Miguel Lifschitz y a los fallecidos en pandemia. Cerr\u00f3 sus palabras con\u2026","rel":"","context":"En \u00abINTERES GENERAL\u00bb","block_context":{"text":"INTERES GENERAL","link":"https:\/\/larevistadigital.com.ar\/blog\/category\/interes-general\/"},"img":{"alt_text":"","src":"https:\/\/i0.wp.com\/larevistadigital.com.ar\/blog\/wp-content\/uploads\/unnamed-8.jpg?fit=512%2C288&ssl=1&resize=350%2C200","width":350,"height":200},"classes":[]},{"id":23101,"url":"https:\/\/larevistadigital.com.ar\/blog\/partido-gen-esperamos-que-el-intendente-renuncie-a-los-privilegios\/","url_meta":{"origin":15380,"position":4},"title":"PARTIDO GEN: ESPERAMOS QUE EL INTENDENTE RENUNCIE A LOS PRIVILEGIOS","author":"Alejandro Sosa Ruda","date":"29 diciembre, 2021","format":false,"excerpt":"Los responsables del partido GEN en Chascom\u00fas, hicieron llegar a nuestra redacci\u00f3n una nota en la que se refieren a la votaci\u00f3n de las c\u00e1maras que quitaron el freno a las reelecciones de los intendentes. A continuaci\u00f3n la publicamos NO BORREN CON EL CODO\u2026.. La alternancia dentro de los espacios\u2026","rel":"","context":"En \u00abINTERES GENERAL\u00bb","block_context":{"text":"INTERES GENERAL","link":"https:\/\/larevistadigital.com.ar\/blog\/category\/interes-general\/"},"img":{"alt_text":"","src":"https:\/\/i0.wp.com\/larevistadigital.com.ar\/blog\/wp-content\/uploads\/gen-chascomus.png?fit=1200%2C440&ssl=1&resize=350%2C200","width":350,"height":200,"srcset":"https:\/\/i0.wp.com\/larevistadigital.com.ar\/blog\/wp-content\/uploads\/gen-chascomus.png?fit=1200%2C440&ssl=1&resize=350%2C200 1x, https:\/\/i0.wp.com\/larevistadigital.com.ar\/blog\/wp-content\/uploads\/gen-chascomus.png?fit=1200%2C440&ssl=1&resize=525%2C300 1.5x, https:\/\/i0.wp.com\/larevistadigital.com.ar\/blog\/wp-content\/uploads\/gen-chascomus.png?fit=1200%2C440&ssl=1&resize=700%2C400 2x, https:\/\/i0.wp.com\/larevistadigital.com.ar\/blog\/wp-content\/uploads\/gen-chascomus.png?fit=1200%2C440&ssl=1&resize=1050%2C600 3x"},"classes":[]},{"id":10008,"url":"https:\/\/larevistadigital.com.ar\/blog\/chascomus-gen-y-lavagnismo-arman-juntos-y-alfonsinismo-se-rompe-cambiemos\/","url_meta":{"origin":15380,"position":5},"title":"CHASCOM\u00daS: GEN Y LAVAGNISMO ARMAN JUNTOS (\u00bfY ALFONSINISMO?) \u00bfSE ROMPE CAMBIEMOS?","author":"Alejandro Sosa Ruda","date":"6 mayo, 2019","format":false,"excerpt":"El partido GEN que preside Margarita Stolbizer, el peronismo nucleado bajo las figuras de Roberto Lavagna y Miguel Pichetto, el partido Socialista del gobernador Miguel Lifschitz, los sectores radicales que encabezan Ricardo Alfons\u00edn, como tambi\u00e9n Juan Manuel Casella y Federico Storani, se vienen reuniendo en busca de una concentraci\u00f3n, donde\u2026","rel":"","context":"En \u00abCHASCOM\u00daS\u00bb","block_context":{"text":"CHASCOM\u00daS","link":"https:\/\/larevistadigital.com.ar\/blog\/category\/chascomus\/"},"img":{"alt_text":"","src":"https:\/\/i0.wp.com\/larevistadigital.com.ar\/blog\/wp-content\/uploads\/2019\/05\/WhatsApp-Image-2019-05-05-at-21.04.28.jpeg?fit=1200%2C592&ssl=1&resize=350%2C200","width":350,"height":200,"srcset":"https:\/\/i0.wp.com\/larevistadigital.com.ar\/blog\/wp-content\/uploads\/2019\/05\/WhatsApp-Image-2019-05-05-at-21.04.28.jpeg?fit=1200%2C592&ssl=1&resize=350%2C200 1x, https:\/\/i0.wp.com\/larevistadigital.com.ar\/blog\/wp-content\/uploads\/2019\/05\/WhatsApp-Image-2019-05-05-at-21.04.28.jpeg?fit=1200%2C592&ssl=1&resize=525%2C300 1.5x, https:\/\/i0.wp.com\/larevistadigital.com.ar\/blog\/wp-content\/uploads\/2019\/05\/WhatsApp-Image-2019-05-05-at-21.04.28.jpeg?fit=1200%2C592&ssl=1&resize=700%2C400 2x, https:\/\/i0.wp.com\/larevistadigital.com.ar\/blog\/wp-content\/uploads\/2019\/05\/WhatsApp-Image-2019-05-05-at-21.04.28.jpeg?fit=1200%2C592&ssl=1&resize=1050%2C600 3x"},"classes":[]}],"_links":{"self":[{"href":"https:\/\/larevistadigital.com.ar\/blog\/wp-json\/wp\/v2\/posts\/15380","targetHints":{"allow":["GET"]}}],"collection":[{"href":"https:\/\/larevistadigital.com.ar\/blog\/wp-json\/wp\/v2\/posts"}],"about":[{"href":"https:\/\/larevistadigital.com.ar\/blog\/wp-json\/wp\/v2\/types\/post"}],"author":[{"embeddable":true,"href":"https:\/\/larevistadigital.com.ar\/blog\/wp-json\/wp\/v2\/users\/3"}],"replies":[{"embeddable":true,"href":"https:\/\/larevistadigital.com.ar\/blog\/wp-json\/wp\/v2\/comments?post=15380"}],"version-history":[{"count":2,"href":"https:\/\/larevistadigital.com.ar\/blog\/wp-json\/wp\/v2\/posts\/15380\/revisions"}],"predecessor-version":[{"id":15383,"href":"https:\/\/larevistadigital.com.ar\/blog\/wp-json\/wp\/v2\/posts\/15380\/revisions\/15383"}],"wp:featuredmedia":[{"embeddable":true,"href":"https:\/\/larevistadigital.com.ar\/blog\/wp-json\/wp\/v2\/media\/15381"}],"wp:attachment":[{"href":"https:\/\/larevistadigital.com.ar\/blog\/wp-json\/wp\/v2\/media?parent=15380"}],"wp:term":[{"taxonomy":"category","embeddable":true,"href":"https:\/\/larevistadigital.com.ar\/blog\/wp-json\/wp\/v2\/categories?post=15380"},{"taxonomy":"post_tag","embeddable":true,"href":"https:\/\/larevistadigital.com.ar\/blog\/wp-json\/wp\/v2\/tags?post=15380"}],"curies":[{"name":"wp","href":"https:\/\/api.w.org\/{rel}","templated":true}]}}