{"id":15386,"date":"2020-05-28T12:58:08","date_gmt":"2020-05-28T12:58:08","guid":{"rendered":"https:\/\/larevistadigital.com.ar\/blog\/?p=15386"},"modified":"2020-05-28T12:58:08","modified_gmt":"2020-05-28T12:58:08","slug":"imperdible-2-x-1-el-negro-carrizo-hoy-peliculas","status":"publish","type":"post","link":"https:\/\/larevistadigital.com.ar\/blog\/imperdible-2-x-1-el-negro-carrizo-hoy-peliculas\/","title":{"rendered":"IMPERDIBLE! 2 X 1 EL \u00abNEGRO CARRIZO\u00bb HOY PEL\u00cdCULAS!"},"content":{"rendered":"<p><strong><a href=\"https:\/\/www.facebook.com\/hashtag\/batmanlego?__eep__=6&amp;epa=HASHTAG\"><img data-recalc-dims=\"1\" loading=\"lazy\" decoding=\"async\" class=\"alignnone size-full wp-image-15387\" src=\"https:\/\/i0.wp.com\/larevistadigital.com.ar\/blog\/wp-content\/uploads\/Diesel_productv2_lego-batman-2_EGS_WB_LEGO_Batman_2_G1_1920x1080_19_0911-1920x1080-2dd4f86dcc1882caa2a0b82f31eedff7fec1ac2b.jpg?resize=1920%2C1080&#038;ssl=1\" alt=\"\" width=\"1920\" height=\"1080\" srcset=\"https:\/\/i0.wp.com\/larevistadigital.com.ar\/blog\/wp-content\/uploads\/Diesel_productv2_lego-batman-2_EGS_WB_LEGO_Batman_2_G1_1920x1080_19_0911-1920x1080-2dd4f86dcc1882caa2a0b82f31eedff7fec1ac2b.jpg?w=1920&amp;ssl=1 1920w, https:\/\/i0.wp.com\/larevistadigital.com.ar\/blog\/wp-content\/uploads\/Diesel_productv2_lego-batman-2_EGS_WB_LEGO_Batman_2_G1_1920x1080_19_0911-1920x1080-2dd4f86dcc1882caa2a0b82f31eedff7fec1ac2b.jpg?resize=300%2C169&amp;ssl=1 300w, https:\/\/i0.wp.com\/larevistadigital.com.ar\/blog\/wp-content\/uploads\/Diesel_productv2_lego-batman-2_EGS_WB_LEGO_Batman_2_G1_1920x1080_19_0911-1920x1080-2dd4f86dcc1882caa2a0b82f31eedff7fec1ac2b.jpg?resize=1024%2C576&amp;ssl=1 1024w, https:\/\/i0.wp.com\/larevistadigital.com.ar\/blog\/wp-content\/uploads\/Diesel_productv2_lego-batman-2_EGS_WB_LEGO_Batman_2_G1_1920x1080_19_0911-1920x1080-2dd4f86dcc1882caa2a0b82f31eedff7fec1ac2b.jpg?resize=768%2C432&amp;ssl=1 768w, https:\/\/i0.wp.com\/larevistadigital.com.ar\/blog\/wp-content\/uploads\/Diesel_productv2_lego-batman-2_EGS_WB_LEGO_Batman_2_G1_1920x1080_19_0911-1920x1080-2dd4f86dcc1882caa2a0b82f31eedff7fec1ac2b.jpg?resize=1536%2C864&amp;ssl=1 1536w, https:\/\/i0.wp.com\/larevistadigital.com.ar\/blog\/wp-content\/uploads\/Diesel_productv2_lego-batman-2_EGS_WB_LEGO_Batman_2_G1_1920x1080_19_0911-1920x1080-2dd4f86dcc1882caa2a0b82f31eedff7fec1ac2b.jpg?resize=678%2C381&amp;ssl=1 678w\" sizes=\"auto, (max-width: 1000px) 100vw, 1000px\" \/>#Batman Lego<\/a> (2017)<\/strong><\/p>\n<p>NO debe existir versi\u00f3n mejor! Bueno obviamente que s\u00ed; aunque esta versi\u00f3n desde un perfil un tanto ir\u00f3nico sintetiza al gran Bruno D\u00edaz y su identidad a esta altura poco secreta.<br \/>\nEn esta historia podemos conocer al Batman detr\u00e1s del s\u00faper h\u00e9roe; como a pesar del \u00e9xito de ser el icono m\u00e1s popular de ciudad g\u00f3tica carece de una familia y que la soledad de su baticueva se vuelve un tanto inc\u00f3moda.<br \/>\nSu mayor enemigo el Joker, saca de la manga un plan maestro donde pasa las fronteras del universo DC para convocar a villanos de otras franquicias como Voldemort, o el ojo del se\u00f1or de los anillos que invaden ciudad G\u00f3tica a fin de destruirla.<br \/>\nMuy divertida, siempre entretenida como bien lo viene haciendo el mundo Lego. Deje un rato el drama, y disfrute de esta gran pel\u00edcula para la familia.<br \/>\nDisponible en\u00a0<a href=\"https:\/\/www.facebook.com\/pages\/Netflix-Argentina\/1088172314540468?__tn__=%2CdK%2AF-R&amp;eid=ARDSXTYec41BWnFkJwTuJ1QAe0Mv0hAo1bM5ZOlKNuhnJp47WtuIv77dzMBU9EbzCPd_j3ji1sWfM8I6\">Netflix Argentina<\/a>.<\/p>\n<p>&nbsp;<\/p>\n<p><strong><img data-recalc-dims=\"1\" loading=\"lazy\" decoding=\"async\" class=\"alignnone size-full wp-image-15388\" src=\"https:\/\/i0.wp.com\/larevistadigital.com.ar\/blog\/wp-content\/uploads\/1017.jpg?resize=2000%2C1500&#038;ssl=1\" alt=\"\" width=\"2000\" height=\"1500\" srcset=\"https:\/\/i0.wp.com\/larevistadigital.com.ar\/blog\/wp-content\/uploads\/1017.jpg?w=2000&amp;ssl=1 2000w, https:\/\/i0.wp.com\/larevistadigital.com.ar\/blog\/wp-content\/uploads\/1017.jpg?resize=300%2C225&amp;ssl=1 300w, https:\/\/i0.wp.com\/larevistadigital.com.ar\/blog\/wp-content\/uploads\/1017.jpg?resize=1024%2C768&amp;ssl=1 1024w, https:\/\/i0.wp.com\/larevistadigital.com.ar\/blog\/wp-content\/uploads\/1017.jpg?resize=768%2C576&amp;ssl=1 768w, https:\/\/i0.wp.com\/larevistadigital.com.ar\/blog\/wp-content\/uploads\/1017.jpg?resize=1536%2C1152&amp;ssl=1 1536w, https:\/\/i0.wp.com\/larevistadigital.com.ar\/blog\/wp-content\/uploads\/1017.jpg?resize=678%2C509&amp;ssl=1 678w, https:\/\/i0.wp.com\/larevistadigital.com.ar\/blog\/wp-content\/uploads\/1017.jpg?resize=326%2C245&amp;ssl=1 326w, https:\/\/i0.wp.com\/larevistadigital.com.ar\/blog\/wp-content\/uploads\/1017.jpg?resize=80%2C60&amp;ssl=1 80w\" sizes=\"auto, (max-width: 1000px) 100vw, 1000px\" \/>FOCUS (2015)<\/strong><\/p>\n<p>Es como un 9 reinas, pero del primer mundo.<br \/>\nYo la divido en dos partes; una buena y otra no tan interesante.<br \/>\nWill Smith recluta a la novia del joker y la pone a trabajar en una pyme de estafas y robos, le va re bien y la pel\u00edcula pinta re inteligente.<br \/>\nEn la segunda parte ambos personajes y con el marco de la ciudad de Buenos Aires viven otra ya no tan interesante historia de mentiras, simulacros y muchos euros.<br \/>\nYa les digo, al principio esta buena y despu\u00e9s cae un poco. Por cierto; en la peli tiene una breve aparici\u00f3n Juan Minujin, el actor del marginal.<\/p>\n<p>&nbsp;<\/p>\n","protected":false},"excerpt":{"rendered":"<div class=\"mh-excerpt\"><p>#Batman Lego (2017) NO debe existir versi\u00f3n mejor! Bueno obviamente que s\u00ed; aunque esta versi\u00f3n desde un perfil un tanto ir\u00f3nico sintetiza al gran Bruno D\u00edaz y su identidad a esta altura poco secreta. En <a class=\"mh-excerpt-more\" href=\"https:\/\/larevistadigital.com.ar\/blog\/imperdible-2-x-1-el-negro-carrizo-hoy-peliculas\/\" title=\"IMPERDIBLE! 2 X 1 EL \u00abNEGRO CARRIZO\u00bb HOY PEL\u00cdCULAS!\">[Leer M\u00e1s]<\/a><\/p>\n<\/div>","protected":false},"author":3,"featured_media":15349,"comment_status":"open","ping_status":"open","sticky":false,"template":"","format":"standard","meta":{"_jetpack_memberships_contains_paid_content":false,"footnotes":"","jetpack_publicize_message":"","jetpack_publicize_feature_enabled":true,"jetpack_social_post_already_shared":true,"jetpack_social_options":{"image_generator_settings":{"template":"highway","default_image_id":0,"font":"","enabled":false},"version":2}},"categories":[50],"tags":[],"class_list":{"0":"post-15386","1":"post","2":"type-post","3":"status-publish","4":"format-standard","5":"has-post-thumbnail","7":"category-interes-general"},"jetpack_publicize_connections":[],"jetpack_featured_media_url":"https:\/\/i0.wp.com\/larevistadigital.com.ar\/blog\/wp-content\/uploads\/LO-QUE-VIENE-NETFLIX.jpg?fit=620%2C330&ssl=1","jetpack_sharing_enabled":true,"jetpack_shortlink":"https:\/\/wp.me\/p8qtrQ-40a","jetpack-related-posts":[{"id":21298,"url":"https:\/\/larevistadigital.com.ar\/blog\/batimaldad-ni-el-batman-solidario-de-la-plata-zafo-de-la-inseguridad-le-robaron-y-lo-amenazaron-con-un-arma\/","url_meta":{"origin":15386,"position":0},"title":"BATIMALDAD: NI EL BATMAN SOLIDARIO DE LA PLATA ZAF\u00d3 DE LA INSEGURIDAD! LE ROBARON Y LO AMENAZARON CON UN ARMA!","author":"Alejandro Sosa Ruda","date":"30 julio, 2021","format":false,"excerpt":"Ocurri\u00f3 este jueves a la salida del hospital de Ni\u00f1os. Lo atacaron dos motochorros que huyeron con su celular. El personaje solidario hizo un descargo en redes. LA PLATA -\u00a0 Dos ladrones armados asaltaron este jueves por la ma\u00f1ana al Batman Solidario cuando sal\u00eda del hospital de Ni\u00f1os Sor Mar\u00eda\u2026","rel":"","context":"En \u00abPOLICIALES\u00bb","block_context":{"text":"POLICIALES","link":"https:\/\/larevistadigital.com.ar\/blog\/category\/policiales\/"},"img":{"alt_text":"","src":"https:\/\/i0.wp.com\/larevistadigital.com.ar\/blog\/wp-content\/uploads\/BATMAN-SOLIDARIO-DE-LA-PLATA.jpg?fit=1200%2C669&ssl=1&resize=350%2C200","width":350,"height":200,"srcset":"https:\/\/i0.wp.com\/larevistadigital.com.ar\/blog\/wp-content\/uploads\/BATMAN-SOLIDARIO-DE-LA-PLATA.jpg?fit=1200%2C669&ssl=1&resize=350%2C200 1x, https:\/\/i0.wp.com\/larevistadigital.com.ar\/blog\/wp-content\/uploads\/BATMAN-SOLIDARIO-DE-LA-PLATA.jpg?fit=1200%2C669&ssl=1&resize=525%2C300 1.5x, https:\/\/i0.wp.com\/larevistadigital.com.ar\/blog\/wp-content\/uploads\/BATMAN-SOLIDARIO-DE-LA-PLATA.jpg?fit=1200%2C669&ssl=1&resize=700%2C400 2x, https:\/\/i0.wp.com\/larevistadigital.com.ar\/blog\/wp-content\/uploads\/BATMAN-SOLIDARIO-DE-LA-PLATA.jpg?fit=1200%2C669&ssl=1&resize=1050%2C600 3x"},"classes":[]},{"id":15622,"url":"https:\/\/larevistadigital.com.ar\/blog\/que-miramos-aca-con-video-incluido-la-lupa-del-negro-carrizo-hoy-sobre\/","url_meta":{"origin":15386,"position":1},"title":"\u00bfQU\u00c9 MIRAMOS? (AC\u00c1 CON VIDEO INCLU\u00cdDO), LA LUPA DEL \u00abNEGRO CARRIZO\u00bb HOY SOBRE&#8230;.","author":"Alejandro Sosa Ruda","date":"12 junio, 2020","format":false,"excerpt":"Guas\u00f3n\u2026o el joker DC Comic se dio cuenta que el negocio de los superh\u00e9roes no era tan redituable, aparte de que Marvel ya hab\u00eda dilatado bastante la cuesti\u00f3n ,se propone entonces darle vida cinematogr\u00e1fica a sus villanos mas representativos. No pod\u00eda faltar su m\u00e1ximo exponente a esta nueva forma de\u2026","rel":"","context":"En \u00abINTERES GENERAL\u00bb","block_context":{"text":"INTERES GENERAL","link":"https:\/\/larevistadigital.com.ar\/blog\/category\/interes-general\/"},"img":{"alt_text":"","src":"https:\/\/i0.wp.com\/larevistadigital.com.ar\/blog\/wp-content\/uploads\/TODO-SOBRE-CINE.jpg?fit=1024%2C768&ssl=1&resize=350%2C200","width":350,"height":200,"srcset":"https:\/\/i0.wp.com\/larevistadigital.com.ar\/blog\/wp-content\/uploads\/TODO-SOBRE-CINE.jpg?fit=1024%2C768&ssl=1&resize=350%2C200 1x, https:\/\/i0.wp.com\/larevistadigital.com.ar\/blog\/wp-content\/uploads\/TODO-SOBRE-CINE.jpg?fit=1024%2C768&ssl=1&resize=525%2C300 1.5x, https:\/\/i0.wp.com\/larevistadigital.com.ar\/blog\/wp-content\/uploads\/TODO-SOBRE-CINE.jpg?fit=1024%2C768&ssl=1&resize=700%2C400 2x"},"classes":[]},{"id":5513,"url":"https:\/\/larevistadigital.com.ar\/blog\/segun-un-estudio-buenos-aires-es-la-mejor-ciudad-de-america-latina-para-ir-a-estudiar\/","url_meta":{"origin":15386,"position":2},"title":"SEG\u00daN UN ESTUDIO BUENOS AIRES ES LA MEJOR CIUDAD DE AM\u00c9RICA LATINA PARA IR A ESTUDIAR","author":"Alejandro Sosa Ruda","date":"9 mayo, 2018","format":false,"excerpt":"Seg\u00fan un estudio, y por quinto a\u00f1o consecutivo, Buenos Aires fue nombrada como\u00a0la\u00a0ciudad\u00a0mejor posicionada para estudiar en toda Latinoam\u00e9rica. As\u00ed lo defini\u00f3 la nueva edici\u00f3n del\u00a0QS Best Student Cities Ranking,\u00a0publicada este martes por los analistas internacionales de educaci\u00f3n superior QS Quacquarelli Symonds. En el an\u00e1lisis mundial se muestra c\u00f3mo\u00a0Buenos Aires\u00a0salta\u2026","rel":"","context":"En \u00abPOLITICA\u00bb","block_context":{"text":"POLITICA","link":"https:\/\/larevistadigital.com.ar\/blog\/category\/politica\/"},"img":{"alt_text":"","src":"https:\/\/i0.wp.com\/larevistadigital.com.ar\/blog\/wp-content\/uploads\/2018\/05\/UBA-1_opt_opt.jpg?fit=1200%2C701&ssl=1&resize=350%2C200","width":350,"height":200,"srcset":"https:\/\/i0.wp.com\/larevistadigital.com.ar\/blog\/wp-content\/uploads\/2018\/05\/UBA-1_opt_opt.jpg?fit=1200%2C701&ssl=1&resize=350%2C200 1x, https:\/\/i0.wp.com\/larevistadigital.com.ar\/blog\/wp-content\/uploads\/2018\/05\/UBA-1_opt_opt.jpg?fit=1200%2C701&ssl=1&resize=525%2C300 1.5x, https:\/\/i0.wp.com\/larevistadigital.com.ar\/blog\/wp-content\/uploads\/2018\/05\/UBA-1_opt_opt.jpg?fit=1200%2C701&ssl=1&resize=700%2C400 2x, https:\/\/i0.wp.com\/larevistadigital.com.ar\/blog\/wp-content\/uploads\/2018\/05\/UBA-1_opt_opt.jpg?fit=1200%2C701&ssl=1&resize=1050%2C600 3x"},"classes":[]},{"id":35047,"url":"https:\/\/larevistadigital.com.ar\/blog\/recoleta-un-hombre-se-atrinchero-en-una-terraza-con-su-hija-de-6-anos-como-rehen\/","url_meta":{"origin":15386,"position":3},"title":"RECOLETA: UN HOMBRE SE ATRINCHER\u00d3 EN UNA TERRAZA CON SU HIJA DE 6 A\u00d1OS COMO REHEN","author":"Alejandro Sosa Ruda","date":"20 enero, 2024","format":false,"excerpt":"Es en Avenida Santa Fe y Pueyrred\u00f3n. Grupos especiales de la Polic\u00eda de la Ciudad negocian para lograr la liberaci\u00f3n de la menor. 20 de enero de 2023 Recoleta, CABA -\u00a0 Momentos de extrema tensi\u00f3n se viven en el barrio porte\u00f1o de Recoleta\u00a0donde un hombre se encerr\u00f3 en la terraza\u2026","rel":"","context":"En \u00abINTERES GENERAL\u00bb","block_context":{"text":"INTERES GENERAL","link":"https:\/\/larevistadigital.com.ar\/blog\/category\/interes-general\/"},"img":{"alt_text":"","src":"https:\/\/i0.wp.com\/larevistadigital.com.ar\/blog\/wp-content\/uploads\/Captura-de-pantalla-2024-01-20-130237.png?fit=902%2C471&ssl=1&resize=350%2C200","width":350,"height":200,"srcset":"https:\/\/i0.wp.com\/larevistadigital.com.ar\/blog\/wp-content\/uploads\/Captura-de-pantalla-2024-01-20-130237.png?fit=902%2C471&ssl=1&resize=350%2C200 1x, https:\/\/i0.wp.com\/larevistadigital.com.ar\/blog\/wp-content\/uploads\/Captura-de-pantalla-2024-01-20-130237.png?fit=902%2C471&ssl=1&resize=525%2C300 1.5x, https:\/\/i0.wp.com\/larevistadigital.com.ar\/blog\/wp-content\/uploads\/Captura-de-pantalla-2024-01-20-130237.png?fit=902%2C471&ssl=1&resize=700%2C400 2x"},"classes":[]},{"id":26542,"url":"https:\/\/larevistadigital.com.ar\/blog\/quieren-declarar-ciudadano-ilustre-post-mortem-a-diego-armando-maradona\/","url_meta":{"origin":15386,"position":4},"title":"QUIEREN DECLARAR CIUDADANO ILUSTRE POST MORTEM A DIEGO ARMANDO MARADONA","author":"Alejandro Sosa Ruda","date":"13 julio, 2022","format":false,"excerpt":"La distinci\u00f3n es propuesta por concejales de Juntos. \"El Diez dej\u00f3 una huella imborrable en todos los platenses\", aseguran en el proyecto de ordenanza. LA PLATA -\u00a0 Concejales de Juntos presentaron un proyecto de ordenanza en el deliberativo platense para declarar ciudadano ilustre post mortem a Diego Armando Maradona\u00a0por su\u2026","rel":"","context":"En \u00abCURIOSAS\u00bb","block_context":{"text":"CURIOSAS","link":"https:\/\/larevistadigital.com.ar\/blog\/category\/curiosas\/"},"img":{"alt_text":"","src":"https:\/\/i0.wp.com\/larevistadigital.com.ar\/blog\/wp-content\/uploads\/1647885435149.jpg?fit=1200%2C594&ssl=1&resize=350%2C200","width":350,"height":200,"srcset":"https:\/\/i0.wp.com\/larevistadigital.com.ar\/blog\/wp-content\/uploads\/1647885435149.jpg?fit=1200%2C594&ssl=1&resize=350%2C200 1x, https:\/\/i0.wp.com\/larevistadigital.com.ar\/blog\/wp-content\/uploads\/1647885435149.jpg?fit=1200%2C594&ssl=1&resize=525%2C300 1.5x, https:\/\/i0.wp.com\/larevistadigital.com.ar\/blog\/wp-content\/uploads\/1647885435149.jpg?fit=1200%2C594&ssl=1&resize=700%2C400 2x, https:\/\/i0.wp.com\/larevistadigital.com.ar\/blog\/wp-content\/uploads\/1647885435149.jpg?fit=1200%2C594&ssl=1&resize=1050%2C600 3x"},"classes":[]},{"id":9156,"url":"https:\/\/larevistadigital.com.ar\/blog\/castelli-el-intendente-echarren-promete-entregar-un-lote-a-cada-familia-de-su-ciudad\/","url_meta":{"origin":15386,"position":5},"title":"CASTELLI: EL INTENDENTE ECHARREN PROMETE ENTREGAR UN LOTE A CADA FAMILIA DE SU CIUDAD","author":"Alejandro Sosa Ruda","date":"17 marzo, 2019","format":false,"excerpt":"El intendente de Castelli, Franc\u00edsco Echarren, prometi\u00f3 a trav\u00e9s de su cuenta oficial de Facebook que tiene la decisi\u00f3n tomada de dar soluci\u00f3n al problema habitacional en su distrito. Aqu\u00ed la publicaci\u00f3n del alcalde: #UnTerrenoPorD\u00eda\u00a0\ud83c\udfe1 \u00bfC\u00f3mo puede ser que en una provincia donde lo que sobra es la tierra, haya\u2026","rel":"","context":"En \u00abCASTELLI\u00bb","block_context":{"text":"CASTELLI","link":"https:\/\/larevistadigital.com.ar\/blog\/category\/castelli\/"},"img":{"alt_text":"","src":"https:\/\/i0.wp.com\/larevistadigital.com.ar\/blog\/wp-content\/uploads\/2019\/03\/53560557_1216880881805020_8639566143150882816_o.jpg?fit=1200%2C848&ssl=1&resize=350%2C200","width":350,"height":200,"srcset":"https:\/\/i0.wp.com\/larevistadigital.com.ar\/blog\/wp-content\/uploads\/2019\/03\/53560557_1216880881805020_8639566143150882816_o.jpg?fit=1200%2C848&ssl=1&resize=350%2C200 1x, https:\/\/i0.wp.com\/larevistadigital.com.ar\/blog\/wp-content\/uploads\/2019\/03\/53560557_1216880881805020_8639566143150882816_o.jpg?fit=1200%2C848&ssl=1&resize=525%2C300 1.5x, https:\/\/i0.wp.com\/larevistadigital.com.ar\/blog\/wp-content\/uploads\/2019\/03\/53560557_1216880881805020_8639566143150882816_o.jpg?fit=1200%2C848&ssl=1&resize=700%2C400 2x, https:\/\/i0.wp.com\/larevistadigital.com.ar\/blog\/wp-content\/uploads\/2019\/03\/53560557_1216880881805020_8639566143150882816_o.jpg?fit=1200%2C848&ssl=1&resize=1050%2C600 3x"},"classes":[]}],"_links":{"self":[{"href":"https:\/\/larevistadigital.com.ar\/blog\/wp-json\/wp\/v2\/posts\/15386","targetHints":{"allow":["GET"]}}],"collection":[{"href":"https:\/\/larevistadigital.com.ar\/blog\/wp-json\/wp\/v2\/posts"}],"about":[{"href":"https:\/\/larevistadigital.com.ar\/blog\/wp-json\/wp\/v2\/types\/post"}],"author":[{"embeddable":true,"href":"https:\/\/larevistadigital.com.ar\/blog\/wp-json\/wp\/v2\/users\/3"}],"replies":[{"embeddable":true,"href":"https:\/\/larevistadigital.com.ar\/blog\/wp-json\/wp\/v2\/comments?post=15386"}],"version-history":[{"count":1,"href":"https:\/\/larevistadigital.com.ar\/blog\/wp-json\/wp\/v2\/posts\/15386\/revisions"}],"predecessor-version":[{"id":15389,"href":"https:\/\/larevistadigital.com.ar\/blog\/wp-json\/wp\/v2\/posts\/15386\/revisions\/15389"}],"wp:featuredmedia":[{"embeddable":true,"href":"https:\/\/larevistadigital.com.ar\/blog\/wp-json\/wp\/v2\/media\/15349"}],"wp:attachment":[{"href":"https:\/\/larevistadigital.com.ar\/blog\/wp-json\/wp\/v2\/media?parent=15386"}],"wp:term":[{"taxonomy":"category","embeddable":true,"href":"https:\/\/larevistadigital.com.ar\/blog\/wp-json\/wp\/v2\/categories?post=15386"},{"taxonomy":"post_tag","embeddable":true,"href":"https:\/\/larevistadigital.com.ar\/blog\/wp-json\/wp\/v2\/tags?post=15386"}],"curies":[{"name":"wp","href":"https:\/\/api.w.org\/{rel}","templated":true}]}}