{"id":1539,"date":"2017-03-22T22:01:56","date_gmt":"2017-03-22T22:01:56","guid":{"rendered":"https:\/\/larevistadigital.com.ar\/blog\/?p=1539"},"modified":"2017-03-22T22:01:56","modified_gmt":"2017-03-22T22:01:56","slug":"marcos-pena-se-cruzo-fuerte-con-el-kirchnerismo-en-el-congreso","status":"publish","type":"post","link":"https:\/\/larevistadigital.com.ar\/blog\/marcos-pena-se-cruzo-fuerte-con-el-kirchnerismo-en-el-congreso\/","title":{"rendered":"MARCOS PE\u00d1A SE CRUZ\u00d3 FUERTE CON EL KIRCHNERISMO EN EL CONGRESO"},"content":{"rendered":"<h2>Momentos de tensi\u00f3n, cruces y chicanas se vivieron durante la visita del Jefe de Gabinete a la C\u00e1mara de Diputados para informar acerca la gesti\u00f3n del gobierno nacional durante el \u00faltimo a\u00f1o.<\/h2>\n<p>Pe\u00f1a no solo contest\u00f3 todas las preguntas, sino que adem\u00e1s confront\u00f3 con dureza los embates del bloque del Frente para la Victoria, inclusive llegando a decirles que \u201cvaloren su presencia en la C\u00e1mara\u201d.<\/p>\n<p>Uno de los reclamos del grupo kirchnerista fue que se cumpla con la paritaria nacional docente, en donde el diputado Axel Kicillof critic\u00f3 a Pe\u00f1a porque \u201cno ve\u00eda la realidad\u201d.<\/p>\n<p><strong><em>\u00abUsted no ve la realidad, no ve los 100 mil docentes que hoy va a haber en la calle\u00bb<\/em><\/strong>, sentenci\u00f3 <strong>Kicillof<\/strong>, pocos d\u00edas despu\u00e9s de que la conductora\u00a0<strong><em>Mirtha <\/em>Legrand<\/strong>\u00a0cuestionara al propio presidente\u00a0<strong>Mauricio Macri\u00a0<\/strong>y a su esposa\u00a0<strong>Juliana Awada<\/strong>\u00a0porque\u00a0<strong><em>\u201cNo ven la realidad social del pa\u00eds\u201d <\/em><\/strong><\/p>\n<p>De hecho, fueron varios los legisladores del Frente para la Victoria los que citaron la frase de la conductora <strong>-\u00abustedes no ven la realidad\u00bb-<\/strong>.<\/p>\n<blockquote>\n<h3><strong>R\u00e1pido de reflejos, Pe\u00f1a dispar\u00f3: <em>\u00abMe sorprende la cita de Mirtha Legrand del kirchnerismo. Nosotros tenemos un enorme respeto por Mirtha Legrand. Me emociona la evoluci\u00f3n que han adoptado, se va cerrando la grieta mal que mal\u00bb<\/em>, sentenci\u00f3.<\/strong><\/h3>\n<\/blockquote>\n<p>Por otra parte, Kicillof asegur\u00f3 que Cambiemos gobierna para un sector de la sociedad, ya que <strong><em>\u00able perdona impuestos a los ricos y se los sube a los pobres\u00bb.<\/em><\/strong><\/p>\n<p><a href=\"https:\/\/i0.wp.com\/larevistadigital.com.ar\/blog\/wp-content\/uploads\/2017\/03\/axel-maximo.jpg?ssl=1\"><img data-recalc-dims=\"1\" loading=\"lazy\" decoding=\"async\" class=\"size-full wp-image-1540\" src=\"https:\/\/i0.wp.com\/larevistadigital.com.ar\/blog\/wp-content\/uploads\/2017\/03\/axel-maximo.jpg?resize=2000%2C1125&#038;ssl=1\" alt=\"\" width=\"2000\" height=\"1125\" srcset=\"https:\/\/i0.wp.com\/larevistadigital.com.ar\/blog\/wp-content\/uploads\/2017\/03\/axel-maximo.jpg?w=2000&amp;ssl=1 2000w, https:\/\/i0.wp.com\/larevistadigital.com.ar\/blog\/wp-content\/uploads\/2017\/03\/axel-maximo.jpg?resize=300%2C169&amp;ssl=1 300w, https:\/\/i0.wp.com\/larevistadigital.com.ar\/blog\/wp-content\/uploads\/2017\/03\/axel-maximo.jpg?resize=768%2C432&amp;ssl=1 768w, https:\/\/i0.wp.com\/larevistadigital.com.ar\/blog\/wp-content\/uploads\/2017\/03\/axel-maximo.jpg?resize=1024%2C576&amp;ssl=1 1024w, https:\/\/i0.wp.com\/larevistadigital.com.ar\/blog\/wp-content\/uploads\/2017\/03\/axel-maximo.jpg?resize=678%2C381&amp;ssl=1 678w\" sizes=\"auto, (max-width: 1000px) 100vw, 1000px\" \/><\/a><\/p>\n<p><strong><em>\u00abUstedes han destruido mucho empleo\u00bb<\/em><\/strong>, dijo <strong>Kicillof<\/strong> quien adem\u00e1s asegur\u00f3 que en los a\u00f1os que gobern\u00f3 el kirchnerismo es <strong><em>\u00abmentira\u00bb decir \u00abque no se creaba empleo\u00bb. \u00abNo se justifica que tengan que mentir a la gente, digan la verdad. \u00bfQu\u00e9 van a hacer para cambiarlo, si quieren otro resultado?\u00bb<\/em><\/strong>, plante\u00f3.<\/p>\n<p>Y en ese contexto, el ex ministro le pregunt\u00f3: <strong><em>\u00ab\u00bfC\u00f3mo quieren no tener un mill\u00f3n de personas en la calle, 100 mil docentes en la calle, si les robaron 10 puntos de salario y no se lo dejan recuperar?\u00bb.<\/em><\/strong><\/p>\n<p>Pe\u00f1a por su parte, harto de escuchar cr\u00edticas y chicanas kirchneristas reaccion\u00f3 diciendo: <strong><em>\u201c\u00a1H\u00e1ganse cargo de algo, alguna vez, no vendan humo!\u201d<\/em><\/strong>.<\/p>\n<p><a href=\"https:\/\/i0.wp.com\/larevistadigital.com.ar\/blog\/wp-content\/uploads\/2017\/03\/diputados-marcos-pe%C3%B1a.jpg?ssl=1\"><img data-recalc-dims=\"1\" loading=\"lazy\" decoding=\"async\" class=\"size-full wp-image-1541\" src=\"https:\/\/i0.wp.com\/larevistadigital.com.ar\/blog\/wp-content\/uploads\/2017\/03\/diputados-marcos-pe%C3%B1a.jpg?resize=1200%2C900&#038;ssl=1\" alt=\"\" width=\"1200\" height=\"900\" srcset=\"https:\/\/i0.wp.com\/larevistadigital.com.ar\/blog\/wp-content\/uploads\/2017\/03\/diputados-marcos-pe%C3%B1a.jpg?w=1200&amp;ssl=1 1200w, https:\/\/i0.wp.com\/larevistadigital.com.ar\/blog\/wp-content\/uploads\/2017\/03\/diputados-marcos-pe%C3%B1a.jpg?resize=300%2C225&amp;ssl=1 300w, https:\/\/i0.wp.com\/larevistadigital.com.ar\/blog\/wp-content\/uploads\/2017\/03\/diputados-marcos-pe%C3%B1a.jpg?resize=768%2C576&amp;ssl=1 768w, https:\/\/i0.wp.com\/larevistadigital.com.ar\/blog\/wp-content\/uploads\/2017\/03\/diputados-marcos-pe%C3%B1a.jpg?resize=1024%2C768&amp;ssl=1 1024w, https:\/\/i0.wp.com\/larevistadigital.com.ar\/blog\/wp-content\/uploads\/2017\/03\/diputados-marcos-pe%C3%B1a.jpg?resize=678%2C509&amp;ssl=1 678w, https:\/\/i0.wp.com\/larevistadigital.com.ar\/blog\/wp-content\/uploads\/2017\/03\/diputados-marcos-pe%C3%B1a.jpg?resize=326%2C245&amp;ssl=1 326w, https:\/\/i0.wp.com\/larevistadigital.com.ar\/blog\/wp-content\/uploads\/2017\/03\/diputados-marcos-pe%C3%B1a.jpg?resize=80%2C60&amp;ssl=1 80w\" sizes=\"auto, (max-width: 1000px) 100vw, 1000px\" \/><\/a><\/p>\n<p>Cuando el camporista <strong>Recalde<\/strong> le hizo reclamos por paritarias docentes, Pe\u00f1a reaccion\u00f3 diciendo: <strong><em>\u201c\u00a1No mientan m\u00e1s, porque lo que est\u00e1n disfrazando es una discusi\u00f3n pol\u00edtica, y que no se animan a discutir el desastre que nos dejaron en la provincia de Buenos Aires!\u201d \u201cConmueve ese amor por la verdad del FpV, es mejor para la democracia que adopten esa actitud \u2013ironiz\u00f3-. Esto no es chicana, porque ustedes est\u00e1n dando un discurso pol\u00edtico, sosteniendo muchas mentiras y para igualar donde no se pueden defender\u201d.<\/em><\/strong><\/p>\n<blockquote>\n<h3><strong>Con respecto al programa \u201cConectar igualdad\u201d dispar\u00f3: <em>\u201cLos mismos proveedores que la vend\u00edan a 400 d\u00f3lares (la notebook) la venden a 215, \u00bfd\u00f3nde est\u00e1 la diferencia?\u201d<\/em><\/strong><\/h3>\n<\/blockquote>\n<p>Al ex ministro <strong>Axel Kicillof<\/strong>, le contest\u00f3<strong><em>: \u201cDijo que parece que gobernamos a ciegas la econom\u00eda, es una buena met\u00e1fora porque ustedes destruyeron todos los instrumentos de navegaci\u00f3n, empezando por el Indec\u201d<\/em><\/strong>. Y lo desafi\u00f3 a que hablara de la recesi\u00f3n y devaluaci\u00f3n de 2014, cuando aquel era ministro<\/p>\n<p>&nbsp;<\/p>\n<p>&nbsp;<\/p>\n<p>&nbsp;<\/p>\n","protected":false},"excerpt":{"rendered":"<div class=\"mh-excerpt\"><p>Momentos de tensi\u00f3n, cruces y chicanas se vivieron durante la visita del Jefe de Gabinete a la C\u00e1mara de Diputados para informar acerca la gesti\u00f3n del gobierno nacional durante el \u00faltimo a\u00f1o. Pe\u00f1a no solo <a class=\"mh-excerpt-more\" href=\"https:\/\/larevistadigital.com.ar\/blog\/marcos-pena-se-cruzo-fuerte-con-el-kirchnerismo-en-el-congreso\/\" title=\"MARCOS PE\u00d1A SE CRUZ\u00d3 FUERTE CON EL KIRCHNERISMO EN EL CONGRESO\">[Leer M\u00e1s]<\/a><\/p>\n<\/div>","protected":false},"author":3,"featured_media":1542,"comment_status":"open","ping_status":"open","sticky":false,"template":"","format":"standard","meta":{"_jetpack_memberships_contains_paid_content":false,"footnotes":"","jetpack_publicize_message":"","jetpack_publicize_feature_enabled":true,"jetpack_social_post_already_shared":true,"jetpack_social_options":{"image_generator_settings":{"template":"highway","default_image_id":0,"font":"","enabled":false},"version":2}},"categories":[41,12,25],"tags":[],"class_list":{"0":"post-1539","1":"post","2":"type-post","3":"status-publish","4":"format-standard","5":"has-post-thumbnail","7":"category-destacadas","8":"category-politica","9":"category-politica-nacional"},"jetpack_publicize_connections":[],"jetpack_featured_media_url":"https:\/\/i0.wp.com\/larevistadigital.com.ar\/blog\/wp-content\/uploads\/2017\/03\/2182622.jpg?fit=2000%2C1125&ssl=1","jetpack_sharing_enabled":true,"jetpack_shortlink":"https:\/\/wp.me\/p8qtrQ-oP","jetpack-related-posts":[{"id":40184,"url":"https:\/\/larevistadigital.com.ar\/blog\/ensenada-kicillof-presento-el-programa-mayores-bonaerenses-activos\/","url_meta":{"origin":1539,"position":0},"title":"Ensenada: Kicillof present\u00f3 el programa Mayores Bonaerenses Activos","author":"Alejandro Sosa Ruda","date":"26 junio, 2025","format":false,"excerpt":"Otro acto para promocionar la incusi\u00f3n de los adultos mayores. 26 de Junio de 2025 El gobernador de la provincia de Buenos Aires, Axel Kicillof, encabez\u00f3 este jueves el acto de presentaci\u00f3n del programa Mayores Bonaerenses Activos, que busca promover la inclusi\u00f3n, el bienestar y la participaci\u00f3n de personas mayores\u2026","rel":"","context":"En \u00abPOLITICA PROVINCIAL\u00bb","block_context":{"text":"POLITICA PROVINCIAL","link":"https:\/\/larevistadigital.com.ar\/blog\/category\/politica\/politica-provincial\/"},"img":{"alt_text":"","src":"https:\/\/i0.wp.com\/larevistadigital.com.ar\/blog\/wp-content\/uploads\/77A11062-scaled.jpg?fit=1200%2C800&ssl=1&resize=350%2C200","width":350,"height":200,"srcset":"https:\/\/i0.wp.com\/larevistadigital.com.ar\/blog\/wp-content\/uploads\/77A11062-scaled.jpg?fit=1200%2C800&ssl=1&resize=350%2C200 1x, https:\/\/i0.wp.com\/larevistadigital.com.ar\/blog\/wp-content\/uploads\/77A11062-scaled.jpg?fit=1200%2C800&ssl=1&resize=525%2C300 1.5x, https:\/\/i0.wp.com\/larevistadigital.com.ar\/blog\/wp-content\/uploads\/77A11062-scaled.jpg?fit=1200%2C800&ssl=1&resize=700%2C400 2x, https:\/\/i0.wp.com\/larevistadigital.com.ar\/blog\/wp-content\/uploads\/77A11062-scaled.jpg?fit=1200%2C800&ssl=1&resize=1050%2C600 3x"},"classes":[]},{"id":38161,"url":"https:\/\/larevistadigital.com.ar\/blog\/intendente-denuncia-abandono-de-la-ruta-7-y-kicillof-respaldo-su-reclamo\/","url_meta":{"origin":1539,"position":1},"title":"Intendente denuncia abandono de la Ruta 7 y Kicillof respald\u00f3 su reclamo","author":"Alejandro Sosa Ruda","date":"6 diciembre, 2024","format":false,"excerpt":"El Jefe Comunal de Leandro N. Alem (UxP), Carlos Ferraris, critic\u00f3 duramente a la concesionaria vial responsable del mantenimiento de la Ruta 7, acus\u00e1ndola de \"abandono\" y de no garantizar la seguridad de los usuarios debido al evidente deterioro de la carretera. 6 de Diciembre de BUENOS AIRES -\u00a0 En\u2026","rel":"","context":"En \u00abPOLITICA\u00bb","block_context":{"text":"POLITICA","link":"https:\/\/larevistadigital.com.ar\/blog\/category\/politica\/"},"img":{"alt_text":"","src":"https:\/\/i0.wp.com\/larevistadigital.com.ar\/blog\/wp-content\/uploads\/20241206171858_carlos-charly-ferraris-intendente-alem-ruta-7-kicillof.jpg?fit=880%2C512&ssl=1&resize=350%2C200","width":350,"height":200,"srcset":"https:\/\/i0.wp.com\/larevistadigital.com.ar\/blog\/wp-content\/uploads\/20241206171858_carlos-charly-ferraris-intendente-alem-ruta-7-kicillof.jpg?fit=880%2C512&ssl=1&resize=350%2C200 1x, https:\/\/i0.wp.com\/larevistadigital.com.ar\/blog\/wp-content\/uploads\/20241206171858_carlos-charly-ferraris-intendente-alem-ruta-7-kicillof.jpg?fit=880%2C512&ssl=1&resize=525%2C300 1.5x, https:\/\/i0.wp.com\/larevistadigital.com.ar\/blog\/wp-content\/uploads\/20241206171858_carlos-charly-ferraris-intendente-alem-ruta-7-kicillof.jpg?fit=880%2C512&ssl=1&resize=700%2C400 2x"},"classes":[]},{"id":21993,"url":"https:\/\/larevistadigital.com.ar\/blog\/luego-de-la-derrota-de-las-paso-el-gabinete-bonaerense-puso-a-disposicion-su-renuncia-ante-kicillof\/","url_meta":{"origin":1539,"position":2},"title":"LUEGO DE LA DERROTA DE LAS PASO, EL GABINETE BONAERENSE PUSO A DISPOSICI\u00d3N SU RENUNCIA ANTE KICILLOF","author":"Alejandro Sosa Ruda","date":"15 septiembre, 2021","format":false,"excerpt":"La totalidad de los ministros bonaerenses puso su renuncia a disposici\u00f3n del gobernador Axel Kicillof, como consecuencia de la derrota que sufri\u00f3 el Frente de Todos en las elecciones primarias del pasado domingo, revel\u00f3 la ministra de Gobierno, Teresa Garc\u00eda, quien adem\u00e1s consider\u00f3 que \u201ces lo que corresponde y ahora\u2026","rel":"","context":"En \u00abINTERES GENERAL\u00bb","block_context":{"text":"INTERES GENERAL","link":"https:\/\/larevistadigital.com.ar\/blog\/category\/interes-general\/"},"img":{"alt_text":"","src":"https:\/\/i0.wp.com\/larevistadigital.com.ar\/blog\/wp-content\/uploads\/Captura-de-pantalla-2021-09-15-150756.jpg?fit=1010%2C668&ssl=1&resize=350%2C200","width":350,"height":200,"srcset":"https:\/\/i0.wp.com\/larevistadigital.com.ar\/blog\/wp-content\/uploads\/Captura-de-pantalla-2021-09-15-150756.jpg?fit=1010%2C668&ssl=1&resize=350%2C200 1x, https:\/\/i0.wp.com\/larevistadigital.com.ar\/blog\/wp-content\/uploads\/Captura-de-pantalla-2021-09-15-150756.jpg?fit=1010%2C668&ssl=1&resize=525%2C300 1.5x, https:\/\/i0.wp.com\/larevistadigital.com.ar\/blog\/wp-content\/uploads\/Captura-de-pantalla-2021-09-15-150756.jpg?fit=1010%2C668&ssl=1&resize=700%2C400 2x"},"classes":[]},{"id":40723,"url":"https:\/\/larevistadigital.com.ar\/blog\/kicillof-inauguro-un-nuevo-centro-de-salud-y-entrego-patrulleros-en-junin\/","url_meta":{"origin":1539,"position":3},"title":"Kicillof inaugur\u00f3 un nuevo centro de salud y entreg\u00f3 patrulleros en Jun\u00edn","author":"Alejandro Sosa Ruda","date":"2 agosto, 2025","format":false,"excerpt":"El gobernador bonaerense Axel Kicillof encabez\u00f3 este viernes la apertura de un nuevo Centro de Atenci\u00f3n Primaria de la Salud (CAPS) en el barrio San Cayetano del partido de Jun\u00edn. Adem\u00e1s, hizo entrega de patrulleros con el objetivo de reforzar las tareas de seguridad en el municipio. Estuvo acompa\u00f1ado por\u2026","rel":"","context":"En \u00abDESTACADAS\u00bb","block_context":{"text":"DESTACADAS","link":"https:\/\/larevistadigital.com.ar\/blog\/category\/destacadas\/"},"img":{"alt_text":"","src":"https:\/\/i0.wp.com\/larevistadigital.com.ar\/blog\/wp-content\/uploads\/20250801171157_kicillof-petrecca-junin.jpg?fit=880%2C512&ssl=1&resize=350%2C200","width":350,"height":200,"srcset":"https:\/\/i0.wp.com\/larevistadigital.com.ar\/blog\/wp-content\/uploads\/20250801171157_kicillof-petrecca-junin.jpg?fit=880%2C512&ssl=1&resize=350%2C200 1x, https:\/\/i0.wp.com\/larevistadigital.com.ar\/blog\/wp-content\/uploads\/20250801171157_kicillof-petrecca-junin.jpg?fit=880%2C512&ssl=1&resize=525%2C300 1.5x, https:\/\/i0.wp.com\/larevistadigital.com.ar\/blog\/wp-content\/uploads\/20250801171157_kicillof-petrecca-junin.jpg?fit=880%2C512&ssl=1&resize=700%2C400 2x"},"classes":[]},{"id":40191,"url":"https:\/\/larevistadigital.com.ar\/blog\/kicillof-reinauguro-el-cine-teatro-de-la-sociedad-espanola-de-general-las-heras\/","url_meta":{"origin":1539,"position":4},"title":"Kicillof reinaugur\u00f3 el Cine-Teatro de la Sociedad Espa\u00f1ola de General Las Heras","author":"Alejandro Sosa Ruda","date":"26 junio, 2025","format":false,"excerpt":"Tras haber cerrado durante 40 a\u00f1os, su reapertura permitir\u00e1 que funcione como un espacio de actividades sociales y promoci\u00f3n de la cultura. 26 de Junio de 2025 BUENOS AIRES -\u00a0 \u00a0El gobernador de la provincia de Buenos Aires, Axel Kicillof, encabez\u00f3 este mi\u00e9rcoles en General Las Heras el acto de\u2026","rel":"","context":"En \u00abPOLITICA PROVINCIAL\u00bb","block_context":{"text":"POLITICA PROVINCIAL","link":"https:\/\/larevistadigital.com.ar\/blog\/category\/politica\/politica-provincial\/"},"img":{"alt_text":"","src":"https:\/\/i0.wp.com\/larevistadigital.com.ar\/blog\/wp-content\/uploads\/77A08453-scaled.jpg?fit=1200%2C800&ssl=1&resize=350%2C200","width":350,"height":200,"srcset":"https:\/\/i0.wp.com\/larevistadigital.com.ar\/blog\/wp-content\/uploads\/77A08453-scaled.jpg?fit=1200%2C800&ssl=1&resize=350%2C200 1x, https:\/\/i0.wp.com\/larevistadigital.com.ar\/blog\/wp-content\/uploads\/77A08453-scaled.jpg?fit=1200%2C800&ssl=1&resize=525%2C300 1.5x, https:\/\/i0.wp.com\/larevistadigital.com.ar\/blog\/wp-content\/uploads\/77A08453-scaled.jpg?fit=1200%2C800&ssl=1&resize=700%2C400 2x, https:\/\/i0.wp.com\/larevistadigital.com.ar\/blog\/wp-content\/uploads\/77A08453-scaled.jpg?fit=1200%2C800&ssl=1&resize=1050%2C600 3x"},"classes":[]},{"id":39164,"url":"https:\/\/larevistadigital.com.ar\/blog\/kicillof-inauguro-el-edificio-educativo-n-250-en-cinco-anos-de-gestion\/","url_meta":{"origin":1539,"position":5},"title":"Kicillof inaugur\u00f3 el edificio educativo N\u00b0 250 en cinco a\u00f1os de gesti\u00f3n","author":"Alejandro Sosa Ruda","date":"27 marzo, 2025","format":false,"excerpt":"El gobernador de la provincia de Buenos Aires, Axel Kicillof, encabez\u00f3 la inauguraci\u00f3n del edificio educativo N\u00b0 250 construido durante su gesti\u00f3n. La ceremonia se llev\u00f3 a cabo en las nuevas instalaciones de la Escuela Secundaria N\u00b0 9 de Ezeiza, junto al director general de Cultura y Educaci\u00f3n, Alberto Sileoni;\u2026","rel":"","context":"En \u00abINTERES GENERAL\u00bb","block_context":{"text":"INTERES GENERAL","link":"https:\/\/larevistadigital.com.ar\/blog\/category\/interes-general\/"},"img":{"alt_text":"","src":"https:\/\/i0.wp.com\/larevistadigital.com.ar\/blog\/wp-content\/uploads\/20250327195419_kicillof-inauguracion-escuela-ezeiza.jpg?fit=880%2C512&ssl=1&resize=350%2C200","width":350,"height":200,"srcset":"https:\/\/i0.wp.com\/larevistadigital.com.ar\/blog\/wp-content\/uploads\/20250327195419_kicillof-inauguracion-escuela-ezeiza.jpg?fit=880%2C512&ssl=1&resize=350%2C200 1x, https:\/\/i0.wp.com\/larevistadigital.com.ar\/blog\/wp-content\/uploads\/20250327195419_kicillof-inauguracion-escuela-ezeiza.jpg?fit=880%2C512&ssl=1&resize=525%2C300 1.5x, https:\/\/i0.wp.com\/larevistadigital.com.ar\/blog\/wp-content\/uploads\/20250327195419_kicillof-inauguracion-escuela-ezeiza.jpg?fit=880%2C512&ssl=1&resize=700%2C400 2x"},"classes":[]}],"_links":{"self":[{"href":"https:\/\/larevistadigital.com.ar\/blog\/wp-json\/wp\/v2\/posts\/1539","targetHints":{"allow":["GET"]}}],"collection":[{"href":"https:\/\/larevistadigital.com.ar\/blog\/wp-json\/wp\/v2\/posts"}],"about":[{"href":"https:\/\/larevistadigital.com.ar\/blog\/wp-json\/wp\/v2\/types\/post"}],"author":[{"embeddable":true,"href":"https:\/\/larevistadigital.com.ar\/blog\/wp-json\/wp\/v2\/users\/3"}],"replies":[{"embeddable":true,"href":"https:\/\/larevistadigital.com.ar\/blog\/wp-json\/wp\/v2\/comments?post=1539"}],"version-history":[{"count":1,"href":"https:\/\/larevistadigital.com.ar\/blog\/wp-json\/wp\/v2\/posts\/1539\/revisions"}],"predecessor-version":[{"id":1543,"href":"https:\/\/larevistadigital.com.ar\/blog\/wp-json\/wp\/v2\/posts\/1539\/revisions\/1543"}],"wp:featuredmedia":[{"embeddable":true,"href":"https:\/\/larevistadigital.com.ar\/blog\/wp-json\/wp\/v2\/media\/1542"}],"wp:attachment":[{"href":"https:\/\/larevistadigital.com.ar\/blog\/wp-json\/wp\/v2\/media?parent=1539"}],"wp:term":[{"taxonomy":"category","embeddable":true,"href":"https:\/\/larevistadigital.com.ar\/blog\/wp-json\/wp\/v2\/categories?post=1539"},{"taxonomy":"post_tag","embeddable":true,"href":"https:\/\/larevistadigital.com.ar\/blog\/wp-json\/wp\/v2\/tags?post=1539"}],"curies":[{"name":"wp","href":"https:\/\/api.w.org\/{rel}","templated":true}]}}