{"id":15390,"date":"2020-05-28T15:04:40","date_gmt":"2020-05-28T15:04:40","guid":{"rendered":"https:\/\/larevistadigital.com.ar\/blog\/?p=15390"},"modified":"2020-05-28T15:04:40","modified_gmt":"2020-05-28T15:04:40","slug":"excelente-noticia-se-recupero-el-alambrado-robado-al-club-tiro-federal","status":"publish","type":"post","link":"https:\/\/larevistadigital.com.ar\/blog\/excelente-noticia-se-recupero-el-alambrado-robado-al-club-tiro-federal\/","title":{"rendered":"EXCELENTE NOTICIA! SE RECUPER\u00d3 EL ALAMBRADO ROBADO AL CLUB TIRO FEDERAL"},"content":{"rendered":"<p>Luego de la indignaci\u00f3n general por el artero robo que fuera v\u00edctima el Club Tiro Federal, en su predio ubicado en el Barrio 30 de Mayo, donde se llevaron alrededor de 50 metros de alambrado perimetral, hoy podemos decir, que gracias a Dios el alambrado fue recuperado.<\/p>\n<p>As\u00ed lo menciona el diario \u00abEl Suplente\u00bb, de donde extraemos la informaci\u00f3n que ha alegrado no solo a los hinchas y simpatizantes del auriazul, sino que a la sociedad que con una mezcla de bronca e incredulidad, observ\u00f3 c\u00f3mo esto ocurri\u00f3 al parecer sin ning\u00fan testigo y con total impunidad.<\/p>\n<p>El suplente, informa que <em><strong>\u00abDurante la tarde\/noche de hoy mi\u00e9rcoles, la Comisi\u00f3n Directiva del CATF fue citada a la Comisar\u00eda, donde pudo confirmar que la polic\u00eda encontr\u00f3 el material robado de las instalaciones del Acceso Norte durante el fin de semana.<\/strong><\/em><\/p>\n<p><em><strong>Las fuerzas de seguridad actuaron tras allanamientos ordenados por la fiscal Daniela Bertoletti en domicilios ubicados en las calle Malvinas Argentinas al 600 aproximadamente y en Los Cedros al 100, los cuales \u201cno fueron resistidos\u201d y terminaron sin detenido alguno, hasta el momento.\u00bb<\/strong><\/em><\/p>\n<p><em><strong>\u201cEl alambrado qued\u00f3 en la Comisar\u00eda por un tiempo, a la espera si alguien los reclama, pero son los del predio. Son tres pedazos de 10 metros cada uno, m\u00e1s otro del mismo tama\u00f1o partido en tres\u201d<\/strong><\/em>, le coment\u00f3 a EL SUPLENTE Marcelo Molina, vicepresidente de Tiro.<\/p>\n<p><em><strong>\u201cObviamente vamos a acomodarlo para volver a ponerlo, no estamos en condiciones de poner un alambrado nuevo\u201d<\/strong><\/em>, agreg\u00f3 .<\/p>\n<p>Por su parte, el presidente del Tripero, <strong>Julio Giribaldi,<\/strong> coment\u00f3:<strong><em> \u201cNosotros sabemos perfectamente qui\u00e9nes fueron. El alambrado lo encontraron en sendas casas cercanas al predio. Llevar\u00e1 un laburo importante recuperarlo y seguramente no quedar\u00e1 como antes\u201d.<\/em><\/strong><\/p>\n<p>En fin. Habr\u00e1 que ver qui\u00e9nes fueron los culpables, y que esto no quede impune, sino no nos quejemos cuando los hechos se repiten.<\/p>\n<p>fuente e im\u00e1gen: ELSUPLENTE.COM<\/p>\n","protected":false},"excerpt":{"rendered":"<div class=\"mh-excerpt\"><p>Luego de la indignaci\u00f3n general por el artero robo que fuera v\u00edctima el Club Tiro Federal, en su predio ubicado en el Barrio 30 de Mayo, donde se llevaron alrededor de 50 metros de alambrado <a class=\"mh-excerpt-more\" href=\"https:\/\/larevistadigital.com.ar\/blog\/excelente-noticia-se-recupero-el-alambrado-robado-al-club-tiro-federal\/\" title=\"EXCELENTE NOTICIA! SE RECUPER\u00d3 EL ALAMBRADO ROBADO AL CLUB TIRO FEDERAL\">[Leer M\u00e1s]<\/a><\/p>\n<\/div>","protected":false},"author":3,"featured_media":15392,"comment_status":"open","ping_status":"open","sticky":false,"template":"","format":"standard","meta":{"_jetpack_memberships_contains_paid_content":false,"footnotes":"","jetpack_publicize_message":"","jetpack_publicize_feature_enabled":true,"jetpack_social_post_already_shared":true,"jetpack_social_options":{"image_generator_settings":{"template":"highway","default_image_id":0,"font":"","enabled":false},"version":2}},"categories":[41],"tags":[],"class_list":{"0":"post-15390","1":"post","2":"type-post","3":"status-publish","4":"format-standard","5":"has-post-thumbnail","7":"category-destacadas"},"jetpack_publicize_connections":[],"jetpack_featured_media_url":"https:\/\/i0.wp.com\/larevistadigital.com.ar\/blog\/wp-content\/uploads\/2fa9624d8b9391136efdca74f4714201.jpg?fit=600%2C334&ssl=1","jetpack_sharing_enabled":true,"jetpack_shortlink":"https:\/\/wp.me\/p8qtrQ-40e","jetpack-related-posts":[{"id":15321,"url":"https:\/\/larevistadigital.com.ar\/blog\/nadie-vio-vergonzoso-roban-50-metros-de-alambrado-perimetral-en-el-predio-de-tiro-federal\/","url_meta":{"origin":15390,"position":0},"title":"\u00abNADIE VI\u00d3\u00bb&#8230; VERGONZOSO: ROBAN 50 METROS DE ALAMBRADO PERIMETRAL EN EL PREDIO DE TIRO FEDERAL","author":"Alejandro Sosa Ruda","date":"25 mayo, 2020","format":false,"excerpt":"Lamentablemente, el predio del Acceso Norte del Club Atl\u00e9tico Tiro Federal de Chascom\u00fas sufri\u00f3 el robo de aproximadamente 50 metros de alambrado perimetral lindante a las v\u00edas durante este fin de semana. La Comisi\u00f3n Directiva del CATF hizo hoy lunes la denuncia correspondiente en la Comisaria, luego de que un\u2026","rel":"","context":"En \u00abINTERES GENERAL\u00bb","block_context":{"text":"INTERES GENERAL","link":"https:\/\/larevistadigital.com.ar\/blog\/category\/interes-general\/"},"img":{"alt_text":"","src":"https:\/\/i0.wp.com\/larevistadigital.com.ar\/blog\/wp-content\/uploads\/7a8230f1c0840cd9b0b9a04843c283ab.jpg?fit=600%2C334&ssl=1&resize=350%2C200","width":350,"height":200,"srcset":"https:\/\/i0.wp.com\/larevistadigital.com.ar\/blog\/wp-content\/uploads\/7a8230f1c0840cd9b0b9a04843c283ab.jpg?fit=600%2C334&ssl=1&resize=350%2C200 1x, https:\/\/i0.wp.com\/larevistadigital.com.ar\/blog\/wp-content\/uploads\/7a8230f1c0840cd9b0b9a04843c283ab.jpg?fit=600%2C334&ssl=1&resize=525%2C300 1.5x"},"classes":[]},{"id":32195,"url":"https:\/\/larevistadigital.com.ar\/blog\/las-flores-se-realizo-un-curso-de-alambradores-para-los-vecinos\/","url_meta":{"origin":15390,"position":1},"title":"LAS FLORES: SE REALIZ\u00d3 UN CURSO DE ALAMBRADORES PARA LOS VECINOS","author":"Alejandro Sosa Ruda","date":"30 junio, 2023","format":false,"excerpt":"La capacitaci\u00f3n fue te\u00f3rico\/pr\u00e1ctica. Se realiz\u00f3 durante el curso unos 20 metros de alambrado de 7 hilos en un predio donde se realiza equinoterapia. El encuentro tuvo una gran concurrencia. 30 de junio de 2023 LAS FLORES -\u00a0 Se trata de una iniciativa del Municipio de Las Flores, la UATRE,\u2026","rel":"","context":"En \u00abCULTURA\u00bb","block_context":{"text":"CULTURA","link":"https:\/\/larevistadigital.com.ar\/blog\/category\/cultura\/"},"img":{"alt_text":"","src":"https:\/\/i0.wp.com\/larevistadigital.com.ar\/blog\/wp-content\/uploads\/20230630150937_alam.jpg?fit=880%2C512&ssl=1&resize=350%2C200","width":350,"height":200,"srcset":"https:\/\/i0.wp.com\/larevistadigital.com.ar\/blog\/wp-content\/uploads\/20230630150937_alam.jpg?fit=880%2C512&ssl=1&resize=350%2C200 1x, https:\/\/i0.wp.com\/larevistadigital.com.ar\/blog\/wp-content\/uploads\/20230630150937_alam.jpg?fit=880%2C512&ssl=1&resize=525%2C300 1.5x, https:\/\/i0.wp.com\/larevistadigital.com.ar\/blog\/wp-content\/uploads\/20230630150937_alam.jpg?fit=880%2C512&ssl=1&resize=700%2C400 2x"},"classes":[]},{"id":30466,"url":"https:\/\/larevistadigital.com.ar\/blog\/horror-muere-nino-de-8-anos-al-tocar-el-alambrado-electrico-de-su-casa\/","url_meta":{"origin":15390,"position":2},"title":"HORROR: MUERE NI\u00d1O DE 8 A\u00d1OS AL TOCAR EL ALAMBRADO EL\u00c9CTRICO DE SU CASA.","author":"Alejandro Sosa Ruda","date":"8 marzo, 2023","format":false,"excerpt":"El menor ingres\u00f3 de urgencia al hospital municipal Francisco Caram, donde fue llevado por sus propios padres. El peque\u00f1o estaba en estado inconsciente y con importantes quemaduras en su cuerpo. Pese a los intentos de los m\u00e9dicos por salvarle la vida, la v\u00edctima falleci\u00f3. 8 de marzo de 2023 BRANDSEN\u2026","rel":"","context":"En \u00abPOLICIALES\u00bb","block_context":{"text":"POLICIALES","link":"https:\/\/larevistadigital.com.ar\/blog\/category\/policiales\/"},"img":{"alt_text":"","src":"https:\/\/i0.wp.com\/larevistadigital.com.ar\/blog\/wp-content\/uploads\/20230307152235_caram.jpg?fit=880%2C512&ssl=1&resize=350%2C200","width":350,"height":200,"srcset":"https:\/\/i0.wp.com\/larevistadigital.com.ar\/blog\/wp-content\/uploads\/20230307152235_caram.jpg?fit=880%2C512&ssl=1&resize=350%2C200 1x, https:\/\/i0.wp.com\/larevistadigital.com.ar\/blog\/wp-content\/uploads\/20230307152235_caram.jpg?fit=880%2C512&ssl=1&resize=525%2C300 1.5x, https:\/\/i0.wp.com\/larevistadigital.com.ar\/blog\/wp-content\/uploads\/20230307152235_caram.jpg?fit=880%2C512&ssl=1&resize=700%2C400 2x"},"classes":[]},{"id":19727,"url":"https:\/\/larevistadigital.com.ar\/blog\/coloco-alambre-electrificado-para-proteger-sus-plantas-de-marihuana-murio-electrocutado\/","url_meta":{"origin":15390,"position":3},"title":"COLOC\u00d3 ALAMBRE ELECTRIFICADO PARA PROTEGER SUS PLANTAS DE MARIHUANA. MURI\u00d3 ELECTROCUTADO","author":"Alejandro Sosa Ruda","date":"19 abril, 2021","format":false,"excerpt":"El hecho ocurri\u00f3 en una vivienda del barrio General San Mart\u00edn. Dos amigos de la v\u00edctima lo cargaron en una camioneta para llevarlo a un centro asistencial, pero no pudieron salvarlo. MAR DEL PLATA - Un tr\u00e1gico episodio se produjo el domingo por la noche en una vivienda del\u00a0barrio General\u2026","rel":"","context":"En \u00abPOLICIALES\u00bb","block_context":{"text":"POLICIALES","link":"https:\/\/larevistadigital.com.ar\/blog\/category\/policiales\/"},"img":{"alt_text":"","src":"https:\/\/i0.wp.com\/larevistadigital.com.ar\/blog\/wp-content\/uploads\/PLANTAS-SECUESTRADAS.png?fit=1000%2C565&ssl=1&resize=350%2C200","width":350,"height":200,"srcset":"https:\/\/i0.wp.com\/larevistadigital.com.ar\/blog\/wp-content\/uploads\/PLANTAS-SECUESTRADAS.png?fit=1000%2C565&ssl=1&resize=350%2C200 1x, https:\/\/i0.wp.com\/larevistadigital.com.ar\/blog\/wp-content\/uploads\/PLANTAS-SECUESTRADAS.png?fit=1000%2C565&ssl=1&resize=525%2C300 1.5x, https:\/\/i0.wp.com\/larevistadigital.com.ar\/blog\/wp-content\/uploads\/PLANTAS-SECUESTRADAS.png?fit=1000%2C565&ssl=1&resize=700%2C400 2x"},"classes":[]},{"id":23838,"url":"https:\/\/larevistadigital.com.ar\/blog\/pergamino-violentan-el-alambrado-y-se-roban-50-plantas-de-marihuana-de-los-cultivos-medicinales-del-inta\/","url_meta":{"origin":15390,"position":4},"title":"PERGAMINO: VIOLENTAN EL ALAMBRADO Y SE ROBAN 50 PLANTAS DE MARIHUANA DE LOS CULTIVOS MEDICINALES DEL INTA","author":"Alejandro Sosa Ruda","date":"5 febrero, 2022","format":false,"excerpt":"El robo se registr\u00f3 en el invern\u00e1culo de las plantaciones de cannabis y se sospecha que el \u00fanico objetivo de los autores del hecho es utilizar las hierbas para consumo como alucin\u00f3geno. El invern\u00e1culo de las plantaciones de cannabis medicinal es uno de los tantos de un predio de 748\u2026","rel":"","context":"En \u00abINTERES GENERAL\u00bb","block_context":{"text":"INTERES GENERAL","link":"https:\/\/larevistadigital.com.ar\/blog\/category\/interes-general\/"},"img":{"alt_text":"","src":"https:\/\/i0.wp.com\/larevistadigital.com.ar\/blog\/wp-content\/uploads\/e4872173037e139434f2d6cc31ea26117aafe589.jpg?fit=880%2C512&ssl=1&resize=350%2C200","width":350,"height":200,"srcset":"https:\/\/i0.wp.com\/larevistadigital.com.ar\/blog\/wp-content\/uploads\/e4872173037e139434f2d6cc31ea26117aafe589.jpg?fit=880%2C512&ssl=1&resize=350%2C200 1x, https:\/\/i0.wp.com\/larevistadigital.com.ar\/blog\/wp-content\/uploads\/e4872173037e139434f2d6cc31ea26117aafe589.jpg?fit=880%2C512&ssl=1&resize=525%2C300 1.5x, https:\/\/i0.wp.com\/larevistadigital.com.ar\/blog\/wp-content\/uploads\/e4872173037e139434f2d6cc31ea26117aafe589.jpg?fit=880%2C512&ssl=1&resize=700%2C400 2x"},"classes":[]},{"id":34677,"url":"https:\/\/larevistadigital.com.ar\/blog\/chascomus-roban-garrafas-de-una-planta-de-gas-y-la-policia-logro-descubrir-al-autor-y-recuperar-lo-robado\/","url_meta":{"origin":15390,"position":5},"title":"CHASCOM\u00daS: ROBAN GARRAFAS DE UNA PLANTA DE GAS Y LA POLIC\u00cdA LOGR\u00d3 DESCUBRIR AL AUTOR Y RECUPERAR LO ROBADO","author":"Alejandro Sosa Ruda","date":"28 noviembre, 2023","format":false,"excerpt":"Luego de una r\u00e1pida investigaci\u00f3n se consigui\u00f3 el resultado buscado. 28 de Noviembre de 2023 CHASCOM\u00daS -\u00a0 El d\u00eda 23 de Noviembre pasado, se recibi\u00f3 en la Estaci\u00f3n de Polic\u00eda Comunal Chascom\u00fas 1era., la denuncia de un robo ocurrido en la planta de gas ubicada en calle Soldado Carrasco y\u2026","rel":"","context":"En \u00abCHASCOM\u00daS\u00bb","block_context":{"text":"CHASCOM\u00daS","link":"https:\/\/larevistadigital.com.ar\/blog\/category\/chascomus\/"},"img":{"alt_text":"","src":"https:\/\/i0.wp.com\/larevistadigital.com.ar\/blog\/wp-content\/uploads\/WhatsApp-Image-2023-11-28-at-19.05.57-e1701212416510.jpeg?fit=792%2C876&ssl=1&resize=350%2C200","width":350,"height":200,"srcset":"https:\/\/i0.wp.com\/larevistadigital.com.ar\/blog\/wp-content\/uploads\/WhatsApp-Image-2023-11-28-at-19.05.57-e1701212416510.jpeg?fit=792%2C876&ssl=1&resize=350%2C200 1x, https:\/\/i0.wp.com\/larevistadigital.com.ar\/blog\/wp-content\/uploads\/WhatsApp-Image-2023-11-28-at-19.05.57-e1701212416510.jpeg?fit=792%2C876&ssl=1&resize=525%2C300 1.5x, https:\/\/i0.wp.com\/larevistadigital.com.ar\/blog\/wp-content\/uploads\/WhatsApp-Image-2023-11-28-at-19.05.57-e1701212416510.jpeg?fit=792%2C876&ssl=1&resize=700%2C400 2x"},"classes":[]}],"_links":{"self":[{"href":"https:\/\/larevistadigital.com.ar\/blog\/wp-json\/wp\/v2\/posts\/15390","targetHints":{"allow":["GET"]}}],"collection":[{"href":"https:\/\/larevistadigital.com.ar\/blog\/wp-json\/wp\/v2\/posts"}],"about":[{"href":"https:\/\/larevistadigital.com.ar\/blog\/wp-json\/wp\/v2\/types\/post"}],"author":[{"embeddable":true,"href":"https:\/\/larevistadigital.com.ar\/blog\/wp-json\/wp\/v2\/users\/3"}],"replies":[{"embeddable":true,"href":"https:\/\/larevistadigital.com.ar\/blog\/wp-json\/wp\/v2\/comments?post=15390"}],"version-history":[{"count":1,"href":"https:\/\/larevistadigital.com.ar\/blog\/wp-json\/wp\/v2\/posts\/15390\/revisions"}],"predecessor-version":[{"id":15393,"href":"https:\/\/larevistadigital.com.ar\/blog\/wp-json\/wp\/v2\/posts\/15390\/revisions\/15393"}],"wp:featuredmedia":[{"embeddable":true,"href":"https:\/\/larevistadigital.com.ar\/blog\/wp-json\/wp\/v2\/media\/15392"}],"wp:attachment":[{"href":"https:\/\/larevistadigital.com.ar\/blog\/wp-json\/wp\/v2\/media?parent=15390"}],"wp:term":[{"taxonomy":"category","embeddable":true,"href":"https:\/\/larevistadigital.com.ar\/blog\/wp-json\/wp\/v2\/categories?post=15390"},{"taxonomy":"post_tag","embeddable":true,"href":"https:\/\/larevistadigital.com.ar\/blog\/wp-json\/wp\/v2\/tags?post=15390"}],"curies":[{"name":"wp","href":"https:\/\/api.w.org\/{rel}","templated":true}]}}