{"id":15394,"date":"2020-05-28T15:36:23","date_gmt":"2020-05-28T15:36:23","guid":{"rendered":"https:\/\/larevistadigital.com.ar\/blog\/?p=15394"},"modified":"2020-05-28T15:36:23","modified_gmt":"2020-05-28T15:36:23","slug":"durante-la-pandemia-casi-100-presos-salieron-de-batan","status":"publish","type":"post","link":"https:\/\/larevistadigital.com.ar\/blog\/durante-la-pandemia-casi-100-presos-salieron-de-batan\/","title":{"rendered":"DURANTE LA PANDEMIA, CASI 100 PRESOS SALIERON DE BAT\u00c1N"},"content":{"rendered":"<h2><em>La cifra surgi\u00f3 a trav\u00e9s de un relevamiento realizado por LA CAPITAL en los distintos juzgados marplatenses: 48 reclusos obtuvieron la libertad asistida o condicional, y 47 el beneficio de prisi\u00f3n domiciliaria. En tanto, se rechazaron 150 pedidos del mismo tipo y restan ser respondidos m\u00e1s de 300.<\/em><\/h2>\n<p>Desde marzo hasta hoy, entre los\u00a0<strong>Juzgados de Ejecuci\u00f3n Penal y los de Garant\u00edas<\/strong>\u00a0recibieron aproximadamente\u00a0<strong>550 pedidos de parte de los reclusos<\/strong>, de los cuales ya se han resuelto m\u00e1s de 200: 48 obtuvieron alg\u00fan tipo de libertad (asistida o condicional), 47 recibieron el beneficio de prisi\u00f3n domiciliaria, y alrededor de 150 fueron rechazados o desestimados.<\/p>\n<blockquote>\n<h3>Como se explic\u00f3 d\u00edas atr\u00e1s, en los juzgados mencionados es habitual recibir este tipo de pedidos. Sin embargo, en los \u00faltimos dos meses los mismos se multiplicaron a partir de fundamentarse, a trav\u00e9s de los defensores de los presos, en el posible\u00a0<strong>riesgo de contagio del coronavirus<\/strong>\u00a0dentro de la c\u00e1rcel. En su mayor\u00eda, las solicitudes se presentan con ese justificativo.<\/h3>\n<\/blockquote>\n<p>Seg\u00fan pudo saber\u00a0<strong>LA CAPITAL<\/strong>, al juez de Ejecuci\u00f3n Penal\u00a0<strong>Juan Galarreta<\/strong>\u00a0se le presentaron 159 solicitudes, de los cuales ya resolvi\u00f3 76 (22 rechazos de prisi\u00f3n domiciliaria, 26 autorizaciones de obtenci\u00f3n de dicho beneficio y 28 concesiones de libertades condicionales o asistidas). Adem\u00e1s, ha desestimado otros 35 tr\u00e1mites, y no se ha expedido a\u00fan en los restantes.<\/p>\n<blockquote>\n<h3>En tanto, el restante titular de la Justicia de Ejecuci\u00f3n Penal,\u00a0<strong>Ra\u00fal\u00a0Perdichizzi, recibi\u00f3 alrededor de 350 pedidos en ese mismo per\u00edodo<\/strong>. Conforme averigu\u00f3 este medio, el magistrado otorg\u00f3 libertad condicional a 6 reclusos, libertad asistida a 14 y prisi\u00f3n domiciliaria a 9. Por su parte, rechaz\u00f3 24 pedidos del primer beneficio, otros 24 del segundo y 44 del tercero. Actualmente, se encuentra a la espera de diversos informes para definirse sobre 252 solicitudes m\u00e1s.<\/h3>\n<\/blockquote>\n<p>Por \u00faltimo, a comienzos de este mes los seis\u00a0<strong>Juzgados de Garant\u00edas<\/strong>\u00a0realizaron un relevamiento de datos sobre pedidos de morigeraci\u00f3n de los detenidos bajo la figura de \u201cprisi\u00f3n preventiva\u201d hechos luego de declarada la pandemia. Seg\u00fan trascendi\u00f3, existieron en total alrededor de 60 presentaciones desde fines de marzo. Hasta el 4 de mayo, los jueces de garant\u00edas locales hab\u00edan otorgado 12 arrestos domiciliarios a personas que pod\u00edan ser consideradas factores de riesgo ante un posible contagio de coronavirus.<\/p>\n","protected":false},"excerpt":{"rendered":"<div class=\"mh-excerpt\"><p>La cifra surgi\u00f3 a trav\u00e9s de un relevamiento realizado por LA CAPITAL en los distintos juzgados marplatenses: 48 reclusos obtuvieron la libertad asistida o condicional, y 47 el beneficio de prisi\u00f3n domiciliaria. En tanto, se <a class=\"mh-excerpt-more\" href=\"https:\/\/larevistadigital.com.ar\/blog\/durante-la-pandemia-casi-100-presos-salieron-de-batan\/\" title=\"DURANTE LA PANDEMIA, CASI 100 PRESOS SALIERON DE BAT\u00c1N\">[Leer M\u00e1s]<\/a><\/p>\n<\/div>","protected":false},"author":3,"featured_media":15395,"comment_status":"open","ping_status":"open","sticky":false,"template":"","format":"standard","meta":{"_jetpack_memberships_contains_paid_content":false,"footnotes":"","jetpack_publicize_message":"","jetpack_publicize_feature_enabled":true,"jetpack_social_post_already_shared":true,"jetpack_social_options":{"image_generator_settings":{"template":"highway","default_image_id":0,"font":"","enabled":false},"version":2}},"categories":[51],"tags":[],"class_list":{"0":"post-15394","1":"post","2":"type-post","3":"status-publish","4":"format-standard","5":"has-post-thumbnail","7":"category-regionales"},"jetpack_publicize_connections":[],"jetpack_featured_media_url":"https:\/\/i0.wp.com\/larevistadigital.com.ar\/blog\/wp-content\/uploads\/Screenshot_1-112.jpg?fit=1006%2C696&ssl=1","jetpack_sharing_enabled":true,"jetpack_shortlink":"https:\/\/wp.me\/p8qtrQ-40i","jetpack-related-posts":[{"id":26744,"url":"https:\/\/larevistadigital.com.ar\/blog\/gral-alvarado-declaran-ciudadanos-no-gratos-a-policias-condenados-por-el-crimen-de-natalia-melmann\/","url_meta":{"origin":15394,"position":0},"title":"GRAL. ALVARADO: DECLARAN CIUDADANOS NO GRATOS A POLIC\u00cdAS CONDENADOS POR EL CR\u00cdMEN DE NATALIA MELMANN","author":"Alejandro Sosa Ruda","date":"20 julio, 2022","format":false,"excerpt":"La declaraci\u00f3n del Concejo Deliberante de General Alvarado fue impulsada por la Multisectorial de Mujeres y LGBTIQ+ zonal y un grupo de vecinos comprometidos con la causa. \u201cA pesar de que han pasado m\u00e1s de 20 a\u00f1os, la familia de Natalia Melmann y la comunidad deben salir a luchar para\u2026","rel":"","context":"En \u00abPOLICIALES\u00bb","block_context":{"text":"POLICIALES","link":"https:\/\/larevistadigital.com.ar\/blog\/category\/policiales\/"},"img":{"alt_text":"","src":"https:\/\/i0.wp.com\/larevistadigital.com.ar\/blog\/wp-content\/uploads\/20220719173153_declararon-ciudadanos-no-gratos-a-los-policias-condenados-por-el-femicidio-de-natalia-melmann.jpg?fit=880%2C512&ssl=1&resize=350%2C200","width":350,"height":200,"srcset":"https:\/\/i0.wp.com\/larevistadigital.com.ar\/blog\/wp-content\/uploads\/20220719173153_declararon-ciudadanos-no-gratos-a-los-policias-condenados-por-el-femicidio-de-natalia-melmann.jpg?fit=880%2C512&ssl=1&resize=350%2C200 1x, https:\/\/i0.wp.com\/larevistadigital.com.ar\/blog\/wp-content\/uploads\/20220719173153_declararon-ciudadanos-no-gratos-a-los-policias-condenados-por-el-femicidio-de-natalia-melmann.jpg?fit=880%2C512&ssl=1&resize=525%2C300 1.5x, https:\/\/i0.wp.com\/larevistadigital.com.ar\/blog\/wp-content\/uploads\/20220719173153_declararon-ciudadanos-no-gratos-a-los-policias-condenados-por-el-femicidio-de-natalia-melmann.jpg?fit=880%2C512&ssl=1&resize=700%2C400 2x"},"classes":[]},{"id":29946,"url":"https:\/\/larevistadigital.com.ar\/blog\/rechazan-el-beneficio-de-la-libertad-condicional-a-dos-condenados-a-perpetua-por-el-caso-de-natalia-melmann\/","url_meta":{"origin":15394,"position":1},"title":"RECHAZAN EL BENEFICIO DE LA LIBERTAD CONDICIONAL A DOS CONDENADOS A PERPETUA POR EL CASO DE NATALIA MELMANN","author":"Alejandro Sosa Ruda","date":"2 febrero, 2023","format":false,"excerpt":"El fallo de la C\u00e1mara de Apelaciones marplatense recay\u00f3 sobre Oscar Echenique (61) y Ricardo Anselmini (53), culpables de secuestrar, torturar, abusar y asesinar a la menor en 2001. La decisi\u00f3n de la C\u00e1mara fue por mayor\u00eda dado que el juez Esteban Vi\u00f1as vot\u00f3 por otorgarle el beneficio a los\u2026","rel":"","context":"En \u00abINTERES GENERAL\u00bb","block_context":{"text":"INTERES GENERAL","link":"https:\/\/larevistadigital.com.ar\/blog\/category\/interes-general\/"},"img":{"alt_text":"","src":"https:\/\/i0.wp.com\/larevistadigital.com.ar\/blog\/wp-content\/uploads\/20230202165628_nata.jpg?fit=880%2C512&ssl=1&resize=350%2C200","width":350,"height":200,"srcset":"https:\/\/i0.wp.com\/larevistadigital.com.ar\/blog\/wp-content\/uploads\/20230202165628_nata.jpg?fit=880%2C512&ssl=1&resize=350%2C200 1x, https:\/\/i0.wp.com\/larevistadigital.com.ar\/blog\/wp-content\/uploads\/20230202165628_nata.jpg?fit=880%2C512&ssl=1&resize=525%2C300 1.5x, https:\/\/i0.wp.com\/larevistadigital.com.ar\/blog\/wp-content\/uploads\/20230202165628_nata.jpg?fit=880%2C512&ssl=1&resize=700%2C400 2x"},"classes":[]},{"id":20866,"url":"https:\/\/larevistadigital.com.ar\/blog\/piden-revocar-la-prision-domiciliaria-de-alberto-samid\/","url_meta":{"origin":15394,"position":2},"title":"PIDEN REVOCAR LA PRISI\u00d3N DOMICILIARIA DE ALBERTO SAMID","author":"Alejandro Sosa Ruda","date":"23 junio, 2021","format":false,"excerpt":"A trav\u00e9s de una presentaci\u00f3n formulada hace minutos, el diputado bonaerense de Juntos por el Cambio, Luciano Bugallo, solicit\u00f3 ante la Unidad Fiscal de Ejecuci\u00f3n Penal que se le revoque el beneficio de la presi\u00f3n domiciliaria a Alberto Samid, luego del esc\u00e1ndalo protagonizado esta tarde en Ramos Mejia donde comensales\u2026","rel":"","context":"En \u00abINTERES GENERAL\u00bb","block_context":{"text":"INTERES GENERAL","link":"https:\/\/larevistadigital.com.ar\/blog\/category\/interes-general\/"},"img":{"alt_text":"","src":"https:\/\/i0.wp.com\/larevistadigital.com.ar\/blog\/wp-content\/uploads\/ARCHI_852001.jpg?fit=760%2C424&ssl=1&resize=350%2C200","width":350,"height":200,"srcset":"https:\/\/i0.wp.com\/larevistadigital.com.ar\/blog\/wp-content\/uploads\/ARCHI_852001.jpg?fit=760%2C424&ssl=1&resize=350%2C200 1x, https:\/\/i0.wp.com\/larevistadigital.com.ar\/blog\/wp-content\/uploads\/ARCHI_852001.jpg?fit=760%2C424&ssl=1&resize=525%2C300 1.5x, https:\/\/i0.wp.com\/larevistadigital.com.ar\/blog\/wp-content\/uploads\/ARCHI_852001.jpg?fit=760%2C424&ssl=1&resize=700%2C400 2x"},"classes":[]},{"id":16280,"url":"https:\/\/larevistadigital.com.ar\/blog\/lazaro-baez-cerca-de-la-libertad-consiguio-el-arresto-domiciliario-en-otra-causa\/","url_meta":{"origin":15394,"position":3},"title":"LAZARO BAEZ CERCA DE LA LIBERTAD: CONSIGUI\u00d3 EL ARRESTO DOMICILIARIO EN OTRA CAUSA","author":"Alejandro Sosa Ruda","date":"7 septiembre, 2020","format":false,"excerpt":"El empresario K consigui\u00f3 el beneficioe en la causa por lavado. Dijo no poder pagar los $386 millones por tener sus bienes embargados. Despu\u00e9s de pasar cuatro a\u00f1os y medio en prisi\u00f3n preventiva, L\u00e1zaro B\u00e1ez\u00a0qued\u00f3 m\u00e1s cerca que nunca de irse a su casa. La Sala 4\u00a0de la C\u00e1mara Federal\u2026","rel":"","context":"En \u00abINTERES GENERAL\u00bb","block_context":{"text":"INTERES GENERAL","link":"https:\/\/larevistadigital.com.ar\/blog\/category\/interes-general\/"},"img":{"alt_text":"","src":"https:\/\/i0.wp.com\/larevistadigital.com.ar\/blog\/wp-content\/uploads\/L%C3%A1zaro-B%C3%A1ez.jpg?fit=1200%2C675&ssl=1&resize=350%2C200","width":350,"height":200,"srcset":"https:\/\/i0.wp.com\/larevistadigital.com.ar\/blog\/wp-content\/uploads\/L%C3%A1zaro-B%C3%A1ez.jpg?fit=1200%2C675&ssl=1&resize=350%2C200 1x, https:\/\/i0.wp.com\/larevistadigital.com.ar\/blog\/wp-content\/uploads\/L%C3%A1zaro-B%C3%A1ez.jpg?fit=1200%2C675&ssl=1&resize=525%2C300 1.5x, https:\/\/i0.wp.com\/larevistadigital.com.ar\/blog\/wp-content\/uploads\/L%C3%A1zaro-B%C3%A1ez.jpg?fit=1200%2C675&ssl=1&resize=700%2C400 2x, https:\/\/i0.wp.com\/larevistadigital.com.ar\/blog\/wp-content\/uploads\/L%C3%A1zaro-B%C3%A1ez.jpg?fit=1200%2C675&ssl=1&resize=1050%2C600 3x"},"classes":[]},{"id":40093,"url":"https:\/\/larevistadigital.com.ar\/blog\/cristina-kirchner-se-presentara-en-comodoro-py-el-miercoles-y-solicita-prision-domiciliaria\/","url_meta":{"origin":15394,"position":4},"title":"Cristina Kirchner se presentar\u00e1 en Comodoro Py el mi\u00e9rcoles y solicita prisi\u00f3n domiciliaria","author":"Alejandro Sosa Ruda","date":"13 junio, 2025","format":false,"excerpt":"La expresidenta confirm\u00f3 que acatar\u00e1 el fallo judicial y reforz\u00f3 su pedido de prisi\u00f3n domiciliaria, invocando razones de seguridad. 13 de Junio de 2025 BUENOS AIRES -\u00a0 A trav\u00e9s de una carta difundida en sus redes sociales, Cristina Fern\u00e1ndez de Kirchner anunci\u00f3 que el pr\u00f3ximo mi\u00e9rcoles 18 de junio se\u2026","rel":"","context":"En \u00abINTERES GENERAL\u00bb","block_context":{"text":"INTERES GENERAL","link":"https:\/\/larevistadigital.com.ar\/blog\/category\/interes-general\/"},"img":{"alt_text":"","src":"https:\/\/i0.wp.com\/larevistadigital.com.ar\/blog\/wp-content\/uploads\/Cristina-Kirchner.jpg?fit=712%2C441&ssl=1&resize=350%2C200","width":350,"height":200,"srcset":"https:\/\/i0.wp.com\/larevistadigital.com.ar\/blog\/wp-content\/uploads\/Cristina-Kirchner.jpg?fit=712%2C441&ssl=1&resize=350%2C200 1x, https:\/\/i0.wp.com\/larevistadigital.com.ar\/blog\/wp-content\/uploads\/Cristina-Kirchner.jpg?fit=712%2C441&ssl=1&resize=525%2C300 1.5x, https:\/\/i0.wp.com\/larevistadigital.com.ar\/blog\/wp-content\/uploads\/Cristina-Kirchner.jpg?fit=712%2C441&ssl=1&resize=700%2C400 2x"},"classes":[]},{"id":15096,"url":"https:\/\/larevistadigital.com.ar\/blog\/libertad-para-varios-peligro-para-todos\/","url_meta":{"origin":15394,"position":5},"title":"LIBERTAD PARA VARIOS, PELIGRO PARA TODOS&#8230;","author":"Alejandro Sosa Ruda","date":"1 mayo, 2020","format":false,"excerpt":"Lamentablemente, una de las tantas cosas que est\u00e1n sucediendo con esta pandemia que afecta al mundo, es la decisi\u00f3n de liberar detenidos que al parecer no solo abre las puertas de las c\u00e1rceles a los \"rateros\", sino que deja en las calles a distintos tipos de delincuentes de distinta peligrosidad,\u2026","rel":"","context":"En \u00abINTERES GENERAL\u00bb","block_context":{"text":"INTERES GENERAL","link":"https:\/\/larevistadigital.com.ar\/blog\/category\/interes-general\/"},"img":{"alt_text":"","src":"https:\/\/i0.wp.com\/larevistadigital.com.ar\/blog\/wp-content\/uploads\/Screenshot_2-92.jpg?fit=1141%2C845&ssl=1&resize=350%2C200","width":350,"height":200,"srcset":"https:\/\/i0.wp.com\/larevistadigital.com.ar\/blog\/wp-content\/uploads\/Screenshot_2-92.jpg?fit=1141%2C845&ssl=1&resize=350%2C200 1x, https:\/\/i0.wp.com\/larevistadigital.com.ar\/blog\/wp-content\/uploads\/Screenshot_2-92.jpg?fit=1141%2C845&ssl=1&resize=525%2C300 1.5x, https:\/\/i0.wp.com\/larevistadigital.com.ar\/blog\/wp-content\/uploads\/Screenshot_2-92.jpg?fit=1141%2C845&ssl=1&resize=700%2C400 2x, https:\/\/i0.wp.com\/larevistadigital.com.ar\/blog\/wp-content\/uploads\/Screenshot_2-92.jpg?fit=1141%2C845&ssl=1&resize=1050%2C600 3x"},"classes":[]}],"_links":{"self":[{"href":"https:\/\/larevistadigital.com.ar\/blog\/wp-json\/wp\/v2\/posts\/15394","targetHints":{"allow":["GET"]}}],"collection":[{"href":"https:\/\/larevistadigital.com.ar\/blog\/wp-json\/wp\/v2\/posts"}],"about":[{"href":"https:\/\/larevistadigital.com.ar\/blog\/wp-json\/wp\/v2\/types\/post"}],"author":[{"embeddable":true,"href":"https:\/\/larevistadigital.com.ar\/blog\/wp-json\/wp\/v2\/users\/3"}],"replies":[{"embeddable":true,"href":"https:\/\/larevistadigital.com.ar\/blog\/wp-json\/wp\/v2\/comments?post=15394"}],"version-history":[{"count":1,"href":"https:\/\/larevistadigital.com.ar\/blog\/wp-json\/wp\/v2\/posts\/15394\/revisions"}],"predecessor-version":[{"id":15396,"href":"https:\/\/larevistadigital.com.ar\/blog\/wp-json\/wp\/v2\/posts\/15394\/revisions\/15396"}],"wp:featuredmedia":[{"embeddable":true,"href":"https:\/\/larevistadigital.com.ar\/blog\/wp-json\/wp\/v2\/media\/15395"}],"wp:attachment":[{"href":"https:\/\/larevistadigital.com.ar\/blog\/wp-json\/wp\/v2\/media?parent=15394"}],"wp:term":[{"taxonomy":"category","embeddable":true,"href":"https:\/\/larevistadigital.com.ar\/blog\/wp-json\/wp\/v2\/categories?post=15394"},{"taxonomy":"post_tag","embeddable":true,"href":"https:\/\/larevistadigital.com.ar\/blog\/wp-json\/wp\/v2\/tags?post=15394"}],"curies":[{"name":"wp","href":"https:\/\/api.w.org\/{rel}","templated":true}]}}