{"id":15397,"date":"2020-05-28T15:39:49","date_gmt":"2020-05-28T15:39:49","guid":{"rendered":"https:\/\/larevistadigital.com.ar\/blog\/?p=15397"},"modified":"2020-05-28T15:48:00","modified_gmt":"2020-05-28T15:48:00","slug":"molio-a-golpes-a-su-hija-de-2-anos-ahora-la-criatura-pelea-por-su-vida","status":"publish","type":"post","link":"https:\/\/larevistadigital.com.ar\/blog\/molio-a-golpes-a-su-hija-de-2-anos-ahora-la-criatura-pelea-por-su-vida\/","title":{"rendered":"CHACAL MOLI\u00d3 A GOLPES A SU HIJA DE 2 A\u00d1OS. AHORA LA CRIATURA PELEA POR SU VIDA"},"content":{"rendered":"<p><strong>SAN NICOL\u00c1S &#8211;<\/strong> Una ni\u00f1a de 2 a\u00f1os qued\u00f3 internada en grave estado en un hospital de San Nicol\u00e1s, y por el hecho detuvieron a su padre, un adolescente de 17 a\u00f1os con antecedentes penales, informaron fuentes policiales.<\/p>\n<p>La denuncia fue realizada por la madre de la v\u00edctima, una joven de 19 a\u00f1os que esta madrugada llev\u00f3 a su hija al hospital San Felipe, en el citado distrito del norte de la provincia de Buenos Aires.<\/p>\n<blockquote>\n<h3>Fuentes policiales precisaron que la chica les relat\u00f3 a los m\u00e9dicos que su pareja y padre de la nena las hab\u00eda golpeado a las dos, dejando a la menor en grave estado de salud.<\/h3>\n<\/blockquote>\n<p>Seg\u00fan trascendi\u00f3, la ni\u00f1a fue operada por golpes en el t\u00f3rax y en el abdomen, tras lo cual qued\u00f3 internada en grave estado en la Unidad de Terapia Intensiva Pedi\u00e1trica.<\/p>\n<blockquote>\n<h3>El personal de la comisar\u00eda 2da. fue alertado por el hecho y en el barrio Colombini de San Nicol\u00e1s detuvo al sospechoso, un adolescente de 17 a\u00f1os que ten\u00eda antecedentes penales por varios asaltos.<\/h3>\n<\/blockquote>\n<p>Adem\u00e1s, el acusado que qued\u00f3 imputado por \u00ablesiones graves agravadas por el v\u00ednculo\u00bb ten\u00eda un pedido de captura por \u00abrobo calificado\u00bb. El hecho es investigado por la fiscal\u00eda en tuno del Departamento Judicial de San Nicol\u00e1s.<\/p>\n","protected":false},"excerpt":{"rendered":"<div class=\"mh-excerpt\"><p>SAN NICOL\u00c1S &#8211; Una ni\u00f1a de 2 a\u00f1os qued\u00f3 internada en grave estado en un hospital de San Nicol\u00e1s, y por el hecho detuvieron a su padre, un adolescente de 17 a\u00f1os con antecedentes penales, <a class=\"mh-excerpt-more\" href=\"https:\/\/larevistadigital.com.ar\/blog\/molio-a-golpes-a-su-hija-de-2-anos-ahora-la-criatura-pelea-por-su-vida\/\" title=\"CHACAL MOLI\u00d3 A GOLPES A SU HIJA DE 2 A\u00d1OS. AHORA LA CRIATURA PELEA POR SU VIDA\">[Leer M\u00e1s]<\/a><\/p>\n<\/div>","protected":false},"author":3,"featured_media":15400,"comment_status":"open","ping_status":"open","sticky":false,"template":"","format":"standard","meta":{"_jetpack_memberships_contains_paid_content":false,"footnotes":"","jetpack_publicize_message":"","jetpack_publicize_feature_enabled":true,"jetpack_social_post_already_shared":true,"jetpack_social_options":{"image_generator_settings":{"template":"highway","default_image_id":0,"font":"","enabled":false},"version":2}},"categories":[50],"tags":[],"class_list":{"0":"post-15397","1":"post","2":"type-post","3":"status-publish","4":"format-standard","5":"has-post-thumbnail","7":"category-interes-general"},"jetpack_publicize_connections":[],"jetpack_featured_media_url":"https:\/\/i0.wp.com\/larevistadigital.com.ar\/blog\/wp-content\/uploads\/1590675122756.jpg?fit=1600%2C897&ssl=1","jetpack_sharing_enabled":true,"jetpack_shortlink":"https:\/\/wp.me\/p8qtrQ-40l","jetpack-related-posts":[{"id":17741,"url":"https:\/\/larevistadigital.com.ar\/blog\/chica-de-13-anos-fue-apunalada-por-el-novio-de-16-esta-en-grave-estado\/","url_meta":{"origin":15397,"position":0},"title":"CHICA DE 13 A\u00d1OS FUE APU\u00d1ALADA POR EL NOVIO DE 16. EST\u00c1 EN GRAVE ESTADO","author":"Alejandro Sosa Ruda","date":"19 noviembre, 2020","format":false,"excerpt":"Sucedi\u00f3 en la localidad bonaerense de Azul. La adolescente fue operada y se encuentra internada en terapia intensiva. El presunto agresor fue aprehendido por la Polic\u00eda. AZUL - Una adolescente de 13 a\u00f1os fue apu\u00f1alada en la ciudad bonaerense de Azul y luego de ser operada esta noche permanec\u00eda internada\u2026","rel":"","context":"En \u00abPOLICIALES\u00bb","block_context":{"text":"POLICIALES","link":"https:\/\/larevistadigital.com.ar\/blog\/category\/policiales\/"},"img":{"alt_text":"","src":"https:\/\/i0.wp.com\/larevistadigital.com.ar\/blog\/wp-content\/uploads\/unnamed-14.jpg?fit=1000%2C662&ssl=1&resize=350%2C200","width":350,"height":200,"srcset":"https:\/\/i0.wp.com\/larevistadigital.com.ar\/blog\/wp-content\/uploads\/unnamed-14.jpg?fit=1000%2C662&ssl=1&resize=350%2C200 1x, https:\/\/i0.wp.com\/larevistadigital.com.ar\/blog\/wp-content\/uploads\/unnamed-14.jpg?fit=1000%2C662&ssl=1&resize=525%2C300 1.5x, https:\/\/i0.wp.com\/larevistadigital.com.ar\/blog\/wp-content\/uploads\/unnamed-14.jpg?fit=1000%2C662&ssl=1&resize=700%2C400 2x"},"classes":[]},{"id":28190,"url":"https:\/\/larevistadigital.com.ar\/blog\/bolivar-una-nena-de-10-anos-fue-atacada-por-una-jauria-esta-grave\/","url_meta":{"origin":15397,"position":1},"title":"BOLIVAR: UNA NENA DE 10 A\u00d1OS FUE ATACADA POR UNA JAURIA. EST\u00c1 GRAVE","author":"Alejandro Sosa Ruda","date":"30 septiembre, 2022","format":false,"excerpt":"Su nombre es Alison Gruich y vive en el campo, en la ciudad de Bol\u00edvar. Tras ser operada de urgencia en un hospital local, la derivaron al Garrahan. Permanece internada en grave estado. 30 de septiembre de 2022 BOLIVAR -\u00a0 Una ni\u00f1a\u00a0de 10 a\u00f1os fue\u00a0atacada por una jaur\u00eda\u00a0en el partido\u2026","rel":"","context":"En \u00abPOLICIALES\u00bb","block_context":{"text":"POLICIALES","link":"https:\/\/larevistadigital.com.ar\/blog\/category\/policiales\/"},"img":{"alt_text":"","src":"https:\/\/i0.wp.com\/larevistadigital.com.ar\/blog\/wp-content\/uploads\/GKP32HR3ZRDLVIEJETIAW6T6QI.jpg?fit=1200%2C672&ssl=1&resize=350%2C200","width":350,"height":200,"srcset":"https:\/\/i0.wp.com\/larevistadigital.com.ar\/blog\/wp-content\/uploads\/GKP32HR3ZRDLVIEJETIAW6T6QI.jpg?fit=1200%2C672&ssl=1&resize=350%2C200 1x, https:\/\/i0.wp.com\/larevistadigital.com.ar\/blog\/wp-content\/uploads\/GKP32HR3ZRDLVIEJETIAW6T6QI.jpg?fit=1200%2C672&ssl=1&resize=525%2C300 1.5x, https:\/\/i0.wp.com\/larevistadigital.com.ar\/blog\/wp-content\/uploads\/GKP32HR3ZRDLVIEJETIAW6T6QI.jpg?fit=1200%2C672&ssl=1&resize=700%2C400 2x, https:\/\/i0.wp.com\/larevistadigital.com.ar\/blog\/wp-content\/uploads\/GKP32HR3ZRDLVIEJETIAW6T6QI.jpg?fit=1200%2C672&ssl=1&resize=1050%2C600 3x"},"classes":[]},{"id":44329,"url":"https:\/\/larevistadigital.com.ar\/blog\/una-bebe-de-un-ano-fue-atropellada-accidentalmente-por-un-familiar-en-miramar-y-esta-internada-en-grave-estado\/","url_meta":{"origin":15397,"position":2},"title":"Una beb\u00e9 de un a\u00f1o fue atropellada accidentalmente por un familiar en Miramar y est\u00e1 internada en grave estado","author":"Alejandro Sosa Ruda","date":"5 marzo, 2026","format":false,"excerpt":"La peque\u00f1a fue trasladada de urgencia al hospital de Mar del Plata. Permanece en terapia intensiva, con asistencia respiratoria y en coma, tras sufrir graves lesiones internas. 05 de marzo de 2026 MIRAMAR -\u00a0 \u00a0Una ni\u00f1a de un a\u00f1o de edad permanece internada en estado grave luego de haber sido\u2026","rel":"","context":"En \u00abPOLICIALES\u00bb","block_context":{"text":"POLICIALES","link":"https:\/\/larevistadigital.com.ar\/blog\/category\/policiales\/"},"img":{"alt_text":"","src":"https:\/\/i0.wp.com\/larevistadigital.com.ar\/blog\/wp-content\/uploads\/2fc992a88006e77a9857dc9c375597bc3822c16c.jpg?fit=1140%2C680&ssl=1&resize=350%2C200","width":350,"height":200,"srcset":"https:\/\/i0.wp.com\/larevistadigital.com.ar\/blog\/wp-content\/uploads\/2fc992a88006e77a9857dc9c375597bc3822c16c.jpg?fit=1140%2C680&ssl=1&resize=350%2C200 1x, https:\/\/i0.wp.com\/larevistadigital.com.ar\/blog\/wp-content\/uploads\/2fc992a88006e77a9857dc9c375597bc3822c16c.jpg?fit=1140%2C680&ssl=1&resize=525%2C300 1.5x, https:\/\/i0.wp.com\/larevistadigital.com.ar\/blog\/wp-content\/uploads\/2fc992a88006e77a9857dc9c375597bc3822c16c.jpg?fit=1140%2C680&ssl=1&resize=700%2C400 2x, https:\/\/i0.wp.com\/larevistadigital.com.ar\/blog\/wp-content\/uploads\/2fc992a88006e77a9857dc9c375597bc3822c16c.jpg?fit=1140%2C680&ssl=1&resize=1050%2C600 3x"},"classes":[]},{"id":29410,"url":"https:\/\/larevistadigital.com.ar\/blog\/baradero-un-joven-mato-a-un-automovilista-a-golpes-luego-de-una-discusion-por-un-choque\/","url_meta":{"origin":15397,"position":3},"title":"BARADERO: UN JOVEN MAT\u00d3 A UN AUTOMOVILISTA A GOLPES LUEGO DE UNA DISCUSI\u00d3N POR UN CHOQUE","author":"Alejandro Sosa Ruda","date":"11 diciembre, 2022","format":false,"excerpt":"El hombre recibi\u00f3 un golpe de pu\u00f1o en el rostro y al caer su cabeza impact\u00f3 contra el cord\u00f3n. El sujeto qued\u00f3 internado en grave estado y el martes por la noche falleci\u00f3 como consecuencia de las lesiones sufridas. 10 de diciembre de 2022 BARADERO -\u00a0 Un hombre de 67\u2026","rel":"","context":"En \u00abPOLICIALES\u00bb","block_context":{"text":"POLICIALES","link":"https:\/\/larevistadigital.com.ar\/blog\/category\/policiales\/"},"img":{"alt_text":"","src":"https:\/\/i0.wp.com\/larevistadigital.com.ar\/blog\/wp-content\/uploads\/POLICIA-4.jpg?fit=880%2C512&ssl=1&resize=350%2C200","width":350,"height":200,"srcset":"https:\/\/i0.wp.com\/larevistadigital.com.ar\/blog\/wp-content\/uploads\/POLICIA-4.jpg?fit=880%2C512&ssl=1&resize=350%2C200 1x, https:\/\/i0.wp.com\/larevistadigital.com.ar\/blog\/wp-content\/uploads\/POLICIA-4.jpg?fit=880%2C512&ssl=1&resize=525%2C300 1.5x, https:\/\/i0.wp.com\/larevistadigital.com.ar\/blog\/wp-content\/uploads\/POLICIA-4.jpg?fit=880%2C512&ssl=1&resize=700%2C400 2x"},"classes":[]},{"id":4821,"url":"https:\/\/larevistadigital.com.ar\/blog\/la-hija-menor-balcedo-fue-mordida-una-serpiente\/","url_meta":{"origin":15397,"position":4},"title":"LA HIJA MENOR DE BALCEDO FUE MORDIDA POR UNA SERPIENTE","author":"Alejandro Sosa Ruda","date":"9 febrero, 2018","format":false,"excerpt":"La hija menor de Marcelo Balcedo, el ex titular del Soeme detenido por lavado de activos, se encuentra\u00a0internada en el hospital de Maldonado luego de haber sido mordida por una serpiente\u00a0mientras estaba en la estancia \"El Gran Chaparral\" de Playa Verde, departamento de Maldonado. Uno de los abogados de Balcedo,\u2026","rel":"","context":"En \u00abPOLITICA\u00bb","block_context":{"text":"POLITICA","link":"https:\/\/larevistadigital.com.ar\/blog\/category\/politica\/"},"img":{"alt_text":"","src":"","width":0,"height":0},"classes":[]},{"id":32979,"url":"https:\/\/larevistadigital.com.ar\/blog\/campana-murio-una-nena-de-8-anos-la-familia-denuncia-mala-praxis-y-negligencia-en-el-hospital-municipal\/","url_meta":{"origin":15397,"position":5},"title":"CAMPANA: MURI\u00d3 UNA NENA DE 8 A\u00d1OS. LA FAMILIA DENUNCIA MALA PR\u00c1XIS Y NEGLIGENCIA EN EL HOSPITAL MUNICIPAL","author":"Alejandro Sosa Ruda","date":"22 agosto, 2023","format":false,"excerpt":"La menor ingres\u00f3 a la guardia del Hospital por problemas respiratorios, pero fue dada de alta horas m\u00e1s tarde. Su cuadro no mejor\u00f3 y debi\u00f3 regresar poco despu\u00e9s, y esta vez qued\u00f3 internada al detectarle una anomal\u00eda en un pulm\u00f3n. Finalmente, la ni\u00f1a falleci\u00f3 y sus padres exigen respuestas. CAMPANA\u2026","rel":"","context":"En \u00abPOLICIALES\u00bb","block_context":{"text":"POLICIALES","link":"https:\/\/larevistadigital.com.ar\/blog\/category\/policiales\/"},"img":{"alt_text":"","src":"https:\/\/i0.wp.com\/larevistadigital.com.ar\/blog\/wp-content\/uploads\/20230822183456_guardia.jpg?fit=880%2C512&ssl=1&resize=350%2C200","width":350,"height":200,"srcset":"https:\/\/i0.wp.com\/larevistadigital.com.ar\/blog\/wp-content\/uploads\/20230822183456_guardia.jpg?fit=880%2C512&ssl=1&resize=350%2C200 1x, https:\/\/i0.wp.com\/larevistadigital.com.ar\/blog\/wp-content\/uploads\/20230822183456_guardia.jpg?fit=880%2C512&ssl=1&resize=525%2C300 1.5x, https:\/\/i0.wp.com\/larevistadigital.com.ar\/blog\/wp-content\/uploads\/20230822183456_guardia.jpg?fit=880%2C512&ssl=1&resize=700%2C400 2x"},"classes":[]}],"_links":{"self":[{"href":"https:\/\/larevistadigital.com.ar\/blog\/wp-json\/wp\/v2\/posts\/15397","targetHints":{"allow":["GET"]}}],"collection":[{"href":"https:\/\/larevistadigital.com.ar\/blog\/wp-json\/wp\/v2\/posts"}],"about":[{"href":"https:\/\/larevistadigital.com.ar\/blog\/wp-json\/wp\/v2\/types\/post"}],"author":[{"embeddable":true,"href":"https:\/\/larevistadigital.com.ar\/blog\/wp-json\/wp\/v2\/users\/3"}],"replies":[{"embeddable":true,"href":"https:\/\/larevistadigital.com.ar\/blog\/wp-json\/wp\/v2\/comments?post=15397"}],"version-history":[{"count":3,"href":"https:\/\/larevistadigital.com.ar\/blog\/wp-json\/wp\/v2\/posts\/15397\/revisions"}],"predecessor-version":[{"id":15401,"href":"https:\/\/larevistadigital.com.ar\/blog\/wp-json\/wp\/v2\/posts\/15397\/revisions\/15401"}],"wp:featuredmedia":[{"embeddable":true,"href":"https:\/\/larevistadigital.com.ar\/blog\/wp-json\/wp\/v2\/media\/15400"}],"wp:attachment":[{"href":"https:\/\/larevistadigital.com.ar\/blog\/wp-json\/wp\/v2\/media?parent=15397"}],"wp:term":[{"taxonomy":"category","embeddable":true,"href":"https:\/\/larevistadigital.com.ar\/blog\/wp-json\/wp\/v2\/categories?post=15397"},{"taxonomy":"post_tag","embeddable":true,"href":"https:\/\/larevistadigital.com.ar\/blog\/wp-json\/wp\/v2\/tags?post=15397"}],"curies":[{"name":"wp","href":"https:\/\/api.w.org\/{rel}","templated":true}]}}