{"id":15404,"date":"2020-05-29T14:13:15","date_gmt":"2020-05-29T14:13:15","guid":{"rendered":"https:\/\/larevistadigital.com.ar\/blog\/?p=15404"},"modified":"2020-05-29T14:13:15","modified_gmt":"2020-05-29T14:13:15","slug":"licencias-de-conducir-aviso-importante","status":"publish","type":"post","link":"https:\/\/larevistadigital.com.ar\/blog\/licencias-de-conducir-aviso-importante\/","title":{"rendered":"LICENCIAS DE CONDUCIR: AVISO IMPORTANTE!"},"content":{"rendered":"<p>Informa el \u00e1rea de Licencias de Conducir que se encuentra suspendida la atenci\u00f3n al p\u00fablico para realizar tr\u00e1mites y solicitar turnos telef\u00f3nicamente, debido a que la Oficina de Impresi\u00f3n de Licencias de Provincia -que se encuentra en Chascom\u00fas- no est\u00e1 habilitada, por lo cual no tenemos impresi\u00f3n y debemos esperar una nueva autorizaci\u00f3n de la Direcci\u00f3n Provincial de Pol\u00edtica y Seguridad Vial (DPPSV).<br \/>\nSe solicita a los vecinos que an<span class=\"text_exposed_show\">te cualquier consulta se comuniquen telef\u00f3nicamente al 02242 432303 interno 24 (licencias), de lunes a viernes de 8 a 13 horas.<\/span><\/p>\n<div class=\"text_exposed_show\">\n<p><span class=\"_5mfr\"><span class=\"_6qdm\">&#x1f698;<\/span><\/span>\u00a0SE RECUERDA QUE TODAS LAS LICENCIAS COMPRENDIDAS ENTRE EL 15\/2 Y EL 15\/6 SE ENCUENTRAN CON PR\u00d3RROGA DE 150 D\u00cdAS.<span class=\"_5mfr\"><span class=\"_6qdm\">&#x1f699;<\/span><\/span><\/p>\n<\/div>\n","protected":false},"excerpt":{"rendered":"<div class=\"mh-excerpt\"><p>Informa el \u00e1rea de Licencias de Conducir que se encuentra suspendida la atenci\u00f3n al p\u00fablico para realizar tr\u00e1mites y solicitar turnos telef\u00f3nicamente, debido a que la Oficina de Impresi\u00f3n de Licencias de Provincia -que se <a class=\"mh-excerpt-more\" href=\"https:\/\/larevistadigital.com.ar\/blog\/licencias-de-conducir-aviso-importante\/\" title=\"LICENCIAS DE CONDUCIR: AVISO IMPORTANTE!\">[Leer M\u00e1s]<\/a><\/p>\n<\/div>","protected":false},"author":3,"featured_media":15405,"comment_status":"open","ping_status":"open","sticky":false,"template":"","format":"standard","meta":{"_jetpack_memberships_contains_paid_content":false,"footnotes":"","jetpack_publicize_message":"","jetpack_publicize_feature_enabled":true,"jetpack_social_post_already_shared":true,"jetpack_social_options":{"image_generator_settings":{"template":"highway","default_image_id":0,"font":"","enabled":false},"version":2}},"categories":[7,51],"tags":[84],"class_list":{"0":"post-15404","1":"post","2":"type-post","3":"status-publish","4":"format-standard","5":"has-post-thumbnail","7":"category-lezama","8":"category-regionales","9":"tag-lezama"},"jetpack_publicize_connections":[],"jetpack_featured_media_url":"https:\/\/i0.wp.com\/larevistadigital.com.ar\/blog\/wp-content\/uploads\/101866551_1772317892960904_2822445012766162944_n.jpg?fit=652%2C638&ssl=1","jetpack_sharing_enabled":true,"jetpack_shortlink":"https:\/\/wp.me\/p8qtrQ-40s","jetpack-related-posts":[{"id":40746,"url":"https:\/\/larevistadigital.com.ar\/blog\/chascomus-se-restablecio-la-entrega-de-carnets-de-licencias-de-conducir\/","url_meta":{"origin":15404,"position":0},"title":"Chascom\u00fas: Se restableci\u00f3 la entrega de carnets de licencias de conducir","author":"Alejandro Sosa Ruda","date":"4 agosto, 2025","format":false,"excerpt":"Gracias a las gestiones del gobierno municipal, se resolvi\u00f3 la situaci\u00f3n generada por el faltante de kits de impresi\u00f3n. 04 de Agosto de 2025 CHASCOM\u00daS -\u00a0 \u00a0Luego de varios d\u00edas de suspensi\u00f3n en la entrega de los carnets f\u00edsicos de licencias de conducir debido a la falta de insumos a\u2026","rel":"","context":"En \u00abCHASCOM\u00daS\u00bb","block_context":{"text":"CHASCOM\u00daS","link":"https:\/\/larevistadigital.com.ar\/blog\/category\/chascomus\/"},"img":{"alt_text":"","src":"https:\/\/i0.wp.com\/larevistadigital.com.ar\/blog\/wp-content\/uploads\/6890ed9179d9f.png?fit=668%2C445&ssl=1&resize=350%2C200","width":350,"height":200,"srcset":"https:\/\/i0.wp.com\/larevistadigital.com.ar\/blog\/wp-content\/uploads\/6890ed9179d9f.png?fit=668%2C445&ssl=1&resize=350%2C200 1x, https:\/\/i0.wp.com\/larevistadigital.com.ar\/blog\/wp-content\/uploads\/6890ed9179d9f.png?fit=668%2C445&ssl=1&resize=525%2C300 1.5x"},"classes":[]},{"id":40601,"url":"https:\/\/larevistadigital.com.ar\/blog\/chascomus-por-falta-de-kits-se-suspenden-entregas-de-carnets-de-licencias-de-conducir-fisicas\/","url_meta":{"origin":15404,"position":1},"title":"Chascom\u00fas: Por falta de kits se suspenden entregas de carnets de licencias de conducir f\u00edsicas","author":"Alejandro Sosa Ruda","date":"26 julio, 2025","format":false,"excerpt":"Autoridades municipales buscan soluciones excepcionales ante la falta de respuesta del gobierno nacional. 26 de Julio de 2025 CHASCOM\u00daS -\u00a0 \u00a0El faltante de kits para la impresi\u00f3n de los carnets de las licencias de conducir se produce con posterioridad a la disoluci\u00f3n de la Agencia Nacional de Seguridad Vial (ANSV)\u2026","rel":"","context":"En \u00abCHASCOM\u00daS\u00bb","block_context":{"text":"CHASCOM\u00daS","link":"https:\/\/larevistadigital.com.ar\/blog\/category\/chascomus\/"},"img":{"alt_text":"","src":"https:\/\/i0.wp.com\/larevistadigital.com.ar\/blog\/wp-content\/uploads\/6883c7acdee0c.png?fit=668%2C445&ssl=1&resize=350%2C200","width":350,"height":200,"srcset":"https:\/\/i0.wp.com\/larevistadigital.com.ar\/blog\/wp-content\/uploads\/6883c7acdee0c.png?fit=668%2C445&ssl=1&resize=350%2C200 1x, https:\/\/i0.wp.com\/larevistadigital.com.ar\/blog\/wp-content\/uploads\/6883c7acdee0c.png?fit=668%2C445&ssl=1&resize=525%2C300 1.5x"},"classes":[]},{"id":20471,"url":"https:\/\/larevistadigital.com.ar\/blog\/chascomus-la-oficina-de-licencias-de-conducir-permanecera-cerrada-los-dias-26-27-y-28-de-mayo\/","url_meta":{"origin":15404,"position":2},"title":"CHASCOM\u00daS: LA OFICINA DE LICENCIAS DE CONDUCIR PERMANECER\u00c1 CERRADA LOS D\u00cdAS 26, 27 Y 28 DE MAYO","author":"Alejandro Sosa Ruda","date":"26 mayo, 2021","format":false,"excerpt":"Recibimos la siguiente notificaci\u00f3n: \u2022 Por las medidas de p\u00fablico conocimiento, hemos decidido cerrar las puertas de la oficina, para evitar la concurrencia y aglomeraci\u00f3n de personas. \u2022Ante cualquier duda o consulta comunicarse por el siguiente mail. galtamirano@chascomus.gob.ar","rel":"","context":"En \u00abCHASCOM\u00daS\u00bb","block_context":{"text":"CHASCOM\u00daS","link":"https:\/\/larevistadigital.com.ar\/blog\/category\/chascomus\/"},"img":{"alt_text":"","src":"https:\/\/i0.wp.com\/larevistadigital.com.ar\/blog\/wp-content\/uploads\/2020_12_03_01_15_34_7143900.jpeg?fit=600%2C377&ssl=1&resize=350%2C200","width":350,"height":200,"srcset":"https:\/\/i0.wp.com\/larevistadigital.com.ar\/blog\/wp-content\/uploads\/2020_12_03_01_15_34_7143900.jpeg?fit=600%2C377&ssl=1&resize=350%2C200 1x, https:\/\/i0.wp.com\/larevistadigital.com.ar\/blog\/wp-content\/uploads\/2020_12_03_01_15_34_7143900.jpeg?fit=600%2C377&ssl=1&resize=525%2C300 1.5x"},"classes":[]},{"id":25345,"url":"https:\/\/larevistadigital.com.ar\/blog\/mar-del-plata-el-intendente-informo-que-se-encontraron-licencias-falsas-de-conducir\/","url_meta":{"origin":15404,"position":3},"title":"MAR DEL PLATA: EL INTENDENTE INFORM\u00d3 QUE SE ENCONTRARON LICENCIAS FALSAS DE CONDUCIR","author":"Alejandro Sosa Ruda","date":"22 mayo, 2022","format":false,"excerpt":"El intendente asegur\u00f3 que en distintos operativos de tr\u00e1nsito se identificaron y retuvieron licencias \"presuntamente ap\u00f3crifas\". Sus portadores fueron denunciados penalmente. Adem\u00e1s, se labraron 1853 actas y 239 veh\u00edculos fueron secuestrados, 39 de ellos por alcoholemia. MAR DEL PLATA -\u00a0 El intendente Guillermo Montenegro\u00a0inform\u00f3 hoy que en distintos operativos de\u2026","rel":"","context":"En \u00abREGIONALES\u00bb","block_context":{"text":"REGIONALES","link":"https:\/\/larevistadigital.com.ar\/blog\/category\/regionales\/"},"img":{"alt_text":"","src":"https:\/\/i0.wp.com\/larevistadigital.com.ar\/blog\/wp-content\/uploads\/mardel.png?fit=806%2C459&ssl=1&resize=350%2C200","width":350,"height":200,"srcset":"https:\/\/i0.wp.com\/larevistadigital.com.ar\/blog\/wp-content\/uploads\/mardel.png?fit=806%2C459&ssl=1&resize=350%2C200 1x, https:\/\/i0.wp.com\/larevistadigital.com.ar\/blog\/wp-content\/uploads\/mardel.png?fit=806%2C459&ssl=1&resize=525%2C300 1.5x, https:\/\/i0.wp.com\/larevistadigital.com.ar\/blog\/wp-content\/uploads\/mardel.png?fit=806%2C459&ssl=1&resize=700%2C400 2x"},"classes":[]},{"id":19144,"url":"https:\/\/larevistadigital.com.ar\/blog\/extienden-el-vencimiento-de-las-licencias-de-conducir\/","url_meta":{"origin":15404,"position":4},"title":"EXTIENDEN EL VENCIMIENTO DE LAS LICENCIAS DE CONDUCIR","author":"Alejandro Sosa Ruda","date":"2 marzo, 2021","format":false,"excerpt":"Es para las que caducan entre el 1 de enero y 30 de junio de 2021 El gobierno bonaerense extendi\u00f3 por 180 d\u00edas corridos el vencimiento de las licencias de conducir que caducan entre el 1 de enero y 30 de junio de 2021, seg\u00fan lo dispuesto hoy a trav\u00e9s\u2026","rel":"","context":"En \u00abINTERES GENERAL\u00bb","block_context":{"text":"INTERES GENERAL","link":"https:\/\/larevistadigital.com.ar\/blog\/category\/interes-general\/"},"img":{"alt_text":"","src":"https:\/\/i0.wp.com\/larevistadigital.com.ar\/blog\/wp-content\/uploads\/carnet-de-conducir.jpeg?fit=1200%2C900&ssl=1&resize=350%2C200","width":350,"height":200,"srcset":"https:\/\/i0.wp.com\/larevistadigital.com.ar\/blog\/wp-content\/uploads\/carnet-de-conducir.jpeg?fit=1200%2C900&ssl=1&resize=350%2C200 1x, https:\/\/i0.wp.com\/larevistadigital.com.ar\/blog\/wp-content\/uploads\/carnet-de-conducir.jpeg?fit=1200%2C900&ssl=1&resize=525%2C300 1.5x, https:\/\/i0.wp.com\/larevistadigital.com.ar\/blog\/wp-content\/uploads\/carnet-de-conducir.jpeg?fit=1200%2C900&ssl=1&resize=700%2C400 2x, https:\/\/i0.wp.com\/larevistadigital.com.ar\/blog\/wp-content\/uploads\/carnet-de-conducir.jpeg?fit=1200%2C900&ssl=1&resize=1050%2C600 3x"},"classes":[]},{"id":16953,"url":"https:\/\/larevistadigital.com.ar\/blog\/prorrogan-por-un-ano-el-vencimiento-de-las-licencias-de-conducir\/","url_meta":{"origin":15404,"position":5},"title":"PRORROGAN POR UN A\u00d1O EL VENCIMIENTO DE LAS LICENCIAS DE CONDUCIR","author":"Alejandro Sosa Ruda","date":"14 octubre, 2020","format":false,"excerpt":"Es para las que tienen fecha de caducidad entre el 15 de febrero y el 31 de diciembre de 2020 La Direcci\u00f3n Provincial de Pol\u00edtica y Seguridad Vial prorrog\u00f3 por 365 d\u00edas corridos el vencimientos de aquellas licencias cuya fecha de caducidad\u00a0est\u00e9 comprendida entre el 15 de febrero y el\u2026","rel":"","context":"En \u00abINTERES GENERAL\u00bb","block_context":{"text":"INTERES GENERAL","link":"https:\/\/larevistadigital.com.ar\/blog\/category\/interes-general\/"},"img":{"alt_text":"","src":"https:\/\/i0.wp.com\/larevistadigital.com.ar\/blog\/wp-content\/uploads\/impresora-licencias.jpg?fit=1024%2C683&ssl=1&resize=350%2C200","width":350,"height":200,"srcset":"https:\/\/i0.wp.com\/larevistadigital.com.ar\/blog\/wp-content\/uploads\/impresora-licencias.jpg?fit=1024%2C683&ssl=1&resize=350%2C200 1x, https:\/\/i0.wp.com\/larevistadigital.com.ar\/blog\/wp-content\/uploads\/impresora-licencias.jpg?fit=1024%2C683&ssl=1&resize=525%2C300 1.5x, https:\/\/i0.wp.com\/larevistadigital.com.ar\/blog\/wp-content\/uploads\/impresora-licencias.jpg?fit=1024%2C683&ssl=1&resize=700%2C400 2x"},"classes":[]}],"_links":{"self":[{"href":"https:\/\/larevistadigital.com.ar\/blog\/wp-json\/wp\/v2\/posts\/15404","targetHints":{"allow":["GET"]}}],"collection":[{"href":"https:\/\/larevistadigital.com.ar\/blog\/wp-json\/wp\/v2\/posts"}],"about":[{"href":"https:\/\/larevistadigital.com.ar\/blog\/wp-json\/wp\/v2\/types\/post"}],"author":[{"embeddable":true,"href":"https:\/\/larevistadigital.com.ar\/blog\/wp-json\/wp\/v2\/users\/3"}],"replies":[{"embeddable":true,"href":"https:\/\/larevistadigital.com.ar\/blog\/wp-json\/wp\/v2\/comments?post=15404"}],"version-history":[{"count":1,"href":"https:\/\/larevistadigital.com.ar\/blog\/wp-json\/wp\/v2\/posts\/15404\/revisions"}],"predecessor-version":[{"id":15406,"href":"https:\/\/larevistadigital.com.ar\/blog\/wp-json\/wp\/v2\/posts\/15404\/revisions\/15406"}],"wp:featuredmedia":[{"embeddable":true,"href":"https:\/\/larevistadigital.com.ar\/blog\/wp-json\/wp\/v2\/media\/15405"}],"wp:attachment":[{"href":"https:\/\/larevistadigital.com.ar\/blog\/wp-json\/wp\/v2\/media?parent=15404"}],"wp:term":[{"taxonomy":"category","embeddable":true,"href":"https:\/\/larevistadigital.com.ar\/blog\/wp-json\/wp\/v2\/categories?post=15404"},{"taxonomy":"post_tag","embeddable":true,"href":"https:\/\/larevistadigital.com.ar\/blog\/wp-json\/wp\/v2\/tags?post=15404"}],"curies":[{"name":"wp","href":"https:\/\/api.w.org\/{rel}","templated":true}]}}