{"id":15441,"date":"2020-05-31T17:48:46","date_gmt":"2020-05-31T17:48:46","guid":{"rendered":"https:\/\/larevistadigital.com.ar\/blog\/?p=15441"},"modified":"2020-05-31T17:48:46","modified_gmt":"2020-05-31T17:48:46","slug":"reflexiones-de-un-vecino-de-chascomus-de-un-muro-de-facebook","status":"publish","type":"post","link":"https:\/\/larevistadigital.com.ar\/blog\/reflexiones-de-un-vecino-de-chascomus-de-un-muro-de-facebook\/","title":{"rendered":"\u00abREFLEXIONES DE UN VECINO DE CHASCOM\u00daS\u00bb&#8230; DE UN MURO DE FACEBOOK"},"content":{"rendered":"<p>Entre las cosas que uno puede observar mientras navega por las redes sociales, uno puede encontrar desde un insulto a una persona porque sedujo a su pareja y quien escribe se ha sentido enga\u00f1ado, hasta declaraciones de amor, pasando por frases, fotos, pensamientos, y todo lo que se nos puede ocurrir que alguien comparti\u00f3.<\/p>\n<p>Pero en esa jungla, uno tambi\u00e9n encuentra cosas excelentes, y otras muy interesantes: Buena m\u00fasica, documentos hist\u00f3ricos, tutoriales que ense\u00f1an distintas cosas, o simplemente opiniones. Opiniones que a veces nos hacen pensar, reflexionar y sentir instant\u00e1neamente una ola de empat\u00eda por quien las public\u00f3.<\/p>\n<blockquote>\n<h3>Hoy es el caso de un vecino. Un vecino que manifiesta algo que no solo \u00e9l siente, sino que es el reflejo del sentir de muchas mas personas que de la misma manera pasan esta lamentable cuarentena que nos toca vivir, as\u00ed, tan imprevista como triste y perjudicial para todos. Tanto los que bregan por continuarla, como los que suplican que se flexibilice mientras solo pueden ver, at\u00f3nitos como lo que tanto tiempo y sacrificio les ha costado conseguir (en algunos casos generaciones) se derrumba como un castillo de arena.<\/h3>\n<\/blockquote>\n<p>Por eso, elegimos compartir lo escrito por el chascomunense <strong>V\u00edctor Cardachi<\/strong>. Repetimos que puede o no coincidir con nuestra opini\u00f3n. Pero es importante conocer lo que pasa por la mente y el coraz\u00f3n de nuestros vecinos.<\/p>\n<p><strong>LA PUBLICACI\u00d3N:\u00a0<\/strong><\/p>\n<p><em><strong>\u00abAyer vi mas de 25 personas en el bulevar que esta en la escuela primaria 5 todos juntitos y en mas de un caso sin respetar distancia. Esa misma gente ese d\u00eda estuvo en un mini recital. la mayor\u00eda de esa gente me cae muy bien y hablo con ellos. Pero me sent\u00ed un est\u00fapido&#8230; Sobre todo porque esta gente es la que pone las reglas y decide quien puede trabajar y quien no. Esta actitud me cae muy mal x que hay mucha gente que ya se fundi\u00f3.<\/strong><\/em><\/p>\n<p><em><strong>Para evitar que la gente se junte y se propague el virus, creo que no tienen que realizar actos oficiales x respeto a los que no pueden abrir sus negocios o sus talleres. <\/strong><\/em><\/p>\n<p><em><strong>Adem\u00e1s ellos tambi\u00e9n pueden ser transmisores y aun es mas peligroso x que ellos est\u00e1n en contacto con la gente que trabaja en el hospital. \u00bfSabes a cuanta gente puede contagiar un funcionario p\u00fablico?&#8230; Andan x todos lados sin pedir permiso alguno, pero se olvidan que ellos pueden ser transmisores del virus del que tanto se est\u00e1n cuidando.<\/strong><\/em><\/p>\n<p><em><strong>Si la mayor\u00eda de la gente no se puede juntar &#8230; \u00bfx qu\u00e9 ellos si? \u00bfAcaso saben algo que nosotros no?. O simplemente \u00bfno se dieron cuenta que esta actitud de no dar el ejemplo puede hacer sentir a alguien que no tiene laburo muy mal? <\/strong><\/em><\/p>\n<p><em><strong>La verdad me siento un tarado tambi\u00e9n al ver la foto del presidente sac\u00e1ndose fotos sin barbijo y con mucha gente casi encima de el&#8230;y yo ac\u00e1 sin ver a mi familia para cuidarlos .y mis hijos sin salir a la calle para cuidarlos. Y ni que hablar de todos los trabajos que no puedo aceptar. Estamos en una \u00e9poca donde si atacas al gobierno te insultan .pero para mi no permitir trabajos donde se junta la gente y despu\u00e9s juntarte para un acto esta muy mal.\u00bb<\/strong><\/em><\/p>\n<p><img data-recalc-dims=\"1\" loading=\"lazy\" decoding=\"async\" class=\"size-full wp-image-15443 aligncenter\" src=\"https:\/\/i0.wp.com\/larevistadigital.com.ar\/blog\/wp-content\/uploads\/Screenshot_1-113.jpg?resize=778%2C787&#038;ssl=1\" alt=\"\" width=\"778\" height=\"787\" srcset=\"https:\/\/i0.wp.com\/larevistadigital.com.ar\/blog\/wp-content\/uploads\/Screenshot_1-113.jpg?w=778&amp;ssl=1 778w, https:\/\/i0.wp.com\/larevistadigital.com.ar\/blog\/wp-content\/uploads\/Screenshot_1-113.jpg?resize=297%2C300&amp;ssl=1 297w, https:\/\/i0.wp.com\/larevistadigital.com.ar\/blog\/wp-content\/uploads\/Screenshot_1-113.jpg?resize=768%2C777&amp;ssl=1 768w\" sizes=\"auto, (max-width: 778px) 100vw, 778px\" \/><\/p>\n","protected":false},"excerpt":{"rendered":"<div class=\"mh-excerpt\"><p>Entre las cosas que uno puede observar mientras navega por las redes sociales, uno puede encontrar desde un insulto a una persona porque sedujo a su pareja y quien escribe se ha sentido enga\u00f1ado, hasta <a class=\"mh-excerpt-more\" href=\"https:\/\/larevistadigital.com.ar\/blog\/reflexiones-de-un-vecino-de-chascomus-de-un-muro-de-facebook\/\" title=\"\u00abREFLEXIONES DE UN VECINO DE CHASCOM\u00daS\u00bb&#8230; DE UN MURO DE FACEBOOK\">[Leer M\u00e1s]<\/a><\/p>\n<\/div>","protected":false},"author":3,"featured_media":15442,"comment_status":"open","ping_status":"open","sticky":false,"template":"","format":"standard","meta":{"_jetpack_memberships_contains_paid_content":false,"footnotes":"","jetpack_publicize_message":"","jetpack_publicize_feature_enabled":true,"jetpack_social_post_already_shared":true,"jetpack_social_options":{"image_generator_settings":{"template":"highway","default_image_id":0,"font":"","enabled":false},"version":2}},"categories":[6,29],"tags":[],"class_list":{"0":"post-15441","1":"post","2":"type-post","3":"status-publish","4":"format-standard","5":"has-post-thumbnail","7":"category-chascomus","8":"category-sociedad"},"jetpack_publicize_connections":[],"jetpack_featured_media_url":"https:\/\/i0.wp.com\/larevistadigital.com.ar\/blog\/wp-content\/uploads\/redes-sociales.jpg?fit=1200%2C812&ssl=1","jetpack_sharing_enabled":true,"jetpack_shortlink":"https:\/\/wp.me\/p8qtrQ-413","jetpack-related-posts":[{"id":35135,"url":"https:\/\/larevistadigital.com.ar\/blog\/chascomus-vecino-denuncia-que-el-hospital-le-nego-una-ambulancia-para-una-persona-desvanecida\/","url_meta":{"origin":15441,"position":0},"title":"CHASCOM\u00daS: VECINO DENUNCIA QUE EL HOSPITAL LE NEG\u00d3 UNA AMBULANCIA PARA UNA PERSONA DESVANECIDA","author":"Alejandro Sosa Ruda","date":"29 enero, 2024","format":false,"excerpt":"El vecino denunci\u00f3 en la red social Facebook, y r\u00e1pidamente se sumaron gran cantidad de personas con distintos reclamos. \u00bfNo es hora de hacer algo?... 29 de enero de 2023 CHASCOM\u00daS -\u00a0 \u00a0Un nuevo reclamo se ha sumado por distintas irregularidades en la atenci\u00f3n del querido Hospital Municipal San Vicente\u2026","rel":"","context":"En \u00abCHASCOM\u00daS\u00bb","block_context":{"text":"CHASCOM\u00daS","link":"https:\/\/larevistadigital.com.ar\/blog\/category\/chascomus\/"},"img":{"alt_text":"","src":"https:\/\/i0.wp.com\/larevistadigital.com.ar\/blog\/wp-content\/uploads\/AMBULANCIA.jpg?fit=750%2C517&ssl=1&resize=350%2C200","width":350,"height":200,"srcset":"https:\/\/i0.wp.com\/larevistadigital.com.ar\/blog\/wp-content\/uploads\/AMBULANCIA.jpg?fit=750%2C517&ssl=1&resize=350%2C200 1x, https:\/\/i0.wp.com\/larevistadigital.com.ar\/blog\/wp-content\/uploads\/AMBULANCIA.jpg?fit=750%2C517&ssl=1&resize=525%2C300 1.5x, https:\/\/i0.wp.com\/larevistadigital.com.ar\/blog\/wp-content\/uploads\/AMBULANCIA.jpg?fit=750%2C517&ssl=1&resize=700%2C400 2x"},"classes":[]},{"id":932,"url":"https:\/\/larevistadigital.com.ar\/blog\/agua-dijo-un-funcionario-la-de-la-canilla-es-la-misma-que-la-mineral-que-compramos-en-los-negocios\/","url_meta":{"origin":15441,"position":1},"title":"AGUA: Dijo un funcionario\u2026 \u201cLa de la canilla, es la misma que la mineral que compramos en los negocios\u201d","author":"Alejandro Sosa Ruda","date":"10 marzo, 2017","format":false,"excerpt":"\u00a0 Un vecino nos hizo llegar una filmaci\u00f3n que muestra c\u00f3mo \u00a0sale en su propiedad el agua de la canilla. Hace poco tiempo, otro vecino nos coment\u00f3 que cuando le contaron al Secretario de Obras acerca del estado en que sale el agua de la canilla, este le hab\u00eda contestado\u2026","rel":"","context":"En \u00abCHASCOM\u00daS\u00bb","block_context":{"text":"CHASCOM\u00daS","link":"https:\/\/larevistadigital.com.ar\/blog\/category\/chascomus\/"},"img":{"alt_text":"","src":"https:\/\/i0.wp.com\/larevistadigital.com.ar\/blog\/wp-content\/uploads\/2017\/03\/drinking-98618_960_720.png?fit=720%2C720&ssl=1&resize=350%2C200","width":350,"height":200,"srcset":"https:\/\/i0.wp.com\/larevistadigital.com.ar\/blog\/wp-content\/uploads\/2017\/03\/drinking-98618_960_720.png?fit=720%2C720&ssl=1&resize=350%2C200 1x, https:\/\/i0.wp.com\/larevistadigital.com.ar\/blog\/wp-content\/uploads\/2017\/03\/drinking-98618_960_720.png?fit=720%2C720&ssl=1&resize=525%2C300 1.5x, https:\/\/i0.wp.com\/larevistadigital.com.ar\/blog\/wp-content\/uploads\/2017\/03\/drinking-98618_960_720.png?fit=720%2C720&ssl=1&resize=700%2C400 2x"},"classes":[]},{"id":19593,"url":"https:\/\/larevistadigital.com.ar\/blog\/cipriano-perez-del-cerro-contesto-el-reclamo-de-un-vecino-acerca-de-la-vacunacion-en-chascomus\/","url_meta":{"origin":15441,"position":2},"title":"CIPRIANO P\u00c9REZ DEL CERRO CONTEST\u00d3 EL RECLAMO DE UN VECINO, ACERCA DE LA VACUNACI\u00d3N EN CHASCOM\u00daS","author":"Alejandro Sosa Ruda","date":"3 abril, 2021","format":false,"excerpt":"CHASCOM\u00daS - Luego de las distintas situaciones que se han vivido a nivel nacional y que se han replicado en todo el pa\u00eds respecto de la vergonzosa falta de \u00e9tica y moral respecto de la vacunaci\u00f3n bautizada como VIP, que costaron la renuncia del Ministro de Salud de la Naci\u00f3n,\u2026","rel":"","context":"En \u00abINTERES GENERAL\u00bb","block_context":{"text":"INTERES GENERAL","link":"https:\/\/larevistadigital.com.ar\/blog\/category\/interes-general\/"},"img":{"alt_text":"","src":"https:\/\/i0.wp.com\/larevistadigital.com.ar\/blog\/wp-content\/uploads\/arton188925.jpg?fit=1200%2C656&ssl=1&resize=350%2C200","width":350,"height":200,"srcset":"https:\/\/i0.wp.com\/larevistadigital.com.ar\/blog\/wp-content\/uploads\/arton188925.jpg?fit=1200%2C656&ssl=1&resize=350%2C200 1x, https:\/\/i0.wp.com\/larevistadigital.com.ar\/blog\/wp-content\/uploads\/arton188925.jpg?fit=1200%2C656&ssl=1&resize=525%2C300 1.5x, https:\/\/i0.wp.com\/larevistadigital.com.ar\/blog\/wp-content\/uploads\/arton188925.jpg?fit=1200%2C656&ssl=1&resize=700%2C400 2x, https:\/\/i0.wp.com\/larevistadigital.com.ar\/blog\/wp-content\/uploads\/arton188925.jpg?fit=1200%2C656&ssl=1&resize=1050%2C600 3x"},"classes":[]},{"id":8720,"url":"https:\/\/larevistadigital.com.ar\/blog\/chascomus-quejas-por-un-peligroso-pozo-en-el-cruce-con-la-ruta-20\/","url_meta":{"origin":15441,"position":3},"title":"CHASCOM\u00daS: QUEJAS POR UN PELIGROSO POZO EN EL CRUCE CON LA RUTA 20","author":"Alejandro Sosa Ruda","date":"25 febrero, 2019","format":false,"excerpt":"Desde la empresa BA Traslados, nos hacen llegar una publicaci\u00f3n que da cuenta de un terrible pozo que se encuentra en la entrada desde la Ruta 20 por la rotonda hacia el acceso a Chascom\u00fas. Las fotograf\u00edas que env\u00edan, son elocuentes, y en su escrito, manifiestan con bronca, pero con\u2026","rel":"","context":"En \u00abCHASCOM\u00daS\u00bb","block_context":{"text":"CHASCOM\u00daS","link":"https:\/\/larevistadigital.com.ar\/blog\/category\/chascomus\/"},"img":{"alt_text":"","src":"https:\/\/i0.wp.com\/larevistadigital.com.ar\/blog\/wp-content\/uploads\/2019\/02\/Screenshot_1-11.jpg?fit=1053%2C361&ssl=1&resize=350%2C200","width":350,"height":200,"srcset":"https:\/\/i0.wp.com\/larevistadigital.com.ar\/blog\/wp-content\/uploads\/2019\/02\/Screenshot_1-11.jpg?fit=1053%2C361&ssl=1&resize=350%2C200 1x, https:\/\/i0.wp.com\/larevistadigital.com.ar\/blog\/wp-content\/uploads\/2019\/02\/Screenshot_1-11.jpg?fit=1053%2C361&ssl=1&resize=525%2C300 1.5x, https:\/\/i0.wp.com\/larevistadigital.com.ar\/blog\/wp-content\/uploads\/2019\/02\/Screenshot_1-11.jpg?fit=1053%2C361&ssl=1&resize=700%2C400 2x, https:\/\/i0.wp.com\/larevistadigital.com.ar\/blog\/wp-content\/uploads\/2019\/02\/Screenshot_1-11.jpg?fit=1053%2C361&ssl=1&resize=1050%2C600 3x"},"classes":[]},{"id":27218,"url":"https:\/\/larevistadigital.com.ar\/blog\/chascomus-el-municipio-autoriza-la-remocion-de-arboles-peligrosos-pero-recomienda-a-quien-contratar-para-el-trabajo\/","url_meta":{"origin":15441,"position":4},"title":"CHASCOM\u00daS: EL MUNICIPIO AUTORIZA LA REMOCI\u00d3N DE \u00c1RBOLES PELIGROSOS, PERO \u00abRECOMIENDA\u00bb A QUI\u00c9N CONTRATAR PARA EL TRABAJO.","author":"Alejandro Sosa Ruda","date":"22 agosto, 2022","format":false,"excerpt":"Un vecino indignado nos envi\u00f3 todas las notas que ilustran la situaci\u00f3n, pregunt\u00e1ndose si este proceder del municipio es el adecuado. CHASCOM\u00daS -\u00a0 La situaci\u00f3n, era algo normal, donde un vecino se puso en contacto mediante una nota con la Municipalidad de Chascom\u00fas a efectos de pedir autorizaci\u00f3n para retirar\u2026","rel":"","context":"En \u00abCHASCOM\u00daS\u00bb","block_context":{"text":"CHASCOM\u00daS","link":"https:\/\/larevistadigital.com.ar\/blog\/category\/chascomus\/"},"img":{"alt_text":"","src":"https:\/\/i0.wp.com\/larevistadigital.com.ar\/blog\/wp-content\/uploads\/2-4.jpg?fit=798%2C1200&ssl=1&resize=350%2C200","width":350,"height":200,"srcset":"https:\/\/i0.wp.com\/larevistadigital.com.ar\/blog\/wp-content\/uploads\/2-4.jpg?fit=798%2C1200&ssl=1&resize=350%2C200 1x, https:\/\/i0.wp.com\/larevistadigital.com.ar\/blog\/wp-content\/uploads\/2-4.jpg?fit=798%2C1200&ssl=1&resize=525%2C300 1.5x, https:\/\/i0.wp.com\/larevistadigital.com.ar\/blog\/wp-content\/uploads\/2-4.jpg?fit=798%2C1200&ssl=1&resize=700%2C400 2x"},"classes":[]},{"id":3506,"url":"https:\/\/larevistadigital.com.ar\/blog\/chascomus-avivada-del-gobierno-miedo-al-resultado-las-dos-cosas\/","url_meta":{"origin":15441,"position":5},"title":"CHASCOM\u00daS: \u201c\u00bfAVIVADA DEL GOBIERNO, MIEDO AL RESULTADO O LAS DOS COSAS?\u201d","author":"Alejandro Sosa Ruda","date":"17 octubre, 2017","format":false,"excerpt":"Durante el fin de semana largo, gran cantidad de vecinos nos hicieron llegar una inquietud que nos ha hecho plantear un interrogante: \u00bfUnidad por Chascom\u00fas da \u201cmanotazos de ahogado, por temor al resultado de la pr\u00f3xima elecci\u00f3n? Sucede que como los dem\u00e1s contendientes, han estado de caminata por los distintos\u2026","rel":"","context":"En \u00abDESTACADAS\u00bb","block_context":{"text":"DESTACADAS","link":"https:\/\/larevistadigital.com.ar\/blog\/category\/destacadas\/"},"img":{"alt_text":"","src":"https:\/\/i0.wp.com\/larevistadigital.com.ar\/blog\/wp-content\/uploads\/2017\/10\/WhatsApp-Image-2017-10-16-at-14.33.35-1.jpeg?fit=1040%2C585&ssl=1&resize=350%2C200","width":350,"height":200,"srcset":"https:\/\/i0.wp.com\/larevistadigital.com.ar\/blog\/wp-content\/uploads\/2017\/10\/WhatsApp-Image-2017-10-16-at-14.33.35-1.jpeg?fit=1040%2C585&ssl=1&resize=350%2C200 1x, https:\/\/i0.wp.com\/larevistadigital.com.ar\/blog\/wp-content\/uploads\/2017\/10\/WhatsApp-Image-2017-10-16-at-14.33.35-1.jpeg?fit=1040%2C585&ssl=1&resize=525%2C300 1.5x, https:\/\/i0.wp.com\/larevistadigital.com.ar\/blog\/wp-content\/uploads\/2017\/10\/WhatsApp-Image-2017-10-16-at-14.33.35-1.jpeg?fit=1040%2C585&ssl=1&resize=700%2C400 2x"},"classes":[]}],"_links":{"self":[{"href":"https:\/\/larevistadigital.com.ar\/blog\/wp-json\/wp\/v2\/posts\/15441","targetHints":{"allow":["GET"]}}],"collection":[{"href":"https:\/\/larevistadigital.com.ar\/blog\/wp-json\/wp\/v2\/posts"}],"about":[{"href":"https:\/\/larevistadigital.com.ar\/blog\/wp-json\/wp\/v2\/types\/post"}],"author":[{"embeddable":true,"href":"https:\/\/larevistadigital.com.ar\/blog\/wp-json\/wp\/v2\/users\/3"}],"replies":[{"embeddable":true,"href":"https:\/\/larevistadigital.com.ar\/blog\/wp-json\/wp\/v2\/comments?post=15441"}],"version-history":[{"count":1,"href":"https:\/\/larevistadigital.com.ar\/blog\/wp-json\/wp\/v2\/posts\/15441\/revisions"}],"predecessor-version":[{"id":15444,"href":"https:\/\/larevistadigital.com.ar\/blog\/wp-json\/wp\/v2\/posts\/15441\/revisions\/15444"}],"wp:featuredmedia":[{"embeddable":true,"href":"https:\/\/larevistadigital.com.ar\/blog\/wp-json\/wp\/v2\/media\/15442"}],"wp:attachment":[{"href":"https:\/\/larevistadigital.com.ar\/blog\/wp-json\/wp\/v2\/media?parent=15441"}],"wp:term":[{"taxonomy":"category","embeddable":true,"href":"https:\/\/larevistadigital.com.ar\/blog\/wp-json\/wp\/v2\/categories?post=15441"},{"taxonomy":"post_tag","embeddable":true,"href":"https:\/\/larevistadigital.com.ar\/blog\/wp-json\/wp\/v2\/tags?post=15441"}],"curies":[{"name":"wp","href":"https:\/\/api.w.org\/{rel}","templated":true}]}}