{"id":15446,"date":"2020-06-01T14:42:33","date_gmt":"2020-06-01T14:42:33","guid":{"rendered":"https:\/\/larevistadigital.com.ar\/blog\/?p=15446"},"modified":"2020-06-01T14:42:33","modified_gmt":"2020-06-01T14:42:33","slug":"un-interesante-y-lucido-analisis-del-dirigente-jose-fares","status":"publish","type":"post","link":"https:\/\/larevistadigital.com.ar\/blog\/un-interesante-y-lucido-analisis-del-dirigente-jose-fares\/","title":{"rendered":"UN INTERESANTE Y L\u00daCIDO AN\u00c1LISIS DEL DIRIGENTE JOS\u00c9 FARES"},"content":{"rendered":"<h2><em>En \u00abMedios Coranto\u00bb, se public\u00f3 una nota de opini\u00f3n del dirigente chascomunense Jos\u00e9 Fares, en donde hace un an\u00e1lisis de la actualidad. Por tal motivo, y porque estamos en la seguridad que este tipo de escritos enriquece a todas las personas, m\u00e1s all\u00e1 de las coincidencias ideol\u00f3gicas, decidimos reproducirla, para que nuestros lectores tengan la posibilidad de leerla.<\/em><\/h2>\n<p>Quienes conocemos a <strong>Jos\u00e9<\/strong>, sabemos de su bonhom\u00eda. Un hombre que siempre est\u00e1 dispuesto a ayudar a los dem\u00e1s y un so\u00f1ador de la pol\u00edtica, que muchas veces resigna cosas en pos de lo que considera \u00abel bien com\u00fan\u00bb. Nunca deja de lado a quienes lo acompa\u00f1an, sino que por el contrario, los prioriza. Activo en el trabajo y as\u00ed fue cuando le ha tocado gestionar. Siempre pensando en Chascom\u00fas y sus posibilidades de crecimiento y desarrollo. Familiero, y amigo de sus amigos. En definitiva, un gran tipo.<\/p>\n<p><strong>LA NOTA DE JOS\u00c9:<\/strong><\/p>\n<p><strong>Ra\u00fal Alfons\u00edn<\/strong> sol\u00eda decir que Chascom\u00fas era el mejor lugar para vivir. Un atrevido Secretario de Turismo local os\u00f3 completar la frase del ex presidente, afirmando que el mejor lugar para vivir, era el mejor lugar para visitar.<\/p>\n<p>Si nos ubicamos en la ciudad de la majestuosa laguna, notaremos claramente que de manera piramidal, los tres socios mayoritarios que conforman el \u00abFrente de Todos\u00bb se reparten el ejercicio del poder.<\/p>\n<p>As\u00ed, el intendente Gast\u00f3n representa al sector de Sergio Massa, el gobernador expresa el n\u00facleo del kirchnerismo duro y el Presidente aglutina al PJ tradicional, en apariencia m\u00e1s moderado.<\/p>\n<p>Sin embargo, a pesar de las diferencias internas, tienen varios denominadores comunes, raz\u00f3n l\u00f3gica por la que se unieron para enfrentar con \u00e9xito a Cambiemos. En uno de esos denominadores comunes es que quiero detenerme, y es la tendencia al pensamiento \u00fanico, viendo al adversario como enemigo al que hay que demoler y castigar. La pandemia le ha venido como anillo al dedo a los tres, para gozar de un ejercicio hegem\u00f3nico del poder, y queriendo instalar algo as\u00ed como un \u00abtotalitar\u00edsmo sanitario\u00bb.<\/p>\n<p>Nadie puede cometer la temeridad, no ya de criticar, que ser\u00eda un extremo grav\u00edsimo, sino tan siquiera de formular t\u00edmidamente un pensamiento distinto, una idea alternativa, sin que de manera inmediata sea tildado de anticuarentena, de agente de la oposici\u00f3n, de propiciar la muerte de miles de hermanos, y otros tantos disparates m\u00e1s que ser\u00eda tedioso enumerar. Y ah\u00ed vemos al Presidente, al Gobernador y al Intendente, enoj\u00e1ndose cuando les dicen que la gente se angustia, y ret\u00e1ndonos a todos en sus apariciones p\u00fablicas o videos institucionales.<\/p>\n<p>Creo que la pandemia tiene varios planos, y algunos solo quieren ver el estrictamente infectol\u00f3gico, obviando el econ\u00f3mico, el ps\u00edquico, el emocional, etc., y tambi\u00e9n creo que cada quien deber\u00eda ser due\u00f1o de priorizar el que considere, sin ser por ello sometido al juicio injusto de jurados conformados por los adeptos al gobierno. Ser\u00eda propicio que el Comit\u00e9 de Notables que asesora al Presidente, sumara tambi\u00e9n a un cl\u00ednico, un cardi\u00f3logo, un psiquiatra, a un neur\u00f3logo y a un psic\u00f3logo.<\/p>\n<p>Es por ello que felicito la actitud valiente de los muchos comerciantes que a lo largo y ancho de la patria han alzado sus voces para ser escuchados. Entiendo que la tozudez de algunos gobernantes, es consecuencia del p\u00e1nico que les produce la situaci\u00f3n, y la pesada mochila que deber\u00edan cargar de multiplicarse los casos. Y el costo pol\u00edtico a pagar ser\u00eda enorme. Pero la pavura de ellos no debe arrastrarnos a escenarios sin horizontes a la vista.<\/p>\n<p>Un dato: Los supermercados estuvieron habilitados para trabajar desde el minuto 0 de la cuarentena, por ser considerada naturalmente una actividad esencial. Estas grandes superficies comerciales emplean un total de 100.000 trabajadores, y no se conoce un solo caso de contagio. No se ha reportado un solo positivo por hacer fila en un negocio, para hacer una compra. Al contrario, el problema en Chascom\u00fas fue por descuido de quienes dicen cuidarnos.<\/p>\n<p>Como dije antes, no es momento de cr\u00edticas, s\u00ed de poner el hombro. Como dice Emilio Monz\u00f3, quiz\u00e1 el di\u00e1logo y los acuerdos no nos garanticen el \u00e9xito, pero los desencuentros y el sectarismo s\u00ed nos garantizan el fracaso. En 2001 solo Argentina estaba en crisis, el mundo traccionaba y compraba nuestros valiosos commodities.<\/p>\n<p>Hoy el mundo est\u00e1 en crisis, y lo que viene, debemos construirlo.<\/p>\n<p><strong><em>Jos\u00e9 Fares<\/em><\/strong> <em><strong>\u00a0(Ex Secretario de Turismo)<\/strong><\/em><\/p>\n<p>&nbsp;<\/p>\n<p>&nbsp;<\/p>\n","protected":false},"excerpt":{"rendered":"<div class=\"mh-excerpt\"><p>En \u00abMedios Coranto\u00bb, se public\u00f3 una nota de opini\u00f3n del dirigente chascomunense Jos\u00e9 Fares, en donde hace un an\u00e1lisis de la actualidad. Por tal motivo, y porque estamos en la seguridad que este tipo de <a class=\"mh-excerpt-more\" href=\"https:\/\/larevistadigital.com.ar\/blog\/un-interesante-y-lucido-analisis-del-dirigente-jose-fares\/\" title=\"UN INTERESANTE Y L\u00daCIDO AN\u00c1LISIS DEL DIRIGENTE JOS\u00c9 FARES\">[Leer M\u00e1s]<\/a><\/p>\n<\/div>","protected":false},"author":3,"featured_media":15447,"comment_status":"open","ping_status":"open","sticky":false,"template":"","format":"standard","meta":{"_jetpack_memberships_contains_paid_content":false,"footnotes":"","jetpack_publicize_message":"","jetpack_publicize_feature_enabled":true,"jetpack_social_post_already_shared":true,"jetpack_social_options":{"image_generator_settings":{"template":"highway","default_image_id":0,"font":"","enabled":false},"version":2}},"categories":[50],"tags":[],"class_list":{"0":"post-15446","1":"post","2":"type-post","3":"status-publish","4":"format-standard","5":"has-post-thumbnail","7":"category-interes-general"},"jetpack_publicize_connections":[],"jetpack_featured_media_url":"https:\/\/i0.wp.com\/larevistadigital.com.ar\/blog\/wp-content\/uploads\/14051827_10209028137033026_5005308837648438917_n.jpg?fit=960%2C960&ssl=1","jetpack_sharing_enabled":true,"jetpack_shortlink":"https:\/\/wp.me\/p8qtrQ-418","jetpack-related-posts":[{"id":12430,"url":"https:\/\/larevistadigital.com.ar\/blog\/jose-fares-uno-de-los-pocos-que-leyo-la-eleccion-antes-de-las-paso\/","url_meta":{"origin":15446,"position":0},"title":"JOS\u00c9 FARES: UNO DE LOS POCOS QUE LEY\u00d3 LA ELECCI\u00d3N ANTES DE LAS PASO.","author":"Alejandro Sosa Ruda","date":"2 octubre, 2019","format":false,"excerpt":"Jos\u00e9 Fares, es un experimentado dirigente pol\u00edtico de Chascom\u00fas, que adem\u00e1s de tener una vasta experiencia pol\u00edtica, cuenta con un interesante antecedente de gesti\u00f3n, durante el per\u00edodo donde se desempe\u00f1\u00f3 como Secretario de Turismo, siendo para muchos el mejor que tuvo la ciudad. Referente de Emilio Monz\u00f3, ha sido tentado\u2026","rel":"","context":"En \u00abCHASCOM\u00daS\u00bb","block_context":{"text":"CHASCOM\u00daS","link":"https:\/\/larevistadigital.com.ar\/blog\/category\/chascomus\/"},"img":{"alt_text":"","src":"https:\/\/i0.wp.com\/larevistadigital.com.ar\/blog\/wp-content\/uploads\/fares.jpg?fit=678%2C381&ssl=1&resize=350%2C200","width":350,"height":200,"srcset":"https:\/\/i0.wp.com\/larevistadigital.com.ar\/blog\/wp-content\/uploads\/fares.jpg?fit=678%2C381&ssl=1&resize=350%2C200 1x, https:\/\/i0.wp.com\/larevistadigital.com.ar\/blog\/wp-content\/uploads\/fares.jpg?fit=678%2C381&ssl=1&resize=525%2C300 1.5x"},"classes":[]},{"id":17497,"url":"https:\/\/larevistadigital.com.ar\/blog\/feliz-dia-del-empleado-municipal-no-solo-debe-ser-un-deseo-sino-un-compromiso-por-jose-fares\/","url_meta":{"origin":15446,"position":1},"title":"\u201cFELIZ D\u00cdA DEL EMPLEADO MUNICIPAL\u201d. NO SOLO DEBE SER UN DESEO, SINO UN COMPROMISO (por JOS\u00c9 FARES)","author":"Alejandro Sosa Ruda","date":"8 noviembre, 2020","format":false,"excerpt":"Jos\u00e9 Fares, referente de \"Cambio Federal\" por la quinta secci\u00f3n, nos hizo llegar una nota de opini\u00f3n, con motivo del \"D\u00eda del Municipal\" que a continuaci\u00f3n publicamos: Hoy, es el d\u00eda del empleado municipal. Cuando me dije que iba a enviar un saludo por las redes, comenc\u00e9 a reflexionar y\u2026","rel":"","context":"En \u00abDESTACADAS\u00bb","block_context":{"text":"DESTACADAS","link":"https:\/\/larevistadigital.com.ar\/blog\/category\/destacadas\/"},"img":{"alt_text":"","src":"https:\/\/i0.wp.com\/larevistadigital.com.ar\/blog\/wp-content\/uploads\/2019\/05\/municipio-copia.jpg?fit=1200%2C795&ssl=1&resize=350%2C200","width":350,"height":200,"srcset":"https:\/\/i0.wp.com\/larevistadigital.com.ar\/blog\/wp-content\/uploads\/2019\/05\/municipio-copia.jpg?fit=1200%2C795&ssl=1&resize=350%2C200 1x, https:\/\/i0.wp.com\/larevistadigital.com.ar\/blog\/wp-content\/uploads\/2019\/05\/municipio-copia.jpg?fit=1200%2C795&ssl=1&resize=525%2C300 1.5x, https:\/\/i0.wp.com\/larevistadigital.com.ar\/blog\/wp-content\/uploads\/2019\/05\/municipio-copia.jpg?fit=1200%2C795&ssl=1&resize=700%2C400 2x, https:\/\/i0.wp.com\/larevistadigital.com.ar\/blog\/wp-content\/uploads\/2019\/05\/municipio-copia.jpg?fit=1200%2C795&ssl=1&resize=1050%2C600 3x"},"classes":[]},{"id":6938,"url":"https:\/\/larevistadigital.com.ar\/blog\/chascomus-jose-fares-critico-el-armado-de-cambiemos-a-nivel-local\/","url_meta":{"origin":15446,"position":2},"title":"CHASCOM\u00daS: JOS\u00c9 FARES CRITIC\u00d3 EL ARMADO DE CAMBIEMOS A NIVEL LOCAL","author":"Alejandro Sosa Ruda","date":"21 octubre, 2018","format":false,"excerpt":"El referente del PRO, Jos\u00e9 Fares, dialog\u00f3 con Alberto Morel y Mart\u00edn Palmero en el programa \u201cDos por M\u00e1s\u201d, acerca del panorama pol\u00edtico local y del pa\u00eds. Fares, fue el primer referente local del \u201cVidalismo\u201d, e incluso fue quien acerc\u00f3 a la hoy gobernadora a la ciudad durante la gesti\u00f3n\u2026","rel":"","context":"En \u00abPOLITICA\u00bb","block_context":{"text":"POLITICA","link":"https:\/\/larevistadigital.com.ar\/blog\/category\/politica\/"},"img":{"alt_text":"","src":"https:\/\/i0.wp.com\/larevistadigital.com.ar\/blog\/wp-content\/uploads\/2018\/10\/fares.jpg?fit=1200%2C1131&ssl=1&resize=350%2C200","width":350,"height":200,"srcset":"https:\/\/i0.wp.com\/larevistadigital.com.ar\/blog\/wp-content\/uploads\/2018\/10\/fares.jpg?fit=1200%2C1131&ssl=1&resize=350%2C200 1x, https:\/\/i0.wp.com\/larevistadigital.com.ar\/blog\/wp-content\/uploads\/2018\/10\/fares.jpg?fit=1200%2C1131&ssl=1&resize=525%2C300 1.5x, https:\/\/i0.wp.com\/larevistadigital.com.ar\/blog\/wp-content\/uploads\/2018\/10\/fares.jpg?fit=1200%2C1131&ssl=1&resize=700%2C400 2x, https:\/\/i0.wp.com\/larevistadigital.com.ar\/blog\/wp-content\/uploads\/2018\/10\/fares.jpg?fit=1200%2C1131&ssl=1&resize=1050%2C600 3x"},"classes":[]},{"id":18998,"url":"https:\/\/larevistadigital.com.ar\/blog\/de-la-mano-del-diputado-juan-aicega-el-monzoismo-arranco-los-motores-en-la-provincia\/","url_meta":{"origin":15446,"position":3},"title":"DE LA MANO DEL DIPUTADO JUAN AICEGA, EL MONZO\u00cdSMO ARRANC\u00d3 LOS MOTORES EN LA PROVINCIA","author":"Alejandro Sosa Ruda","date":"23 febrero, 2021","format":false,"excerpt":"D\u00edas pasados, en la localidad de Dolores se realiz\u00f3 una reuni\u00f3n de distintos dirigentes y referentes del \"Monzo\u00edsmo\" que cada vez cuenta con m\u00e1s adherentes entre sus filas. La reuni\u00f3n se llev\u00f3 a cabo en el Hotel Howard Jonhson, donde se juntaron distintos referentes de casi los 27 distritos de\u2026","rel":"","context":"En \u00abINTERES GENERAL\u00bb","block_context":{"text":"INTERES GENERAL","link":"https:\/\/larevistadigital.com.ar\/blog\/category\/interes-general\/"},"img":{"alt_text":"","src":"https:\/\/i0.wp.com\/larevistadigital.com.ar\/blog\/wp-content\/uploads\/REUNION-HOJO-AICEGA.jpg?fit=1200%2C692&ssl=1&resize=350%2C200","width":350,"height":200,"srcset":"https:\/\/i0.wp.com\/larevistadigital.com.ar\/blog\/wp-content\/uploads\/REUNION-HOJO-AICEGA.jpg?fit=1200%2C692&ssl=1&resize=350%2C200 1x, https:\/\/i0.wp.com\/larevistadigital.com.ar\/blog\/wp-content\/uploads\/REUNION-HOJO-AICEGA.jpg?fit=1200%2C692&ssl=1&resize=525%2C300 1.5x, https:\/\/i0.wp.com\/larevistadigital.com.ar\/blog\/wp-content\/uploads\/REUNION-HOJO-AICEGA.jpg?fit=1200%2C692&ssl=1&resize=700%2C400 2x, https:\/\/i0.wp.com\/larevistadigital.com.ar\/blog\/wp-content\/uploads\/REUNION-HOJO-AICEGA.jpg?fit=1200%2C692&ssl=1&resize=1050%2C600 3x"},"classes":[]},{"id":15461,"url":"https:\/\/larevistadigital.com.ar\/blog\/dura-carta-de-cientificos-e-intelectuales-la-infectadura-argentina\/","url_meta":{"origin":15446,"position":4},"title":"DURA CARTA DE CIENT\u00cdFICOS E INTELECTUALES: LA \u00abINFECTADURA\u00bb ARGENTINA","author":"Alejandro Sosa Ruda","date":"2 junio, 2020","format":false,"excerpt":"En la carta, se cuestiona la duraci\u00f3n de la cuarentena, adem\u00e1s de la forma de ser implementada. En Chascom\u00fas, d\u00edas atr\u00e1s el dirigente Jos\u00e9 Fares se hab\u00eda expresado antes en tal sentido. La carta fue dura. Impulsada por la investigadora Sandra Pitta, recibiendo el aval de unos 300 cient\u00edficos, intelectuales\u2026","rel":"","context":"En \u00abDESTACADAS\u00bb","block_context":{"text":"DESTACADAS","link":"https:\/\/larevistadigital.com.ar\/blog\/category\/destacadas\/"},"img":{"alt_text":"","src":"https:\/\/i0.wp.com\/larevistadigital.com.ar\/blog\/wp-content\/uploads\/na-2.jpeg?fit=960%2C640&ssl=1&resize=350%2C200","width":350,"height":200,"srcset":"https:\/\/i0.wp.com\/larevistadigital.com.ar\/blog\/wp-content\/uploads\/na-2.jpeg?fit=960%2C640&ssl=1&resize=350%2C200 1x, https:\/\/i0.wp.com\/larevistadigital.com.ar\/blog\/wp-content\/uploads\/na-2.jpeg?fit=960%2C640&ssl=1&resize=525%2C300 1.5x, https:\/\/i0.wp.com\/larevistadigital.com.ar\/blog\/wp-content\/uploads\/na-2.jpeg?fit=960%2C640&ssl=1&resize=700%2C400 2x"},"classes":[]},{"id":13558,"url":"https:\/\/larevistadigital.com.ar\/blog\/jose-fares-emilio-recorrera-la-provincia-y-me-aseguro-que-visitara-chascomus\/","url_meta":{"origin":15446,"position":5},"title":"JOS\u00c9 FARES: EMILIO RECORRER\u00c1 LA PROVINCIA, Y ME ASEGUR\u00d3 QUE VISITAR\u00c1 CHASCOM\u00daS","author":"Alejandro Sosa Ruda","date":"8 diciembre, 2019","format":false,"excerpt":"Jos\u00e9 Fares,\u00a0 dirigente pol\u00edtico local\u00a0y referente del ex presidente de la c\u00e1mara de diputados, Emilio Monz\u00f3 mantuvo una charla con Alberto Morel y Mart\u00edn Palmero en su programa radial \"Dos por M\u00e1s\". Fares cont\u00f3 que conoci\u00f3 a Monz\u00f3 hace a\u00f1os, presentados por el ex intendente de Dolores e hist\u00f3rico referente\u2026","rel":"","context":"En \u00abDESTACADAS\u00bb","block_context":{"text":"DESTACADAS","link":"https:\/\/larevistadigital.com.ar\/blog\/category\/destacadas\/"},"img":{"alt_text":"","src":"https:\/\/i0.wp.com\/larevistadigital.com.ar\/blog\/wp-content\/uploads\/Screenshot_3-29.jpg?fit=600%2C392&ssl=1&resize=350%2C200","width":350,"height":200,"srcset":"https:\/\/i0.wp.com\/larevistadigital.com.ar\/blog\/wp-content\/uploads\/Screenshot_3-29.jpg?fit=600%2C392&ssl=1&resize=350%2C200 1x, https:\/\/i0.wp.com\/larevistadigital.com.ar\/blog\/wp-content\/uploads\/Screenshot_3-29.jpg?fit=600%2C392&ssl=1&resize=525%2C300 1.5x"},"classes":[]}],"_links":{"self":[{"href":"https:\/\/larevistadigital.com.ar\/blog\/wp-json\/wp\/v2\/posts\/15446","targetHints":{"allow":["GET"]}}],"collection":[{"href":"https:\/\/larevistadigital.com.ar\/blog\/wp-json\/wp\/v2\/posts"}],"about":[{"href":"https:\/\/larevistadigital.com.ar\/blog\/wp-json\/wp\/v2\/types\/post"}],"author":[{"embeddable":true,"href":"https:\/\/larevistadigital.com.ar\/blog\/wp-json\/wp\/v2\/users\/3"}],"replies":[{"embeddable":true,"href":"https:\/\/larevistadigital.com.ar\/blog\/wp-json\/wp\/v2\/comments?post=15446"}],"version-history":[{"count":3,"href":"https:\/\/larevistadigital.com.ar\/blog\/wp-json\/wp\/v2\/posts\/15446\/revisions"}],"predecessor-version":[{"id":15450,"href":"https:\/\/larevistadigital.com.ar\/blog\/wp-json\/wp\/v2\/posts\/15446\/revisions\/15450"}],"wp:featuredmedia":[{"embeddable":true,"href":"https:\/\/larevistadigital.com.ar\/blog\/wp-json\/wp\/v2\/media\/15447"}],"wp:attachment":[{"href":"https:\/\/larevistadigital.com.ar\/blog\/wp-json\/wp\/v2\/media?parent=15446"}],"wp:term":[{"taxonomy":"category","embeddable":true,"href":"https:\/\/larevistadigital.com.ar\/blog\/wp-json\/wp\/v2\/categories?post=15446"},{"taxonomy":"post_tag","embeddable":true,"href":"https:\/\/larevistadigital.com.ar\/blog\/wp-json\/wp\/v2\/tags?post=15446"}],"curies":[{"name":"wp","href":"https:\/\/api.w.org\/{rel}","templated":true}]}}