{"id":1545,"date":"2017-03-22T22:45:19","date_gmt":"2017-03-22T22:45:19","guid":{"rendered":"https:\/\/larevistadigital.com.ar\/blog\/?p=1545"},"modified":"2017-03-22T22:45:19","modified_gmt":"2017-03-22T22:45:19","slug":"votacion-unanime-sera-interpelado-el-intendente-de-olavarria","status":"publish","type":"post","link":"https:\/\/larevistadigital.com.ar\/blog\/votacion-unanime-sera-interpelado-el-intendente-de-olavarria\/","title":{"rendered":"VOTACI\u00d3N UN\u00c1NIME: SER\u00c1 INTERPELADO EL INTENDENTE DE OLAVARR\u00cdA"},"content":{"rendered":"<h2>En una sesi\u00f3n extraordinaria los concejales votaron por unanimidad a favor de interpelar al intendente de Olavarr\u00eda, <strong>Ezequiel Galli<\/strong>, luego de los hechos sucedidos durante el recital del <strong>Indio Solari<\/strong>, en el que fallecieron dos hombres.<\/h2>\n<p>El pedido de interpelaci\u00f3n fue hecho por el bloque del Frente Renovador, en alianza con una parte de la UCR que abandon\u00f3 Cambiemos y responde a\u00a0<strong>Margarita Stolbizer<\/strong>. Y esta ma\u00f1ana tuvo el apoyo del resto del recinto. A pesar de que necesitaba apenas siete votos a favor, los 20 concejales levantaron la mano en favor de la interpelaci\u00f3n.<\/p>\n<p>A pesar de todo, la oposici\u00f3n remarca que no hay intenciones de destituir del cargo al jefe comunal. Pero s\u00ed admite necesidad de respuestas respecto del acuerdo que hizo el intendente con la productora del show.<\/p>\n<blockquote><p><strong>Todos los bloques criticaron con dureza la responsabilidad institucional del Ejecutivo antes, durante y despu\u00e9s del show del cantante y prepararon para la interpelaci\u00f3n 316 preguntas que el jefe comunal deber\u00e1 responder para traer un poco de claridad al asunto.\u00a0<\/strong><\/p>\n<p><strong>Espec\u00edficamente, se tratar\u00e1 la responsabilidad de la organizaci\u00f3n, la documentaci\u00f3n, y el rol del Municipio como \u00abfiador\u00bb en el contrato que mantuvo con la producci\u00f3n \u00abEn Vivo S.A\u00bb, encargada de llevar al m\u00fasico.\u00a0<\/strong><\/p><\/blockquote>\n<p>La interpelaci\u00f3n de Galli tendr\u00e1 lugar el pr\u00f3ximo lunes 27 de marzo en el Sal\u00f3n Rivadavia a partir de las 20.30 horas.<\/p>\n<p>El monobloque de\u00a0<strong>Adriana Capuano<\/strong>, del Partido Justicialista, propuso la conformaci\u00f3n de una comisi\u00f3n especial para investigar todos los hechos referidos p\u00e1rrafos arriba, y tuvo el voto afirmativo de 15 concejales opositores. En la pr\u00f3xima sesi\u00f3n extraordinaria se determinar\u00e1n las autoridades y la idea es citar a declarar no s\u00f3lo a funcionarios municipales, tambi\u00e9n a integrantes de Defensa Civil, Polic\u00eda y Bomberos, y todos los que hayan estado relacionados con la organizaci\u00f3n y la seguridad del p\u00fablico.<\/p>\n<p>Este martes, el jefe comunal recibi\u00f3 una gran muestra de apoyo de parte del oficialismo al recibir al presidente de la C\u00e1mara de Diputados bonaerense, <strong>Manuel Mosca<\/strong>, hombre de confianza de la gobernadora <strong>Mar\u00eda Eugenia Vidal<\/strong>.<\/p>\n<p>Ambos estuvieron acompa\u00f1ados por los senadores del bloque Pilar Ayllon, <strong>Julieta Centeno <\/strong>y<strong> Andres de Leo<\/strong>, adem\u00e1s de los diputados <strong>Santiago Nardelli, Alejandra Lorden, Eduardo Barragan y Mauricio Vivani.<\/strong><\/p>\n","protected":false},"excerpt":{"rendered":"<div class=\"mh-excerpt\"><p>En una sesi\u00f3n extraordinaria los concejales votaron por unanimidad a favor de interpelar al intendente de Olavarr\u00eda, Ezequiel Galli, luego de los hechos sucedidos durante el recital del Indio Solari, en el que fallecieron dos <a class=\"mh-excerpt-more\" href=\"https:\/\/larevistadigital.com.ar\/blog\/votacion-unanime-sera-interpelado-el-intendente-de-olavarria\/\" title=\"VOTACI\u00d3N UN\u00c1NIME: SER\u00c1 INTERPELADO EL INTENDENTE DE OLAVARR\u00cdA\">[Leer M\u00e1s]<\/a><\/p>\n<\/div>","protected":false},"author":3,"featured_media":1546,"comment_status":"open","ping_status":"open","sticky":false,"template":"","format":"standard","meta":{"_jetpack_memberships_contains_paid_content":false,"footnotes":"","jetpack_publicize_message":"","jetpack_publicize_feature_enabled":true,"jetpack_social_post_already_shared":true,"jetpack_social_options":{"image_generator_settings":{"template":"highway","default_image_id":0,"font":"","enabled":false},"version":2}},"categories":[41,24,29],"tags":[],"class_list":{"0":"post-1545","1":"post","2":"type-post","3":"status-publish","4":"format-standard","5":"has-post-thumbnail","7":"category-destacadas","8":"category-politica-provincial","9":"category-sociedad"},"jetpack_publicize_connections":[],"jetpack_featured_media_url":"https:\/\/i0.wp.com\/larevistadigital.com.ar\/blog\/wp-content\/uploads\/2017\/03\/Ezequiel-Galli-2.jpg?fit=1200%2C675&ssl=1","jetpack_sharing_enabled":true,"jetpack_shortlink":"https:\/\/wp.me\/p8qtrQ-oV","jetpack-related-posts":[{"id":1467,"url":"https:\/\/larevistadigital.com.ar\/blog\/cambiemos-salio-a-apoyar-al-intendente-de-olavarria\/","url_meta":{"origin":1545,"position":0},"title":"CAMBIEMOS SALI\u00d3 A APOYAR AL INTENDENTE DE OLAVARR\u00cdA","author":"Alejandro Sosa Ruda","date":"21 marzo, 2017","format":false,"excerpt":"Un grupo de legisladores junto al titular de la c\u00e1mara baja de la provincia de Buenos Aires, visitaron el municipio de Olavarr\u00eda, e n lo que ha sido la primera e importante muestra de respaldo a la figura del controvertido intendente Galli. Luego de la tragedia ocurrida durante el recital\u2026","rel":"","context":"En \u00abDESTACADAS\u00bb","block_context":{"text":"DESTACADAS","link":"https:\/\/larevistadigital.com.ar\/blog\/category\/destacadas\/"},"img":{"alt_text":"","src":"https:\/\/i0.wp.com\/larevistadigital.com.ar\/blog\/wp-content\/uploads\/2017\/03\/67914_3.jpg?fit=862%2C574&ssl=1&resize=350%2C200","width":350,"height":200,"srcset":"https:\/\/i0.wp.com\/larevistadigital.com.ar\/blog\/wp-content\/uploads\/2017\/03\/67914_3.jpg?fit=862%2C574&ssl=1&resize=350%2C200 1x, https:\/\/i0.wp.com\/larevistadigital.com.ar\/blog\/wp-content\/uploads\/2017\/03\/67914_3.jpg?fit=862%2C574&ssl=1&resize=525%2C300 1.5x, https:\/\/i0.wp.com\/larevistadigital.com.ar\/blog\/wp-content\/uploads\/2017\/03\/67914_3.jpg?fit=862%2C574&ssl=1&resize=700%2C400 2x"},"classes":[]},{"id":4324,"url":"https:\/\/larevistadigital.com.ar\/blog\/chascomus-interpelacion-puerta\/","url_meta":{"origin":1545,"position":1},"title":"CHASCOM\u00daS: LO HAB\u00cdAMOS ADELANTADO&#8230;\u00bfINTERPELACI\u00d3N EN PUERTA?","author":"Alejandro Sosa Ruda","date":"1 enero, 2018","format":false,"excerpt":"Como lo anticipamos en otra nota, la negativa del Secretario de Seguridad, Santiago Muscarello de presentarse en el Concejo Deliberante para dialogar con los ediles acerca de los hechos e incidentes ocurridos el 25 de diciembre pasado en la frustrada fiesta \u201cAire\u201d, provoc\u00f3 el disgusto de los Concejales, ya que,\u2026","rel":"","context":"En \u00abDESTACADAS\u00bb","block_context":{"text":"DESTACADAS","link":"https:\/\/larevistadigital.com.ar\/blog\/category\/destacadas\/"},"img":{"alt_text":"","src":"https:\/\/i0.wp.com\/larevistadigital.com.ar\/blog\/wp-content\/uploads\/2017\/08\/nota-1343691-serA-responsable-area-seguridad-javier-gaston-santiago-muscarello-aseguro-habra-policia-comunal-local-academia-egresaran-primeros-oficiales-679764.jpg?fit=1000%2C490&ssl=1&resize=350%2C200","width":350,"height":200,"srcset":"https:\/\/i0.wp.com\/larevistadigital.com.ar\/blog\/wp-content\/uploads\/2017\/08\/nota-1343691-serA-responsable-area-seguridad-javier-gaston-santiago-muscarello-aseguro-habra-policia-comunal-local-academia-egresaran-primeros-oficiales-679764.jpg?fit=1000%2C490&ssl=1&resize=350%2C200 1x, https:\/\/i0.wp.com\/larevistadigital.com.ar\/blog\/wp-content\/uploads\/2017\/08\/nota-1343691-serA-responsable-area-seguridad-javier-gaston-santiago-muscarello-aseguro-habra-policia-comunal-local-academia-egresaran-primeros-oficiales-679764.jpg?fit=1000%2C490&ssl=1&resize=525%2C300 1.5x, https:\/\/i0.wp.com\/larevistadigital.com.ar\/blog\/wp-content\/uploads\/2017\/08\/nota-1343691-serA-responsable-area-seguridad-javier-gaston-santiago-muscarello-aseguro-habra-policia-comunal-local-academia-egresaran-primeros-oficiales-679764.jpg?fit=1000%2C490&ssl=1&resize=700%2C400 2x"},"classes":[]},{"id":34706,"url":"https:\/\/larevistadigital.com.ar\/blog\/olavarria-el-intendente-electo-anuncio-una-importante-reduccion-de-cargos-municipales\/","url_meta":{"origin":1545,"position":2},"title":"OLAVARR\u00cdA: EL INTENDENTE ELECTO ANUNCI\u00d3 UNA IMPORTANTE REDUCCI\u00d3N DE CARGOS MUNICIPALES","author":"Alejandro Sosa Ruda","date":"4 diciembre, 2023","format":false,"excerpt":"Maximiliano Wesner, renunci\u00f3 a su banca como concejal y anunci\u00f3 una reducci\u00f3n en el organigrama municipal. Eliminar\u00e1 22 direcciones . 04 de Diciembre de 2023 OLAVARR\u00cdA -\u00a0 Maximiliano Wesner renunci\u00f3 a su banca como concejal para poder asumir como intendente de Olavarria el pr\u00f3ximo 10 de diciembre. En su \u00faltima\u2026","rel":"","context":"En \u00abPOLITICA\u00bb","block_context":{"text":"POLITICA","link":"https:\/\/larevistadigital.com.ar\/blog\/category\/politica\/"},"img":{"alt_text":"","src":"https:\/\/i0.wp.com\/larevistadigital.com.ar\/blog\/wp-content\/uploads\/20231203175806_olavarriawesner.jpg?fit=880%2C512&ssl=1&resize=350%2C200","width":350,"height":200,"srcset":"https:\/\/i0.wp.com\/larevistadigital.com.ar\/blog\/wp-content\/uploads\/20231203175806_olavarriawesner.jpg?fit=880%2C512&ssl=1&resize=350%2C200 1x, https:\/\/i0.wp.com\/larevistadigital.com.ar\/blog\/wp-content\/uploads\/20231203175806_olavarriawesner.jpg?fit=880%2C512&ssl=1&resize=525%2C300 1.5x, https:\/\/i0.wp.com\/larevistadigital.com.ar\/blog\/wp-content\/uploads\/20231203175806_olavarriawesner.jpg?fit=880%2C512&ssl=1&resize=700%2C400 2x"},"classes":[]},{"id":3512,"url":"https:\/\/larevistadigital.com.ar\/blog\/chascomus-casalins-hablo-la-interpelacion-al-intendente-las-denuncias-salud\/","url_meta":{"origin":1545,"position":3},"title":"CHASCOM\u00daS: CASALINS HABL\u00d3 DE LA INTERPELACI\u00d3N AL INTENDENTE POR LAS DENUNCIAS EN SALUD","author":"Alejandro Sosa Ruda","date":"17 octubre, 2017","format":false,"excerpt":"\u00a0 En una nota radial con el concejal del bloque UCR-Cambiemos, Osvaldo Casalins dialog\u00f3 con el programa \u201cAtaque de Radio\u201d que se emite los s\u00e1bados de 10 a 13 por la FM 101.5, refiri\u00e9ndose al pedido de interpelaci\u00f3n al intendente comunal Javier Gast\u00f3n Casalins, dijo que se han cumplido con\u2026","rel":"","context":"En \u00abCHASCOM\u00daS\u00bb","block_context":{"text":"CHASCOM\u00daS","link":"https:\/\/larevistadigital.com.ar\/blog\/category\/chascomus\/"},"img":{"alt_text":"","src":"https:\/\/i0.wp.com\/larevistadigital.com.ar\/blog\/wp-content\/uploads\/2017\/10\/entrega-de-cheque.jpg?fit=650%2C371&ssl=1&resize=350%2C200","width":350,"height":200,"srcset":"https:\/\/i0.wp.com\/larevistadigital.com.ar\/blog\/wp-content\/uploads\/2017\/10\/entrega-de-cheque.jpg?fit=650%2C371&ssl=1&resize=350%2C200 1x, https:\/\/i0.wp.com\/larevistadigital.com.ar\/blog\/wp-content\/uploads\/2017\/10\/entrega-de-cheque.jpg?fit=650%2C371&ssl=1&resize=525%2C300 1.5x"},"classes":[]},{"id":860,"url":"https:\/\/larevistadigital.com.ar\/blog\/interpelaran-a-de-jesus\/","url_meta":{"origin":1545,"position":4},"title":"\u00bfInterpelar\u00e1n a De Jes\u00fas?","author":"Alejandro Sosa Ruda","date":"9 marzo, 2017","format":false,"excerpt":"Luego de intentar sin \u00e9xito interpelar al Intendente del Partido de la Costa, Juan Pablo de Jes\u00fas en el mes de febrero pr\u00f3ximo pasado, los concejales opositores procurar\u00e1n conseguir este jueves que la deseada interpelaci\u00f3n se concrete. Lo que se le est\u00e1 exigiendo al Intendente, es entre otras cosas que\u2026","rel":"","context":"En \u00abPOLITICA\u00bb","block_context":{"text":"POLITICA","link":"https:\/\/larevistadigital.com.ar\/blog\/category\/politica\/"},"img":{"alt_text":"","src":"https:\/\/i0.wp.com\/larevistadigital.com.ar\/blog\/wp-content\/uploads\/2017\/03\/maxresdefault.jpg?fit=1200%2C675&ssl=1&resize=350%2C200","width":350,"height":200,"srcset":"https:\/\/i0.wp.com\/larevistadigital.com.ar\/blog\/wp-content\/uploads\/2017\/03\/maxresdefault.jpg?fit=1200%2C675&ssl=1&resize=350%2C200 1x, https:\/\/i0.wp.com\/larevistadigital.com.ar\/blog\/wp-content\/uploads\/2017\/03\/maxresdefault.jpg?fit=1200%2C675&ssl=1&resize=525%2C300 1.5x, https:\/\/i0.wp.com\/larevistadigital.com.ar\/blog\/wp-content\/uploads\/2017\/03\/maxresdefault.jpg?fit=1200%2C675&ssl=1&resize=700%2C400 2x, https:\/\/i0.wp.com\/larevistadigital.com.ar\/blog\/wp-content\/uploads\/2017\/03\/maxresdefault.jpg?fit=1200%2C675&ssl=1&resize=1050%2C600 3x"},"classes":[]},{"id":10631,"url":"https:\/\/larevistadigital.com.ar\/blog\/dolores-el-intendente-etchevarren-presenta-la-lista-de-candidatos\/","url_meta":{"origin":1545,"position":5},"title":"DOLORES: EL INTENDENTE ETCHEVARREN PRESENTA LA LISTA DE CANDIDATOS","author":"Alejandro Sosa Ruda","date":"15 junio, 2019","format":false,"excerpt":"Ser\u00e1 el viernes 21 de Junio a las 20 hs. El viernes 21 de Junio a las 20 hs. en el local de calles Olavarr\u00eda y Rivadavia el intendente de Dolores Camilo Etchevarren presentar\u00e1 la lista de candidatos a concejales y consejeros escolares que lo acompa\u00f1ar\u00e1n en las pr\u00f3ximas PASO\u2026","rel":"","context":"En \u00abDOLORES\u00bb","block_context":{"text":"DOLORES","link":"https:\/\/larevistadigital.com.ar\/blog\/category\/dolores\/"},"img":{"alt_text":"","src":"https:\/\/i0.wp.com\/larevistadigital.com.ar\/blog\/wp-content\/uploads\/Screenshot_3-1.jpg?fit=865%2C570&ssl=1&resize=350%2C200","width":350,"height":200,"srcset":"https:\/\/i0.wp.com\/larevistadigital.com.ar\/blog\/wp-content\/uploads\/Screenshot_3-1.jpg?fit=865%2C570&ssl=1&resize=350%2C200 1x, https:\/\/i0.wp.com\/larevistadigital.com.ar\/blog\/wp-content\/uploads\/Screenshot_3-1.jpg?fit=865%2C570&ssl=1&resize=525%2C300 1.5x, https:\/\/i0.wp.com\/larevistadigital.com.ar\/blog\/wp-content\/uploads\/Screenshot_3-1.jpg?fit=865%2C570&ssl=1&resize=700%2C400 2x"},"classes":[]}],"_links":{"self":[{"href":"https:\/\/larevistadigital.com.ar\/blog\/wp-json\/wp\/v2\/posts\/1545","targetHints":{"allow":["GET"]}}],"collection":[{"href":"https:\/\/larevistadigital.com.ar\/blog\/wp-json\/wp\/v2\/posts"}],"about":[{"href":"https:\/\/larevistadigital.com.ar\/blog\/wp-json\/wp\/v2\/types\/post"}],"author":[{"embeddable":true,"href":"https:\/\/larevistadigital.com.ar\/blog\/wp-json\/wp\/v2\/users\/3"}],"replies":[{"embeddable":true,"href":"https:\/\/larevistadigital.com.ar\/blog\/wp-json\/wp\/v2\/comments?post=1545"}],"version-history":[{"count":1,"href":"https:\/\/larevistadigital.com.ar\/blog\/wp-json\/wp\/v2\/posts\/1545\/revisions"}],"predecessor-version":[{"id":1547,"href":"https:\/\/larevistadigital.com.ar\/blog\/wp-json\/wp\/v2\/posts\/1545\/revisions\/1547"}],"wp:featuredmedia":[{"embeddable":true,"href":"https:\/\/larevistadigital.com.ar\/blog\/wp-json\/wp\/v2\/media\/1546"}],"wp:attachment":[{"href":"https:\/\/larevistadigital.com.ar\/blog\/wp-json\/wp\/v2\/media?parent=1545"}],"wp:term":[{"taxonomy":"category","embeddable":true,"href":"https:\/\/larevistadigital.com.ar\/blog\/wp-json\/wp\/v2\/categories?post=1545"},{"taxonomy":"post_tag","embeddable":true,"href":"https:\/\/larevistadigital.com.ar\/blog\/wp-json\/wp\/v2\/tags?post=1545"}],"curies":[{"name":"wp","href":"https:\/\/api.w.org\/{rel}","templated":true}]}}