{"id":15451,"date":"2020-06-01T16:53:03","date_gmt":"2020-06-01T16:53:03","guid":{"rendered":"https:\/\/larevistadigital.com.ar\/blog\/?p=15451"},"modified":"2020-06-01T16:53:03","modified_gmt":"2020-06-01T16:53:03","slug":"esos-los-del-campo","status":"publish","type":"post","link":"https:\/\/larevistadigital.com.ar\/blog\/esos-los-del-campo\/","title":{"rendered":"ESOS&#8230; LOS DEL CAMPO"},"content":{"rendered":"<p>Nuevamente a trav\u00e9s de la red social Facebook hemos encontrado a un vecino, que publica una reflexi\u00f3n que nos pareci\u00f3 excelente y digna de ser publicada y compartida.<\/p>\n<p>Una nota que toc\u00f3 una fibra \u00edntima de quien escribe, porque gracias a Dios tengo familia de campo, a quienes nada les sobra y de quienes me siento muy orgulloso. Remarco <strong>\u00abde campo\u00bb<\/strong>, porque un fallecido amigo una vez me dijo:<em><strong> \u00abno es lo mismo tener un campo, que ser un hombre de campo\u00bb<\/strong><\/em>. Sabia reflexi\u00f3n.<\/p>\n<p>Creemos que este es uno de los aspectos positivos de la cuarentena, donde nos hace pensar, e inspirarnos en distintas cosas de la vida, y que al ponernos mucho m\u00e1s sensibles que de costumbre, somos m\u00e1s receptivos a pensamientos propios, o ajenos, pero que nos llegan al coraz\u00f3n.<\/p>\n<p>Tal es el caso en esta oportunidad, de una publicaci\u00f3n de <strong>Juan Manuel Izurieta<\/strong>, vecino de Chascom\u00fas, que con orgullo hace una descripci\u00f3n de lo que vive un verdadero hombre de campo. Tuvo tambi\u00e9n cuando lo felicitamos, la nobleza de advertirnos que esa nota la vio en alg\u00fan lado, y como la sinti\u00f3 propia, la transcribi\u00f3 y public\u00f3.<\/p>\n<p>Nosotros, como \u00e9l, hacemos lo mismo, y agradecemos que la haya compartido.<\/p>\n<p><strong>ESOS&#8230; DEL CAMPO<\/strong><\/p>\n<p>Lamento profundamente que gente que me conoce a m\u00ed y a mi familia, que sabe de las manos rotas de mis viejos, de los eternos veranos sin vacaciones, de las fiestas que se terminaban a las 12y 30 porque al otro d\u00eda levantarse temprano , madrugadas fr\u00edas que azotan el cuerpo y del barro que entierra las botas y rompe rodillas, de andar x el barro, y del sol que quema sin piedad y deja su huella seca cuando la lluvia terca no aparece sientan hoy felicidad&#8230;<span class=\"text_exposed_show\"><br \/>\nLamento que sientan odio hacia personas que dejan su vida en un tractor o en una fosa de un galp\u00f3n, algunos corren para salvar un animal, y cuando se llega tarde es triste, otros te alambran los campos, o se hacen un hueco para pasar y arreglarte el molino o lo que se necesite en ese momento, porque esas cosas no tienen fecha ni hora viste, simplemente pasan y hay que correr.<br \/>\nLamento que si pasaste por la ruta y viste los silos bolsa te hayan dado ganas de romperlos, \u00bfsab\u00e9s cu\u00e1nto sudor hay atr\u00e1s del pago de esos bolsones blancos? \u00bfY sab\u00e9s cu\u00e1ntas manos laburantes lo crearon y pudieron llevar el pan a su casa?<br \/>\nQuiero pensar que cuando pasean por los supermercados realmente no piensan en el laburo que dio ese queso, esa leche, ese pan, esos fideos, quiz\u00e1s s\u00ed creen que es magia.<br \/>\nY no, no me digan que ese odio es por los grandes productores que tienen miles de hect\u00e1reas, porque estas medidas que tanto festejan, hacen mierda a los peque\u00f1os y medianos productores, gente as\u00ed como mis viejos, mis t\u00edos , mis vecinos, mis amigos&#8230;!!!<br \/>\nESOS DE LOS QUE TE HABLO CON ORGULLO SIEMPRE, ESOS SON DE MI PUEBLO, DEL CAMPO. Ese campo que le ense\u00f1a valores a los m\u00e1s chicos, les ense\u00f1a todo lo que la tierra puede dar y as\u00ed aprender a quererla mientras aprenden jugando de ni\u00f1os! DEL CAMPO SE NACE, NO SE HACE! X eso hay que aprender a respetar ala gente del CAMPO!<\/span><\/p>\n<p><strong>GRACIAS JUAN MANUEL!<\/strong><\/p>\n","protected":false},"excerpt":{"rendered":"<div class=\"mh-excerpt\"><p>Nuevamente a trav\u00e9s de la red social Facebook hemos encontrado a un vecino, que publica una reflexi\u00f3n que nos pareci\u00f3 excelente y digna de ser publicada y compartida. Una nota que toc\u00f3 una fibra \u00edntima <a class=\"mh-excerpt-more\" href=\"https:\/\/larevistadigital.com.ar\/blog\/esos-los-del-campo\/\" title=\"ESOS&#8230; LOS DEL CAMPO\">[Leer M\u00e1s]<\/a><\/p>\n<\/div>","protected":false},"author":3,"featured_media":15454,"comment_status":"open","ping_status":"open","sticky":false,"template":"","format":"standard","meta":{"_jetpack_memberships_contains_paid_content":false,"footnotes":"","jetpack_publicize_message":"","jetpack_publicize_feature_enabled":true,"jetpack_social_post_already_shared":true,"jetpack_social_options":{"image_generator_settings":{"template":"highway","default_image_id":0,"font":"","enabled":false},"version":2}},"categories":[50],"tags":[],"class_list":{"0":"post-15451","1":"post","2":"type-post","3":"status-publish","4":"format-standard","5":"has-post-thumbnail","7":"category-interes-general"},"jetpack_publicize_connections":[],"jetpack_featured_media_url":"https:\/\/i0.wp.com\/larevistadigital.com.ar\/blog\/wp-content\/uploads\/unnamed-5.jpg?fit=650%2C366&ssl=1","jetpack_sharing_enabled":true,"jetpack_shortlink":"https:\/\/wp.me\/p8qtrQ-41d","jetpack-related-posts":[{"id":29829,"url":"https:\/\/larevistadigital.com.ar\/blog\/lo-detienen-por-faenar-12-animales-de-su-vecino-de-campo\/","url_meta":{"origin":15451,"position":0},"title":"LO DETIENEN POR FAENAR 12 ANIMALES DE SU VECINO DE CAMPO","author":"Alejandro Sosa Ruda","date":"19 enero, 2023","format":false,"excerpt":"\u00a0Un\u00a0balcarce\u00f1o fue aprehendido en las \u00faltimas horas acusado de haberle faenado a su vecino 12 vaquillonas\u00a0que se encontraban en un campo emplazado entre Balcarce y Coronel Vidal. 19 de enero de 2023 BALCARCE -\u00a0 El propietario del establecimiento rural ubicado en la ruta provincial 55, a la altura del kil\u00f3metro\u2026","rel":"","context":"En \u00abPOLICIALES\u00bb","block_context":{"text":"POLICIALES","link":"https:\/\/larevistadigital.com.ar\/blog\/category\/policiales\/"},"img":{"alt_text":"","src":"https:\/\/i0.wp.com\/larevistadigital.com.ar\/blog\/wp-content\/uploads\/faena-a-su-vecino.jpg?fit=802%2C525&ssl=1&resize=350%2C200","width":350,"height":200,"srcset":"https:\/\/i0.wp.com\/larevistadigital.com.ar\/blog\/wp-content\/uploads\/faena-a-su-vecino.jpg?fit=802%2C525&ssl=1&resize=350%2C200 1x, https:\/\/i0.wp.com\/larevistadigital.com.ar\/blog\/wp-content\/uploads\/faena-a-su-vecino.jpg?fit=802%2C525&ssl=1&resize=525%2C300 1.5x, https:\/\/i0.wp.com\/larevistadigital.com.ar\/blog\/wp-content\/uploads\/faena-a-su-vecino.jpg?fit=802%2C525&ssl=1&resize=700%2C400 2x"},"classes":[]},{"id":5186,"url":"https:\/\/larevistadigital.com.ar\/blog\/roban-campo-toman-la-familia-rehen-mas-dos-horas\/","url_meta":{"origin":15451,"position":1},"title":"Roban en un campo y toman a la familia de reh\u00e9n por m\u00e1s de dos horas","author":"admin","date":"2 marzo, 2018","format":false,"excerpt":"Un violento hecho se produjo en la madrugada del 28 de febrero, en un campo ubicado camino a Monte, donde una familia fue v\u00edctima de delincuentes que ingresaron a la propiedad y los mantuvieron de rehenes por m\u00e1s de dos horas. Los malvivientes, tuvieron tiempo hasta de comer en el\u2026","rel":"","context":"En \u00abPOLICIALES\u00bb","block_context":{"text":"POLICIALES","link":"https:\/\/larevistadigital.com.ar\/blog\/category\/policiales\/"},"img":{"alt_text":"","src":"https:\/\/i0.wp.com\/larevistadigital.com.ar\/blog\/wp-content\/uploads\/2018\/03\/patrulla-rural-1.jpg?fit=600%2C338&ssl=1&resize=350%2C200","width":350,"height":200,"srcset":"https:\/\/i0.wp.com\/larevistadigital.com.ar\/blog\/wp-content\/uploads\/2018\/03\/patrulla-rural-1.jpg?fit=600%2C338&ssl=1&resize=350%2C200 1x, https:\/\/i0.wp.com\/larevistadigital.com.ar\/blog\/wp-content\/uploads\/2018\/03\/patrulla-rural-1.jpg?fit=600%2C338&ssl=1&resize=525%2C300 1.5x"},"classes":[]},{"id":11670,"url":"https:\/\/larevistadigital.com.ar\/blog\/charla-a-fondo-con-sebastian-miguens-quien-pretende-ser-la-voz-del-campo-de-la-mano-de-santiago-dos-santos-en-el-concejo-deliberante\/","url_meta":{"origin":15451,"position":2},"title":"CHARLA A FONDO CON SEBASTIAN MIGUENS, QUIEN PRETENDE SER \u00abLA VOZ DEL CAMPO\u00bb DE LA MANO DE SANTIAGO DOS SANTOS EN EL CONCEJO DELIBERANTE","author":"Alejandro Sosa Ruda","date":"31 julio, 2019","format":false,"excerpt":"La Revista Digital tuvo el agrado de dialogar con Sebasti\u00e1n Miguens, que es candidato a concejal en el quinto lugar de la lista que encabeza el m\u00e9dico cirujano Santiago Dos Santos, que dirimir\u00e1 con Osvaldo Battisacchi qui\u00e9n ser\u00e1 el candidato a intendente por Juntos Por el Cambio en la ciudad\u2026","rel":"","context":"En \u00abCHASCOM\u00daS\u00bb","block_context":{"text":"CHASCOM\u00daS","link":"https:\/\/larevistadigital.com.ar\/blog\/category\/chascomus\/"},"img":{"alt_text":"","src":"https:\/\/i0.wp.com\/larevistadigital.com.ar\/blog\/wp-content\/uploads\/WhatsApp-Image-2019-07-31-at-18.41.16.jpeg?fit=1200%2C1006&ssl=1&resize=350%2C200","width":350,"height":200,"srcset":"https:\/\/i0.wp.com\/larevistadigital.com.ar\/blog\/wp-content\/uploads\/WhatsApp-Image-2019-07-31-at-18.41.16.jpeg?fit=1200%2C1006&ssl=1&resize=350%2C200 1x, https:\/\/i0.wp.com\/larevistadigital.com.ar\/blog\/wp-content\/uploads\/WhatsApp-Image-2019-07-31-at-18.41.16.jpeg?fit=1200%2C1006&ssl=1&resize=525%2C300 1.5x, https:\/\/i0.wp.com\/larevistadigital.com.ar\/blog\/wp-content\/uploads\/WhatsApp-Image-2019-07-31-at-18.41.16.jpeg?fit=1200%2C1006&ssl=1&resize=700%2C400 2x, https:\/\/i0.wp.com\/larevistadigital.com.ar\/blog\/wp-content\/uploads\/WhatsApp-Image-2019-07-31-at-18.41.16.jpeg?fit=1200%2C1006&ssl=1&resize=1050%2C600 3x"},"classes":[]},{"id":23513,"url":"https:\/\/larevistadigital.com.ar\/blog\/pergamino-arrojan-130-kg-de-cocaina-a-un-campo-hay-detenidos\/","url_meta":{"origin":15451,"position":3},"title":"PERGAMINO: ARROJAN 130 KG. DE COCA\u00cdNA A UN CAMPO. HAY DETENIDOS","author":"Alejandro Sosa Ruda","date":"22 enero, 2022","format":false,"excerpt":"La coca\u00edna fue secuestrada este mi\u00e9rcoles tras ser arrojados en paraca\u00eddas desde una avioneta a un campo del partido de Pergamino y cuatro personas quedaron detenidas como sospechosas de traficar la droga. PERGAMINO -\u00a0 El procedimiento fue realizado por personal de la Superintendencia de Investigaciones del Tr\u00e1fico de Drogas Il\u00edcitas\u2026","rel":"","context":"En \u00abINTERES GENERAL\u00bb","block_context":{"text":"INTERES GENERAL","link":"https:\/\/larevistadigital.com.ar\/blog\/category\/interes-general\/"},"img":{"alt_text":"","src":"https:\/\/i0.wp.com\/larevistadigital.com.ar\/blog\/wp-content\/uploads\/20220120144313_pan.jpg?fit=880%2C512&ssl=1&resize=350%2C200","width":350,"height":200,"srcset":"https:\/\/i0.wp.com\/larevistadigital.com.ar\/blog\/wp-content\/uploads\/20220120144313_pan.jpg?fit=880%2C512&ssl=1&resize=350%2C200 1x, https:\/\/i0.wp.com\/larevistadigital.com.ar\/blog\/wp-content\/uploads\/20220120144313_pan.jpg?fit=880%2C512&ssl=1&resize=525%2C300 1.5x, https:\/\/i0.wp.com\/larevistadigital.com.ar\/blog\/wp-content\/uploads\/20220120144313_pan.jpg?fit=880%2C512&ssl=1&resize=700%2C400 2x"},"classes":[]},{"id":17060,"url":"https:\/\/larevistadigital.com.ar\/blog\/mas-vecinos-que-se-consideran-olvidados-reclamos-por-el-estado-de-los-caminos-rurales\/","url_meta":{"origin":15451,"position":4},"title":"M\u00c1S VECINOS QUE SE CONSIDERAN OLVIDADOS: RECLAMOS POR EL ESTADO DE LOS CAMINOS RURALES","author":"Alejandro Sosa Ruda","date":"20 octubre, 2020","format":false,"excerpt":"A los reclamos que vienen llegando a nuestra redacci\u00f3n, debemos sumar otro que tambi\u00e9n es parte del olvido de las autoridades hace mucho tiempo: LOS CAMINOS RURALES. Realmente es lamentable apreciar como la gente que no cuenta con el asfalto, en los momentos que llueve, ven impedida la posibilidad de\u2026","rel":"","context":"En \u00abDESTACADAS\u00bb","block_context":{"text":"DESTACADAS","link":"https:\/\/larevistadigital.com.ar\/blog\/category\/destacadas\/"},"img":{"alt_text":"","src":"https:\/\/i0.wp.com\/larevistadigital.com.ar\/blog\/wp-content\/uploads\/caminos-rurales.jpg?fit=900%2C1200&ssl=1&resize=350%2C200","width":350,"height":200,"srcset":"https:\/\/i0.wp.com\/larevistadigital.com.ar\/blog\/wp-content\/uploads\/caminos-rurales.jpg?fit=900%2C1200&ssl=1&resize=350%2C200 1x, https:\/\/i0.wp.com\/larevistadigital.com.ar\/blog\/wp-content\/uploads\/caminos-rurales.jpg?fit=900%2C1200&ssl=1&resize=525%2C300 1.5x, https:\/\/i0.wp.com\/larevistadigital.com.ar\/blog\/wp-content\/uploads\/caminos-rurales.jpg?fit=900%2C1200&ssl=1&resize=700%2C400 2x"},"classes":[]},{"id":16067,"url":"https:\/\/larevistadigital.com.ar\/blog\/peleas-balazos-un-herido-y-amenaza-narco\/","url_meta":{"origin":15451,"position":5},"title":"PELEAS, BALAZOS, UN HERIDO Y AMENAZA NARCO","author":"Alejandro Sosa Ruda","date":"18 agosto, 2020","format":false,"excerpt":"Ca\u00f1uelas: Barrio La Uni\u00f3n. Vecinos denuncian que narcotraficantes de Isidro Casanova quieren expulsar a los ocupantes que en 2018 se instalaron en una fracci\u00f3n lindera al arroyo. El objetivo: volver a vender los lotes usurpados. Unas 15 familias que viven en un predio de 3 hect\u00e1reas lindero al arroyo La\u2026","rel":"","context":"En \u00abREGIONALES\u00bb","block_context":{"text":"REGIONALES","link":"https:\/\/larevistadigital.com.ar\/blog\/category\/regionales\/"},"img":{"alt_text":"","src":"https:\/\/i0.wp.com\/larevistadigital.com.ar\/blog\/wp-content\/uploads\/barrio-la-union-peleas-balazos-un-herido-y-amenaza-narco-21671.jpg?fit=950%2C500&ssl=1&resize=350%2C200","width":350,"height":200,"srcset":"https:\/\/i0.wp.com\/larevistadigital.com.ar\/blog\/wp-content\/uploads\/barrio-la-union-peleas-balazos-un-herido-y-amenaza-narco-21671.jpg?fit=950%2C500&ssl=1&resize=350%2C200 1x, https:\/\/i0.wp.com\/larevistadigital.com.ar\/blog\/wp-content\/uploads\/barrio-la-union-peleas-balazos-un-herido-y-amenaza-narco-21671.jpg?fit=950%2C500&ssl=1&resize=525%2C300 1.5x, https:\/\/i0.wp.com\/larevistadigital.com.ar\/blog\/wp-content\/uploads\/barrio-la-union-peleas-balazos-un-herido-y-amenaza-narco-21671.jpg?fit=950%2C500&ssl=1&resize=700%2C400 2x"},"classes":[]}],"_links":{"self":[{"href":"https:\/\/larevistadigital.com.ar\/blog\/wp-json\/wp\/v2\/posts\/15451","targetHints":{"allow":["GET"]}}],"collection":[{"href":"https:\/\/larevistadigital.com.ar\/blog\/wp-json\/wp\/v2\/posts"}],"about":[{"href":"https:\/\/larevistadigital.com.ar\/blog\/wp-json\/wp\/v2\/types\/post"}],"author":[{"embeddable":true,"href":"https:\/\/larevistadigital.com.ar\/blog\/wp-json\/wp\/v2\/users\/3"}],"replies":[{"embeddable":true,"href":"https:\/\/larevistadigital.com.ar\/blog\/wp-json\/wp\/v2\/comments?post=15451"}],"version-history":[{"count":1,"href":"https:\/\/larevistadigital.com.ar\/blog\/wp-json\/wp\/v2\/posts\/15451\/revisions"}],"predecessor-version":[{"id":15455,"href":"https:\/\/larevistadigital.com.ar\/blog\/wp-json\/wp\/v2\/posts\/15451\/revisions\/15455"}],"wp:featuredmedia":[{"embeddable":true,"href":"https:\/\/larevistadigital.com.ar\/blog\/wp-json\/wp\/v2\/media\/15454"}],"wp:attachment":[{"href":"https:\/\/larevistadigital.com.ar\/blog\/wp-json\/wp\/v2\/media?parent=15451"}],"wp:term":[{"taxonomy":"category","embeddable":true,"href":"https:\/\/larevistadigital.com.ar\/blog\/wp-json\/wp\/v2\/categories?post=15451"},{"taxonomy":"post_tag","embeddable":true,"href":"https:\/\/larevistadigital.com.ar\/blog\/wp-json\/wp\/v2\/tags?post=15451"}],"curies":[{"name":"wp","href":"https:\/\/api.w.org\/{rel}","templated":true}]}}