{"id":15456,"date":"2020-06-01T17:14:57","date_gmt":"2020-06-01T17:14:57","guid":{"rendered":"https:\/\/larevistadigital.com.ar\/blog\/?p=15456"},"modified":"2020-06-01T17:14:57","modified_gmt":"2020-06-01T17:14:57","slug":"lezama-flexibiliza-la-cuarentena-se-podran-realizar-caminatas-recreativas-los-miercoles-y-domingos","status":"publish","type":"post","link":"https:\/\/larevistadigital.com.ar\/blog\/lezama-flexibiliza-la-cuarentena-se-podran-realizar-caminatas-recreativas-los-miercoles-y-domingos\/","title":{"rendered":"LEZAMA FLEXIBILIZA LA CUARENTENA: SE PODR\u00c1N REALIZAR CAMINATAS RECREATIVAS LOS MI\u00c9RCOLES Y DOMINGOS"},"content":{"rendered":"<p><strong>COMUNICADO DEL MUNICIPIO:<\/strong><\/p>\n<p>Cada d\u00eda el Comit\u00e9 de Crisis local analiza profundamente la evoluci\u00f3n de la pandemia en nuestro distrito y en la toda la regi\u00f3n. Esta vez, luego de permitirle a los Lezamenses el domingo anterior salir de sus hogares para realizar una caminata recreativa y despu\u00e9s de ver los resultados que arroj\u00f3 la misma -debido al buen comportamiento y a la responsabilidad de la poblac<span class=\"text_exposed_show\">i\u00f3n- se ha decidido dar la posibilidad de repetirla este mi\u00e9rcoles, de 13:00 a 16:30hs. Con la diferencia de que los comercios podr\u00e1n mantener sus puertas abiertas durante la caminata.<\/span><\/p>\n<div class=\"text_exposed_show\">\n<p>Es importante que al salir de casa respetemos la finalidad por la que salimos. Si sal\u00eds para caminar, no aproveches la ocasi\u00f3n para ir de compras. Si necesit\u00e1s ir a alg\u00fan comercio, sal\u00ed exclusivamente para ello. De esta manera, lo que se busca es que los ciudadanos que circulen con distintas finalidades no se mezclen en la calle o en los comercios, y as\u00ed evitar la aglomeraci\u00f3n de personas para poder respetar correctamente el distanciamiento social. Record\u00e1 que a la caminata recreativa pueden ir varias personas por un mismo grupo familiar, pero para hacer las compras, debe ir s\u00f3lo una.<\/p>\n<p>La modalidad de esta caminata recreativa ser\u00e1 la misma que las que ya se realizaron, En la siguiente imagen te contamos de qu\u00e9 manera deber\u00e1 realizarse, adem\u00e1s de dejar algunas recomendaciones para que se tengan en cuenta.<\/p>\n<p>Se contin\u00faa tambi\u00e9n con la divisi\u00f3n de la ciudad en dos zonas para la caminata, utilizando la Autov\u00eda 2 como l\u00edmite: Las personas que vivan desde la Autov\u00eda 2 hacia el lado ESTE (Barrio \u201cEl Tero\u201d), deber\u00e1n utilizar ese sector para salir a caminar y viceversa para quienes vivan del lado OESTE.<\/p>\n<p>Si actuamos con responsabilidad se podr\u00e1n seguir tomando medidas para flexibilizar a\u00fan m\u00e1s la cuarentena y salir pronto de esta situaci\u00f3n.<\/p>\n<\/div>\n","protected":false},"excerpt":{"rendered":"<div class=\"mh-excerpt\"><p>COMUNICADO DEL MUNICIPIO: Cada d\u00eda el Comit\u00e9 de Crisis local analiza profundamente la evoluci\u00f3n de la pandemia en nuestro distrito y en la toda la regi\u00f3n. Esta vez, luego de permitirle a los Lezamenses el <a class=\"mh-excerpt-more\" href=\"https:\/\/larevistadigital.com.ar\/blog\/lezama-flexibiliza-la-cuarentena-se-podran-realizar-caminatas-recreativas-los-miercoles-y-domingos\/\" title=\"LEZAMA FLEXIBILIZA LA CUARENTENA: SE PODR\u00c1N REALIZAR CAMINATAS RECREATIVAS LOS MI\u00c9RCOLES Y DOMINGOS\">[Leer M\u00e1s]<\/a><\/p>\n<\/div>","protected":false},"author":3,"featured_media":15457,"comment_status":"open","ping_status":"open","sticky":false,"template":"","format":"standard","meta":{"_jetpack_memberships_contains_paid_content":false,"footnotes":"","jetpack_publicize_message":"","jetpack_publicize_feature_enabled":true,"jetpack_social_post_already_shared":true,"jetpack_social_options":{"image_generator_settings":{"template":"highway","default_image_id":0,"font":"","enabled":false},"version":2}},"categories":[7,51],"tags":[],"class_list":{"0":"post-15456","1":"post","2":"type-post","3":"status-publish","4":"format-standard","5":"has-post-thumbnail","7":"category-lezama","8":"category-regionales"},"jetpack_publicize_connections":[],"jetpack_featured_media_url":"https:\/\/i0.wp.com\/larevistadigital.com.ar\/blog\/wp-content\/uploads\/101587901_1774916882701005_3812263347601014784_o.jpg?fit=765%2C960&ssl=1","jetpack_sharing_enabled":true,"jetpack_shortlink":"https:\/\/wp.me\/p8qtrQ-41i","jetpack-related-posts":[{"id":11010,"url":"https:\/\/larevistadigital.com.ar\/blog\/lezama-juegos-bonaerenses-2019-se-definio-la-etapa-local-de-adultos-mayores\/","url_meta":{"origin":15456,"position":0},"title":"LEZAMA: JUEGOS BONAERENSES 2019. SE DEFINI\u00d3 LA ETAPA LOCAL DE ADULTOS MAYORES","author":"Alejandro Sosa Ruda","date":"2 julio, 2019","format":false,"excerpt":"La Direcci\u00f3n de Deportes informa que se disput\u00f3 en dos jornadas la etapa municipal de Adultos Mayores para definir los representantes de disciplinas deportivas con vistas a las competencias regionales. Los ganadores son: \uf0a0 Damas: Juan Carlos Propatto \uf0a0 Chin-chon: Carlos Pereyra \uf0a0 Sapo Masculino: Alberto Echeverr\u00eda \uf0a0 Sapo Femenino:\u2026","rel":"","context":"En \u00abLEZAMA\u00bb","block_context":{"text":"LEZAMA","link":"https:\/\/larevistadigital.com.ar\/blog\/category\/lezama\/"},"img":{"alt_text":"","src":"https:\/\/i0.wp.com\/larevistadigital.com.ar\/blog\/wp-content\/uploads\/65852944_1492420614283968_5171908212349206528_o.jpg?fit=1200%2C802&ssl=1&resize=350%2C200","width":350,"height":200,"srcset":"https:\/\/i0.wp.com\/larevistadigital.com.ar\/blog\/wp-content\/uploads\/65852944_1492420614283968_5171908212349206528_o.jpg?fit=1200%2C802&ssl=1&resize=350%2C200 1x, https:\/\/i0.wp.com\/larevistadigital.com.ar\/blog\/wp-content\/uploads\/65852944_1492420614283968_5171908212349206528_o.jpg?fit=1200%2C802&ssl=1&resize=525%2C300 1.5x, https:\/\/i0.wp.com\/larevistadigital.com.ar\/blog\/wp-content\/uploads\/65852944_1492420614283968_5171908212349206528_o.jpg?fit=1200%2C802&ssl=1&resize=700%2C400 2x, https:\/\/i0.wp.com\/larevistadigital.com.ar\/blog\/wp-content\/uploads\/65852944_1492420614283968_5171908212349206528_o.jpg?fit=1200%2C802&ssl=1&resize=1050%2C600 3x"},"classes":[]},{"id":16672,"url":"https:\/\/larevistadigital.com.ar\/blog\/lezama-los-pasos-virtuales-de-los-peregrinos-acompanaran-el-sabado-a-la-virgen-en-su-recorrida\/","url_meta":{"origin":15456,"position":1},"title":"LEZAMA: LOS PASOS VIRTUALES DE LOS PEREGRINOS ACOMPA\u00d1AR\u00c1N EL S\u00c1BADO A LA VIRGEN EN SU RECORRIDA","author":"Alejandro Sosa Ruda","date":"2 octubre, 2020","format":false,"excerpt":"Con motivo de realizarse la peregrinaci\u00f3n de la Virgen de Luj\u00e1n por nuestra ciudad, la Direcci\u00f3n de Cultura y el grupo de Apoyo solicitan a los peregrinos que a\u00f1o a a\u00f1o realizan la caminata a la bas\u00edlica, que acerquen su calzado para simbolizar el acompa\u00f1amiento de sus pasos hacia nuestra\u2026","rel":"","context":"En \u00abLEZAMA\u00bb","block_context":{"text":"LEZAMA","link":"https:\/\/larevistadigital.com.ar\/blog\/category\/lezama\/"},"img":{"alt_text":"","src":"https:\/\/i0.wp.com\/larevistadigital.com.ar\/blog\/wp-content\/uploads\/120811078_1882314258627933_6273068393092688816_n.jpg?fit=650%2C464&ssl=1&resize=350%2C200","width":350,"height":200,"srcset":"https:\/\/i0.wp.com\/larevistadigital.com.ar\/blog\/wp-content\/uploads\/120811078_1882314258627933_6273068393092688816_n.jpg?fit=650%2C464&ssl=1&resize=350%2C200 1x, https:\/\/i0.wp.com\/larevistadigital.com.ar\/blog\/wp-content\/uploads\/120811078_1882314258627933_6273068393092688816_n.jpg?fit=650%2C464&ssl=1&resize=525%2C300 1.5x"},"classes":[]},{"id":9938,"url":"https:\/\/larevistadigital.com.ar\/blog\/lezama-viaje-a-cordoba-con-pami\/","url_meta":{"origin":15456,"position":2},"title":"LEZAMA: VIAJE A C\u00d3RDOBA CON PAMI","author":"Alejandro Sosa Ruda","date":"2 mayo, 2019","format":false,"excerpt":"\u00a1No dejes pasar esta oportunidad, anotate y gan\u00e1 un viaje a Villa Giardino! El sorteo ser\u00e1 el mi\u00e9rcoles 8 de Mayo, a las 12:30 en la sede de PAMI en Lezama. Los incriptos deber\u00e1n estar presente en el momento para recibir el premio, de lo contrario, ser\u00e1 sorteado nuevamente. Si\u2026","rel":"","context":"En \u00abLEZAMA\u00bb","block_context":{"text":"LEZAMA","link":"https:\/\/larevistadigital.com.ar\/blog\/category\/lezama\/"},"img":{"alt_text":"","src":"https:\/\/i0.wp.com\/larevistadigital.com.ar\/blog\/wp-content\/uploads\/2019\/05\/57370568_2323609827963712_8560285389078659072_n.jpg?fit=800%2C800&ssl=1&resize=350%2C200","width":350,"height":200,"srcset":"https:\/\/i0.wp.com\/larevistadigital.com.ar\/blog\/wp-content\/uploads\/2019\/05\/57370568_2323609827963712_8560285389078659072_n.jpg?fit=800%2C800&ssl=1&resize=350%2C200 1x, https:\/\/i0.wp.com\/larevistadigital.com.ar\/blog\/wp-content\/uploads\/2019\/05\/57370568_2323609827963712_8560285389078659072_n.jpg?fit=800%2C800&ssl=1&resize=525%2C300 1.5x, https:\/\/i0.wp.com\/larevistadigital.com.ar\/blog\/wp-content\/uploads\/2019\/05\/57370568_2323609827963712_8560285389078659072_n.jpg?fit=800%2C800&ssl=1&resize=700%2C400 2x"},"classes":[]},{"id":14962,"url":"https:\/\/larevistadigital.com.ar\/blog\/lezama-como-realizar-consultas-y-tramites-en-arba\/","url_meta":{"origin":15456,"position":3},"title":"LEZAMA: \u00bfC\u00d3MO REALIZAR CONSULTAS Y TR\u00c1MITES EN ARBA?","author":"Alejandro Sosa Ruda","date":"27 marzo, 2020","format":false,"excerpt":"\u2022 La delegaci\u00f3n local del organismo brinda las v\u00edas de contacto disponibles durante la contingencia por coronavirus. El Centro de Servicio local de Arba solicita a los contribuyentes que necesiten contar con la boleta de pago que - por favor - adhieran a trav\u00e9s de la p\u00e1gina web (www.arba.gob.ar) al\u2026","rel":"","context":"En \u00abLEZAMA\u00bb","block_context":{"text":"LEZAMA","link":"https:\/\/larevistadigital.com.ar\/blog\/category\/lezama\/"},"img":{"alt_text":"","src":"https:\/\/i0.wp.com\/larevistadigital.com.ar\/blog\/wp-content\/uploads\/91282581_1721037074755653_1240784797337387008_o.jpg?fit=1200%2C692&ssl=1&resize=350%2C200","width":350,"height":200,"srcset":"https:\/\/i0.wp.com\/larevistadigital.com.ar\/blog\/wp-content\/uploads\/91282581_1721037074755653_1240784797337387008_o.jpg?fit=1200%2C692&ssl=1&resize=350%2C200 1x, https:\/\/i0.wp.com\/larevistadigital.com.ar\/blog\/wp-content\/uploads\/91282581_1721037074755653_1240784797337387008_o.jpg?fit=1200%2C692&ssl=1&resize=525%2C300 1.5x, https:\/\/i0.wp.com\/larevistadigital.com.ar\/blog\/wp-content\/uploads\/91282581_1721037074755653_1240784797337387008_o.jpg?fit=1200%2C692&ssl=1&resize=700%2C400 2x, https:\/\/i0.wp.com\/larevistadigital.com.ar\/blog\/wp-content\/uploads\/91282581_1721037074755653_1240784797337387008_o.jpg?fit=1200%2C692&ssl=1&resize=1050%2C600 3x"},"classes":[]},{"id":8649,"url":"https:\/\/larevistadigital.com.ar\/blog\/lezama-atencion-proveedores-del-consejo-escolar-deberan-notificarse-de-cambios-en-las-prestaciones\/","url_meta":{"origin":15456,"position":4},"title":"LEZAMA: ATENCI\u00d3N PROVEEDORES DEL CONSEJO ESCOLAR: DEBER\u00c1N NOTIFICARSE DE CAMBIOS EN LAS PRESTACIONES","author":"Alejandro Sosa Ruda","date":"22 febrero, 2019","format":false,"excerpt":"La D.G.C. y E. emiti\u00f3 un nuevo instructivo que deber\u00e1n cumplimentar quienes trabajan para el Consejo en los rubros obras y servicios, alimentaci\u00f3n y transporte. Consejo Escolar de Lezama solicita a quienes son o deseen ser proveedores a acercarse al edificio (Blandengues 267), en el horario de 7 a 14\u2026","rel":"","context":"En \u00abLEZAMA\u00bb","block_context":{"text":"LEZAMA","link":"https:\/\/larevistadigital.com.ar\/blog\/category\/lezama\/"},"img":{"alt_text":"","src":"https:\/\/i0.wp.com\/larevistadigital.com.ar\/blog\/wp-content\/uploads\/2019\/02\/52522682_1409465562579474_7790930130729172992_n.jpg?fit=960%2C627&ssl=1&resize=350%2C200","width":350,"height":200,"srcset":"https:\/\/i0.wp.com\/larevistadigital.com.ar\/blog\/wp-content\/uploads\/2019\/02\/52522682_1409465562579474_7790930130729172992_n.jpg?fit=960%2C627&ssl=1&resize=350%2C200 1x, https:\/\/i0.wp.com\/larevistadigital.com.ar\/blog\/wp-content\/uploads\/2019\/02\/52522682_1409465562579474_7790930130729172992_n.jpg?fit=960%2C627&ssl=1&resize=525%2C300 1.5x, https:\/\/i0.wp.com\/larevistadigital.com.ar\/blog\/wp-content\/uploads\/2019\/02\/52522682_1409465562579474_7790930130729172992_n.jpg?fit=960%2C627&ssl=1&resize=700%2C400 2x"},"classes":[]},{"id":10109,"url":"https:\/\/larevistadigital.com.ar\/blog\/chascomus-caminata-3k-a-beneficio-de-la-orquesta-escuela\/","url_meta":{"origin":15456,"position":5},"title":"CHASCOM\u00daS: CAMINATA 3K A BENEFICIO DE LA ORQUESTA ESCUELA","author":"Alejandro Sosa Ruda","date":"9 mayo, 2019","format":false,"excerpt":"El pr\u00f3ximo domingo 12, se concretar\u00e1 la tercera fecha del circuito de calle que organiza mensualmente la Direcci\u00f3n de Deportes Municipal, con las mismas caracter\u00edsticas que todas las ediciones, en las que los corredores optan por 5 \u00f3 10 k. En esta oportunidad, se suma tambi\u00e9n la Caminata de 3\u2026","rel":"","context":"En \u00abCHASCOM\u00daS\u00bb","block_context":{"text":"CHASCOM\u00daS","link":"https:\/\/larevistadigital.com.ar\/blog\/category\/chascomus\/"},"img":{"alt_text":"","src":"https:\/\/i0.wp.com\/larevistadigital.com.ar\/blog\/wp-content\/uploads\/2019\/05\/mail-1.png?fit=845%2C1200&ssl=1&resize=350%2C200","width":350,"height":200,"srcset":"https:\/\/i0.wp.com\/larevistadigital.com.ar\/blog\/wp-content\/uploads\/2019\/05\/mail-1.png?fit=845%2C1200&ssl=1&resize=350%2C200 1x, https:\/\/i0.wp.com\/larevistadigital.com.ar\/blog\/wp-content\/uploads\/2019\/05\/mail-1.png?fit=845%2C1200&ssl=1&resize=525%2C300 1.5x, https:\/\/i0.wp.com\/larevistadigital.com.ar\/blog\/wp-content\/uploads\/2019\/05\/mail-1.png?fit=845%2C1200&ssl=1&resize=700%2C400 2x"},"classes":[]}],"_links":{"self":[{"href":"https:\/\/larevistadigital.com.ar\/blog\/wp-json\/wp\/v2\/posts\/15456","targetHints":{"allow":["GET"]}}],"collection":[{"href":"https:\/\/larevistadigital.com.ar\/blog\/wp-json\/wp\/v2\/posts"}],"about":[{"href":"https:\/\/larevistadigital.com.ar\/blog\/wp-json\/wp\/v2\/types\/post"}],"author":[{"embeddable":true,"href":"https:\/\/larevistadigital.com.ar\/blog\/wp-json\/wp\/v2\/users\/3"}],"replies":[{"embeddable":true,"href":"https:\/\/larevistadigital.com.ar\/blog\/wp-json\/wp\/v2\/comments?post=15456"}],"version-history":[{"count":1,"href":"https:\/\/larevistadigital.com.ar\/blog\/wp-json\/wp\/v2\/posts\/15456\/revisions"}],"predecessor-version":[{"id":15458,"href":"https:\/\/larevistadigital.com.ar\/blog\/wp-json\/wp\/v2\/posts\/15456\/revisions\/15458"}],"wp:featuredmedia":[{"embeddable":true,"href":"https:\/\/larevistadigital.com.ar\/blog\/wp-json\/wp\/v2\/media\/15457"}],"wp:attachment":[{"href":"https:\/\/larevistadigital.com.ar\/blog\/wp-json\/wp\/v2\/media?parent=15456"}],"wp:term":[{"taxonomy":"category","embeddable":true,"href":"https:\/\/larevistadigital.com.ar\/blog\/wp-json\/wp\/v2\/categories?post=15456"},{"taxonomy":"post_tag","embeddable":true,"href":"https:\/\/larevistadigital.com.ar\/blog\/wp-json\/wp\/v2\/tags?post=15456"}],"curies":[{"name":"wp","href":"https:\/\/api.w.org\/{rel}","templated":true}]}}