{"id":15461,"date":"2020-06-02T01:40:13","date_gmt":"2020-06-02T01:40:13","guid":{"rendered":"https:\/\/larevistadigital.com.ar\/blog\/?p=15461"},"modified":"2020-06-02T01:40:13","modified_gmt":"2020-06-02T01:40:13","slug":"dura-carta-de-cientificos-e-intelectuales-la-infectadura-argentina","status":"publish","type":"post","link":"https:\/\/larevistadigital.com.ar\/blog\/dura-carta-de-cientificos-e-intelectuales-la-infectadura-argentina\/","title":{"rendered":"DURA CARTA DE CIENT\u00cdFICOS E INTELECTUALES: LA \u00abINFECTADURA\u00bb ARGENTINA"},"content":{"rendered":"<h2><em>En la carta, se cuestiona la duraci\u00f3n de la cuarentena, adem\u00e1s de la forma de ser implementada. En Chascom\u00fas, d\u00edas atr\u00e1s el dirigente Jos\u00e9 Fares se hab\u00eda expresado antes en tal sentido.<\/em><\/h2>\n<p>La carta fue dura. Impulsada por la investigadora <strong>Sandra Pitta<\/strong>, recibiendo el aval de unos 300 cient\u00edficos, intelectuales y periodistas, plantea que en el pa\u00eds, como consecuencia del aislamiento obligatorio, se vive una \u00bb\u00a0<b>infectadura\u00a0<\/b>\u00bb y critica al gobierno de Alberto Fern\u00e1ndez por la extensi\u00f3n de la cuarentena y el modo en la que se aplic\u00f3. E insta a la poblaci\u00f3n a mirar con sentido cr\u00edtico las acciones del Estado en relaci\u00f3n a la pandemia.<\/p>\n<p>El t\u00edtulo no anduvo con vueltas: \u00abLa democracia est\u00e1 en peligro\u00bb. En la carta, podemos leer:\u00a0<em><strong>\u00abSi bien ning\u00fan pa\u00eds estaba preparado para esto [la pandemia], la primera reacci\u00f3n del Estado argentino fue negar la existencia del problema, a pesar de las advertencias desde un sector independiente de la comunidad cient\u00edfica y de la pol\u00edtica\u00bb. (En alusi\u00f3n al ministro de salud, que hab\u00eda dicho que \u00abesta enfermedad tardar\u00eda mucho en llegar a la Argentina\u00bb).<\/strong><\/em><\/p>\n<blockquote>\n<h3>Continu\u00f3 as\u00ed: <em><strong>\u00abDel mismo modo, el gobierno desestim\u00f3 el planteo de testear, rastrear y aislar casos, no control\u00f3 a tiempo las fronteras y decret\u00f3 una cuarentena en forma improvisada, sin presentar ning\u00fan plan ni una posible fecha de finalizaci\u00f3n. Como \u00fanica explicaci\u00f3n se exhibieron logros parciales, al compararse err\u00f3neamente con otros pa\u00edses, y mostrando con anticipaci\u00f3n supuestos \u00e9xitos, cuando deber\u00eda predominar la cautela y el realismo\u00bb.<\/strong><\/em><\/h3>\n<\/blockquote>\n<div id=\"inread_dsk\" class=\"banner inread b-desktop\" data-google-query-id=\"CIiT4sr24ekCFeEN1AodhsAGHg\">Agregando que<em><strong> \u00abA<\/strong><strong> cambio, el presidente Fern\u00e1ndez anunci\u00f3 que comenzaba &#8216;la hora del Estado&#8217;. La frase que recuerda al Leopoldo Lugones de los a\u00f1os veinte, describe un fenomenal avance en la concentraci\u00f3n del poder para eludir cualquier tipo de control institucional\u00bb.<\/strong><\/em><\/div>\n<p>Luego se sumaron\u00a0<b>Juan Jos\u00e9 Sebreli<\/b>,\u00a0<b>Santiago Kovadloff<\/b>,\u00a0<b>Luis Brandoni<\/b>,\u00a0<b>Daniel Sabsay<\/b>,\u00a0<b>Lilia Puig<\/b>,\u00a0<b>Luis Tonelli<\/b>,\u00a0<b>Fabiana Tu\u00f1ez<\/b>,\u00a0<b>Gabriel Palumbo<\/b>,\u00a0<b>Liliana De Riz<\/b>,\u00a0<b>Federico Andahazzi<\/b>,\u00a0<b>Silvina Mart\u00ednez<\/b>,<b>\u00a0Mar\u00eda Jos\u00e9 Demare<\/b>,\u00a0<b>Daniel Sabsay<\/b>,\u00a0<b>Fernando Pedrosa<\/b>,\u00a0<b>Diego Bernardini<\/b>,\u00a0<b>Jos\u00e9 Antonio Artusi<\/b>,\u00a0<b>Maximiliano Carrillo<\/b>,\u00a0<b>Marcelo Gioffre y Dar\u00edo Lop\u00e9rfido.<\/b><\/p>\n<div class=\"row pb-content-type-text\">\n<div class=\"col-xs-12 col-print-12\">\n<blockquote>\n<h3 class=\"element element-paragraph\">\u201cen el desd\u00e9n por el mundo productivo, que no tiene antecedentes y<b>\u00a0su consecuencia es la p\u00e9rdida de empleos, el cierre de comercios minoristas, empresas y el aumento de la pobreza<\/b>\u00ab. Para asegurar que \u201clos cr\u00e9ditos para monotributistas y aut\u00f3nomos y la asistencia a las PYME fueron t\u00e1cticas publicitarias con requisitos casi inalcanzables para la mayor\u00eda de los afectados\u201d.<\/h3>\n<\/blockquote>\n<\/div>\n<\/div>\n<div class=\"row pb-content-type-text\">\n<div class=\"col-xs-12 col-print-12\">\n<p class=\"element element-paragraph\">Tambi\u00e9n los periodistas\u00a0<b>Fanny Maldelbaum, Jorge Sigal, N\u00e9stor Sclauzero, Rosario Agostini, Eduardo Ant\u00edn (Quint\u00edn), Marcelo Panozzo, Javier Navia, Luis Gasulla, Rogelio Alaniz, Pablo Ciarlero, Ricardo Benedetti, Leonardo D\u2019Esp\u00f3sito, Jos\u00e9 Ignacio Sbrocco, Sandra de la Fuente, Rodolfo Pous\u00e1 y Emilio Laferriere<\/b>.<\/p>\n<\/div>\n<\/div>\n<div class=\"row pb-content-type-text\">\n<div class=\"col-xs-12 col-print-12\">\n<blockquote>\n<h3 class=\"element element-paragraph\">Y una importante cantidad de profesionales, ex funcionarios, ex embajadores, l\u00edderes de ONG\u2019s,\u00a0<i>influencers<\/i>\u00a0de redes sociales. Por ejemplo: Leandro Querido, Mariano Caucino, Claudio Bargach, Alejandro Biongiovanni, Pablo Racioppi, Claudio Mascheroni, Emilio Perina, Marta Nercellas, Gustavo Pablo Magda, Alberto Torres, Eduardo Gerome, Carlos Canievsky, Carlos N\u00e1poli y Camila Brancowitz, entre\u00a0<b>300 firmantes<\/b>.<\/h3>\n<\/blockquote>\n<p><strong>JOS\u00c9 FARES LO HAB\u00cdA DICHO:<\/strong><\/p>\n<p>Para los residentes en Chascomus y la zona, estas expresiones que publicaron el grupo de notables, fueron antecedidas por una nota publicada por el dirigente pol\u00edtico <strong>Jos\u00e9 Fares<\/strong>, quien hab\u00eda escrito algo en tal sentido para \u00abMedios Coranto\u00bb y luego entre otros, fue reproducido por La Revista Digital.<\/p>\n<p>Esto es simplemente una \u00abperlita\u00bb que compartimos con ustedes, haciendo la salvedad que el escrito de nuestro vecino, fue mucho m\u00e1s respetuoso y medido que el emitido por los m\u00e1s de 300 firmantes de \u00abLa infectadura\u00bb. Inclusive, en la nota<strong> Fares<\/strong> dec\u00eda que no es momento cr\u00edticas, sino de poner el hombro.<\/p>\n<\/div>\n<\/div>\n","protected":false},"excerpt":{"rendered":"<div class=\"mh-excerpt\"><p>En la carta, se cuestiona la duraci\u00f3n de la cuarentena, adem\u00e1s de la forma de ser implementada. En Chascom\u00fas, d\u00edas atr\u00e1s el dirigente Jos\u00e9 Fares se hab\u00eda expresado antes en tal sentido. La carta fue <a class=\"mh-excerpt-more\" href=\"https:\/\/larevistadigital.com.ar\/blog\/dura-carta-de-cientificos-e-intelectuales-la-infectadura-argentina\/\" title=\"DURA CARTA DE CIENT\u00cdFICOS E INTELECTUALES: LA \u00abINFECTADURA\u00bb ARGENTINA\">[Leer M\u00e1s]<\/a><\/p>\n<\/div>","protected":false},"author":3,"featured_media":15463,"comment_status":"open","ping_status":"open","sticky":false,"template":"","format":"standard","meta":{"_jetpack_memberships_contains_paid_content":false,"footnotes":"","jetpack_publicize_message":"","jetpack_publicize_feature_enabled":true,"jetpack_social_post_already_shared":true,"jetpack_social_options":{"image_generator_settings":{"template":"highway","default_image_id":0,"font":"","enabled":false},"version":2}},"categories":[41],"tags":[],"class_list":{"0":"post-15461","1":"post","2":"type-post","3":"status-publish","4":"format-standard","5":"has-post-thumbnail","7":"category-destacadas"},"jetpack_publicize_connections":[],"jetpack_featured_media_url":"https:\/\/i0.wp.com\/larevistadigital.com.ar\/blog\/wp-content\/uploads\/na-2.jpeg?fit=960%2C640&ssl=1","jetpack_sharing_enabled":true,"jetpack_shortlink":"https:\/\/wp.me\/p8qtrQ-41n","jetpack-related-posts":[{"id":23761,"url":"https:\/\/larevistadigital.com.ar\/blog\/heridas-abiertas-en-el-pj-bonaerense-intendente-historicamente-enfrentado-a-maximo-kirchner-lo-trato-de-chico-caprichoso\/","url_meta":{"origin":15461,"position":0},"title":"\u00bfHERIDAS ABIERTAS EN EL PJ BONAERENSE?: INTENDENTE HIST\u00d3RICAMENTE ENFRENTADO A M\u00c1XIMO KIRCHNER LO TRAT\u00d3 DE CHICO CAPRICHOSO","author":"Alejandro Sosa Ruda","date":"1 febrero, 2022","format":false,"excerpt":"Fernando Gray, con quien el jefe camporista tuvo una disputa legal por la conducci\u00f3n de peronismo bonaerense, escribi\u00f3 una dura carta despu\u00e9s de su renuncia a la jefatura del bloque. El intendente se pregunta si la renuncia de Kirchner a la jefatura del bloque de diputados \u201cexpresa el pensamiento del\u2026","rel":"","context":"En \u00abINTERES GENERAL\u00bb","block_context":{"text":"INTERES GENERAL","link":"https:\/\/larevistadigital.com.ar\/blog\/category\/interes-general\/"},"img":{"alt_text":"","src":"https:\/\/i0.wp.com\/larevistadigital.com.ar\/blog\/wp-content\/uploads\/fernando-gray-maximo-kirchner-pj-bonaerense-g20210309-1140578.jpg?fit=1040%2C780&ssl=1&resize=350%2C200","width":350,"height":200,"srcset":"https:\/\/i0.wp.com\/larevistadigital.com.ar\/blog\/wp-content\/uploads\/fernando-gray-maximo-kirchner-pj-bonaerense-g20210309-1140578.jpg?fit=1040%2C780&ssl=1&resize=350%2C200 1x, https:\/\/i0.wp.com\/larevistadigital.com.ar\/blog\/wp-content\/uploads\/fernando-gray-maximo-kirchner-pj-bonaerense-g20210309-1140578.jpg?fit=1040%2C780&ssl=1&resize=525%2C300 1.5x, https:\/\/i0.wp.com\/larevistadigital.com.ar\/blog\/wp-content\/uploads\/fernando-gray-maximo-kirchner-pj-bonaerense-g20210309-1140578.jpg?fit=1040%2C780&ssl=1&resize=700%2C400 2x"},"classes":[]},{"id":33029,"url":"https:\/\/larevistadigital.com.ar\/blog\/la-plata-buscan-a-joven-que-dejo-una-carta-y-desaparecio\/","url_meta":{"origin":15461,"position":1},"title":"LA PLATA: BUSCAN A JOVEN QUE DEJ\u00d3 UNA CARTA Y DESAPARECI\u00d3","author":"Alejandro Sosa Ruda","date":"26 agosto, 2023","format":false,"excerpt":"El joven, de 23 a\u00f1os, se march\u00f3 sin previo aviso. Su familia asegura que no est\u00e1 pasando un buen momento emocional y lo busca con desesperaci\u00f3n. 26 de agosto de 2023 LA PLATA\u00a0 -\u00a0 \u00a0La desaparici\u00f3n de un joven de 23 a\u00f1os moviliza por estas horas a La Plata. Luciano\u2026","rel":"","context":"En \u00abINTERES GENERAL\u00bb","block_context":{"text":"INTERES GENERAL","link":"https:\/\/larevistadigital.com.ar\/blog\/category\/interes-general\/"},"img":{"alt_text":"","src":"https:\/\/i0.wp.com\/larevistadigital.com.ar\/blog\/wp-content\/uploads\/1693055792532.jpg?fit=1200%2C594&ssl=1&resize=350%2C200","width":350,"height":200,"srcset":"https:\/\/i0.wp.com\/larevistadigital.com.ar\/blog\/wp-content\/uploads\/1693055792532.jpg?fit=1200%2C594&ssl=1&resize=350%2C200 1x, https:\/\/i0.wp.com\/larevistadigital.com.ar\/blog\/wp-content\/uploads\/1693055792532.jpg?fit=1200%2C594&ssl=1&resize=525%2C300 1.5x, https:\/\/i0.wp.com\/larevistadigital.com.ar\/blog\/wp-content\/uploads\/1693055792532.jpg?fit=1200%2C594&ssl=1&resize=700%2C400 2x, https:\/\/i0.wp.com\/larevistadigital.com.ar\/blog\/wp-content\/uploads\/1693055792532.jpg?fit=1200%2C594&ssl=1&resize=1050%2C600 3x"},"classes":[]},{"id":14986,"url":"https:\/\/larevistadigital.com.ar\/blog\/cuarentena-el-presidente-alberto-fernandez-hablara-al-pais-a-las-19\/","url_meta":{"origin":15461,"position":2},"title":"CUARENTENA: EL PRESIDENTE ALBERTO FERN\u00c1NDEZ HABLAR\u00c1 AL PA\u00cdS A LAS 19","author":"Alejandro Sosa Ruda","date":"29 marzo, 2020","format":false,"excerpt":"En un mensaje desde Olivos explicitar\u00e1 c\u00f3mo seguir\u00e1 la forzosa pr\u00f3rroga del aislamiento general y se sabr\u00e1 si hay m\u00e1s actividades que quedan fuera del cese. El presidente Alberto Fern\u00e1ndez estuvo reunido este domingo 29 de marzo con funcionarios del Ministerio de Salud P\u00fablica y diversos expertos en la materia\u2026","rel":"","context":"En \u00abINTERES GENERAL\u00bb","block_context":{"text":"INTERES GENERAL","link":"https:\/\/larevistadigital.com.ar\/blog\/category\/interes-general\/"},"img":{"alt_text":"","src":"https:\/\/i0.wp.com\/larevistadigital.com.ar\/blog\/wp-content\/uploads\/alberto-20discurso-20foto-20bernardino-20avila.jpg?fit=960%2C640&ssl=1&resize=350%2C200","width":350,"height":200,"srcset":"https:\/\/i0.wp.com\/larevistadigital.com.ar\/blog\/wp-content\/uploads\/alberto-20discurso-20foto-20bernardino-20avila.jpg?fit=960%2C640&ssl=1&resize=350%2C200 1x, https:\/\/i0.wp.com\/larevistadigital.com.ar\/blog\/wp-content\/uploads\/alberto-20discurso-20foto-20bernardino-20avila.jpg?fit=960%2C640&ssl=1&resize=525%2C300 1.5x, https:\/\/i0.wp.com\/larevistadigital.com.ar\/blog\/wp-content\/uploads\/alberto-20discurso-20foto-20bernardino-20avila.jpg?fit=960%2C640&ssl=1&resize=700%2C400 2x"},"classes":[]},{"id":15012,"url":"https:\/\/larevistadigital.com.ar\/blog\/el-presidente-extendio-la-cuarentena-hasta-el-fin-de-semana-santa\/","url_meta":{"origin":15461,"position":3},"title":"EL PRESIDENTE EXTENDI\u00d3 LA CUARENTENA HASTA EL FIN DE SEMANA SANTA","author":"Alejandro Sosa Ruda","date":"30 marzo, 2020","format":false,"excerpt":"La primera etapa de aislamiento terminaba el martes, pero los expertos en salud aconsejaron prorrogarla. La extensi\u00f3n de la cuarentena ocurre cuando\u00a0se registran 820 casos oficiales de coronavirus en el pa\u00eds,\u00a0seg\u00fan el reporte del Ministerio de Salud de la naci\u00f3n.\u00a0Los pacientes fallecidos son 20. Este domingo hubo 75 casos nuevos\u2026","rel":"","context":"En \u00abDESTACADAS\u00bb","block_context":{"text":"DESTACADAS","link":"https:\/\/larevistadigital.com.ar\/blog\/category\/destacadas\/"},"img":{"alt_text":"","src":"https:\/\/i0.wp.com\/larevistadigital.com.ar\/blog\/wp-content\/uploads\/Screenshot_2-91.jpg?fit=1200%2C657&ssl=1&resize=350%2C200","width":350,"height":200,"srcset":"https:\/\/i0.wp.com\/larevistadigital.com.ar\/blog\/wp-content\/uploads\/Screenshot_2-91.jpg?fit=1200%2C657&ssl=1&resize=350%2C200 1x, https:\/\/i0.wp.com\/larevistadigital.com.ar\/blog\/wp-content\/uploads\/Screenshot_2-91.jpg?fit=1200%2C657&ssl=1&resize=525%2C300 1.5x, https:\/\/i0.wp.com\/larevistadigital.com.ar\/blog\/wp-content\/uploads\/Screenshot_2-91.jpg?fit=1200%2C657&ssl=1&resize=700%2C400 2x, https:\/\/i0.wp.com\/larevistadigital.com.ar\/blog\/wp-content\/uploads\/Screenshot_2-91.jpg?fit=1200%2C657&ssl=1&resize=1050%2C600 3x"},"classes":[]},{"id":10739,"url":"https:\/\/larevistadigital.com.ar\/blog\/ranchos-un-muchacho-se-suicida-y-deja-carta-pidiendo-perdon\/","url_meta":{"origin":15461,"position":4},"title":"RANCHOS: UN MUCHACHO SE SUICIDA Y DEJA CARTA PIDIENDO PERD\u00d3N","author":"Alejandro Sosa Ruda","date":"24 junio, 2019","format":false,"excerpt":"En las \u00faltimas horas un joven vecino de la ciudad de\u00a0Ranchos, de 20 a\u00f1os de edad, domiciliado sobre la calle Rivadavia de dicha ciudad, tom\u00f3 la penosa decisi\u00f3n de quitarse la vida. Fuentes policiales informaron a\u00a0DLN que en el lugar hab\u00eda dejado una carta en la que le ped\u00eda disculpas\u2026","rel":"","context":"En \u00abPOLITICA\u00bb","block_context":{"text":"POLITICA","link":"https:\/\/larevistadigital.com.ar\/blog\/category\/politica\/"},"img":{"alt_text":"","src":"https:\/\/i0.wp.com\/larevistadigital.com.ar\/blog\/wp-content\/uploads\/20190623_120726.jpg?fit=1080%2C713&ssl=1&resize=350%2C200","width":350,"height":200,"srcset":"https:\/\/i0.wp.com\/larevistadigital.com.ar\/blog\/wp-content\/uploads\/20190623_120726.jpg?fit=1080%2C713&ssl=1&resize=350%2C200 1x, https:\/\/i0.wp.com\/larevistadigital.com.ar\/blog\/wp-content\/uploads\/20190623_120726.jpg?fit=1080%2C713&ssl=1&resize=525%2C300 1.5x, https:\/\/i0.wp.com\/larevistadigital.com.ar\/blog\/wp-content\/uploads\/20190623_120726.jpg?fit=1080%2C713&ssl=1&resize=700%2C400 2x, https:\/\/i0.wp.com\/larevistadigital.com.ar\/blog\/wp-content\/uploads\/20190623_120726.jpg?fit=1080%2C713&ssl=1&resize=1050%2C600 3x"},"classes":[]},{"id":13702,"url":"https:\/\/larevistadigital.com.ar\/blog\/algunas-preguntas-carta-de-lectores-como-se-pide\/","url_meta":{"origin":15461,"position":5},"title":"ALGUNAS PREGUNTAS&#8230; (Carta de lectores. COMO SE PIDE)","author":"Alejandro Sosa Ruda","date":"19 diciembre, 2019","format":false,"excerpt":"Seguramente lo que voy a detallar no cambie en nada la parte econ\u00f3mica de este pa\u00eds , pero si puede cambiar el animo de la gente . Cuando viene la cosa mal en mi casa mis viejos me dec\u00edan vamos a cuidar el mango hasta ver como lo solucionamos. El\u2026","rel":"","context":"En \u00abREGIONALES\u00bb","block_context":{"text":"REGIONALES","link":"https:\/\/larevistadigital.com.ar\/blog\/category\/regionales\/"},"img":{"alt_text":"","src":"https:\/\/i0.wp.com\/larevistadigital.com.ar\/blog\/wp-content\/uploads\/depositphotos_13981752-stock-illustration-unbalanced-scales-of-justice-sketch.jpg?fit=1024%2C1024&ssl=1&resize=350%2C200","width":350,"height":200,"srcset":"https:\/\/i0.wp.com\/larevistadigital.com.ar\/blog\/wp-content\/uploads\/depositphotos_13981752-stock-illustration-unbalanced-scales-of-justice-sketch.jpg?fit=1024%2C1024&ssl=1&resize=350%2C200 1x, https:\/\/i0.wp.com\/larevistadigital.com.ar\/blog\/wp-content\/uploads\/depositphotos_13981752-stock-illustration-unbalanced-scales-of-justice-sketch.jpg?fit=1024%2C1024&ssl=1&resize=525%2C300 1.5x, https:\/\/i0.wp.com\/larevistadigital.com.ar\/blog\/wp-content\/uploads\/depositphotos_13981752-stock-illustration-unbalanced-scales-of-justice-sketch.jpg?fit=1024%2C1024&ssl=1&resize=700%2C400 2x"},"classes":[]}],"_links":{"self":[{"href":"https:\/\/larevistadigital.com.ar\/blog\/wp-json\/wp\/v2\/posts\/15461","targetHints":{"allow":["GET"]}}],"collection":[{"href":"https:\/\/larevistadigital.com.ar\/blog\/wp-json\/wp\/v2\/posts"}],"about":[{"href":"https:\/\/larevistadigital.com.ar\/blog\/wp-json\/wp\/v2\/types\/post"}],"author":[{"embeddable":true,"href":"https:\/\/larevistadigital.com.ar\/blog\/wp-json\/wp\/v2\/users\/3"}],"replies":[{"embeddable":true,"href":"https:\/\/larevistadigital.com.ar\/blog\/wp-json\/wp\/v2\/comments?post=15461"}],"version-history":[{"count":2,"href":"https:\/\/larevistadigital.com.ar\/blog\/wp-json\/wp\/v2\/posts\/15461\/revisions"}],"predecessor-version":[{"id":15464,"href":"https:\/\/larevistadigital.com.ar\/blog\/wp-json\/wp\/v2\/posts\/15461\/revisions\/15464"}],"wp:featuredmedia":[{"embeddable":true,"href":"https:\/\/larevistadigital.com.ar\/blog\/wp-json\/wp\/v2\/media\/15463"}],"wp:attachment":[{"href":"https:\/\/larevistadigital.com.ar\/blog\/wp-json\/wp\/v2\/media?parent=15461"}],"wp:term":[{"taxonomy":"category","embeddable":true,"href":"https:\/\/larevistadigital.com.ar\/blog\/wp-json\/wp\/v2\/categories?post=15461"},{"taxonomy":"post_tag","embeddable":true,"href":"https:\/\/larevistadigital.com.ar\/blog\/wp-json\/wp\/v2\/tags?post=15461"}],"curies":[{"name":"wp","href":"https:\/\/api.w.org\/{rel}","templated":true}]}}