{"id":15466,"date":"2020-06-02T15:23:03","date_gmt":"2020-06-02T15:23:03","guid":{"rendered":"https:\/\/larevistadigital.com.ar\/blog\/?p=15466"},"modified":"2020-06-02T15:23:03","modified_gmt":"2020-06-02T15:23:03","slug":"feliz-dia-queridos-bomberos-voluntarios","status":"publish","type":"post","link":"https:\/\/larevistadigital.com.ar\/blog\/feliz-dia-queridos-bomberos-voluntarios\/","title":{"rendered":"\u00a1FELIZ D\u00cdA, QUERIDOS BOMBEROS VOLUNTARIOS!"},"content":{"rendered":"<p>En el d\u00eda Nacional del Bombero Voluntario, nuestros queridos Bomberos de Chascom\u00fas, hicieron una publicaci\u00f3n en su p\u00e1gina de facebook, en donde dicen muchas cosas, que queremos compartir.<\/p>\n<p>Para Chascom\u00fas, es una de las instituciones m\u00e1s queridas, y que siempre nos llenan de orgullo. Vaya nuestro saludo y todo el cari\u00f1o que se merecen!<\/p>\n<h3 style=\"text-align: center\">DEL MURO DE LOS BOMBEROS VOLUNTARIOS DE CHASCOM\u00daS&#8230;<\/h3>\n<p><b>Buen d\u00eda, hoy martes 2 es el d\u00eda nacional del Bombero Voluntario Argentino, nos toca un festejo que nunca imagin\u00e1bamos que iba a pasar, estar todos juntos festejando junto a la comunidad, en el recorrido por las calles de la ciudad con las autobombas, recibimos ese saludo de agradecimiento , ese llanto que cae por la mejilla, esa emoci\u00f3n de gente adulta, abuelos, ni\u00f1os pidiendo sacarse una foto y te pidan a gritos toca la sirena!, ese aplauso interminable que para nosotro<\/b><span class=\"text_exposed_show\"><b>s los bomberos es una caricia al alma, el chocolate con tortas junto con los bomberos activos, retirados, personal que trabajan en el cuartel etc. Pero hay que seguir peleandola como siempre lo hicimos con la frente bien alta, y que en esta desgracia mundial se termine, y que en el a\u00f1o 2021 vuelve toda a la normalidad, eterno agradecimiento a la comunidad que con mucho esfuerzo siguen colaborando con la instituci\u00f3n que es primordial Rifas,socios,donaciones, feliz d\u00eda bomberos voluntarios de Chascom\u00fasctivos, reserva, lo que no est\u00e1n f\u00edsicamente con nosotros pero sabemos en donde est\u00e9n nos apoyan, a la comisi\u00f3n directiva por responder siempre a los pedidos de la jefatura.<\/b><\/span><\/p>\n","protected":false},"excerpt":{"rendered":"<div class=\"mh-excerpt\"><p>En el d\u00eda Nacional del Bombero Voluntario, nuestros queridos Bomberos de Chascom\u00fas, hicieron una publicaci\u00f3n en su p\u00e1gina de facebook, en donde dicen muchas cosas, que queremos compartir. Para Chascom\u00fas, es una de las instituciones <a class=\"mh-excerpt-more\" href=\"https:\/\/larevistadigital.com.ar\/blog\/feliz-dia-queridos-bomberos-voluntarios\/\" title=\"\u00a1FELIZ D\u00cdA, QUERIDOS BOMBEROS VOLUNTARIOS!\">[Leer M\u00e1s]<\/a><\/p>\n<\/div>","protected":false},"author":3,"featured_media":15469,"comment_status":"open","ping_status":"open","sticky":false,"template":"","format":"standard","meta":{"_jetpack_memberships_contains_paid_content":false,"footnotes":"","jetpack_publicize_message":"","jetpack_publicize_feature_enabled":true,"jetpack_social_post_already_shared":true,"jetpack_social_options":{"image_generator_settings":{"template":"highway","default_image_id":0,"font":"","enabled":false},"version":2}},"categories":[41],"tags":[],"class_list":{"0":"post-15466","1":"post","2":"type-post","3":"status-publish","4":"format-standard","5":"has-post-thumbnail","7":"category-destacadas"},"jetpack_publicize_connections":[],"jetpack_featured_media_url":"https:\/\/i0.wp.com\/larevistadigital.com.ar\/blog\/wp-content\/uploads\/101082562_2781074852128432_1628752272676618240_n.png?fit=650%2C242&ssl=1","jetpack_sharing_enabled":true,"jetpack_shortlink":"https:\/\/wp.me\/p8qtrQ-41s","jetpack-related-posts":[{"id":36442,"url":"https:\/\/larevistadigital.com.ar\/blog\/la-escuela-secundaria-no-8-lleva-el-nombre-del-bombero-voluntario-jose-aldabe\/","url_meta":{"origin":15466,"position":0},"title":"LA ESCUELA SECUNDARIA N\u00ba 8 LLEVA EL NOMBRE DEL \u201cBOMBERO VOLUNTARIO JOS\u00c9 ALDABE\u201d","author":"Alejandro Sosa Ruda","date":"26 junio, 2024","format":false,"excerpt":"Directivos de la instituci\u00f3n, junto con las autoridades presentes, descubrieron una placa con el nuevo nombre de la instituci\u00f3n. 26 de Junio de 2024 CHASCOM\u00daS\u00a0 -\u00a0 \u00a0El intendente Javier Gast\u00f3n asisti\u00f3 al acto de imposici\u00f3n del nombre \"Bombero Voluntario Jos\u00e9 Aldabe\" a la Escuela Secundaria N\u00ba 8, ubicado en Avellaneda\u2026","rel":"","context":"En \u00abCHASCOM\u00daS\u00bb","block_context":{"text":"CHASCOM\u00daS","link":"https:\/\/larevistadigital.com.ar\/blog\/category\/chascomus\/"},"img":{"alt_text":"","src":"https:\/\/i0.wp.com\/larevistadigital.com.ar\/blog\/wp-content\/uploads\/2024_06_26_01_58_03_1048730.jpg?fit=600%2C400&ssl=1&resize=350%2C200","width":350,"height":200,"srcset":"https:\/\/i0.wp.com\/larevistadigital.com.ar\/blog\/wp-content\/uploads\/2024_06_26_01_58_03_1048730.jpg?fit=600%2C400&ssl=1&resize=350%2C200 1x, https:\/\/i0.wp.com\/larevistadigital.com.ar\/blog\/wp-content\/uploads\/2024_06_26_01_58_03_1048730.jpg?fit=600%2C400&ssl=1&resize=525%2C300 1.5x"},"classes":[]},{"id":43203,"url":"https:\/\/larevistadigital.com.ar\/blog\/profundo-pesar-en-chascomus-por-el-fallecimiento-del-bombero-voluntario-silvio-sullings\/","url_meta":{"origin":15466,"position":1},"title":"Profundo pesar en Chascom\u00fas por el fallecimiento del bombero voluntario Silvio Sullings","author":"Alejandro Sosa Ruda","date":"6 enero, 2026","format":false,"excerpt":"El Oficial Principal (R) dedic\u00f3 m\u00e1s de tres d\u00e9cadas al servicio de la comunidad y dej\u00f3 una huella imborrable en la instituci\u00f3n bomberil local. 06 de enero de 2026 CHASCOM\u00daS -\u00a0 \u00a0La comunidad de Bomberos Voluntarios de Chascom\u00fas atraviesa horas de profundo dolor tras conocerse el fallecimiento del Oficial Principal\u2026","rel":"","context":"En \u00abDESTACADAS\u00bb","block_context":{"text":"DESTACADAS","link":"https:\/\/larevistadigital.com.ar\/blog\/category\/destacadas\/"},"img":{"alt_text":"","src":"https:\/\/i0.wp.com\/larevistadigital.com.ar\/blog\/wp-content\/uploads\/Captura-de-pantalla-2026-01-06-201824.jpg?fit=635%2C482&ssl=1&resize=350%2C200","width":350,"height":200,"srcset":"https:\/\/i0.wp.com\/larevistadigital.com.ar\/blog\/wp-content\/uploads\/Captura-de-pantalla-2026-01-06-201824.jpg?fit=635%2C482&ssl=1&resize=350%2C200 1x, https:\/\/i0.wp.com\/larevistadigital.com.ar\/blog\/wp-content\/uploads\/Captura-de-pantalla-2026-01-06-201824.jpg?fit=635%2C482&ssl=1&resize=525%2C300 1.5x"},"classes":[]},{"id":23373,"url":"https:\/\/larevistadigital.com.ar\/blog\/gran-iniciativa-de-la-camara-de-comercio-para-ayudar-a-nuestros-bomberos-voluntarios\/","url_meta":{"origin":15466,"position":2},"title":"GRAN INICIATIVA DE LA C\u00c1MARA DE COMERCIO PARA AYUDAR A NUESTROS BOMBEROS VOLUNTARIOS","author":"Alejandro Sosa Ruda","date":"15 enero, 2022","format":false,"excerpt":"La C\u00e1mara de Comercios, Industria, Producci\u00f3n y Servicios de Chascom\u00fas, cre\u00f3 una iniciativa para ayudar a los Bomberos Voluntarios CHASCOM\u00daS -\u00a0 Ante la gran cantidad de incendios que se producen cada d\u00eda, y que con motivo de la ola de calor y la gran sequ\u00eda, crecen en intensidad y cantidad\u2026","rel":"","context":"En \u00abDESTACADAS\u00bb","block_context":{"text":"DESTACADAS","link":"https:\/\/larevistadigital.com.ar\/blog\/category\/destacadas\/"},"img":{"alt_text":"","src":"https:\/\/i0.wp.com\/larevistadigital.com.ar\/blog\/wp-content\/uploads\/Captura-37.png?fit=850%2C203&ssl=1&resize=350%2C200","width":350,"height":200,"srcset":"https:\/\/i0.wp.com\/larevistadigital.com.ar\/blog\/wp-content\/uploads\/Captura-37.png?fit=850%2C203&ssl=1&resize=350%2C200 1x, https:\/\/i0.wp.com\/larevistadigital.com.ar\/blog\/wp-content\/uploads\/Captura-37.png?fit=850%2C203&ssl=1&resize=525%2C300 1.5x, https:\/\/i0.wp.com\/larevistadigital.com.ar\/blog\/wp-content\/uploads\/Captura-37.png?fit=850%2C203&ssl=1&resize=700%2C400 2x"},"classes":[]},{"id":5946,"url":"https:\/\/larevistadigital.com.ar\/blog\/crece-la-preocupacion-por-el-desfinanciamiento-de-los-bomberos-voluntarios\/","url_meta":{"origin":15466,"position":3},"title":"Crece la preocupaci\u00f3n por el desfinanciamiento de los bomberos voluntarios","author":"admin","date":"15 julio, 2018","format":false,"excerpt":"En el Concejo\u2008Deliberante Se aprob\u00f3 en el Concejo Deliberante, un proyecto de resoluci\u00f3n por medio del cual se rechaza lo dispuesto por el gobierno nacional, en relaci\u00f3n al recorte en el env\u00edo de fondos a los cuarteles de bomberos voluntarios de todo el pa\u00eds. La iniciativa aprobada expresa que \u201cel\u2026","rel":"","context":"En \u00abCHASCOM\u00daS\u00bb","block_context":{"text":"CHASCOM\u00daS","link":"https:\/\/larevistadigital.com.ar\/blog\/category\/chascomus\/"},"img":{"alt_text":"","src":"https:\/\/i0.wp.com\/larevistadigital.com.ar\/blog\/wp-content\/uploads\/2018\/07\/autobomba1-819x452-750x420.jpg?fit=750%2C420&ssl=1&resize=350%2C200","width":350,"height":200,"srcset":"https:\/\/i0.wp.com\/larevistadigital.com.ar\/blog\/wp-content\/uploads\/2018\/07\/autobomba1-819x452-750x420.jpg?fit=750%2C420&ssl=1&resize=350%2C200 1x, https:\/\/i0.wp.com\/larevistadigital.com.ar\/blog\/wp-content\/uploads\/2018\/07\/autobomba1-819x452-750x420.jpg?fit=750%2C420&ssl=1&resize=525%2C300 1.5x, https:\/\/i0.wp.com\/larevistadigital.com.ar\/blog\/wp-content\/uploads\/2018\/07\/autobomba1-819x452-750x420.jpg?fit=750%2C420&ssl=1&resize=700%2C400 2x"},"classes":[]},{"id":29685,"url":"https:\/\/larevistadigital.com.ar\/blog\/habra-sirenazo-profundo-repudio-de-los-bomberos-voluntarios-de-todo-el-pais-por-los-dichos-del-viceministro-de-medio-ambiente\/","url_meta":{"origin":15466,"position":4},"title":"\u00a1HABR\u00c1 SIRENAZO! PROFUNDO REPUDIO DE LOS BOMBEROS VOLUNTARIOS DE TODO EL PA\u00cdS POR LOS DICHOS DEL VICEMINISTRO DE MEDIO AMBIENTE.","author":"Alejandro Sosa Ruda","date":"29 diciembre, 2022","format":false,"excerpt":"Los dichos televisivos de Sergio Federovisky, viceministro de Ambiente de la Naci\u00f3n, en el programa \u00abPara que Sepas\u00bb en el canal A24 emitido el 27 de diciembre, generaron un gran revuelo en todos los Bomberos Voluntarios y la reacci\u00f3n l\u00f3gica desde el Consejo Nacional de Federaciones de Bomberos Voluntarios de\u2026","rel":"","context":"En \u00abDESTACADAS\u00bb","block_context":{"text":"DESTACADAS","link":"https:\/\/larevistadigital.com.ar\/blog\/category\/destacadas\/"},"img":{"alt_text":"","src":"https:\/\/i0.wp.com\/larevistadigital.com.ar\/blog\/wp-content\/uploads\/1-8.jpg?fit=850%2C503&ssl=1&resize=350%2C200","width":350,"height":200,"srcset":"https:\/\/i0.wp.com\/larevistadigital.com.ar\/blog\/wp-content\/uploads\/1-8.jpg?fit=850%2C503&ssl=1&resize=350%2C200 1x, https:\/\/i0.wp.com\/larevistadigital.com.ar\/blog\/wp-content\/uploads\/1-8.jpg?fit=850%2C503&ssl=1&resize=525%2C300 1.5x, https:\/\/i0.wp.com\/larevistadigital.com.ar\/blog\/wp-content\/uploads\/1-8.jpg?fit=850%2C503&ssl=1&resize=700%2C400 2x"},"classes":[]},{"id":42679,"url":"https:\/\/larevistadigital.com.ar\/blog\/chascomus-el-intendente-municipal-acompano-el-emotivo-desfile-por-el-aniversario-de-los-bomberos-voluntarios\/","url_meta":{"origin":15466,"position":5},"title":"Chascom\u00fas: El Intendente Municipal acompa\u00f1\u00f3 el emotivo desfile por el aniversario de los Bomberos Voluntarios","author":"Alejandro Sosa Ruda","date":"1 diciembre, 2025","format":false,"excerpt":"La comunidad de Chascom\u00fas junto a los bomberos voluntarios celebr\u00f3 65 a\u00f1os de un gran modelo de entrega y solidaridad. 01 De Diciembre de 2025 CHASCOM\u00daS\u00a0 -\u00a0 \u00a0 Tal como estaba previsto, el \u00faltimo domingo se realiz\u00f3 el gran desfile por los festejos del 65\u00b0 aniversario de la Sociedad de\u2026","rel":"","context":"En \u00abCHASCOM\u00daS\u00bb","block_context":{"text":"CHASCOM\u00daS","link":"https:\/\/larevistadigital.com.ar\/blog\/category\/chascomus\/"},"img":{"alt_text":"","src":"https:\/\/i0.wp.com\/larevistadigital.com.ar\/blog\/wp-content\/uploads\/692dcce002084.png?fit=668%2C445&ssl=1&resize=350%2C200","width":350,"height":200,"srcset":"https:\/\/i0.wp.com\/larevistadigital.com.ar\/blog\/wp-content\/uploads\/692dcce002084.png?fit=668%2C445&ssl=1&resize=350%2C200 1x, https:\/\/i0.wp.com\/larevistadigital.com.ar\/blog\/wp-content\/uploads\/692dcce002084.png?fit=668%2C445&ssl=1&resize=525%2C300 1.5x"},"classes":[]}],"_links":{"self":[{"href":"https:\/\/larevistadigital.com.ar\/blog\/wp-json\/wp\/v2\/posts\/15466","targetHints":{"allow":["GET"]}}],"collection":[{"href":"https:\/\/larevistadigital.com.ar\/blog\/wp-json\/wp\/v2\/posts"}],"about":[{"href":"https:\/\/larevistadigital.com.ar\/blog\/wp-json\/wp\/v2\/types\/post"}],"author":[{"embeddable":true,"href":"https:\/\/larevistadigital.com.ar\/blog\/wp-json\/wp\/v2\/users\/3"}],"replies":[{"embeddable":true,"href":"https:\/\/larevistadigital.com.ar\/blog\/wp-json\/wp\/v2\/comments?post=15466"}],"version-history":[{"count":1,"href":"https:\/\/larevistadigital.com.ar\/blog\/wp-json\/wp\/v2\/posts\/15466\/revisions"}],"predecessor-version":[{"id":15467,"href":"https:\/\/larevistadigital.com.ar\/blog\/wp-json\/wp\/v2\/posts\/15466\/revisions\/15467"}],"wp:featuredmedia":[{"embeddable":true,"href":"https:\/\/larevistadigital.com.ar\/blog\/wp-json\/wp\/v2\/media\/15469"}],"wp:attachment":[{"href":"https:\/\/larevistadigital.com.ar\/blog\/wp-json\/wp\/v2\/media?parent=15466"}],"wp:term":[{"taxonomy":"category","embeddable":true,"href":"https:\/\/larevistadigital.com.ar\/blog\/wp-json\/wp\/v2\/categories?post=15466"},{"taxonomy":"post_tag","embeddable":true,"href":"https:\/\/larevistadigital.com.ar\/blog\/wp-json\/wp\/v2\/tags?post=15466"}],"curies":[{"name":"wp","href":"https:\/\/api.w.org\/{rel}","templated":true}]}}