{"id":15470,"date":"2020-06-02T15:42:54","date_gmt":"2020-06-02T15:42:54","guid":{"rendered":"https:\/\/larevistadigital.com.ar\/blog\/?p=15470"},"modified":"2020-06-02T15:42:54","modified_gmt":"2020-06-02T15:42:54","slug":"una-peli-cualquier-semejanza-con-la-realidad-por-el-negro-carrizo","status":"publish","type":"post","link":"https:\/\/larevistadigital.com.ar\/blog\/una-peli-cualquier-semejanza-con-la-realidad-por-el-negro-carrizo\/","title":{"rendered":"UNA PELI, (CUALQUIER SEMEJANZA CON LA REALIDAD&#8230;) POR EL \u00abNEGRO CARRIZO\u00bb"},"content":{"rendered":"<h3><\/h3>\n<h3><a href=\"https:\/\/www.facebook.com\/hashtag\/virus?__eep__=6&amp;epa=HASHTAG\">#Virus<\/a>(2013)<\/h3>\n<p>Para \u00e9pocas como esta donde lo mejor es quedarse en casa, es una buen\u00edsima pel\u00edcula que al principio aclara \u00abno basada en hecho reales\u00bb.<br \/>\nUn virus que se esparce de manera viral comienza a contagiar a todo china, Los habitantes de una ciudad muy cercana a Seul, preocupados por la propagacion declaran la emergencia y comienzan a calificar a quienes son portadores y quienes no, as\u00ed mismo cierran la entrada y salida de la ciudad, la falta de insumos y respuestas sobre como curar la enfermedad empieza a alterar a los ciudadanos, con la paranoia en estado de alerta comienza el caos entre quienes dicen proteger al pa\u00eds y quienes buscan no ser muertos por el propio gobierno que los a\u00edsla para luego sacrificarlos y as\u00ed no seguir expandiendo la enfermedad&#8230;tiene un final r\u00e9quete dram\u00e1tico\u2026<\/p>\n<p>Muy buena peli! disponible en\u00a0<a href=\"https:\/\/signup.netflix.com\/?mqso=PC_MAC&amp;fbclid=IwAR0aYdkV9Du4qY6j4iYZM8LtqPckfZSHFuqqlKmIOSYu0w4U2SDfPlnD7MM\">Netflix<\/a><\/p>\n<p><img data-recalc-dims=\"1\" loading=\"lazy\" decoding=\"async\" class=\"alignnone size-full wp-image-15471\" src=\"https:\/\/i0.wp.com\/larevistadigital.com.ar\/blog\/wp-content\/uploads\/x1080.jpg?resize=1806%2C1080&#038;ssl=1\" alt=\"\" width=\"1806\" height=\"1080\" srcset=\"https:\/\/i0.wp.com\/larevistadigital.com.ar\/blog\/wp-content\/uploads\/x1080.jpg?w=1806&amp;ssl=1 1806w, https:\/\/i0.wp.com\/larevistadigital.com.ar\/blog\/wp-content\/uploads\/x1080.jpg?resize=300%2C179&amp;ssl=1 300w, https:\/\/i0.wp.com\/larevistadigital.com.ar\/blog\/wp-content\/uploads\/x1080.jpg?resize=1024%2C612&amp;ssl=1 1024w, https:\/\/i0.wp.com\/larevistadigital.com.ar\/blog\/wp-content\/uploads\/x1080.jpg?resize=768%2C459&amp;ssl=1 768w, https:\/\/i0.wp.com\/larevistadigital.com.ar\/blog\/wp-content\/uploads\/x1080.jpg?resize=1536%2C919&amp;ssl=1 1536w\" sizes=\"auto, (max-width: 1000px) 100vw, 1000px\" \/><\/p>\n","protected":false},"excerpt":{"rendered":"<div class=\"mh-excerpt\"><p>#Virus(2013) Para \u00e9pocas como esta donde lo mejor es quedarse en casa, es una buen\u00edsima pel\u00edcula que al principio aclara \u00abno basada en hecho reales\u00bb. Un virus que se esparce de manera viral comienza a <a class=\"mh-excerpt-more\" href=\"https:\/\/larevistadigital.com.ar\/blog\/una-peli-cualquier-semejanza-con-la-realidad-por-el-negro-carrizo\/\" title=\"UNA PELI, (CUALQUIER SEMEJANZA CON LA REALIDAD&#8230;) POR EL \u00abNEGRO CARRIZO\u00bb\">[Leer M\u00e1s]<\/a><\/p>\n<\/div>","protected":false},"author":3,"featured_media":15349,"comment_status":"open","ping_status":"open","sticky":false,"template":"","format":"standard","meta":{"_jetpack_memberships_contains_paid_content":false,"footnotes":"","jetpack_publicize_message":"","jetpack_publicize_feature_enabled":true,"jetpack_social_post_already_shared":true,"jetpack_social_options":{"image_generator_settings":{"template":"highway","default_image_id":0,"font":"","enabled":false},"version":2}},"categories":[50],"tags":[],"class_list":{"0":"post-15470","1":"post","2":"type-post","3":"status-publish","4":"format-standard","5":"has-post-thumbnail","7":"category-interes-general"},"jetpack_publicize_connections":[],"jetpack_featured_media_url":"https:\/\/i0.wp.com\/larevistadigital.com.ar\/blog\/wp-content\/uploads\/LO-QUE-VIENE-NETFLIX.jpg?fit=620%2C330&ssl=1","jetpack_sharing_enabled":true,"jetpack_shortlink":"https:\/\/wp.me\/p8qtrQ-41w","jetpack-related-posts":[{"id":22499,"url":"https:\/\/larevistadigital.com.ar\/blog\/buscan-voluntarios-en-mar-del-plata-para-probar-unas-pastillas-que-prevendrian-el-covid\/","url_meta":{"origin":15470,"position":0},"title":"BUSCAN VOLUNTARIOS EN MAR DEL PLATA, PARA PROBAR UNAS PASTILLAS QUE PREVENDR\u00cdAN EL COVID","author":"Alejandro Sosa Ruda","date":"28 octubre, 2021","format":false,"excerpt":"El Instituto de Investigaciones Cl\u00ednicas de Mar del Plata (IIC) probar\u00e1 en la ciudad balnearia un f\u00e1rmaco llamado molnupiravir, que\u00a0 puede suministrarse en forma oral para prevenir los casos m\u00e1s graves de coronavirus en personas que no se vacunaron. Desde el ICC Mar del Plata precisaron que las condiciones necesarias\u2026","rel":"","context":"En \u00abREGIONALES\u00bb","block_context":{"text":"REGIONALES","link":"https:\/\/larevistadigital.com.ar\/blog\/category\/regionales\/"},"img":{"alt_text":"","src":"https:\/\/i0.wp.com\/larevistadigital.com.ar\/blog\/wp-content\/uploads\/pastillas-cntra-covid-26-10-21.jpg?fit=880%2C512&ssl=1&resize=350%2C200","width":350,"height":200,"srcset":"https:\/\/i0.wp.com\/larevistadigital.com.ar\/blog\/wp-content\/uploads\/pastillas-cntra-covid-26-10-21.jpg?fit=880%2C512&ssl=1&resize=350%2C200 1x, https:\/\/i0.wp.com\/larevistadigital.com.ar\/blog\/wp-content\/uploads\/pastillas-cntra-covid-26-10-21.jpg?fit=880%2C512&ssl=1&resize=525%2C300 1.5x, https:\/\/i0.wp.com\/larevistadigital.com.ar\/blog\/wp-content\/uploads\/pastillas-cntra-covid-26-10-21.jpg?fit=880%2C512&ssl=1&resize=700%2C400 2x"},"classes":[]},{"id":38250,"url":"https:\/\/larevistadigital.com.ar\/blog\/chascomus-este-fin-de-semana-comienza-el-servicio-de-guardavidas\/","url_meta":{"origin":15470,"position":1},"title":"Chascom\u00fas: Este fin de semana, comienza el servicio de Guardavidas.","author":"Alejandro Sosa Ruda","date":"14 diciembre, 2024","format":false,"excerpt":"Este important\u00edsimo equipo de prevenci\u00f3n y rescate, permite a los ba\u00f1istas disfrutar de la laguna en forma segura. 14 de Diciembre de 2024 CHASCOM\u00daS -\u00a0 Con la apertura de la temporada de verano 2024\/2025, comienza a funcionar el servicio de guardavidas de la Municipalidad de Chascom\u00fas, el cual depende de\u2026","rel":"","context":"En \u00abCHASCOM\u00daS\u00bb","block_context":{"text":"CHASCOM\u00daS","link":"https:\/\/larevistadigital.com.ar\/blog\/category\/chascomus\/"},"img":{"alt_text":"","src":"https:\/\/i0.wp.com\/larevistadigital.com.ar\/blog\/wp-content\/uploads\/675c709af1adf.png?fit=668%2C445&ssl=1&resize=350%2C200","width":350,"height":200,"srcset":"https:\/\/i0.wp.com\/larevistadigital.com.ar\/blog\/wp-content\/uploads\/675c709af1adf.png?fit=668%2C445&ssl=1&resize=350%2C200 1x, https:\/\/i0.wp.com\/larevistadigital.com.ar\/blog\/wp-content\/uploads\/675c709af1adf.png?fit=668%2C445&ssl=1&resize=525%2C300 1.5x"},"classes":[]},{"id":35336,"url":"https:\/\/larevistadigital.com.ar\/blog\/la-plata-alerta-por-el-brote-de-dengue-que-sucede-si-una-persona-es-picada-una-segunda-vez\/","url_meta":{"origin":15470,"position":2},"title":"LA PLATA: ALERTA POR EL BROTE DE DENGUE. \u00bfQU\u00c9 SUCEDE SI UNA PERSONA ES PICADA UNA SEGUNDA VEZ?","author":"Alejandro Sosa Ruda","date":"28 febrero, 2024","format":false,"excerpt":"La Plata fue declarada \"en brote\" de dengue y los expertos pidieron extremar los cuidados, especialmente quienes ya sufrieron la enfermedad una vez. 28 de febrero de 2024 LA PLATA -\u00a0 El Ministerio de Salud de la Provincia de Buenos Aires inform\u00f3 el \u00faltimo martes que La Plata se convirti\u00f3\u2026","rel":"","context":"En \u00abREGIONALES\u00bb","block_context":{"text":"REGIONALES","link":"https:\/\/larevistadigital.com.ar\/blog\/category\/regionales\/"},"img":{"alt_text":"","src":"https:\/\/i0.wp.com\/larevistadigital.com.ar\/blog\/wp-content\/uploads\/20230324163045_dengue.jpg?fit=880%2C512&ssl=1&resize=350%2C200","width":350,"height":200,"srcset":"https:\/\/i0.wp.com\/larevistadigital.com.ar\/blog\/wp-content\/uploads\/20230324163045_dengue.jpg?fit=880%2C512&ssl=1&resize=350%2C200 1x, https:\/\/i0.wp.com\/larevistadigital.com.ar\/blog\/wp-content\/uploads\/20230324163045_dengue.jpg?fit=880%2C512&ssl=1&resize=525%2C300 1.5x, https:\/\/i0.wp.com\/larevistadigital.com.ar\/blog\/wp-content\/uploads\/20230324163045_dengue.jpg?fit=880%2C512&ssl=1&resize=700%2C400 2x"},"classes":[]},{"id":7544,"url":"https:\/\/larevistadigital.com.ar\/blog\/chascomus-vecinos-resignados-toman-con-humor-la-lamentable-situacion-que-les-toca-vivir\/","url_meta":{"origin":15470,"position":3},"title":"CHASCOM\u00daS: VECINOS RESIGNADOS TOMAN CON HUMOR LA LAMENTABLE SITUACI\u00d3N QUE LES TOCA VIVIR","author":"Alejandro Sosa Ruda","date":"3 enero, 2019","format":false,"excerpt":"El popular sitio de humor \"\u00e1cido\" en Facebook, llamado \"Fisurama\" se ha convertido en la v\u00eda de reclamo, o la forma de por lo menos hacer catarsis que han encontrado una innumerable cantidad de vecinos de la ciudad. As\u00ed podemos ver, como a trav\u00e9s del humor y la iron\u00eda, quienes\u2026","rel":"","context":"En \u00abCHASCOM\u00daS\u00bb","block_context":{"text":"CHASCOM\u00daS","link":"https:\/\/larevistadigital.com.ar\/blog\/category\/chascomus\/"},"img":{"alt_text":"","src":"https:\/\/i0.wp.com\/larevistadigital.com.ar\/blog\/wp-content\/uploads\/2019\/01\/49327524_2230617220510984_3882642756182474752_n.jpg?fit=960%2C725&ssl=1&resize=350%2C200","width":350,"height":200,"srcset":"https:\/\/i0.wp.com\/larevistadigital.com.ar\/blog\/wp-content\/uploads\/2019\/01\/49327524_2230617220510984_3882642756182474752_n.jpg?fit=960%2C725&ssl=1&resize=350%2C200 1x, https:\/\/i0.wp.com\/larevistadigital.com.ar\/blog\/wp-content\/uploads\/2019\/01\/49327524_2230617220510984_3882642756182474752_n.jpg?fit=960%2C725&ssl=1&resize=525%2C300 1.5x, https:\/\/i0.wp.com\/larevistadigital.com.ar\/blog\/wp-content\/uploads\/2019\/01\/49327524_2230617220510984_3882642756182474752_n.jpg?fit=960%2C725&ssl=1&resize=700%2C400 2x"},"classes":[]},{"id":17524,"url":"https:\/\/larevistadigital.com.ar\/blog\/ya-se-anotaron-mas-de-400-voluntarios-para-probar-la-vacuna-contra-el-covid-en-mar-del-plata\/","url_meta":{"origin":15470,"position":4},"title":"YA SE ANOTARON M\u00c1S DE 400 VOLUNTARIOS PARA PROBAR LA VACUNA CONTRA EL COVID EN  MAR DEL PLATA","author":"Alejandro Sosa Ruda","date":"9 noviembre, 2020","format":false,"excerpt":"Se trata de la dosis que est\u00e1 siendo desarrollada por el laboratorio chino CanSino. Los ensayos se realizar\u00e1n en el Instituto de Instituto de Investigaciones Cl\u00ednicas y se prev\u00e9 que inicien a principios de diciembre. MAR DEL PLATA - M\u00e1s 400 residentes de Mar del Plata\u00a0ya se postularon como voluntarios\u2026","rel":"","context":"En \u00abREGIONALES\u00bb","block_context":{"text":"REGIONALES","link":"https:\/\/larevistadigital.com.ar\/blog\/category\/regionales\/"},"img":{"alt_text":"","src":"https:\/\/i0.wp.com\/larevistadigital.com.ar\/blog\/wp-content\/uploads\/Screenshot_4-32.jpg?fit=1008%2C668&ssl=1&resize=350%2C200","width":350,"height":200,"srcset":"https:\/\/i0.wp.com\/larevistadigital.com.ar\/blog\/wp-content\/uploads\/Screenshot_4-32.jpg?fit=1008%2C668&ssl=1&resize=350%2C200 1x, https:\/\/i0.wp.com\/larevistadigital.com.ar\/blog\/wp-content\/uploads\/Screenshot_4-32.jpg?fit=1008%2C668&ssl=1&resize=525%2C300 1.5x, https:\/\/i0.wp.com\/larevistadigital.com.ar\/blog\/wp-content\/uploads\/Screenshot_4-32.jpg?fit=1008%2C668&ssl=1&resize=700%2C400 2x"},"classes":[]},{"id":43979,"url":"https:\/\/larevistadigital.com.ar\/blog\/memoria-de-nuestra-senora-de-lourdes-y-jornada-mundial-de-los-enfermos-en-chascomus\/","url_meta":{"origin":15470,"position":5},"title":"Memoria de Nuestra Se\u00f1ora de Lourdes y Jornada Mundial de los Enfermos en Chascom\u00fas","author":"Alejandro Sosa Ruda","date":"12 febrero, 2026","format":false,"excerpt":"El mi\u00e9rcoles 11 de febrero, en el marco de la memoria libre de Nuestra Se\u00f1ora de Lourdes y la Jornada Mundial de los Enfermos, se celebr\u00f3 la Santa Misa en la ermita ubicada en Punta Norte, sobre la costanera de la laguna de Chascom\u00fas, con una gran concurrencia de fieles\u2026","rel":"","context":"En \u00abINTERES GENERAL\u00bb","block_context":{"text":"INTERES GENERAL","link":"https:\/\/larevistadigital.com.ar\/blog\/category\/interes-general\/"},"img":{"alt_text":"","src":"https:\/\/i0.wp.com\/larevistadigital.com.ar\/blog\/wp-content\/uploads\/WhatsApp-Image-2026-02-12-at-08.21.40.jpeg?fit=900%2C1200&ssl=1&resize=350%2C200","width":350,"height":200,"srcset":"https:\/\/i0.wp.com\/larevistadigital.com.ar\/blog\/wp-content\/uploads\/WhatsApp-Image-2026-02-12-at-08.21.40.jpeg?fit=900%2C1200&ssl=1&resize=350%2C200 1x, https:\/\/i0.wp.com\/larevistadigital.com.ar\/blog\/wp-content\/uploads\/WhatsApp-Image-2026-02-12-at-08.21.40.jpeg?fit=900%2C1200&ssl=1&resize=525%2C300 1.5x, https:\/\/i0.wp.com\/larevistadigital.com.ar\/blog\/wp-content\/uploads\/WhatsApp-Image-2026-02-12-at-08.21.40.jpeg?fit=900%2C1200&ssl=1&resize=700%2C400 2x"},"classes":[]}],"_links":{"self":[{"href":"https:\/\/larevistadigital.com.ar\/blog\/wp-json\/wp\/v2\/posts\/15470","targetHints":{"allow":["GET"]}}],"collection":[{"href":"https:\/\/larevistadigital.com.ar\/blog\/wp-json\/wp\/v2\/posts"}],"about":[{"href":"https:\/\/larevistadigital.com.ar\/blog\/wp-json\/wp\/v2\/types\/post"}],"author":[{"embeddable":true,"href":"https:\/\/larevistadigital.com.ar\/blog\/wp-json\/wp\/v2\/users\/3"}],"replies":[{"embeddable":true,"href":"https:\/\/larevistadigital.com.ar\/blog\/wp-json\/wp\/v2\/comments?post=15470"}],"version-history":[{"count":1,"href":"https:\/\/larevistadigital.com.ar\/blog\/wp-json\/wp\/v2\/posts\/15470\/revisions"}],"predecessor-version":[{"id":15472,"href":"https:\/\/larevistadigital.com.ar\/blog\/wp-json\/wp\/v2\/posts\/15470\/revisions\/15472"}],"wp:featuredmedia":[{"embeddable":true,"href":"https:\/\/larevistadigital.com.ar\/blog\/wp-json\/wp\/v2\/media\/15349"}],"wp:attachment":[{"href":"https:\/\/larevistadigital.com.ar\/blog\/wp-json\/wp\/v2\/media?parent=15470"}],"wp:term":[{"taxonomy":"category","embeddable":true,"href":"https:\/\/larevistadigital.com.ar\/blog\/wp-json\/wp\/v2\/categories?post=15470"},{"taxonomy":"post_tag","embeddable":true,"href":"https:\/\/larevistadigital.com.ar\/blog\/wp-json\/wp\/v2\/tags?post=15470"}],"curies":[{"name":"wp","href":"https:\/\/api.w.org\/{rel}","templated":true}]}}