{"id":15476,"date":"2020-06-02T16:38:01","date_gmt":"2020-06-02T16:38:01","guid":{"rendered":"https:\/\/larevistadigital.com.ar\/blog\/?p=15476"},"modified":"2020-06-02T16:38:01","modified_gmt":"2020-06-02T16:38:01","slug":"monte-las-autoridades-explicaron-el-porque-de-la-mortandad-de-peces-en-la-laguna","status":"publish","type":"post","link":"https:\/\/larevistadigital.com.ar\/blog\/monte-las-autoridades-explicaron-el-porque-de-la-mortandad-de-peces-en-la-laguna\/","title":{"rendered":"MONTE: LAS AUTORIDADES EXPLICARON EL PORQU\u00c9 DE LA MORTANDAD DE PECES EN LA LAGUNA"},"content":{"rendered":"<p>A ra\u00edz de la mortandad de Sabalos en el sector de la d\u00e1rsena de la bajada de lanchas de la laguna de Monte, la Direcci\u00f3n de Medio Ambiente informa que esto se debe a las bajas temperaturas experimentadas durante la noche de ayer\/madrugada de hoy.<\/p>\n<p>Los S\u00e1balos son peces que habitan en aguas m\u00e1s c\u00e1lidas como el\u00a0 R\u00edo Paraguay,\u00a0 R\u00edo Paran\u00e1,\u00a0 R\u00edo Uruguay y Sur de Brasil. El fr\u00edo los aletarga, y buscan generar calor formando card\u00famenes en aguas tranquilas. Dado el fuerte viento del sector sur que sopl\u00f3 el d\u00eda de ayer, el agua se encontraba con bastante movimiento, y es por eso que buscaron refugiarse para formar el cardumen en la d\u00e1rsena. La poca agua que se encuentra regularmente ah\u00ed, los expuso al fr\u00edo, y esto provoc\u00f3 su muerte.<\/p>\n<p>Cabe destacar que no se encontraron otras especies de peces dentro de este cardumen, tales como Pejerreyes, Bagres o Tarariras.<\/p>\n<p>La Direcci\u00f3n de Medio Ambiente realiza an\u00e1lisis constates del agua de la laguna, encontr\u00e1ndose en muy buenas condiciones f\u00edsico-qu\u00edmicas y bacteriol\u00f3gicas.<\/p>\n<p>fuente dln<\/p>\n","protected":false},"excerpt":{"rendered":"<div class=\"mh-excerpt\"><p>A ra\u00edz de la mortandad de Sabalos en el sector de la d\u00e1rsena de la bajada de lanchas de la laguna de Monte, la Direcci\u00f3n de Medio Ambiente informa que esto se debe a las <a class=\"mh-excerpt-more\" href=\"https:\/\/larevistadigital.com.ar\/blog\/monte-las-autoridades-explicaron-el-porque-de-la-mortandad-de-peces-en-la-laguna\/\" title=\"MONTE: LAS AUTORIDADES EXPLICARON EL PORQU\u00c9 DE LA MORTANDAD DE PECES EN LA LAGUNA\">[Leer M\u00e1s]<\/a><\/p>\n<\/div>","protected":false},"author":3,"featured_media":15477,"comment_status":"open","ping_status":"open","sticky":false,"template":"","format":"standard","meta":{"_jetpack_memberships_contains_paid_content":false,"footnotes":"","jetpack_publicize_message":"","jetpack_publicize_feature_enabled":true,"jetpack_social_post_already_shared":true,"jetpack_social_options":{"image_generator_settings":{"template":"highway","default_image_id":0,"font":"","enabled":false},"version":2}},"categories":[51],"tags":[],"class_list":{"0":"post-15476","1":"post","2":"type-post","3":"status-publish","4":"format-standard","5":"has-post-thumbnail","7":"category-regionales"},"jetpack_publicize_connections":[],"jetpack_featured_media_url":"https:\/\/i0.wp.com\/larevistadigital.com.ar\/blog\/wp-content\/uploads\/IMG-20200601-WA0059.jpg?fit=720%2C540&ssl=1","jetpack_sharing_enabled":true,"jetpack_shortlink":"https:\/\/wp.me\/p8qtrQ-41C","jetpack-related-posts":[{"id":36812,"url":"https:\/\/larevistadigital.com.ar\/blog\/mortandad-de-peces-en-rios-y-lagunas-bonaerenses\/","url_meta":{"origin":15476,"position":0},"title":"MORTANDAD DE PECES EN R\u00cdOS Y LAGUNAS BONAERENSES","author":"Alejandro Sosa Ruda","date":"28 julio, 2024","format":false,"excerpt":"En las \u00faltimas horas se ha registrado una elevada mortandad de peces en el r\u00edo Luj\u00e1n, con miles de ejemplares flotando. Seg\u00fan los vecinos, este fen\u00f3meno coincide con un vertido del Parque Industrial de Pilar. Esta situaci\u00f3n tambi\u00e9n afecta el mismo curso de agua en \u00e1reas de Tigre y aguas\u2026","rel":"","context":"En \u00abREGIONALES\u00bb","block_context":{"text":"REGIONALES","link":"https:\/\/larevistadigital.com.ar\/blog\/category\/regionales\/"},"img":{"alt_text":"","src":"https:\/\/i0.wp.com\/larevistadigital.com.ar\/blog\/wp-content\/uploads\/20240727175923_peces-muertos-rio-lujan.jpg?fit=880%2C512&ssl=1&resize=350%2C200","width":350,"height":200,"srcset":"https:\/\/i0.wp.com\/larevistadigital.com.ar\/blog\/wp-content\/uploads\/20240727175923_peces-muertos-rio-lujan.jpg?fit=880%2C512&ssl=1&resize=350%2C200 1x, https:\/\/i0.wp.com\/larevistadigital.com.ar\/blog\/wp-content\/uploads\/20240727175923_peces-muertos-rio-lujan.jpg?fit=880%2C512&ssl=1&resize=525%2C300 1.5x, https:\/\/i0.wp.com\/larevistadigital.com.ar\/blog\/wp-content\/uploads\/20240727175923_peces-muertos-rio-lujan.jpg?fit=880%2C512&ssl=1&resize=700%2C400 2x"},"classes":[]},{"id":27143,"url":"https:\/\/larevistadigital.com.ar\/blog\/chascomus-importante-tarea-de-limpieza-en-la-laguna\/","url_meta":{"origin":15476,"position":1},"title":"CHASCOM\u00daS: IMPORTANTE TAREA DE LIMPIEZA EN LA LAGUNA","author":"Alejandro Sosa Ruda","date":"19 agosto, 2022","format":false,"excerpt":"Se hicieron trabajos para cuidar el ecosistema. quitando residuos y peces muertos por falta de oxigeno a causa de la poca agua. La opini\u00f3n de Gustavo Berasain al respecto. CHASCOM\u00daS -\u00a0 En los \u00faltimos tiempos, se ha podido apreciar entre otras cosas una gran mortandad de peces en la laguna\u2026","rel":"","context":"En \u00abCHASCOM\u00daS\u00bb","block_context":{"text":"CHASCOM\u00daS","link":"https:\/\/larevistadigital.com.ar\/blog\/category\/chascomus\/"},"img":{"alt_text":"","src":"https:\/\/i0.wp.com\/larevistadigital.com.ar\/blog\/wp-content\/uploads\/WhatsApp-Image-2022-08-17-at-4.46.07-PM.jpeg?fit=1200%2C547&ssl=1&resize=350%2C200","width":350,"height":200,"srcset":"https:\/\/i0.wp.com\/larevistadigital.com.ar\/blog\/wp-content\/uploads\/WhatsApp-Image-2022-08-17-at-4.46.07-PM.jpeg?fit=1200%2C547&ssl=1&resize=350%2C200 1x, https:\/\/i0.wp.com\/larevistadigital.com.ar\/blog\/wp-content\/uploads\/WhatsApp-Image-2022-08-17-at-4.46.07-PM.jpeg?fit=1200%2C547&ssl=1&resize=525%2C300 1.5x, https:\/\/i0.wp.com\/larevistadigital.com.ar\/blog\/wp-content\/uploads\/WhatsApp-Image-2022-08-17-at-4.46.07-PM.jpeg?fit=1200%2C547&ssl=1&resize=700%2C400 2x, https:\/\/i0.wp.com\/larevistadigital.com.ar\/blog\/wp-content\/uploads\/WhatsApp-Image-2022-08-17-at-4.46.07-PM.jpeg?fit=1200%2C547&ssl=1&resize=1050%2C600 3x"},"classes":[]},{"id":35019,"url":"https:\/\/larevistadigital.com.ar\/blog\/relato-relato-una-importante-nota-de-jorge-macchi-sobre-el-real-estado-de-la-laguna-en-chascomus\/","url_meta":{"origin":15476,"position":2},"title":"\u00abRELATO&#8230;RELATO&#8230;\u00bb UNA IMPORTANTE NOTA DE JORGE MACCHI SOBRE EL REAL ESTADO DE LA LAGUNA EN CHASCOM\u00daS.","author":"Alejandro Sosa Ruda","date":"18 enero, 2024","format":false,"excerpt":"Una nota que llama a la reflexi\u00f3n acerca del estado de nuestra laguna, y deja de manifiesto la triste realidad de nuestro querido espejo lacustre. \"No hay peor ciego que el que no quiere ver\". 18 de enero de 2023- Hace unos diez d\u00edas se conoci\u00f3 el resultado del an\u00e1lisis\u2026","rel":"","context":"En \u00abDESTACADAS\u00bb","block_context":{"text":"DESTACADAS","link":"https:\/\/larevistadigital.com.ar\/blog\/category\/destacadas\/"},"img":{"alt_text":"(foto 2) \"Ingreso del agua depurada a la laguna\"","src":"https:\/\/i0.wp.com\/larevistadigital.com.ar\/blog\/wp-content\/uploads\/WhatsApp-Image-2024-01-08-at-13.30.32.jpeg?fit=540%2C1200&ssl=1&resize=350%2C200","width":350,"height":200,"srcset":"https:\/\/i0.wp.com\/larevistadigital.com.ar\/blog\/wp-content\/uploads\/WhatsApp-Image-2024-01-08-at-13.30.32.jpeg?fit=540%2C1200&ssl=1&resize=350%2C200 1x, https:\/\/i0.wp.com\/larevistadigital.com.ar\/blog\/wp-content\/uploads\/WhatsApp-Image-2024-01-08-at-13.30.32.jpeg?fit=540%2C1200&ssl=1&resize=525%2C300 1.5x"},"classes":[]},{"id":14402,"url":"https:\/\/larevistadigital.com.ar\/blog\/preocupante-aparecieron-miles-de-peces-muertos-en-la-laguna-de-san-antonio\/","url_meta":{"origin":15476,"position":3},"title":"PREOCUPANTE: APARECIERON MILES DE PECES MUERTOS EN LA LAGUNA DE SAN ANTONIO","author":"Alejandro Sosa Ruda","date":"26 enero, 2020","format":false,"excerpt":"Queda a unos 400 kil\u00f3metros de la Capital Federal y suelen ir para pescar pejerrey, bagre y dientudos. La aparici\u00f3n de miles de peces muertos en las \u00faltimas 24 horas en la orilla de la laguna San Antonio, situada en Benito Ju\u00e1rez , al parecer por la elevada temperatura en\u2026","rel":"","context":"En \u00abREGIONALES\u00bb","block_context":{"text":"REGIONALES","link":"https:\/\/larevistadigital.com.ar\/blog\/category\/regionales\/"},"img":{"alt_text":"","src":"https:\/\/i0.wp.com\/larevistadigital.com.ar\/blog\/wp-content\/uploads\/20200126_160913.jpg?fit=1080%2C586&ssl=1&resize=350%2C200","width":350,"height":200,"srcset":"https:\/\/i0.wp.com\/larevistadigital.com.ar\/blog\/wp-content\/uploads\/20200126_160913.jpg?fit=1080%2C586&ssl=1&resize=350%2C200 1x, https:\/\/i0.wp.com\/larevistadigital.com.ar\/blog\/wp-content\/uploads\/20200126_160913.jpg?fit=1080%2C586&ssl=1&resize=525%2C300 1.5x, https:\/\/i0.wp.com\/larevistadigital.com.ar\/blog\/wp-content\/uploads\/20200126_160913.jpg?fit=1080%2C586&ssl=1&resize=700%2C400 2x, https:\/\/i0.wp.com\/larevistadigital.com.ar\/blog\/wp-content\/uploads\/20200126_160913.jpg?fit=1080%2C586&ssl=1&resize=1050%2C600 3x"},"classes":[]},{"id":33676,"url":"https:\/\/larevistadigital.com.ar\/blog\/chascomus-el-comando-de-prevension-rural-acudio-a-una-denuncia-y-secuestro-redes-de-pescadores-furtivos-en-la-laguna-la-limpia\/","url_meta":{"origin":15476,"position":4},"title":"CHASCOM\u00daS: EL COMANDO DE PREVENSI\u00d3N RURAL ACUDI\u00d3 A UNA DENUNCIA Y SECUESTRO REDES DE PESCADORES FURTIVOS EN LA LAGUNA \u00abLA LIMPIA\u00bb","author":"Alejandro Sosa Ruda","date":"29 septiembre, 2023","format":false,"excerpt":"La polic\u00eda respondi\u00f3 a una denuncia con rapidez y logr\u00f3 secuestrar redes que fueron incendiadas. 29 de Septiembre de 2023 CHASCOM\u00daS -\u00a0 En la fecha, y tras tomar conocimiento a trav\u00e9s de redes sociales que estar\u00edan realizando la pesca furtiva en la laguna la limpia, se realizaron trabajos de investigaci\u00f3n\u2026","rel":"","context":"En \u00abINTERES GENERAL\u00bb","block_context":{"text":"INTERES GENERAL","link":"https:\/\/larevistadigital.com.ar\/blog\/category\/interes-general\/"},"img":{"alt_text":"","src":"https:\/\/i0.wp.com\/larevistadigital.com.ar\/blog\/wp-content\/uploads\/WhatsApp-Image-2023-09-29-at-11.19.39.jpeg?fit=960%2C1200&ssl=1&resize=350%2C200","width":350,"height":200,"srcset":"https:\/\/i0.wp.com\/larevistadigital.com.ar\/blog\/wp-content\/uploads\/WhatsApp-Image-2023-09-29-at-11.19.39.jpeg?fit=960%2C1200&ssl=1&resize=350%2C200 1x, https:\/\/i0.wp.com\/larevistadigital.com.ar\/blog\/wp-content\/uploads\/WhatsApp-Image-2023-09-29-at-11.19.39.jpeg?fit=960%2C1200&ssl=1&resize=525%2C300 1.5x, https:\/\/i0.wp.com\/larevistadigital.com.ar\/blog\/wp-content\/uploads\/WhatsApp-Image-2023-09-29-at-11.19.39.jpeg?fit=960%2C1200&ssl=1&resize=700%2C400 2x"},"classes":[]},{"id":44784,"url":"https:\/\/larevistadigital.com.ar\/blog\/misterio-en-mar-del-plata-la-leyenda-del-monstruo-que-inquieta-la-laguna-de-los-padres\/","url_meta":{"origin":15476,"position":5},"title":"Misterio en Mar del Plata: la leyenda del \u201cmonstruo\u201d que inquieta la Laguna de los Padres","author":"Alejandro Sosa Ruda","date":"30 marzo, 2026","format":false,"excerpt":"Sombras en el agua, golpes en los botes y relatos que se repiten: entre mito y ciencia, crece la historia de una presencia inexplicable. 30 de marzo de 2026 MAR DEL PLATA -\u00a0 \u00a0Nadie puede probarlo, pero muchos aseguran haberlo sentido. En la Laguna de los Padres, a pocos kil\u00f3metros\u2026","rel":"","context":"En \u00abREGIONALES\u00bb","block_context":{"text":"REGIONALES","link":"https:\/\/larevistadigital.com.ar\/blog\/category\/regionales\/"},"img":{"alt_text":"","src":"https:\/\/i0.wp.com\/larevistadigital.com.ar\/blog\/wp-content\/uploads\/Captura-de-pantalla-2026-03-30-000545.jpg?fit=810%2C426&ssl=1&resize=350%2C200","width":350,"height":200,"srcset":"https:\/\/i0.wp.com\/larevistadigital.com.ar\/blog\/wp-content\/uploads\/Captura-de-pantalla-2026-03-30-000545.jpg?fit=810%2C426&ssl=1&resize=350%2C200 1x, https:\/\/i0.wp.com\/larevistadigital.com.ar\/blog\/wp-content\/uploads\/Captura-de-pantalla-2026-03-30-000545.jpg?fit=810%2C426&ssl=1&resize=525%2C300 1.5x, https:\/\/i0.wp.com\/larevistadigital.com.ar\/blog\/wp-content\/uploads\/Captura-de-pantalla-2026-03-30-000545.jpg?fit=810%2C426&ssl=1&resize=700%2C400 2x"},"classes":[]}],"_links":{"self":[{"href":"https:\/\/larevistadigital.com.ar\/blog\/wp-json\/wp\/v2\/posts\/15476","targetHints":{"allow":["GET"]}}],"collection":[{"href":"https:\/\/larevistadigital.com.ar\/blog\/wp-json\/wp\/v2\/posts"}],"about":[{"href":"https:\/\/larevistadigital.com.ar\/blog\/wp-json\/wp\/v2\/types\/post"}],"author":[{"embeddable":true,"href":"https:\/\/larevistadigital.com.ar\/blog\/wp-json\/wp\/v2\/users\/3"}],"replies":[{"embeddable":true,"href":"https:\/\/larevistadigital.com.ar\/blog\/wp-json\/wp\/v2\/comments?post=15476"}],"version-history":[{"count":1,"href":"https:\/\/larevistadigital.com.ar\/blog\/wp-json\/wp\/v2\/posts\/15476\/revisions"}],"predecessor-version":[{"id":15478,"href":"https:\/\/larevistadigital.com.ar\/blog\/wp-json\/wp\/v2\/posts\/15476\/revisions\/15478"}],"wp:featuredmedia":[{"embeddable":true,"href":"https:\/\/larevistadigital.com.ar\/blog\/wp-json\/wp\/v2\/media\/15477"}],"wp:attachment":[{"href":"https:\/\/larevistadigital.com.ar\/blog\/wp-json\/wp\/v2\/media?parent=15476"}],"wp:term":[{"taxonomy":"category","embeddable":true,"href":"https:\/\/larevistadigital.com.ar\/blog\/wp-json\/wp\/v2\/categories?post=15476"},{"taxonomy":"post_tag","embeddable":true,"href":"https:\/\/larevistadigital.com.ar\/blog\/wp-json\/wp\/v2\/tags?post=15476"}],"curies":[{"name":"wp","href":"https:\/\/api.w.org\/{rel}","templated":true}]}}