{"id":15479,"date":"2020-06-02T16:57:59","date_gmt":"2020-06-02T16:57:59","guid":{"rendered":"https:\/\/larevistadigital.com.ar\/blog\/?p=15479"},"modified":"2020-06-02T17:00:53","modified_gmt":"2020-06-02T17:00:53","slug":"desde-la-provincia-aseguran-que-no-hay-un-proceso-de-armonizacion-del-ips-y-llamaran-a-los-gremios","status":"publish","type":"post","link":"https:\/\/larevistadigital.com.ar\/blog\/desde-la-provincia-aseguran-que-no-hay-un-proceso-de-armonizacion-del-ips-y-llamaran-a-los-gremios\/","title":{"rendered":"DESDE LA PROVINCIA ASEGURAN QUE \u00abNO HAY UN PROCESO DE ARMONIZACI\u00d3N DEL IPS\u00bb Y LLAMAR\u00c1N A LOS GREMIOS"},"content":{"rendered":"<h2 class=\"fz16 bold ctext\">Lo confirm\u00f3 la Ministra de Trabajo, Mara Ruiz Malec. Un nutrido grupo de sindicatos le pidieron una reuni\u00f3n urgente para hablar de este tema.<\/h2>\n<p>Frente\u00a0<strong>al renovado temor de los gremios<\/strong>, manifestado en una serie de documentos en las \u00faltimas horas, desde la Provincia salieron reiteran que\u00a0<strong>\u201cno hay en curso un proceso de armonizaci\u00f3n entre IPS y ANSES<\/strong>\u201d. El temor radica en un posible deterioro de las condiciones de retiro.<\/p>\n<p><strong>La vocera de esa postura fue Mara Ruiz Malec, la Ministra de Trabajo de Axel Kicillof<\/strong>. Fue en respuesta a un pedido de audiencia que recibi\u00f3 esta ma\u00f1ana, el cual estaba firmado por una larga lista de sindicatos de docentes y estatales. Desde hace unos d\u00edas que\u00a0<strong>el futuro del Instituto de Previsi\u00f3n Social est\u00e1 en debate.<\/strong><\/p>\n<p><em><strong>\u201cNo hay en curso un proceso de armonizaci\u00f3n de IPS con ANSES\u201d, dijo la funcionaria en di\u00e1logo con\u00a0INFOCIELO. \u201cS\u00ed sabemos que la situaci\u00f3n en la que recibimos el IPS es dram\u00e1tica\u201d<\/strong><\/em>, agreg\u00f3.<\/p>\n<blockquote>\n<h3>El primer\u00a0p\u00e1rrafo del texto que se conoci\u00f3 este martes dec\u00eda: \u201cLos gremios estatales de la provincia de Buenos Aires, las dos federaciones municipales del territorio bonaerense y los sindicatos del sector privado cuyas patronales tienen convenio con el Instituto de Previsi\u00f3n Social\u00a0 (IPS) solicitaron esta ma\u00f1ana en forma conjunta una urgente reuni\u00f3n con la ministra de Trabajo bonaerenses, Mara Ruiz Malec; el jefe de gabinete provincial Carlos Bianco y el presidente del Instituto Previsi\u00f3n, Eduardo Sant\u00edn\u201d.<\/h3>\n<\/blockquote>\n<p>Frente a esto,\u00a0<strong>Ruiz Malec adelant\u00f3 que s\u00ed van a convocar a las organizaciones gremiales<\/strong>\u00a0\u2013con fecha a definir- para <em><strong>\u201cexplicar en qu\u00e9 situaci\u00f3n se recibi\u00f3 el IPS y cu\u00e1les son los planes para sanearlo\u201d.<\/strong><\/em><\/p>\n<p>La funcionaria asegur\u00f3 que, <em><strong>\u201csi bien algo hay que hacer para mejorar el IPS\u201d<\/strong><\/em>, toda soluci\u00f3n ser\u00e1 \u201cmanteniendo\u201d las condiciones de jubilaci\u00f3n vigentes, las cuales son ampliamente mejores que en el sistema nacional.\u00a0<strong>Ruiz Malec analiza con Sant\u00edn en detalle los n\u00fameros para lograr una explicaci\u00f3n \u201cclara y contundente\u201d de la situaci\u00f3n<\/strong>.<\/p>\n<p><strong><em>\u201cNuestra idea es mejorar la sostenibilidad de las condiciones existentes\u201d<\/em><\/strong>, reafirm\u00f3 la titular de la cartera laboral. La misiva que recibi\u00f3 esta ma\u00f1ana l<strong>levaba la firma de gremios gravitantes como SUTEBA, FEB, Salud P\u00fablica, Sosba, AERI, Judiciales, entre otros<\/strong>.<\/p>\n<p>Como ya inform\u00f3 este medio, seg\u00fan los n\u00fameros que maneja Sant\u00edn,\u00a0<strong>el IPS cerr\u00f3 el 2019 con un d\u00e9ficit de $20 mil millones.<\/strong>\u00a0Por ese rojo,<strong> Kicillof<\/strong> firm\u00f3 un convenio con ANSES para acceder a un desembolso de 6 mil millones, en el marco de programa de asistencia financiera.\u00a0<strong>EA<\/strong><\/p>\n<p>publicado en Infocielo<\/p>\n","protected":false},"excerpt":{"rendered":"<div class=\"mh-excerpt\"><p>Lo confirm\u00f3 la Ministra de Trabajo, Mara Ruiz Malec. Un nutrido grupo de sindicatos le pidieron una reuni\u00f3n urgente para hablar de este tema. Frente\u00a0al renovado temor de los gremios, manifestado en una serie de <a class=\"mh-excerpt-more\" href=\"https:\/\/larevistadigital.com.ar\/blog\/desde-la-provincia-aseguran-que-no-hay-un-proceso-de-armonizacion-del-ips-y-llamaran-a-los-gremios\/\" title=\"DESDE LA PROVINCIA ASEGURAN QUE \u00abNO HAY UN PROCESO DE ARMONIZACI\u00d3N DEL IPS\u00bb Y LLAMAR\u00c1N A LOS GREMIOS\">[Leer M\u00e1s]<\/a><\/p>\n<\/div>","protected":false},"author":3,"featured_media":15480,"comment_status":"open","ping_status":"open","sticky":false,"template":"","format":"standard","meta":{"_jetpack_memberships_contains_paid_content":false,"footnotes":"","jetpack_publicize_message":"","jetpack_publicize_feature_enabled":true,"jetpack_social_post_already_shared":true,"jetpack_social_options":{"image_generator_settings":{"template":"highway","default_image_id":0,"font":"","enabled":false},"version":2}},"categories":[10,50,24],"tags":[85],"class_list":{"0":"post-15479","1":"post","2":"type-post","3":"status-publish","4":"format-standard","5":"has-post-thumbnail","7":"category-gremiales","8":"category-interes-general","9":"category-politica-provincial","10":"tag-ips"},"jetpack_publicize_connections":[],"jetpack_featured_media_url":"https:\/\/i0.wp.com\/larevistadigital.com.ar\/blog\/wp-content\/uploads\/20191017165104_20180304-152008.jpg?fit=887%2C554&ssl=1","jetpack_sharing_enabled":true,"jetpack_shortlink":"https:\/\/wp.me\/p8qtrQ-41F","jetpack-related-posts":[{"id":27300,"url":"https:\/\/larevistadigital.com.ar\/blog\/kicillof-le-tomo-juramento-al-nuevo-ministro-de-trabajo-de-la-ciudad-de-buenos-aires\/","url_meta":{"origin":15479,"position":0},"title":"KICILLOF LE TOM\u00d3 JURAMENTO AL NUEVO MINISTRO DE TRABAJO DE LA CIUDAD DE BUENOS AIRES","author":"Alejandro Sosa Ruda","date":"25 agosto, 2022","format":false,"excerpt":"Estuvieron presentes integrantes del gabinete provincial, representantes de todas las centrales obreras, m\u00e1s de 80 sindicatos, intendentes bonaerenses, legisladores y legisladoras nacionales y provinciales; y representantes de organizaciones sindicales. El gobernador de la provincia de Buenos Aires, Axel Kicillof, le tom\u00f3 juramento al nuevo ministro de Trabajo, Walter Correa. En\u2026","rel":"","context":"En \u00abPOLITICA PROVINCIAL\u00bb","block_context":{"text":"POLITICA PROVINCIAL","link":"https:\/\/larevistadigital.com.ar\/blog\/category\/politica\/politica-provincial\/"},"img":{"alt_text":"","src":"https:\/\/i0.wp.com\/larevistadigital.com.ar\/blog\/wp-content\/uploads\/20220824153301_2022-08-24-ak-jura-trabajo-sge9222.jpg?fit=880%2C512&ssl=1&resize=350%2C200","width":350,"height":200,"srcset":"https:\/\/i0.wp.com\/larevistadigital.com.ar\/blog\/wp-content\/uploads\/20220824153301_2022-08-24-ak-jura-trabajo-sge9222.jpg?fit=880%2C512&ssl=1&resize=350%2C200 1x, https:\/\/i0.wp.com\/larevistadigital.com.ar\/blog\/wp-content\/uploads\/20220824153301_2022-08-24-ak-jura-trabajo-sge9222.jpg?fit=880%2C512&ssl=1&resize=525%2C300 1.5x, https:\/\/i0.wp.com\/larevistadigital.com.ar\/blog\/wp-content\/uploads\/20220824153301_2022-08-24-ak-jura-trabajo-sge9222.jpg?fit=880%2C512&ssl=1&resize=700%2C400 2x"},"classes":[]},{"id":1452,"url":"https:\/\/larevistadigital.com.ar\/blog\/vidal-quiere-dejar-sin-personeria-gremial-a-algunos-sindicatos-docentes\/","url_meta":{"origin":15479,"position":1},"title":"VIDAL QUIERE DEJAR SIN PERSONER\u00cdA GREMIAL A ALGUNOS SINDICATOS DOCENTES","author":"Alejandro Sosa Ruda","date":"20 marzo, 2017","format":false,"excerpt":"La gobernadora de la provincia de Buenos Aires,\u00a0 Mar\u00eda Eugenia Vidal, solicit\u00f3 al Ministro de Trabajo de la Naci\u00f3n que eval\u00fae la posibilidad de dejar sin personer\u00eda gremial a aquellos gremios de docentes que no han acatado las conciliaciones obligatorias dictadas y han realizado paros. Este pedido, fue confirmado por\u2026","rel":"","context":"En \u00abDESTACADAS\u00bb","block_context":{"text":"DESTACADAS","link":"https:\/\/larevistadigital.com.ar\/blog\/category\/destacadas\/"},"img":{"alt_text":"","src":"https:\/\/i0.wp.com\/larevistadigital.com.ar\/blog\/wp-content\/uploads\/2017\/03\/Mar%C3%ADa_Eugenia_Vidal_en_conferencia_de_prensa_sobre_dengue_6847445673.jpg?fit=1200%2C1020&ssl=1&resize=350%2C200","width":350,"height":200,"srcset":"https:\/\/i0.wp.com\/larevistadigital.com.ar\/blog\/wp-content\/uploads\/2017\/03\/Mar%C3%ADa_Eugenia_Vidal_en_conferencia_de_prensa_sobre_dengue_6847445673.jpg?fit=1200%2C1020&ssl=1&resize=350%2C200 1x, https:\/\/i0.wp.com\/larevistadigital.com.ar\/blog\/wp-content\/uploads\/2017\/03\/Mar%C3%ADa_Eugenia_Vidal_en_conferencia_de_prensa_sobre_dengue_6847445673.jpg?fit=1200%2C1020&ssl=1&resize=525%2C300 1.5x, https:\/\/i0.wp.com\/larevistadigital.com.ar\/blog\/wp-content\/uploads\/2017\/03\/Mar%C3%ADa_Eugenia_Vidal_en_conferencia_de_prensa_sobre_dengue_6847445673.jpg?fit=1200%2C1020&ssl=1&resize=700%2C400 2x, https:\/\/i0.wp.com\/larevistadigital.com.ar\/blog\/wp-content\/uploads\/2017\/03\/Mar%C3%ADa_Eugenia_Vidal_en_conferencia_de_prensa_sobre_dengue_6847445673.jpg?fit=1200%2C1020&ssl=1&resize=1050%2C600 3x"},"classes":[]},{"id":35926,"url":"https:\/\/larevistadigital.com.ar\/blog\/se-inauguro-una-nueva-casa-de-la-provincia-en-pila-y-cuenta-con-oficina-del-ips\/","url_meta":{"origin":15479,"position":2},"title":"SE INAUGUR\u00d3 UNA NUEVA CASA DE LA PROVINCIA EN PILA Y CUENTA CON OFICINA DEL IPS","author":"Alejandro Sosa Ruda","date":"27 abril, 2024","format":false,"excerpt":"El gobernador Axel Kicillof encabez\u00f3 este viernes el acto inaugural de la quinta Casa de la Provincia, esta vez en la localidad de Pila.\u00a0\u00a0 27 de anril de 1024 BUENOS AIRES -\u00a0 El nuevo edificio, que cuenta con una oficina del IPS, est\u00e1 pensado para garantizar el acceso a los\u2026","rel":"","context":"En \u00abPOLITICA PROVINCIAL\u00bb","block_context":{"text":"POLITICA PROVINCIAL","link":"https:\/\/larevistadigital.com.ar\/blog\/category\/politica\/politica-provincial\/"},"img":{"alt_text":"","src":"https:\/\/i0.wp.com\/larevistadigital.com.ar\/blog\/wp-content\/uploads\/casa-de-la-provincia-pilaaa-1000x600-1.jpg?fit=1000%2C600&ssl=1&resize=350%2C200","width":350,"height":200,"srcset":"https:\/\/i0.wp.com\/larevistadigital.com.ar\/blog\/wp-content\/uploads\/casa-de-la-provincia-pilaaa-1000x600-1.jpg?fit=1000%2C600&ssl=1&resize=350%2C200 1x, https:\/\/i0.wp.com\/larevistadigital.com.ar\/blog\/wp-content\/uploads\/casa-de-la-provincia-pilaaa-1000x600-1.jpg?fit=1000%2C600&ssl=1&resize=525%2C300 1.5x, https:\/\/i0.wp.com\/larevistadigital.com.ar\/blog\/wp-content\/uploads\/casa-de-la-provincia-pilaaa-1000x600-1.jpg?fit=1000%2C600&ssl=1&resize=700%2C400 2x"},"classes":[]},{"id":28485,"url":"https:\/\/larevistadigital.com.ar\/blog\/kicillof-anuncio-aumentos-salariales-para-los-trabajadores-del-estado\/","url_meta":{"origin":15479,"position":3},"title":"KICILLOF ANUNCI\u00d3 AUMENTOS SALARIALES PARA LOS TRABAJADORES DEL ESTADO","author":"Alejandro Sosa Ruda","date":"18 octubre, 2022","format":false,"excerpt":"Fue durante una reuni\u00f3n que mantuvo esta ma\u00f1ana con autoridades de los gremios que representan a los agentes de la administraci\u00f3n p\u00fablica. 18 de octubre de 2022 En el marco de la paritaria 2022, el gobernador de la provincia de Buenos Aires, Axel Kicillof, se reuni\u00f3 esta ma\u00f1ana con autoridades\u2026","rel":"","context":"En \u00abPOLITICA PROVINCIAL\u00bb","block_context":{"text":"POLITICA PROVINCIAL","link":"https:\/\/larevistadigital.com.ar\/blog\/category\/politica\/politica-provincial\/"},"img":{"alt_text":"","src":"https:\/\/i0.wp.com\/larevistadigital.com.ar\/blog\/wp-content\/uploads\/20221017170852_axel-kicillof-gremios-jpg.jpg?fit=880%2C512&ssl=1&resize=350%2C200","width":350,"height":200,"srcset":"https:\/\/i0.wp.com\/larevistadigital.com.ar\/blog\/wp-content\/uploads\/20221017170852_axel-kicillof-gremios-jpg.jpg?fit=880%2C512&ssl=1&resize=350%2C200 1x, https:\/\/i0.wp.com\/larevistadigital.com.ar\/blog\/wp-content\/uploads\/20221017170852_axel-kicillof-gremios-jpg.jpg?fit=880%2C512&ssl=1&resize=525%2C300 1.5x, https:\/\/i0.wp.com\/larevistadigital.com.ar\/blog\/wp-content\/uploads\/20221017170852_axel-kicillof-gremios-jpg.jpg?fit=880%2C512&ssl=1&resize=700%2C400 2x"},"classes":[]},{"id":43450,"url":"https:\/\/larevistadigital.com.ar\/blog\/buenos-aires-la-provincia-acordo-con-los-gremios-bonaerenses-un-nuevo-aumento-salarial-en-enero\/","url_meta":{"origin":15479,"position":4},"title":"Buenos Aires: La Provincia acord\u00f3 con los gremios bonaerenses un nuevo aumento salarial en enero","author":"Alejandro Sosa Ruda","date":"19 enero, 2026","format":false,"excerpt":"La oferta incluye un retroactivo a diciembre con el proporcional del aguinaldo; y un 3% en enero, respecto de los haberes vigentes al mes de octubre. 19 de enero de 2026 El Gobierno de la provincia de Buenos Aires, en un marco de emergencia econ\u00f3mica provocada por las pol\u00edticas del\u2026","rel":"","context":"En \u00abGREMIALES\u00bb","block_context":{"text":"GREMIALES","link":"https:\/\/larevistadigital.com.ar\/blog\/category\/gremiales\/"},"img":{"alt_text":"","src":"https:\/\/i0.wp.com\/larevistadigital.com.ar\/blog\/wp-content\/uploads\/Captura-de-pantalla-2026-01-19-132851.jpg?fit=699%2C439&ssl=1&resize=350%2C200","width":350,"height":200,"srcset":"https:\/\/i0.wp.com\/larevistadigital.com.ar\/blog\/wp-content\/uploads\/Captura-de-pantalla-2026-01-19-132851.jpg?fit=699%2C439&ssl=1&resize=350%2C200 1x, https:\/\/i0.wp.com\/larevistadigital.com.ar\/blog\/wp-content\/uploads\/Captura-de-pantalla-2026-01-19-132851.jpg?fit=699%2C439&ssl=1&resize=525%2C300 1.5x"},"classes":[]},{"id":40513,"url":"https:\/\/larevistadigital.com.ar\/blog\/gremios-industriales-y-del-transporte-impulsan-un-cambio-profundo-en-la-cgt\/","url_meta":{"origin":15479,"position":5},"title":"Gremios industriales y del transporte impulsan un cambio profundo en la CGT","author":"Alejandro Sosa Ruda","date":"18 julio, 2025","format":false,"excerpt":"Distintos sindicatos vinculados a la industria y el transporte est\u00e1n promoviendo un proceso de renovaci\u00f3n profunda en la Confederaci\u00f3n General del Trabajo (CGT). Con una estrategia que busca consolidar un perfil m\u00e1s combativo, ya piensan en disputar la conducci\u00f3n de la central obrera, y advierten sobre una disputa directa con\u2026","rel":"","context":"En \u00abGREMIALES\u00bb","block_context":{"text":"GREMIALES","link":"https:\/\/larevistadigital.com.ar\/blog\/category\/gremiales\/"},"img":{"alt_text":"","src":"https:\/\/i0.wp.com\/larevistadigital.com.ar\/blog\/wp-content\/uploads\/20250717152848_furlan-gremios-industria-transporte-renovacion-cgt.jpg?fit=880%2C512&ssl=1&resize=350%2C200","width":350,"height":200,"srcset":"https:\/\/i0.wp.com\/larevistadigital.com.ar\/blog\/wp-content\/uploads\/20250717152848_furlan-gremios-industria-transporte-renovacion-cgt.jpg?fit=880%2C512&ssl=1&resize=350%2C200 1x, https:\/\/i0.wp.com\/larevistadigital.com.ar\/blog\/wp-content\/uploads\/20250717152848_furlan-gremios-industria-transporte-renovacion-cgt.jpg?fit=880%2C512&ssl=1&resize=525%2C300 1.5x, https:\/\/i0.wp.com\/larevistadigital.com.ar\/blog\/wp-content\/uploads\/20250717152848_furlan-gremios-industria-transporte-renovacion-cgt.jpg?fit=880%2C512&ssl=1&resize=700%2C400 2x"},"classes":[]}],"_links":{"self":[{"href":"https:\/\/larevistadigital.com.ar\/blog\/wp-json\/wp\/v2\/posts\/15479","targetHints":{"allow":["GET"]}}],"collection":[{"href":"https:\/\/larevistadigital.com.ar\/blog\/wp-json\/wp\/v2\/posts"}],"about":[{"href":"https:\/\/larevistadigital.com.ar\/blog\/wp-json\/wp\/v2\/types\/post"}],"author":[{"embeddable":true,"href":"https:\/\/larevistadigital.com.ar\/blog\/wp-json\/wp\/v2\/users\/3"}],"replies":[{"embeddable":true,"href":"https:\/\/larevistadigital.com.ar\/blog\/wp-json\/wp\/v2\/comments?post=15479"}],"version-history":[{"count":3,"href":"https:\/\/larevistadigital.com.ar\/blog\/wp-json\/wp\/v2\/posts\/15479\/revisions"}],"predecessor-version":[{"id":15483,"href":"https:\/\/larevistadigital.com.ar\/blog\/wp-json\/wp\/v2\/posts\/15479\/revisions\/15483"}],"wp:featuredmedia":[{"embeddable":true,"href":"https:\/\/larevistadigital.com.ar\/blog\/wp-json\/wp\/v2\/media\/15480"}],"wp:attachment":[{"href":"https:\/\/larevistadigital.com.ar\/blog\/wp-json\/wp\/v2\/media?parent=15479"}],"wp:term":[{"taxonomy":"category","embeddable":true,"href":"https:\/\/larevistadigital.com.ar\/blog\/wp-json\/wp\/v2\/categories?post=15479"},{"taxonomy":"post_tag","embeddable":true,"href":"https:\/\/larevistadigital.com.ar\/blog\/wp-json\/wp\/v2\/tags?post=15479"}],"curies":[{"name":"wp","href":"https:\/\/api.w.org\/{rel}","templated":true}]}}