{"id":1548,"date":"2017-03-23T02:23:08","date_gmt":"2017-03-23T02:23:08","guid":{"rendered":"https:\/\/larevistadigital.com.ar\/blog\/?p=1548"},"modified":"2017-03-23T02:23:08","modified_gmt":"2017-03-23T02:23:08","slug":"el-gobierno-y-la-mayoria-de-las-provincias-suscribieron-un-plan-de-responsabilidad-fiscal","status":"publish","type":"post","link":"https:\/\/larevistadigital.com.ar\/blog\/el-gobierno-y-la-mayoria-de-las-provincias-suscribieron-un-plan-de-responsabilidad-fiscal\/","title":{"rendered":"EL GOBIERNO Y LA MAYORIA DE LAS PROVINCIAS SUSCRIBIERON UN PLAN DE RESPONSABILIDAD FISCAL"},"content":{"rendered":"<h2>El Gobierno\u00a0consigui\u00f3 firmar con la mayor\u00eda de las provincias un documento que fij\u00f3 los lineamientos de un proyecto de ley que establecer\u00e1 un nuevo mecanismo de responsabilidad fiscal en todo el pa\u00eds, algo as\u00ed como\u00a0un plan de premios y castigos para los gobernadores.<\/h2>\n<p>Seg\u00fan informa el portal \u00a0<strong>Infobae<\/strong>\u00a0varios funcionarios del Ministerio del Interior y de Hacienda que se reunieron hoy en Mendoza con todos los ministros de Econom\u00eda de las provincias, se firm\u00f3 el documento para avanzar en lo inmediato en el Congreso en una nueva ley de responsabilidad fiscal de las provincias. Desde lo pol\u00edtico esto implic\u00f3\u00a0un espaldarazo a la gesti\u00f3n de <strong>Macri<\/strong>\u00a0en lo que tiene que ver con el reordenamiento de cuentas p\u00fablicas.<\/p>\n<p>Bajo las directivas del ministro de Hacienda, <strong>Nicol\u00e1s Dujovne<\/strong>, y del secretario de provincias del Ministerio del Interior, <strong>Alejandro Caldarelli<\/strong>, m\u00e1s de 17 ministros de Econom\u00eda de las provincias avalaron la decisi\u00f3n del Gobierno de avanzar en un nuevo r\u00e9gimen de comportamiento fiscal \u00a0que busca controlar el gasto p\u00fablico, premiar a aquellos gobernadores que no ajusten sus d\u00e9ficit y emplazar a aquellos distritos que no cuenten con un ordenamiento en sus cuentas para evitar un mayor gasto corriente.<\/p>\n<blockquote>\n<h3>\u00a0<strong>Los \u00fanicos distritos\u00a0que no suscribieron al documento y que no estaban presentes son La Pampa, la Ciudad de Buenos Aires y San Luis, ya que est\u00e1n afuera del Consejo Federal que nuclea a las provincias firmantes.<\/strong><\/h3>\n<\/blockquote>\n<p><strong>Dujovne<\/strong> inst\u00f3 a los gobernadores a cumplir con <strong><em>\u00abel proceso hist\u00f3rico de tener las cuentas en orden y atender la responsabilidad fiscal\u00bb<\/em><\/strong>. El ministro del Interior, <strong>Rogelio Frigerio<\/strong>, no pudo estar en Mendoza porque viaj\u00f3 a un acto con <strong>Macri<\/strong>. Pero su equipo de trabajo liderado por <strong>Caldarelli <\/strong>y el director nacional de Relaciones Fiscales, <strong>Guillermo Giussi<\/strong>, tambi\u00e9n plantearon la necesidad de que las provincias acompa\u00f1en a la Naci\u00f3n en el esfuerzo que hace por ordenar las cuentas p\u00fablicas.<\/p>\n<blockquote>\n<h3><strong>Seg\u00fan se supo, el proyecto de ley de Responsabilidad Fiscal empezar\u00e1 a ser redactado de inmediato por el Gobierno para girarlo cuanto antes al Congreso. Se sabe que no se podr\u00e1 aplicar esta normativa en este a\u00f1o electoral, pero la Casa Rosada\u00a0quiere tenerlo aprobado cuanto antes.<\/strong><\/h3>\n<\/blockquote>\n<p>Como se adelant\u00f3 ayer en el portal<strong>\u00a0Infobae,<\/strong>\u00a0l<em>os ejes centrales de esta iniciativa de <\/em><strong>Macri<\/strong><em> son los siguientes:<\/em><\/p>\n<p>1- Establecer un mecanismo t\u00e9cnico para que aquellas provincias que controlen su gasto corriente puedan acceder al cr\u00e9dito internacional sin necesidad de contar con el visto bueno de la Naci\u00f3n, siempre y cuando la deuda comprometida sea dirigida a la obra p\u00fablica.<\/p>\n<p>2- Se estima que aquellos gobernadores que muestren una complicaci\u00f3n en sus cuentas y el d\u00e9ficit sea superior a la media se les impedir\u00e1 designar fondos de gasto corriente m\u00e1s all\u00e1 del \u00edndice de inflaci\u00f3n. Esta es una f\u00f3rmula que encontr\u00f3 el gobierno para moderar el gasto de las provincias en salarios estatales exclusivamente.<\/p>\n<p>3- Los gobernadores que mantengan un orden en su gasto autom\u00e1ticamente recibir\u00e1n una mejora en la calidad del gasto de capital dirigido a obras de cloaca, agua potable o vivienda.<\/p>\n<p>4- Se establecer\u00e1 una cl\u00e1usula denominada \u00abregla de fin de mandato\u00bb por la cual se prohibir\u00e1 a las provincias en los \u00faltimos seis meses de final de mandato de un gobernador asumir gastos permanentes que despu\u00e9s deber\u00e1 afrontar el nuevo mandatario.<\/p>\n<p>5- Se crear\u00e1n fondos antic\u00edclicos provinciales para aquellas provincias con cuentas saneadas para que los excedentes presupuestarios sean destinados a un fondo especial que se pueda usar en casos de recesi\u00f3n o falta de recaudaci\u00f3n impositiva.<\/p>\n<p>Por otra parte, seg\u00fan lo prev\u00e9 la ley de Presupuesto Nacional, se insistir\u00e1 en Mendoza a todos los gobernadores que las jurisdicciones provinciales deber\u00e1n ejecutar en el ejercicio fiscal 2017 una disminuci\u00f3n del 10% del resultado, expresado este resultado en porcentaje del PBI.<\/p>\n<p>A la vez, el Gobierno deber\u00e1 registrar en el ejercicio 2017 una disminuci\u00f3n del 10% del resultado primario deficitario neto de los fondos que la Administraci\u00f3n Nacional deja de percibir por el Acuerdo Naci\u00f3n-Provincias suscripto el 18 de mayo de 2016.<\/p>\n<p>&nbsp;<\/p>\n","protected":false},"excerpt":{"rendered":"<div class=\"mh-excerpt\"><p>El Gobierno\u00a0consigui\u00f3 firmar con la mayor\u00eda de las provincias un documento que fij\u00f3 los lineamientos de un proyecto de ley que establecer\u00e1 un nuevo mecanismo de responsabilidad fiscal en todo el pa\u00eds, algo as\u00ed como\u00a0un <a class=\"mh-excerpt-more\" href=\"https:\/\/larevistadigital.com.ar\/blog\/el-gobierno-y-la-mayoria-de-las-provincias-suscribieron-un-plan-de-responsabilidad-fiscal\/\" title=\"EL GOBIERNO Y LA MAYORIA DE LAS PROVINCIAS SUSCRIBIERON UN PLAN DE RESPONSABILIDAD FISCAL\">[Leer M\u00e1s]<\/a><\/p>\n<\/div>","protected":false},"author":3,"featured_media":1550,"comment_status":"open","ping_status":"open","sticky":false,"template":"","format":"standard","meta":{"_jetpack_memberships_contains_paid_content":false,"footnotes":"","jetpack_publicize_message":"","jetpack_publicize_feature_enabled":true,"jetpack_social_post_already_shared":true,"jetpack_social_options":{"image_generator_settings":{"template":"highway","default_image_id":0,"font":"","enabled":false},"version":2}},"categories":[41,25],"tags":[],"class_list":{"0":"post-1548","1":"post","2":"type-post","3":"status-publish","4":"format-standard","5":"has-post-thumbnail","7":"category-destacadas","8":"category-politica-nacional"},"jetpack_publicize_connections":[],"jetpack_featured_media_url":"https:\/\/i0.wp.com\/larevistadigital.com.ar\/blog\/wp-content\/uploads\/2017\/03\/Nicolas-Dujovne-con-ministros-de-economia-provinciales-1920-1.jpg?fit=600%2C338&ssl=1","jetpack_sharing_enabled":true,"jetpack_shortlink":"https:\/\/wp.me\/p8qtrQ-oY","jetpack-related-posts":[{"id":43781,"url":"https:\/\/larevistadigital.com.ar\/blog\/la-reforma-laboral-abre-una-grieta-fiscal-con-los-gobernadores\/","url_meta":{"origin":1548,"position":0},"title":"La reforma laboral abre una grieta fiscal con los gobernadores","author":"Alejandro Sosa Ruda","date":"4 febrero, 2026","format":false,"excerpt":"La rebaja de Ganancias desat\u00f3 una fuerte pulseada entre el Gobierno y los gobernadores, que advierten p\u00e9rdidas millonarias en pleno a\u00f1o electoral. 04 de febrero de 2026 En medio de las negociaciones que el Gobierno nacional mantiene para avanzar con la reforma laboral, la rebaja del Impuesto a las Ganancias\u2026","rel":"","context":"En \u00abINTERES GENERAL\u00bb","block_context":{"text":"INTERES GENERAL","link":"https:\/\/larevistadigital.com.ar\/blog\/category\/interes-general\/"},"img":{"alt_text":"","src":"https:\/\/i0.wp.com\/larevistadigital.com.ar\/blog\/wp-content\/uploads\/Captura-de-pantalla-2026-02-04-231431.jpg?fit=801%2C488&ssl=1&resize=350%2C200","width":350,"height":200,"srcset":"https:\/\/i0.wp.com\/larevistadigital.com.ar\/blog\/wp-content\/uploads\/Captura-de-pantalla-2026-02-04-231431.jpg?fit=801%2C488&ssl=1&resize=350%2C200 1x, https:\/\/i0.wp.com\/larevistadigital.com.ar\/blog\/wp-content\/uploads\/Captura-de-pantalla-2026-02-04-231431.jpg?fit=801%2C488&ssl=1&resize=525%2C300 1.5x, https:\/\/i0.wp.com\/larevistadigital.com.ar\/blog\/wp-content\/uploads\/Captura-de-pantalla-2026-02-04-231431.jpg?fit=801%2C488&ssl=1&resize=700%2C400 2x"},"classes":[]},{"id":32840,"url":"https:\/\/larevistadigital.com.ar\/blog\/32840-2\/","url_meta":{"origin":1548,"position":1},"title":"LAS EMPRESAS SOLAMENTE CUMPLEN CON EL 63% DEL ETIQUETADO FRONTAL, A DOS A\u00d1OS DE SU SANCI\u00d3N","author":"Alejandro Sosa Ruda","date":"11 agosto, 2023","format":false,"excerpt":"La baja adhesi\u00f3n impacta en la falta de reglamentaci\u00f3n de los entornos escolares y la compra p\u00fablica. S\u00f3lo siete provincias se adhirieron a la ley, de las cuales, cuatro (Chaco, Chubut, La Rioja y R\u00edo Negro) simplemente adhirieron y tres (Neuqu\u00e9n, Salta y Tierra del Fuego) mostraron alg\u00fan avance. 11\u2026","rel":"","context":"En \u00abCULTURA\u00bb","block_context":{"text":"CULTURA","link":"https:\/\/larevistadigital.com.ar\/blog\/category\/cultura\/"},"img":{"alt_text":"","src":"https:\/\/i0.wp.com\/larevistadigital.com.ar\/blog\/wp-content\/uploads\/20230810181853_frontal.jpg?fit=880%2C512&ssl=1&resize=350%2C200","width":350,"height":200,"srcset":"https:\/\/i0.wp.com\/larevistadigital.com.ar\/blog\/wp-content\/uploads\/20230810181853_frontal.jpg?fit=880%2C512&ssl=1&resize=350%2C200 1x, https:\/\/i0.wp.com\/larevistadigital.com.ar\/blog\/wp-content\/uploads\/20230810181853_frontal.jpg?fit=880%2C512&ssl=1&resize=525%2C300 1.5x, https:\/\/i0.wp.com\/larevistadigital.com.ar\/blog\/wp-content\/uploads\/20230810181853_frontal.jpg?fit=880%2C512&ssl=1&resize=700%2C400 2x"},"classes":[]},{"id":36994,"url":"https:\/\/larevistadigital.com.ar\/blog\/chascomus-el-secretario-de-hacienda-se-refirio-a-la-importancia-del-fondo-de-fortalecimiento-fiscal\/","url_meta":{"origin":1548,"position":2},"title":"CHASCOM\u00daS: EL SECRETARIO DE HACIENDA SE REFIRI\u00d3 A LA IMPORTANCIA DEL FONDO DE FORTALECIMIENTO FISCAL","author":"Alejandro Sosa Ruda","date":"18 agosto, 2024","format":false,"excerpt":"Tras la transferencia de la tercera cuota del Fondo de Fortalecimiento Fiscal Municipal, el secretario de Hacienda, Juan Facundo Alfons\u00edn, remarc\u00f3 que el gobierno provincial cumpli\u00f3 con el env\u00edo de estos fondos adicionales. 18 de Agosto de 2024 CHASCOM\u00daS -\u00a0 \u201cEs un aporte extra que fij\u00f3 la provincia, adicional a\u2026","rel":"","context":"En \u00abCHASCOM\u00daS\u00bb","block_context":{"text":"CHASCOM\u00daS","link":"https:\/\/larevistadigital.com.ar\/blog\/category\/chascomus\/"},"img":{"alt_text":"","src":"https:\/\/i0.wp.com\/larevistadigital.com.ar\/blog\/wp-content\/uploads\/66bf9b7930c46.png?fit=668%2C445&ssl=1&resize=350%2C200","width":350,"height":200,"srcset":"https:\/\/i0.wp.com\/larevistadigital.com.ar\/blog\/wp-content\/uploads\/66bf9b7930c46.png?fit=668%2C445&ssl=1&resize=350%2C200 1x, https:\/\/i0.wp.com\/larevistadigital.com.ar\/blog\/wp-content\/uploads\/66bf9b7930c46.png?fit=668%2C445&ssl=1&resize=525%2C300 1.5x"},"classes":[]},{"id":11938,"url":"https:\/\/larevistadigital.com.ar\/blog\/lacunza-las-definiciones-del-nuevo-ministro-de-hacienda\/","url_meta":{"origin":1548,"position":3},"title":"LACUNZA: LAS DEFINICIONES DEL NUEVO MINISTRO DE HACIENDA","author":"Alejandro Sosa Ruda","date":"20 agosto, 2019","format":false,"excerpt":"El nuevo ministro de Hacienda, Hern\u00e1n Lacunza, tom\u00f3 posesi\u00f3n del cargo hoy pasadas las 8 tras la jura con el presidente Mauricio Macri. Minutos despu\u00e9s, ya en su cartera, habl\u00f3 frente a la prensa y defini\u00f3 los principales lineamientos que tendr\u00e1 su gesti\u00f3n. Estos son los puntos sobresalientes: D\u00f3lar \"El\u2026","rel":"","context":"En \u00abDESTACADAS\u00bb","block_context":{"text":"DESTACADAS","link":"https:\/\/larevistadigital.com.ar\/blog\/category\/destacadas\/"},"img":{"alt_text":"","src":"https:\/\/i0.wp.com\/larevistadigital.com.ar\/blog\/wp-content\/uploads\/98525464405fe230f99f416f040a3693.jpg_258117318.jpg?fit=829%2C466&ssl=1&resize=350%2C200","width":350,"height":200,"srcset":"https:\/\/i0.wp.com\/larevistadigital.com.ar\/blog\/wp-content\/uploads\/98525464405fe230f99f416f040a3693.jpg_258117318.jpg?fit=829%2C466&ssl=1&resize=350%2C200 1x, https:\/\/i0.wp.com\/larevistadigital.com.ar\/blog\/wp-content\/uploads\/98525464405fe230f99f416f040a3693.jpg_258117318.jpg?fit=829%2C466&ssl=1&resize=525%2C300 1.5x, https:\/\/i0.wp.com\/larevistadigital.com.ar\/blog\/wp-content\/uploads\/98525464405fe230f99f416f040a3693.jpg_258117318.jpg?fit=829%2C466&ssl=1&resize=700%2C400 2x"},"classes":[]},{"id":42703,"url":"https:\/\/larevistadigital.com.ar\/blog\/en-el-salon-dorado-kicillof-congrego-a-su-tropa-e-insistio-con-la-aprobacion-del-endeudamiento\/","url_meta":{"origin":1548,"position":4},"title":"En el Sal\u00f3n Dorado: Kicillof congreg\u00f3 a su tropa e insisti\u00f3 con la aprobaci\u00f3n del endeudamiento","author":"Alejandro Sosa Ruda","date":"2 diciembre, 2025","format":false,"excerpt":"El gobernador de la Provincia de Buenos Aires llev\u00f3 a cabo una conferencia en la Casa de Gobierno para volver a pedir por la aprobaci\u00f3n del \u00faltimo proyecto que resta dentro del paquete fiscal. Axel Kicillof, gobernador de la\u00a0Provincia de Buenos Aires, llev\u00f3 a cabo una conferencia en el\u00a0Sal\u00f3n Dorado\u00a0este\u2026","rel":"","context":"En \u00abPOLITICA\u00bb","block_context":{"text":"POLITICA","link":"https:\/\/larevistadigital.com.ar\/blog\/category\/politica\/"},"img":{"alt_text":"","src":"https:\/\/i0.wp.com\/larevistadigital.com.ar\/blog\/wp-content\/uploads\/Captura-de-pantalla-2025-12-02-000005.jpg?fit=790%2C421&ssl=1&resize=350%2C200","width":350,"height":200,"srcset":"https:\/\/i0.wp.com\/larevistadigital.com.ar\/blog\/wp-content\/uploads\/Captura-de-pantalla-2025-12-02-000005.jpg?fit=790%2C421&ssl=1&resize=350%2C200 1x, https:\/\/i0.wp.com\/larevistadigital.com.ar\/blog\/wp-content\/uploads\/Captura-de-pantalla-2025-12-02-000005.jpg?fit=790%2C421&ssl=1&resize=525%2C300 1.5x, https:\/\/i0.wp.com\/larevistadigital.com.ar\/blog\/wp-content\/uploads\/Captura-de-pantalla-2025-12-02-000005.jpg?fit=790%2C421&ssl=1&resize=700%2C400 2x"},"classes":[]},{"id":43044,"url":"https:\/\/larevistadigital.com.ar\/blog\/chubut-ira-a-la-corte-suprema-por-los-51-000-millones-que-le-debe-la-nacion\/","url_meta":{"origin":1548,"position":5},"title":"Chubut ir\u00e1 a la Corte Suprema por los $51.000 millones que le debe la Naci\u00f3n","author":"Alejandro Sosa Ruda","date":"27 diciembre, 2025","format":false,"excerpt":"El gobernador Ignacio Torres confirm\u00f3 la demanda judicial por la deuda previsional que el Estado mantiene con la provincia desde 2017. 27 de Diciembre de 2025 El gobernador de Chubut,\u00a0Ignacio Torres, confirm\u00f3 que la provincia recurrir\u00e1 a la Corte Suprema de Justicia de la Naci\u00f3n para exigir el pago de\u2026","rel":"","context":"En \u00abINTERES GENERAL\u00bb","block_context":{"text":"INTERES GENERAL","link":"https:\/\/larevistadigital.com.ar\/blog\/category\/interes-general\/"},"img":{"alt_text":"","src":"https:\/\/i0.wp.com\/larevistadigital.com.ar\/blog\/wp-content\/uploads\/Captura-de-pantalla-2025-12-27-141227.jpg?fit=636%2C471&ssl=1&resize=350%2C200","width":350,"height":200,"srcset":"https:\/\/i0.wp.com\/larevistadigital.com.ar\/blog\/wp-content\/uploads\/Captura-de-pantalla-2025-12-27-141227.jpg?fit=636%2C471&ssl=1&resize=350%2C200 1x, https:\/\/i0.wp.com\/larevistadigital.com.ar\/blog\/wp-content\/uploads\/Captura-de-pantalla-2025-12-27-141227.jpg?fit=636%2C471&ssl=1&resize=525%2C300 1.5x"},"classes":[]}],"_links":{"self":[{"href":"https:\/\/larevistadigital.com.ar\/blog\/wp-json\/wp\/v2\/posts\/1548","targetHints":{"allow":["GET"]}}],"collection":[{"href":"https:\/\/larevistadigital.com.ar\/blog\/wp-json\/wp\/v2\/posts"}],"about":[{"href":"https:\/\/larevistadigital.com.ar\/blog\/wp-json\/wp\/v2\/types\/post"}],"author":[{"embeddable":true,"href":"https:\/\/larevistadigital.com.ar\/blog\/wp-json\/wp\/v2\/users\/3"}],"replies":[{"embeddable":true,"href":"https:\/\/larevistadigital.com.ar\/blog\/wp-json\/wp\/v2\/comments?post=1548"}],"version-history":[{"count":1,"href":"https:\/\/larevistadigital.com.ar\/blog\/wp-json\/wp\/v2\/posts\/1548\/revisions"}],"predecessor-version":[{"id":1551,"href":"https:\/\/larevistadigital.com.ar\/blog\/wp-json\/wp\/v2\/posts\/1548\/revisions\/1551"}],"wp:featuredmedia":[{"embeddable":true,"href":"https:\/\/larevistadigital.com.ar\/blog\/wp-json\/wp\/v2\/media\/1550"}],"wp:attachment":[{"href":"https:\/\/larevistadigital.com.ar\/blog\/wp-json\/wp\/v2\/media?parent=1548"}],"wp:term":[{"taxonomy":"category","embeddable":true,"href":"https:\/\/larevistadigital.com.ar\/blog\/wp-json\/wp\/v2\/categories?post=1548"},{"taxonomy":"post_tag","embeddable":true,"href":"https:\/\/larevistadigital.com.ar\/blog\/wp-json\/wp\/v2\/tags?post=1548"}],"curies":[{"name":"wp","href":"https:\/\/api.w.org\/{rel}","templated":true}]}}