{"id":15488,"date":"2020-06-02T17:51:57","date_gmt":"2020-06-02T17:51:57","guid":{"rendered":"https:\/\/larevistadigital.com.ar\/blog\/?p=15488"},"modified":"2020-06-02T17:51:57","modified_gmt":"2020-06-02T17:51:57","slug":"tres-detenidos-luego-de-robar-a-una-mujer-de-72-anos-mediante-operativo-cerrojo","status":"publish","type":"post","link":"https:\/\/larevistadigital.com.ar\/blog\/tres-detenidos-luego-de-robar-a-una-mujer-de-72-anos-mediante-operativo-cerrojo\/","title":{"rendered":"TRES DETENIDOS LUEGO DE ROBAR A UNA MUJER DE 72 A\u00d1OS, MEDIANTE OPERATIVO CERROJO"},"content":{"rendered":"<p class=\"selectionShareable\"><strong>TOLOSA &#8211;<\/strong> Un menor de 16 a\u00f1os y dos j\u00f3venes de 19 y 22 fueron detenidos esta madrugada luego de asaltar a una mujer de 72 a\u00f1os en Tolosa, a la que le robaron un auto.<\/p>\n<p class=\"selectionShareable\">El hecho ocurri\u00f3 anoche en 523 entre 4 y 5 cuando la mujer lleg\u00f3 a su casa y ni bien baj\u00f3 de su rodado, un Volkswagen Up, fue amenazada por dos desconocidos que le sustrajeron el veh\u00edculo.<\/p>\n<blockquote>\n<h3 class=\"selectionShareable\">La v\u00edctima llam\u00f3 al 911 y en minutos llegaron al lugar efectivos del Comando de Patrullas de La Plata y personal de la comisar\u00eda Sexta. Los polic\u00edas entrevistaron a la v\u00edctima y a una vecina que desde un balc\u00f3n advirti\u00f3 la maniobra delictiva y organizaron un operativo cerrojo.<\/h3>\n<\/blockquote>\n<p class=\"selectionShareable\">Los uniformados buscaban al Volkswagen Up robado y un Peugeot 208 azul, con el que los dos delincuentes con dos c\u00f3mplices hab\u00edan llegado a la casa de la mujer.<\/p>\n<p class=\"selectionShareable\">En 9 y 518 los efectivos interceptaron al Peugeot y demoraron a cuatro ocupantes, entre ellos un adolescente de 16 a\u00f1os y los dos j\u00f3venes de 19 y 22. Y dentro del auto hallaron las llaves del Volkswagen Up y las de la casa de la v\u00edctima.<\/p>\n<blockquote>\n<h3 class=\"selectionShareable\">En medio del procedimiento el conductor del Peugeot, tambi\u00e9n menor \u00a0de edad, empuj\u00f3 a un polic\u00eda y escap\u00f3 en el \u00a0veh\u00edculo. Y en una persecuci\u00f3n \u00a0hallaron al rodado pero sin ocupantes.<\/h3>\n<\/blockquote>\n<div class=\"google-auto-placed ap_container\">\n<p class=\"selectionShareable\">En poder de los tres demorados los polic\u00edas incautaron 5,6 gramos de marihuana y 0,3 gramos de coca\u00edna.<\/p>\n<p class=\"selectionShareable\">En el caso tom\u00f3 intervenci\u00f3n la UFI N\u00b0 16 del fiscal<em> Juan Cruz Condom\u00ed Alcorta<\/em>, quien caratul\u00f3 el hecho como robo calificado, infracci\u00f3n a la Ley 23.737, resistencia a la autoridad y encubrimiento.<\/p>\n<p>PUBLICADO EN ELEDITORPLATENSE<\/p>\n<\/div>\n","protected":false},"excerpt":{"rendered":"<div class=\"mh-excerpt\"><p>TOLOSA &#8211; Un menor de 16 a\u00f1os y dos j\u00f3venes de 19 y 22 fueron detenidos esta madrugada luego de asaltar a una mujer de 72 a\u00f1os en Tolosa, a la que le robaron un <a class=\"mh-excerpt-more\" href=\"https:\/\/larevistadigital.com.ar\/blog\/tres-detenidos-luego-de-robar-a-una-mujer-de-72-anos-mediante-operativo-cerrojo\/\" title=\"TRES DETENIDOS LUEGO DE ROBAR A UNA MUJER DE 72 A\u00d1OS, MEDIANTE OPERATIVO CERROJO\">[Leer M\u00e1s]<\/a><\/p>\n<\/div>","protected":false},"author":3,"featured_media":15489,"comment_status":"open","ping_status":"open","sticky":false,"template":"","format":"standard","meta":{"_jetpack_memberships_contains_paid_content":false,"footnotes":"","jetpack_publicize_message":"","jetpack_publicize_feature_enabled":true,"jetpack_social_post_already_shared":true,"jetpack_social_options":{"image_generator_settings":{"template":"highway","default_image_id":0,"font":"","enabled":false},"version":2}},"categories":[44,51],"tags":[],"class_list":{"0":"post-15488","1":"post","2":"type-post","3":"status-publish","4":"format-standard","5":"has-post-thumbnail","7":"category-policiales","8":"category-regionales"},"jetpack_publicize_connections":[],"jetpack_featured_media_url":"https:\/\/i0.wp.com\/larevistadigital.com.ar\/blog\/wp-content\/uploads\/20200602102814_61b35eea_fefe_4cc2_8967_e41c8fb506f1.jpg?fit=880%2C586&ssl=1","jetpack_sharing_enabled":true,"jetpack_shortlink":"https:\/\/wp.me\/p8qtrQ-41O","jetpack-related-posts":[{"id":25036,"url":"https:\/\/larevistadigital.com.ar\/blog\/dolores-dos-detenidos-tras-un-nuevo-intento-de-cuento-del-tio\/","url_meta":{"origin":15488,"position":0},"title":"DOLORES: DOS DETENIDOS TRAS UN NUEVO INTENTO DE \u00abCUENTO DEL T\u00cdO\u00bb","author":"Alejandro Sosa Ruda","date":"11 abril, 2022","format":false,"excerpt":"Fueron interceptados en la Ruta 2 tras un gran operativo cerrojo. DOLORES -\u00a0 En las \u00faltimas horas, fueron detenidos dos hombres oriundos de Capital Federal, con antecedentes por delitos de estafa. En esta oportunidad,\u00a0 un remisero de Dolores, que hab\u00eda sido v\u00edctima del \"cuento del t\u00edo\", recibi\u00f3 un llamado para\u2026","rel":"","context":"En \u00abDOLORES\u00bb","block_context":{"text":"DOLORES","link":"https:\/\/larevistadigital.com.ar\/blog\/category\/dolores\/"},"img":{"alt_text":"","src":"https:\/\/i0.wp.com\/larevistadigital.com.ar\/blog\/wp-content\/uploads\/88381adc587fa8a1e6a1dc82a6ca4e1b93ba1bbe.jpg?fit=1140%2C757&ssl=1&resize=350%2C200","width":350,"height":200,"srcset":"https:\/\/i0.wp.com\/larevistadigital.com.ar\/blog\/wp-content\/uploads\/88381adc587fa8a1e6a1dc82a6ca4e1b93ba1bbe.jpg?fit=1140%2C757&ssl=1&resize=350%2C200 1x, https:\/\/i0.wp.com\/larevistadigital.com.ar\/blog\/wp-content\/uploads\/88381adc587fa8a1e6a1dc82a6ca4e1b93ba1bbe.jpg?fit=1140%2C757&ssl=1&resize=525%2C300 1.5x, https:\/\/i0.wp.com\/larevistadigital.com.ar\/blog\/wp-content\/uploads\/88381adc587fa8a1e6a1dc82a6ca4e1b93ba1bbe.jpg?fit=1140%2C757&ssl=1&resize=700%2C400 2x, https:\/\/i0.wp.com\/larevistadigital.com.ar\/blog\/wp-content\/uploads\/88381adc587fa8a1e6a1dc82a6ca4e1b93ba1bbe.jpg?fit=1140%2C757&ssl=1&resize=1050%2C600 3x"},"classes":[]},{"id":42712,"url":"https:\/\/larevistadigital.com.ar\/blog\/un-joven-fue-brutalmente-asaltado-y-la-justicia-investiga-si-la-mujer-que-conocio-horas-antes-actuo-como-entregadora\/","url_meta":{"origin":15488,"position":1},"title":"Un joven fue brutalmente asaltado y la Justicia investiga si la mujer que conoci\u00f3 horas antes actu\u00f3 como entregadora","author":"Alejandro Sosa Ruda","date":"2 diciembre, 2025","format":false,"excerpt":"La v\u00edctima fue sorprendida y golpeada por cinco delincuentes tras conocer a una chica en una reuni\u00f3n. Las autoridades investigan si la mujer funcion\u00f3 como entregadora. 02 de Diciembre de 2025 BERISSO -\u00a0 Un joven fue v\u00edctima de un violento robo en Berisso luego de conocer a una mujer durante\u2026","rel":"","context":"En \u00abPOLICIALES\u00bb","block_context":{"text":"POLICIALES","link":"https:\/\/larevistadigital.com.ar\/blog\/category\/policiales\/"},"img":{"alt_text":"","src":"https:\/\/i0.wp.com\/larevistadigital.com.ar\/blog\/wp-content\/uploads\/Captura-de-pantalla-2025-12-02-010619.jpg?fit=877%2C387&ssl=1&resize=350%2C200","width":350,"height":200,"srcset":"https:\/\/i0.wp.com\/larevistadigital.com.ar\/blog\/wp-content\/uploads\/Captura-de-pantalla-2025-12-02-010619.jpg?fit=877%2C387&ssl=1&resize=350%2C200 1x, https:\/\/i0.wp.com\/larevistadigital.com.ar\/blog\/wp-content\/uploads\/Captura-de-pantalla-2025-12-02-010619.jpg?fit=877%2C387&ssl=1&resize=525%2C300 1.5x, https:\/\/i0.wp.com\/larevistadigital.com.ar\/blog\/wp-content\/uploads\/Captura-de-pantalla-2025-12-02-010619.jpg?fit=877%2C387&ssl=1&resize=700%2C400 2x"},"classes":[]},{"id":7605,"url":"https:\/\/larevistadigital.com.ar\/blog\/cuento-del-tio-a-jubilada-y-le-roban-130-000-luego-fueron-detenidos\/","url_meta":{"origin":15488,"position":2},"title":"CUENTO DEL T\u00cdO A JUBILADA Y LE ROBAN $130.000.- LUEGO FUERON DETENIDOS","author":"Alejandro Sosa Ruda","date":"5 enero, 2019","format":false,"excerpt":"Dos delincuentes fueron detenidos por efectivos de la polic\u00edas de la Provincia de Buenos Aires\u00a0despu\u00e9s\u00a0de enga\u00f1ar\u00e1n a una jubilada de 85 a\u00f1os para que sacara todos sus ahorros del banco, para as\u00ed poder robarle. El hecho ocurri\u00f3 en Salto, cuando la victima\u00a0recibi\u00f3 un llamado de parte de una persona que\u2026","rel":"","context":"En \u00abPOLICIALES\u00bb","block_context":{"text":"POLICIALES","link":"https:\/\/larevistadigital.com.ar\/blog\/category\/policiales\/"},"img":{"alt_text":"","src":"https:\/\/i0.wp.com\/larevistadigital.com.ar\/blog\/wp-content\/uploads\/2019\/01\/f800x450-498269_549715_165.jpg?fit=800%2C450&ssl=1&resize=350%2C200","width":350,"height":200,"srcset":"https:\/\/i0.wp.com\/larevistadigital.com.ar\/blog\/wp-content\/uploads\/2019\/01\/f800x450-498269_549715_165.jpg?fit=800%2C450&ssl=1&resize=350%2C200 1x, https:\/\/i0.wp.com\/larevistadigital.com.ar\/blog\/wp-content\/uploads\/2019\/01\/f800x450-498269_549715_165.jpg?fit=800%2C450&ssl=1&resize=525%2C300 1.5x, https:\/\/i0.wp.com\/larevistadigital.com.ar\/blog\/wp-content\/uploads\/2019\/01\/f800x450-498269_549715_165.jpg?fit=800%2C450&ssl=1&resize=700%2C400 2x"},"classes":[]},{"id":44189,"url":"https:\/\/larevistadigital.com.ar\/blog\/entraron-a-piedrazos-a-una-casa-y-ataron-con-un-cinturon-a-una-mujer\/","url_meta":{"origin":15488,"position":3},"title":"Entraron a piedrazos a una casa y ataron con un cintur\u00f3n a una mujer","author":"Alejandro Sosa Ruda","date":"27 febrero, 2026","format":false,"excerpt":"El robo ocurri\u00f3 en una vivienda de calle Falucho al 1600 de Mar del Plata. La v\u00edctima fue reducida con un cintur\u00f3n y los acusados fueron capturados tras un operativo cerrojo y seguimiento por c\u00e1maras. 27 de febrero de 2026 MAR DEL PLATA -\u00a0 \u00a0Un violento asalto a una mujer\u2026","rel":"","context":"En \u00abPOLICIALES\u00bb","block_context":{"text":"POLICIALES","link":"https:\/\/larevistadigital.com.ar\/blog\/category\/policiales\/"},"img":{"alt_text":"","src":"https:\/\/i0.wp.com\/larevistadigital.com.ar\/blog\/wp-content\/uploads\/Captura-de-pantalla-2026-02-27-144850.jpg?fit=760%2C434&ssl=1&resize=350%2C200","width":350,"height":200,"srcset":"https:\/\/i0.wp.com\/larevistadigital.com.ar\/blog\/wp-content\/uploads\/Captura-de-pantalla-2026-02-27-144850.jpg?fit=760%2C434&ssl=1&resize=350%2C200 1x, https:\/\/i0.wp.com\/larevistadigital.com.ar\/blog\/wp-content\/uploads\/Captura-de-pantalla-2026-02-27-144850.jpg?fit=760%2C434&ssl=1&resize=525%2C300 1.5x, https:\/\/i0.wp.com\/larevistadigital.com.ar\/blog\/wp-content\/uploads\/Captura-de-pantalla-2026-02-27-144850.jpg?fit=760%2C434&ssl=1&resize=700%2C400 2x"},"classes":[]},{"id":24107,"url":"https:\/\/larevistadigital.com.ar\/blog\/tolosa-roban-una-libreria-hubo-golpes-y-una-mujer-fue-herida-con-una-tijera\/","url_meta":{"origin":15488,"position":4},"title":"TOLOSA: ROBAN UNA LIBRER\u00cdA. HUBO GOLPES Y UNA MUJER FUE HERIDA CON UNA TIJERA","author":"Alejandro Sosa Ruda","date":"18 febrero, 2022","format":false,"excerpt":"El violento episodio se registr\u00f3 cuando dos j\u00f3venes ingresaron al comercio y en medio del atraco\u00a0apu\u00f1alaron a la propietaria en el hombro. TOLOSA -\u00a0 Un violento episodio de inseguridad se registr\u00f3 en las \u00faltimas horas en una librer\u00eda de Tolosa, cuando dos ladrones entraron a robar y en medio de\u2026","rel":"","context":"En \u00abINTERES GENERAL\u00bb","block_context":{"text":"INTERES GENERAL","link":"https:\/\/larevistadigital.com.ar\/blog\/category\/interes-general\/"},"img":{"alt_text":"","src":"https:\/\/i0.wp.com\/larevistadigital.com.ar\/blog\/wp-content\/uploads\/1645181844285.jpg?fit=658%2C386&ssl=1&resize=350%2C200","width":350,"height":200,"srcset":"https:\/\/i0.wp.com\/larevistadigital.com.ar\/blog\/wp-content\/uploads\/1645181844285.jpg?fit=658%2C386&ssl=1&resize=350%2C200 1x, https:\/\/i0.wp.com\/larevistadigital.com.ar\/blog\/wp-content\/uploads\/1645181844285.jpg?fit=658%2C386&ssl=1&resize=525%2C300 1.5x"},"classes":[]},{"id":39722,"url":"https:\/\/larevistadigital.com.ar\/blog\/cayeron-los-ladrones-del-corredor-atlantico-persecucion-cinematografica-termino-con-dos-detenidos-en-samborombon\/","url_meta":{"origin":15488,"position":5},"title":"Cayeron \u201cLos ladrones del Corredor Atl\u00e1ntico\u201d: persecuci\u00f3n cinematogr\u00e1fica termin\u00f3 con dos detenidos en Samboromb\u00f3n","author":"Alejandro Sosa Ruda","date":"10 mayo, 2025","format":false,"excerpt":"Tras una serie de robos en distintas localidades de la Costa Atl\u00e1ntica, la Polic\u00eda Bonaerense detuvo a dos delincuentes que hu\u00edan a bordo de un Gol Trend negro. Hab\u00edan protagonizado un raid delictivo entre Villa Gesell y Chascom\u00fas. 09 de Mayo de 2025 BUENOS AIRES -\u00a0 La historia parece sacada\u2026","rel":"","context":"En \u00abPOLICIALES\u00bb","block_context":{"text":"POLICIALES","link":"https:\/\/larevistadigital.com.ar\/blog\/category\/policiales\/"},"img":{"alt_text":"","src":"https:\/\/i0.wp.com\/larevistadigital.com.ar\/blog\/wp-content\/uploads\/d5b8dbd389aaae16eb22d0e2faf672a862557ce4.jpg?fit=1112%2C900&ssl=1&resize=350%2C200","width":350,"height":200,"srcset":"https:\/\/i0.wp.com\/larevistadigital.com.ar\/blog\/wp-content\/uploads\/d5b8dbd389aaae16eb22d0e2faf672a862557ce4.jpg?fit=1112%2C900&ssl=1&resize=350%2C200 1x, https:\/\/i0.wp.com\/larevistadigital.com.ar\/blog\/wp-content\/uploads\/d5b8dbd389aaae16eb22d0e2faf672a862557ce4.jpg?fit=1112%2C900&ssl=1&resize=525%2C300 1.5x, https:\/\/i0.wp.com\/larevistadigital.com.ar\/blog\/wp-content\/uploads\/d5b8dbd389aaae16eb22d0e2faf672a862557ce4.jpg?fit=1112%2C900&ssl=1&resize=700%2C400 2x, https:\/\/i0.wp.com\/larevistadigital.com.ar\/blog\/wp-content\/uploads\/d5b8dbd389aaae16eb22d0e2faf672a862557ce4.jpg?fit=1112%2C900&ssl=1&resize=1050%2C600 3x"},"classes":[]}],"_links":{"self":[{"href":"https:\/\/larevistadigital.com.ar\/blog\/wp-json\/wp\/v2\/posts\/15488","targetHints":{"allow":["GET"]}}],"collection":[{"href":"https:\/\/larevistadigital.com.ar\/blog\/wp-json\/wp\/v2\/posts"}],"about":[{"href":"https:\/\/larevistadigital.com.ar\/blog\/wp-json\/wp\/v2\/types\/post"}],"author":[{"embeddable":true,"href":"https:\/\/larevistadigital.com.ar\/blog\/wp-json\/wp\/v2\/users\/3"}],"replies":[{"embeddable":true,"href":"https:\/\/larevistadigital.com.ar\/blog\/wp-json\/wp\/v2\/comments?post=15488"}],"version-history":[{"count":1,"href":"https:\/\/larevistadigital.com.ar\/blog\/wp-json\/wp\/v2\/posts\/15488\/revisions"}],"predecessor-version":[{"id":15490,"href":"https:\/\/larevistadigital.com.ar\/blog\/wp-json\/wp\/v2\/posts\/15488\/revisions\/15490"}],"wp:featuredmedia":[{"embeddable":true,"href":"https:\/\/larevistadigital.com.ar\/blog\/wp-json\/wp\/v2\/media\/15489"}],"wp:attachment":[{"href":"https:\/\/larevistadigital.com.ar\/blog\/wp-json\/wp\/v2\/media?parent=15488"}],"wp:term":[{"taxonomy":"category","embeddable":true,"href":"https:\/\/larevistadigital.com.ar\/blog\/wp-json\/wp\/v2\/categories?post=15488"},{"taxonomy":"post_tag","embeddable":true,"href":"https:\/\/larevistadigital.com.ar\/blog\/wp-json\/wp\/v2\/tags?post=15488"}],"curies":[{"name":"wp","href":"https:\/\/api.w.org\/{rel}","templated":true}]}}