{"id":1552,"date":"2017-03-23T02:41:52","date_gmt":"2017-03-23T02:41:52","guid":{"rendered":"https:\/\/larevistadigital.com.ar\/blog\/?p=1552"},"modified":"2017-03-23T02:41:52","modified_gmt":"2017-03-23T02:41:52","slug":"renuncio-francisco-echarren-a-la-sub-secretaria-de-vivienda-de-la-provincia-de-buenos-aires","status":"publish","type":"post","link":"https:\/\/larevistadigital.com.ar\/blog\/renuncio-francisco-echarren-a-la-sub-secretaria-de-vivienda-de-la-provincia-de-buenos-aires\/","title":{"rendered":"RENUNCI\u00d3 FRANCISCO ECHARREN A LA SUB SECRETAR\u00cdA DE VIVIENDA DE LA PROVINCIA DE BUENOS AIRES"},"content":{"rendered":"<p>Supuestamente por diferencias con la gobernadora Mar\u00eda Eugenia Vidal, el Intendente kirchnerista de Castelli, <strong>Francisco Echarren<\/strong> renunci\u00f3 a la Sub Secretar\u00eda de Vivienda, Tierra y H\u00e1bitat \u00a0y el 20 de abril vuelve a la Intendencia de Castelli, ocupada hoy por su hermano que lo est\u00e1 suplantando.<\/p>\n<p>Seg\u00fan se comenta, la \u2018Agencia de H\u00e1bitat&#8217; -el proyecto madre por el que el intendente decidi\u00f3 ingresar al Ejecutivo- no tuvo ning\u00fan tipo de avance.<\/p>\n<p>Adem\u00e1s se dice que el joven intendente tuvo todo tipo de problemas para vincularse con sus pares tanto de Cambiemos como peronistas.<\/p>\n<blockquote>\n<h3><strong>Realmente nunca se termino de digerir el ingreso de Echarren al gobierno de Vidal, ni por la gente de Cambi\u00e9mos que nunca confi\u00f3 en \u00e9l, ni por sus compa\u00f1eros del peronismo que no aceptaron el acercamiento con la gobernadora. Nunca se le abri\u00f3 ninguna puerta.<\/strong><\/h3>\n<\/blockquote>\n<p>Sin embargo, el propio funcionario asegur\u00f3 a la agencia DIB que <strong><em>\u00abse aceleraron los tiempos del debate electoral y yo soy un hombre del peronismo que se siente c\u00f3modo ah\u00ed\u00bb. \u00a0<\/em><\/strong><\/p>\n<p>Otra versi\u00f3n indica que el funcionario nunca se adapt\u00f3 al equipo y que \u00abno se entendi\u00f3\u00bb con <strong>Roberto Gigante<\/strong>, el ministro de Infraestructura, \u00e1rea del que depende Vivienda, Tierras y H\u00e1bitat.<\/p>\n<p>El funcionario es un kirchnerista muy cercano a <strong>Julio de Vido<\/strong>, que <strong>Vidal<\/strong> hab\u00eda exhibido en su momento como un s\u00edmbolo de la suma de peronistas a Cambiemos que ven\u00eda reclamando <strong>Emilio Monz\u00f3<\/strong>.<\/p>\n<p>La renuncia de <strong>Echarren<\/strong> se suma a la decisi\u00f3n de <strong>Mario Ishii<\/strong> y los otros peronistas que estaban armando una colectora para Cambiemos, de desarmar esa opci\u00f3n electoral y empezar un regreso al kirchnerismo.<\/p>\n","protected":false},"excerpt":{"rendered":"<div class=\"mh-excerpt\"><p>Supuestamente por diferencias con la gobernadora Mar\u00eda Eugenia Vidal, el Intendente kirchnerista de Castelli, Francisco Echarren renunci\u00f3 a la Sub Secretar\u00eda de Vivienda, Tierra y H\u00e1bitat \u00a0y el 20 de abril vuelve a la Intendencia <a class=\"mh-excerpt-more\" href=\"https:\/\/larevistadigital.com.ar\/blog\/renuncio-francisco-echarren-a-la-sub-secretaria-de-vivienda-de-la-provincia-de-buenos-aires\/\" title=\"RENUNCI\u00d3 FRANCISCO ECHARREN A LA SUB SECRETAR\u00cdA DE VIVIENDA DE LA PROVINCIA DE BUENOS AIRES\">[Leer M\u00e1s]<\/a><\/p>\n<\/div>","protected":false},"author":3,"featured_media":1553,"comment_status":"open","ping_status":"open","sticky":false,"template":"","format":"standard","meta":{"_jetpack_memberships_contains_paid_content":false,"footnotes":"","jetpack_publicize_message":"","jetpack_publicize_feature_enabled":true,"jetpack_social_post_already_shared":true,"jetpack_social_options":{"image_generator_settings":{"template":"highway","default_image_id":0,"font":"","enabled":false},"version":2}},"categories":[41,24],"tags":[],"class_list":{"0":"post-1552","1":"post","2":"type-post","3":"status-publish","4":"format-standard","5":"has-post-thumbnail","7":"category-destacadas","8":"category-politica-provincial"},"jetpack_publicize_connections":[],"jetpack_featured_media_url":"https:\/\/i0.wp.com\/larevistadigital.com.ar\/blog\/wp-content\/uploads\/2017\/03\/20121030-echarren-hoy-ser-joven-es-una-bendicin-1440x921.jpg?fit=1440%2C921&ssl=1","jetpack_sharing_enabled":true,"jetpack_shortlink":"https:\/\/wp.me\/p8qtrQ-p2","jetpack-related-posts":[{"id":1863,"url":"https:\/\/larevistadigital.com.ar\/blog\/sebastian-echarren-orgulloso-de-su-hermano-que-retorna-a-la-intendencia-de-castelli-el-20-de-abril\/","url_meta":{"origin":1552,"position":0},"title":"SEBASTI\u00c1N ECHARREN ORGULLOSO DE SU HERMANO QUE RETORNA A LA INTENDENCIA DE CASTELLI EL 20 DE ABRIL","author":"Alejandro Sosa Ruda","date":"6 abril, 2017","format":false,"excerpt":"Como es de dominio p\u00fablico, Francisco Echarren, el intendente peronista que en diciembre pasado asumi\u00f3 como funcionario de Mar\u00eda Eugenia Vidal, present\u00f3 su renuncia al cargo que ocupaba en el gabinete bonaerense. Echarren jur\u00f3 a fin de a\u00f1o como subsecretario de Vivienda, Tierras y H\u00e1bitat, y a mediados de semana\u2026","rel":"","context":"En \u00abCASTELLI\u00bb","block_context":{"text":"CASTELLI","link":"https:\/\/larevistadigital.com.ar\/blog\/category\/castelli\/"},"img":{"alt_text":"","src":"https:\/\/i0.wp.com\/larevistadigital.com.ar\/blog\/wp-content\/uploads\/2017\/04\/bbx_446572104_maxresdefault.jpg?fit=650%2C470&ssl=1&resize=350%2C200","width":350,"height":200,"srcset":"https:\/\/i0.wp.com\/larevistadigital.com.ar\/blog\/wp-content\/uploads\/2017\/04\/bbx_446572104_maxresdefault.jpg?fit=650%2C470&ssl=1&resize=350%2C200 1x, https:\/\/i0.wp.com\/larevistadigital.com.ar\/blog\/wp-content\/uploads\/2017\/04\/bbx_446572104_maxresdefault.jpg?fit=650%2C470&ssl=1&resize=525%2C300 1.5x"},"classes":[]},{"id":3353,"url":"https:\/\/larevistadigital.com.ar\/blog\/castelli-el-intendente-echarren-confirmo-su-pase-a-unidad-ciudadana\/","url_meta":{"origin":1552,"position":1},"title":"CASTELLI: EL INTENDENTE ECHARREN CONFIRM\u00d3 SU PASE A UNIDAD CIUDADANA","author":"Alejandro Sosa Ruda","date":"28 septiembre, 2017","format":false,"excerpt":"Con un mensaje en twitter y una foto, el intendente de Castelli, Francisco Echarren confirm\u00f3 su salida del frente \"Cumplir\" que liderea Florencio Randazzo y su vuelta a las huestes de Cristina Fern\u00e1ndez de Kirchner, en este caso al espacio de Unidad Ciudadana. Echarren sostuvo que \"la \u00fanica opci\u00f3n que\u2026","rel":"","context":"En \u00abCASTELLI\u00bb","block_context":{"text":"CASTELLI","link":"https:\/\/larevistadigital.com.ar\/blog\/category\/castelli\/"},"img":{"alt_text":"","src":"https:\/\/i0.wp.com\/larevistadigital.com.ar\/blog\/wp-content\/uploads\/2017\/09\/FRANCISCO-CASTELLI.jpg?fit=1024%2C683&ssl=1&resize=350%2C200","width":350,"height":200,"srcset":"https:\/\/i0.wp.com\/larevistadigital.com.ar\/blog\/wp-content\/uploads\/2017\/09\/FRANCISCO-CASTELLI.jpg?fit=1024%2C683&ssl=1&resize=350%2C200 1x, https:\/\/i0.wp.com\/larevistadigital.com.ar\/blog\/wp-content\/uploads\/2017\/09\/FRANCISCO-CASTELLI.jpg?fit=1024%2C683&ssl=1&resize=525%2C300 1.5x, https:\/\/i0.wp.com\/larevistadigital.com.ar\/blog\/wp-content\/uploads\/2017\/09\/FRANCISCO-CASTELLI.jpg?fit=1024%2C683&ssl=1&resize=700%2C400 2x"},"classes":[]},{"id":24579,"url":"https:\/\/larevistadigital.com.ar\/blog\/castelli-reasume-francisco-echarren-luego-de-8-meses-en-el-gobierno-nacional\/","url_meta":{"origin":1552,"position":2},"title":"CASTELLI: REASUME FRANCISCO ECHARREN LUEGO DE 8 MESES EN EL GOBIERNO NACIONAL","author":"Alejandro Sosa Ruda","date":"15 marzo, 2022","format":false,"excerpt":"\"Nos vamos con la certeza de que fuimos funcionarios que funcionamos\", dijo el jefe comunal del Frente de Todos, que se desempe\u00f1\u00f3 en el ministerio de Transporte nacional. CASTELLI -\u00a0 Francisco Echarren\u00a0anunci\u00f3 su regreso al cargo de intendente de\u00a0Castelli, luego de casi un a\u00f1o en la\u00a0Direcci\u00f3n Nacional de Obras del\u2026","rel":"","context":"En \u00abCASTELLI\u00bb","block_context":{"text":"CASTELLI","link":"https:\/\/larevistadigital.com.ar\/blog\/category\/castelli\/"},"img":{"alt_text":"","src":"https:\/\/i0.wp.com\/larevistadigital.com.ar\/blog\/wp-content\/uploads\/f9891e6aef70d50fa77354586b3895b02afcd685.jpg?fit=1140%2C677&ssl=1&resize=350%2C200","width":350,"height":200,"srcset":"https:\/\/i0.wp.com\/larevistadigital.com.ar\/blog\/wp-content\/uploads\/f9891e6aef70d50fa77354586b3895b02afcd685.jpg?fit=1140%2C677&ssl=1&resize=350%2C200 1x, https:\/\/i0.wp.com\/larevistadigital.com.ar\/blog\/wp-content\/uploads\/f9891e6aef70d50fa77354586b3895b02afcd685.jpg?fit=1140%2C677&ssl=1&resize=525%2C300 1.5x, https:\/\/i0.wp.com\/larevistadigital.com.ar\/blog\/wp-content\/uploads\/f9891e6aef70d50fa77354586b3895b02afcd685.jpg?fit=1140%2C677&ssl=1&resize=700%2C400 2x, https:\/\/i0.wp.com\/larevistadigital.com.ar\/blog\/wp-content\/uploads\/f9891e6aef70d50fa77354586b3895b02afcd685.jpg?fit=1140%2C677&ssl=1&resize=1050%2C600 3x"},"classes":[]},{"id":15732,"url":"https:\/\/larevistadigital.com.ar\/blog\/segundo-round-audio-etchevarren-dolores-le-contesto-a-echarren-castelli-es-un-mentiroso-y-mala-persona\/","url_meta":{"origin":1552,"position":3},"title":"SEGUNDO ROUND: [AUDIO] ETCHEVARREN (DOLORES) LE CONTEST\u00d3 A ECHARREN (CASTELLI) \u00abES UN MENTIROSO Y MALA PERSONA\u00bb","author":"Alejandro Sosa Ruda","date":"19 junio, 2020","format":false,"excerpt":"Luego que tomara trascendencia el audio del intendente de Castelli, Franc\u00edsco Echarren, donde acusa a su par de Dolores, Camilo Etchevarren de impedirle el ingreso a la ciudad, para llevarle leche a su beb\u00e9 reci\u00e9n nacido que se encuentra en el hospital de Dolores junto a su mam\u00e1, no tard\u00f3\u2026","rel":"","context":"En \u00abCASTELLI\u00bb","block_context":{"text":"CASTELLI","link":"https:\/\/larevistadigital.com.ar\/blog\/category\/castelli\/"},"img":{"alt_text":"","src":"https:\/\/i0.wp.com\/larevistadigital.com.ar\/blog\/wp-content\/uploads\/sds.jpg?fit=1000%2C625&ssl=1&resize=350%2C200","width":350,"height":200,"srcset":"https:\/\/i0.wp.com\/larevistadigital.com.ar\/blog\/wp-content\/uploads\/sds.jpg?fit=1000%2C625&ssl=1&resize=350%2C200 1x, https:\/\/i0.wp.com\/larevistadigital.com.ar\/blog\/wp-content\/uploads\/sds.jpg?fit=1000%2C625&ssl=1&resize=525%2C300 1.5x, https:\/\/i0.wp.com\/larevistadigital.com.ar\/blog\/wp-content\/uploads\/sds.jpg?fit=1000%2C625&ssl=1&resize=700%2C400 2x"},"classes":[]},{"id":10715,"url":"https:\/\/larevistadigital.com.ar\/blog\/castelli-confirmada-la-lista-de-echarren-por-la-reeleccion\/","url_meta":{"origin":1552,"position":4},"title":"CASTELLI: CONFIRMADA LA LISTA DE ECHARREN POR LA REELECCI\u00d3N","author":"Alejandro Sosa Ruda","date":"23 junio, 2019","format":false,"excerpt":"El intendente de Castelli, Francisco Echarren present\u00f3 su lista que lo lleva como candidato para ser reelecto en las elecciones de octubre pr\u00f3ximo, y a continuaci\u00f3n la detallamos: INTENDENTE: Franc\u00edsco Echarren CONCEJALES TITULARES: 1- Julio Sebasti\u00e1n Echarren 2- Azecena Lujan Traverso 3- Juan Mart\u00edn Bourras 4- Anal\u00eda Beit\u00eda 5- Esteban\u2026","rel":"","context":"En \u00abCASTELLI\u00bb","block_context":{"text":"CASTELLI","link":"https:\/\/larevistadigital.com.ar\/blog\/category\/castelli\/"},"img":{"alt_text":"","src":"https:\/\/i0.wp.com\/larevistadigital.com.ar\/blog\/wp-content\/uploads\/64678055_10217024295913722_2327855369440722944_n.jpg?fit=720%2C960&ssl=1&resize=350%2C200","width":350,"height":200,"srcset":"https:\/\/i0.wp.com\/larevistadigital.com.ar\/blog\/wp-content\/uploads\/64678055_10217024295913722_2327855369440722944_n.jpg?fit=720%2C960&ssl=1&resize=350%2C200 1x, https:\/\/i0.wp.com\/larevistadigital.com.ar\/blog\/wp-content\/uploads\/64678055_10217024295913722_2327855369440722944_n.jpg?fit=720%2C960&ssl=1&resize=525%2C300 1.5x, https:\/\/i0.wp.com\/larevistadigital.com.ar\/blog\/wp-content\/uploads\/64678055_10217024295913722_2327855369440722944_n.jpg?fit=720%2C960&ssl=1&resize=700%2C400 2x"},"classes":[]},{"id":7917,"url":"https:\/\/larevistadigital.com.ar\/blog\/castelli-el-intendente-echarren-confirmo-que-el-marido-y-el-hijo-de-la-joven-fallecida-por-hantavirus-no-estan-infectados\/","url_meta":{"origin":1552,"position":5},"title":"CASTELLI: EL INTENDENTE ECHARREN CONFIRM\u00d3 QUE EL MARIDO Y EL HIJO DE LA JOVEN FALLECIDA POR HANTAVIRUS NO EST\u00c1N INFECTADOS","author":"Alejandro Sosa Ruda","date":"23 enero, 2019","format":false,"excerpt":"El Intendente de la ciudad de Castelli, Francisco Echarren confirm\u00f3 esta tarde que ni el esposo ni el hijo de la mujer fallecida por hantavirus d\u00edas pasados est\u00e1n contagiados con la enfermedad. Ambos hab\u00edan sido derivados a diversos nosocomios de las ciudades de La Plata y Buenos Aires respectivamente, por\u2026","rel":"","context":"En \u00abCASTELLI\u00bb","block_context":{"text":"CASTELLI","link":"https:\/\/larevistadigital.com.ar\/blog\/category\/castelli\/"},"img":{"alt_text":"","src":"https:\/\/i0.wp.com\/larevistadigital.com.ar\/blog\/wp-content\/uploads\/2018\/12\/ECHARREN.jpg?fit=900%2C598&ssl=1&resize=350%2C200","width":350,"height":200,"srcset":"https:\/\/i0.wp.com\/larevistadigital.com.ar\/blog\/wp-content\/uploads\/2018\/12\/ECHARREN.jpg?fit=900%2C598&ssl=1&resize=350%2C200 1x, https:\/\/i0.wp.com\/larevistadigital.com.ar\/blog\/wp-content\/uploads\/2018\/12\/ECHARREN.jpg?fit=900%2C598&ssl=1&resize=525%2C300 1.5x, https:\/\/i0.wp.com\/larevistadigital.com.ar\/blog\/wp-content\/uploads\/2018\/12\/ECHARREN.jpg?fit=900%2C598&ssl=1&resize=700%2C400 2x"},"classes":[]}],"_links":{"self":[{"href":"https:\/\/larevistadigital.com.ar\/blog\/wp-json\/wp\/v2\/posts\/1552","targetHints":{"allow":["GET"]}}],"collection":[{"href":"https:\/\/larevistadigital.com.ar\/blog\/wp-json\/wp\/v2\/posts"}],"about":[{"href":"https:\/\/larevistadigital.com.ar\/blog\/wp-json\/wp\/v2\/types\/post"}],"author":[{"embeddable":true,"href":"https:\/\/larevistadigital.com.ar\/blog\/wp-json\/wp\/v2\/users\/3"}],"replies":[{"embeddable":true,"href":"https:\/\/larevistadigital.com.ar\/blog\/wp-json\/wp\/v2\/comments?post=1552"}],"version-history":[{"count":1,"href":"https:\/\/larevistadigital.com.ar\/blog\/wp-json\/wp\/v2\/posts\/1552\/revisions"}],"predecessor-version":[{"id":1554,"href":"https:\/\/larevistadigital.com.ar\/blog\/wp-json\/wp\/v2\/posts\/1552\/revisions\/1554"}],"wp:featuredmedia":[{"embeddable":true,"href":"https:\/\/larevistadigital.com.ar\/blog\/wp-json\/wp\/v2\/media\/1553"}],"wp:attachment":[{"href":"https:\/\/larevistadigital.com.ar\/blog\/wp-json\/wp\/v2\/media?parent=1552"}],"wp:term":[{"taxonomy":"category","embeddable":true,"href":"https:\/\/larevistadigital.com.ar\/blog\/wp-json\/wp\/v2\/categories?post=1552"},{"taxonomy":"post_tag","embeddable":true,"href":"https:\/\/larevistadigital.com.ar\/blog\/wp-json\/wp\/v2\/tags?post=1552"}],"curies":[{"name":"wp","href":"https:\/\/api.w.org\/{rel}","templated":true}]}}