{"id":1555,"date":"2017-03-23T21:23:23","date_gmt":"2017-03-23T21:23:23","guid":{"rendered":"https:\/\/larevistadigital.com.ar\/blog\/?p=1555"},"modified":"2017-03-23T21:23:23","modified_gmt":"2017-03-23T21:23:23","slug":"julio-piumato-luchar-contra-el-traspaso-es-luchar-contra-la-corrupcion","status":"publish","type":"post","link":"https:\/\/larevistadigital.com.ar\/blog\/julio-piumato-luchar-contra-el-traspaso-es-luchar-contra-la-corrupcion\/","title":{"rendered":"JULIO PIUMATO: LUCHAR CONTRA EL TRASPASO ES LUCHAR CONTRA LA CORRUPCI\u00d3N"},"content":{"rendered":"<h2>La Uni\u00f3n de Empleados de la Justicia de la Naci\u00f3n (UEJN) que conduce\u00a0<strong>Julio Piumato<\/strong>\u00a0moviliz\u00f3 este martes al Congreso Nacional para repudiar el traspaso de un sector de la Justicia nacional a la \u00f3rbita de la Ciudad de Buenos Aires, en el marco de un paro de 36 horas.<\/h2>\n<p>Para <strong>Piumato<\/strong>,\u00a0el traspaso de la <strong><em>Justicia \u00absignifica impunidad para los funcionarios del actual gobierno\u00a0y, adem\u00e1s, flexibilizaci\u00f3n laboral para todos los trabajadores del pa\u00eds\u00bb<\/em><\/strong>. Continu\u00f3 diciendo que la medida <strong><em>\u00abesconde impunidad y flexibilizaci\u00f3n, jam\u00e1s un mejoramiento de la justicia\u00bb.<\/em><\/strong><\/p>\n<p><strong><em>\u00abHoy, el Gobierno no est\u00e1 en condiciones de flexibilizar por medio de una norma, la ley de Contrato de Trabajo, pero s\u00ed est\u00e1 en condiciones de hacerlo con el traspaso de la justicia laboral a los tribunales porte\u00f1os\u00bb<\/em><\/strong>, asegur\u00f3 en un reportaje brindado a \u00a0Cadena 3.<\/p>\n<blockquote><p>\u00a0<strong>\u00abporque son conscientes que esto esconde m\u00e1s all\u00e1 que un perjuicio a los judiciales\u00bb. \u00abEsconde un perjuicio a todos los trabajadores argentinos\u00a0y a todos los ciudadanos de la ciudad, porque los deja en la impunidad frente a la corrupci\u00f3n\u00bb, a\u00f1adi\u00f3.<\/strong><\/p><\/blockquote>\n<p>Remarc\u00f3, en ese sentido, el <strong><em>\u00abfracaso de todas las pol\u00edticas que benefician a los menos y perjudican a los m\u00e1s\u00bb, ya que hacen \u00abuna Argentina cada vez m\u00e1s desigual\u00a0y cada d\u00eda mayores sectores que pasan bajo la l\u00ednea de pobreza\u00bb. \u00abEl gobierno no ve esta realidad, la niega. Est\u00e1 como viviendo en una probeta. Se lo dijo Mirtha Legrand el s\u00e1bado a la noche con total claridad al presidente de la naci\u00f3n despu\u00e9s de que dijera que los jubilados ganan 50 por ciento m\u00e1s de lo que ganan en realidad\u00bb.<\/em><\/strong><\/p>\n<p>Y agreg\u00f3: <strong><em>\u00abOjal\u00e1 que a partir de esto el Presidente haga una conferencia de prensa y anuncie que los jubilados como m\u00ednimo van a ganar nueve mil pesos\u00bb.<\/em><\/strong><\/p>\n<p>Tambi\u00e9n se expres\u00f3 la secretaria de prensa Laura Iparraguirre, que dijo que la huelga de 36 horas comenzar\u00e1 a las 10 del martes pr\u00f3ximo para denunciar<em>\u00a0<strong>\u201cel espurio y no casual intento del gobierno de traspasar la justicia ordinaria nacional al \u00e1mbito porte\u00f1o\u201d. \u201cEl traspaso de juzgados sin magistrados, quienes atienden sobre todo delitos contra la administraci\u00f3n p\u00fablica, garantiza al gobierno designaciones afines a su ideolog\u00eda, como lo realiza en la Capital Federal, dependientes del poder de turno\u201d<\/strong><\/em>.<\/p>\n<p>&nbsp;<\/p>\n<p>&nbsp;<\/p>\n<p>&nbsp;<\/p>\n<p><strong>\u00a0<\/strong><\/p>\n","protected":false},"excerpt":{"rendered":"<div class=\"mh-excerpt\"><p>La Uni\u00f3n de Empleados de la Justicia de la Naci\u00f3n (UEJN) que conduce\u00a0Julio Piumato\u00a0moviliz\u00f3 este martes al Congreso Nacional para repudiar el traspaso de un sector de la Justicia nacional a la \u00f3rbita de la <a class=\"mh-excerpt-more\" href=\"https:\/\/larevistadigital.com.ar\/blog\/julio-piumato-luchar-contra-el-traspaso-es-luchar-contra-la-corrupcion\/\" title=\"JULIO PIUMATO: LUCHAR CONTRA EL TRASPASO ES LUCHAR CONTRA LA CORRUPCI\u00d3N\">[Leer M\u00e1s]<\/a><\/p>\n<\/div>","protected":false},"author":3,"featured_media":1556,"comment_status":"open","ping_status":"open","sticky":false,"template":"","format":"standard","meta":{"_jetpack_memberships_contains_paid_content":false,"footnotes":"","jetpack_publicize_message":"","jetpack_publicize_feature_enabled":true,"jetpack_social_post_already_shared":true,"jetpack_social_options":{"image_generator_settings":{"template":"highway","default_image_id":0,"font":"","enabled":false},"version":2}},"categories":[41,28],"tags":[],"class_list":{"0":"post-1555","1":"post","2":"type-post","3":"status-publish","4":"format-standard","5":"has-post-thumbnail","7":"category-destacadas","8":"category-nacionales"},"jetpack_publicize_connections":[],"jetpack_featured_media_url":"https:\/\/i0.wp.com\/larevistadigital.com.ar\/blog\/wp-content\/uploads\/2017\/03\/0000023315.jpg?fit=690%2C405&ssl=1","jetpack_sharing_enabled":true,"jetpack_shortlink":"https:\/\/wp.me\/p8qtrQ-p5","jetpack-related-posts":[{"id":16559,"url":"https:\/\/larevistadigital.com.ar\/blog\/nota-de-opinion-atropello-a-la-justicia-en-busca-de-impunidad\/","url_meta":{"origin":1555,"position":0},"title":"NOTA DE OPINI\u00d3N: ATROPELLO A LA JUSTICIA EN BUSCA DE IMPUNIDAD","author":"Alejandro Sosa Ruda","date":"27 septiembre, 2020","format":false,"excerpt":"El Ateneo Arturo Illia hizo p\u00fablica una nota de opini\u00f3n, que a continuaci\u00f3n reproducimos: En una sesi\u00f3n del Senado con irregularidades el oficialismo en soledad aprob\u00f3 remover de sus cargos a los Camaristas, y al Juez que intervienen en causas de corrupci\u00f3n, significa que el procedimiento por el Consejo de\u2026","rel":"","context":"En \u00abINTERES GENERAL\u00bb","block_context":{"text":"INTERES GENERAL","link":"https:\/\/larevistadigital.com.ar\/blog\/category\/interes-general\/"},"img":{"alt_text":"","src":"https:\/\/i0.wp.com\/larevistadigital.com.ar\/blog\/wp-content\/uploads\/justicia-no-ciega1.jpg?fit=650%2C369&ssl=1&resize=350%2C200","width":350,"height":200,"srcset":"https:\/\/i0.wp.com\/larevistadigital.com.ar\/blog\/wp-content\/uploads\/justicia-no-ciega1.jpg?fit=650%2C369&ssl=1&resize=350%2C200 1x, https:\/\/i0.wp.com\/larevistadigital.com.ar\/blog\/wp-content\/uploads\/justicia-no-ciega1.jpg?fit=650%2C369&ssl=1&resize=525%2C300 1.5x"},"classes":[]},{"id":39098,"url":"https:\/\/larevistadigital.com.ar\/blog\/julio-alak-y-axel-kicillof-conmemoraron-el-dia-de-la-memoria-y-rechazaron-el-negacionismo\/","url_meta":{"origin":1555,"position":1},"title":"Julio Alak y Axel Kicillof conmemoraron el D\u00eda de la Memoria y rechazaron el negacionismo","author":"Alejandro Sosa Ruda","date":"24 marzo, 2025","format":false,"excerpt":"El intendente de La Plata, Julio Alak, y el gobernador Axel Kicillof recordaron a los 30.000 desaparecidos y destacaron la importancia de las pol\u00edticas de memoria. 24 De Marzo de 2025 A 49 a\u00f1os del golpe: compromiso con la memoria y el reclamo por justicia En un nuevo aniversario del\u2026","rel":"","context":"En \u00abDESTACADAS\u00bb","block_context":{"text":"DESTACADAS","link":"https:\/\/larevistadigital.com.ar\/blog\/category\/destacadas\/"},"img":{"alt_text":"","src":"https:\/\/i0.wp.com\/larevistadigital.com.ar\/blog\/wp-content\/uploads\/Captura-de-pantalla-2025-03-24-153825.jpg?fit=839%2C530&ssl=1&resize=350%2C200","width":350,"height":200,"srcset":"https:\/\/i0.wp.com\/larevistadigital.com.ar\/blog\/wp-content\/uploads\/Captura-de-pantalla-2025-03-24-153825.jpg?fit=839%2C530&ssl=1&resize=350%2C200 1x, https:\/\/i0.wp.com\/larevistadigital.com.ar\/blog\/wp-content\/uploads\/Captura-de-pantalla-2025-03-24-153825.jpg?fit=839%2C530&ssl=1&resize=525%2C300 1.5x, https:\/\/i0.wp.com\/larevistadigital.com.ar\/blog\/wp-content\/uploads\/Captura-de-pantalla-2025-03-24-153825.jpg?fit=839%2C530&ssl=1&resize=700%2C400 2x"},"classes":[]},{"id":851,"url":"https:\/\/larevistadigital.com.ar\/blog\/851-2\/","url_meta":{"origin":1555,"position":2},"title":"ALERTA: \u00bfSe pretende vaciar la ANSES?","author":"Alejandro Sosa Ruda","date":"9 marzo, 2017","format":false,"excerpt":"Desde el SECASFPI se alert\u00f3 acerca de la intenci\u00f3n de traspasar los planes PROCREAR a la \u00f3rbita del Ministerio del Interior, Obras P\u00fablicas y Vivienda. Desde el sindicato de Empleados de la Ex Caja de Subsidios Familiares para el personal de la Industria (SECASFPI) conducido por Carlos Ortega, se alert\u00f3\u2026","rel":"","context":"En \u00abGREMIALES\u00bb","block_context":{"text":"GREMIALES","link":"https:\/\/larevistadigital.com.ar\/blog\/category\/gremiales\/"},"img":{"alt_text":"","src":"https:\/\/i0.wp.com\/larevistadigital.com.ar\/blog\/wp-content\/uploads\/2017\/03\/560d22e60f720.jpg?fit=1024%2C768&ssl=1&resize=350%2C200","width":350,"height":200,"srcset":"https:\/\/i0.wp.com\/larevistadigital.com.ar\/blog\/wp-content\/uploads\/2017\/03\/560d22e60f720.jpg?fit=1024%2C768&ssl=1&resize=350%2C200 1x, https:\/\/i0.wp.com\/larevistadigital.com.ar\/blog\/wp-content\/uploads\/2017\/03\/560d22e60f720.jpg?fit=1024%2C768&ssl=1&resize=525%2C300 1.5x, https:\/\/i0.wp.com\/larevistadigital.com.ar\/blog\/wp-content\/uploads\/2017\/03\/560d22e60f720.jpg?fit=1024%2C768&ssl=1&resize=700%2C400 2x"},"classes":[]},{"id":33202,"url":"https:\/\/larevistadigital.com.ar\/blog\/alak-participo-de-una-nueva-jornada-de-el-estado-en-tu-barrio-en-los-hornos\/","url_meta":{"origin":1555,"position":3},"title":"ALAK PARTICIP\u00d3 DE UNA NUEVA JORNADA DE \u00abEL ESTADO EN TU BARRIO\u00bb EN LOS HORNOS","author":"Alejandro Sosa Ruda","date":"1 septiembre, 2023","format":false,"excerpt":"1\u00b0 de septiembre de 2023 LA PLATA -\u00a0 El ministro de Justicia y Derechos Humanos de la Provincia y candidato a intendente de La Plata, Julio Alak, particip\u00f3 este mi\u00e9rcoles junto a la Ministra de las Mujeres, Pol\u00edticas de G\u00e9nero y Diversidad Sexual, Estela D\u00edaz de una nueva jornada del\u2026","rel":"","context":"En \u00abSin categor\u00eda\u00bb","block_context":{"text":"Sin categor\u00eda","link":"https:\/\/larevistadigital.com.ar\/blog\/category\/sin-categoria\/"},"img":{"alt_text":"","src":"https:\/\/i0.wp.com\/larevistadigital.com.ar\/blog\/wp-content\/uploads\/alak-2.jpeg?fit=1200%2C800&ssl=1&resize=350%2C200","width":350,"height":200,"srcset":"https:\/\/i0.wp.com\/larevistadigital.com.ar\/blog\/wp-content\/uploads\/alak-2.jpeg?fit=1200%2C800&ssl=1&resize=350%2C200 1x, https:\/\/i0.wp.com\/larevistadigital.com.ar\/blog\/wp-content\/uploads\/alak-2.jpeg?fit=1200%2C800&ssl=1&resize=525%2C300 1.5x, https:\/\/i0.wp.com\/larevistadigital.com.ar\/blog\/wp-content\/uploads\/alak-2.jpeg?fit=1200%2C800&ssl=1&resize=700%2C400 2x, https:\/\/i0.wp.com\/larevistadigital.com.ar\/blog\/wp-content\/uploads\/alak-2.jpeg?fit=1200%2C800&ssl=1&resize=1050%2C600 3x"},"classes":[]},{"id":38793,"url":"https:\/\/larevistadigital.com.ar\/blog\/reves-judicial-para-julio-zamora-la-justicia-avalo-la-prohibicion-de-tasas-municipales-en-facturas-de-luz-y-gas\/","url_meta":{"origin":1555,"position":4},"title":"Rev\u00e9s judicial para Julio Zamora: la Justicia aval\u00f3 la prohibici\u00f3n de tasas municipales en facturas de luz y gas","author":"Alejandro Sosa Ruda","date":"23 febrero, 2025","format":false,"excerpt":"23 de Febrero de 2025 BUENOS AIRES -\u00a0 Un juez federal rechaz\u00f3 el recurso presentado por el intendente de Tigre, Julio Zamora, contra la resoluci\u00f3n del Ministerio de Econom\u00eda que impide incluir tasas municipales en las facturas de servicios p\u00fablicos. La decisi\u00f3n judicial representa un triunfo para el ministro Luis\u2026","rel":"","context":"En \u00abPOLITICA PROVINCIAL\u00bb","block_context":{"text":"POLITICA PROVINCIAL","link":"https:\/\/larevistadigital.com.ar\/blog\/category\/politica\/politica-provincial\/"},"img":{"alt_text":"","src":"https:\/\/i0.wp.com\/larevistadigital.com.ar\/blog\/wp-content\/uploads\/20250222182116_intendente-de-tigre-julio-zamora.jpg?fit=880%2C512&ssl=1&resize=350%2C200","width":350,"height":200,"srcset":"https:\/\/i0.wp.com\/larevistadigital.com.ar\/blog\/wp-content\/uploads\/20250222182116_intendente-de-tigre-julio-zamora.jpg?fit=880%2C512&ssl=1&resize=350%2C200 1x, https:\/\/i0.wp.com\/larevistadigital.com.ar\/blog\/wp-content\/uploads\/20250222182116_intendente-de-tigre-julio-zamora.jpg?fit=880%2C512&ssl=1&resize=525%2C300 1.5x, https:\/\/i0.wp.com\/larevistadigital.com.ar\/blog\/wp-content\/uploads\/20250222182116_intendente-de-tigre-julio-zamora.jpg?fit=880%2C512&ssl=1&resize=700%2C400 2x"},"classes":[]},{"id":612,"url":"https:\/\/larevistadigital.com.ar\/blog\/la-multisectorial-mujeres-anuncio-actividades-miercoles-8-marzo\/","url_meta":{"origin":1555,"position":5},"title":"La Multisectorial de Mujeres anunci\u00f3 actividades para el mi\u00e9rcoles 8 de marzo","author":"editor","date":"6 marzo, 2017","format":false,"excerpt":"La mutisectorial de mujeres de Chascom\u00fas, ni una menos, emiti\u00f3 un comunicado de prensa, en el marco del pr\u00f3ximo d\u00eda internacional de la mujer. El texto completo de dicho documento, es el siguiente: El 8 de marzo conmemoramos el D\u00eda Internacional de la Mujer Trabajadora. El a\u00f1o 1910 se propone\u2026","rel":"","context":"En \u00abCHASCOM\u00daS\u00bb","block_context":{"text":"CHASCOM\u00daS","link":"https:\/\/larevistadigital.com.ar\/blog\/category\/chascomus\/"},"img":{"alt_text":"","src":"https:\/\/i0.wp.com\/larevistadigital.com.ar\/blog\/wp-content\/uploads\/2017\/03\/1476947836_262548_1476948391_album_normal.jpg?fit=980%2C653&ssl=1&resize=350%2C200","width":350,"height":200,"srcset":"https:\/\/i0.wp.com\/larevistadigital.com.ar\/blog\/wp-content\/uploads\/2017\/03\/1476947836_262548_1476948391_album_normal.jpg?fit=980%2C653&ssl=1&resize=350%2C200 1x, https:\/\/i0.wp.com\/larevistadigital.com.ar\/blog\/wp-content\/uploads\/2017\/03\/1476947836_262548_1476948391_album_normal.jpg?fit=980%2C653&ssl=1&resize=525%2C300 1.5x, https:\/\/i0.wp.com\/larevistadigital.com.ar\/blog\/wp-content\/uploads\/2017\/03\/1476947836_262548_1476948391_album_normal.jpg?fit=980%2C653&ssl=1&resize=700%2C400 2x"},"classes":[]}],"_links":{"self":[{"href":"https:\/\/larevistadigital.com.ar\/blog\/wp-json\/wp\/v2\/posts\/1555","targetHints":{"allow":["GET"]}}],"collection":[{"href":"https:\/\/larevistadigital.com.ar\/blog\/wp-json\/wp\/v2\/posts"}],"about":[{"href":"https:\/\/larevistadigital.com.ar\/blog\/wp-json\/wp\/v2\/types\/post"}],"author":[{"embeddable":true,"href":"https:\/\/larevistadigital.com.ar\/blog\/wp-json\/wp\/v2\/users\/3"}],"replies":[{"embeddable":true,"href":"https:\/\/larevistadigital.com.ar\/blog\/wp-json\/wp\/v2\/comments?post=1555"}],"version-history":[{"count":1,"href":"https:\/\/larevistadigital.com.ar\/blog\/wp-json\/wp\/v2\/posts\/1555\/revisions"}],"predecessor-version":[{"id":1557,"href":"https:\/\/larevistadigital.com.ar\/blog\/wp-json\/wp\/v2\/posts\/1555\/revisions\/1557"}],"wp:featuredmedia":[{"embeddable":true,"href":"https:\/\/larevistadigital.com.ar\/blog\/wp-json\/wp\/v2\/media\/1556"}],"wp:attachment":[{"href":"https:\/\/larevistadigital.com.ar\/blog\/wp-json\/wp\/v2\/media?parent=1555"}],"wp:term":[{"taxonomy":"category","embeddable":true,"href":"https:\/\/larevistadigital.com.ar\/blog\/wp-json\/wp\/v2\/categories?post=1555"},{"taxonomy":"post_tag","embeddable":true,"href":"https:\/\/larevistadigital.com.ar\/blog\/wp-json\/wp\/v2\/tags?post=1555"}],"curies":[{"name":"wp","href":"https:\/\/api.w.org\/{rel}","templated":true}]}}