{"id":15572,"date":"2020-06-09T16:17:10","date_gmt":"2020-06-09T16:17:10","guid":{"rendered":"https:\/\/larevistadigital.com.ar\/blog\/?p=15572"},"modified":"2020-06-09T16:17:10","modified_gmt":"2020-06-09T16:17:10","slug":"video-te-damos-un-arma-impresionante-11-maneras-simples-para-detectar-a-un-mentiroso","status":"publish","type":"post","link":"https:\/\/larevistadigital.com.ar\/blog\/video-te-damos-un-arma-impresionante-11-maneras-simples-para-detectar-a-un-mentiroso\/","title":{"rendered":"[VIDEO] TE DAMOS UN ARMA IMPRESIONANTE: \u00ab11 MANERAS SIMPLES PARA DETECTAR A UN MENTIROSO\u00bb"},"content":{"rendered":"<p>Te acercamos un video en el que se explica algo que puede ser de mucha utilidad en la vida: \u00ab\u00bfc\u00f3mo detectar un mentiroso?\u00bb. Muchos dir\u00e1n&#8230;\u00bfporqu\u00e9 no lo supe antes? , pero n\u00fanca es tarde para sumar conocimiento.<\/p>\n<p>Los psic\u00f3logos dicen que el 90% de la comunicaci\u00f3n se manifiesta de manera \u00abNO VERBAL\u00bb, es decir que se manifiesta a trav\u00e9s de el tono de nuestra voz, la posici\u00f3n del cuerpo, los gestos que se hacen, la posici\u00f3n de los pies, y muchas otras cosas que al ojo inexperto pasan desapercibidas.<\/p>\n<p>En este video, que a continuaci\u00f3n compartimos, te damos las claves:<\/p>\n<p><span class=\"embed-youtube\" style=\"text-align:center; display: block;\"><iframe loading=\"lazy\" class=\"youtube-player\" width=\"640\" height=\"360\" src=\"https:\/\/www.youtube.com\/embed\/0o2KtnYqd2s?version=3&#038;rel=1&#038;showsearch=0&#038;showinfo=1&#038;iv_load_policy=1&#038;fs=1&#038;hl=es-ES&#038;autohide=2&#038;wmode=transparent\" allowfullscreen=\"true\" style=\"border:0;\" sandbox=\"allow-scripts allow-same-origin allow-popups allow-presentation allow-popups-to-escape-sandbox\"><\/iframe><\/span><\/p>\n<p>publicaci\u00f3n de canal de Youtube \u00abGenial\u00bb<\/p>\n","protected":false},"excerpt":{"rendered":"<div class=\"mh-excerpt\"><p>Te acercamos un video en el que se explica algo que puede ser de mucha utilidad en la vida: \u00ab\u00bfc\u00f3mo detectar un mentiroso?\u00bb. Muchos dir\u00e1n&#8230;\u00bfporqu\u00e9 no lo supe antes? , pero n\u00fanca es tarde para <a class=\"mh-excerpt-more\" href=\"https:\/\/larevistadigital.com.ar\/blog\/video-te-damos-un-arma-impresionante-11-maneras-simples-para-detectar-a-un-mentiroso\/\" title=\"[VIDEO] TE DAMOS UN ARMA IMPRESIONANTE: \u00ab11 MANERAS SIMPLES PARA DETECTAR A UN MENTIROSO\u00bb\">[Leer M\u00e1s]<\/a><\/p>\n<\/div>","protected":false},"author":3,"featured_media":15573,"comment_status":"open","ping_status":"open","sticky":false,"template":"","format":"standard","meta":{"_jetpack_memberships_contains_paid_content":false,"footnotes":"","jetpack_publicize_message":"","jetpack_publicize_feature_enabled":true,"jetpack_social_post_already_shared":true,"jetpack_social_options":{"image_generator_settings":{"template":"highway","default_image_id":0,"font":"","enabled":false},"version":2}},"categories":[45],"tags":[],"class_list":{"0":"post-15572","1":"post","2":"type-post","3":"status-publish","4":"format-standard","5":"has-post-thumbnail","7":"category-lo-vi-en-internet"},"jetpack_publicize_connections":[],"jetpack_featured_media_url":"https:\/\/i0.wp.com\/larevistadigital.com.ar\/blog\/wp-content\/uploads\/maxresdefault.jpg?fit=1280%2C720&ssl=1","jetpack_sharing_enabled":true,"jetpack_shortlink":"https:\/\/wp.me\/p8qtrQ-43a","jetpack-related-posts":[{"id":41636,"url":"https:\/\/larevistadigital.com.ar\/blog\/kicillof-cruzo-a-caputo-es-un-caradura-y-mentiroso-no-hay-ningun-impuesto-nuevo-en-la-provincia\/","url_meta":{"origin":15572,"position":0},"title":"Kicillof cruz\u00f3 a Caputo: \u201cEs un caradura y mentiroso, no hay ning\u00fan impuesto nuevo en la provincia\u00bb","author":"Alejandro Sosa Ruda","date":"24 septiembre, 2025","format":false,"excerpt":"El gobernador bonaerense sostuvo que es otra \u201crepugnante mentira\u201d del Gobierno Nacional que busca \u201cgenerar confusi\u00f3n y rascar votos\u201d en las pr\u00f3ximas elecciones. 24 de septiembre de 2025 BUENOS AIRES -\u00a0 \u00a0El gobernador de la provincia de Buenos Aires, Axel Kicillof, cruz\u00f3 al ministro de Econom\u00eda de la Naci\u00f3n, Luis\u2026","rel":"","context":"En \u00abINTERES GENERAL\u00bb","block_context":{"text":"INTERES GENERAL","link":"https:\/\/larevistadigital.com.ar\/blog\/category\/interes-general\/"},"img":{"alt_text":"","src":"https:\/\/i0.wp.com\/larevistadigital.com.ar\/blog\/wp-content\/uploads\/Captura-de-pantalla-2025-09-24-185654.jpg?fit=624%2C353&ssl=1&resize=350%2C200","width":350,"height":200,"srcset":"https:\/\/i0.wp.com\/larevistadigital.com.ar\/blog\/wp-content\/uploads\/Captura-de-pantalla-2025-09-24-185654.jpg?fit=624%2C353&ssl=1&resize=350%2C200 1x, https:\/\/i0.wp.com\/larevistadigital.com.ar\/blog\/wp-content\/uploads\/Captura-de-pantalla-2025-09-24-185654.jpg?fit=624%2C353&ssl=1&resize=525%2C300 1.5x"},"classes":[]},{"id":15732,"url":"https:\/\/larevistadigital.com.ar\/blog\/segundo-round-audio-etchevarren-dolores-le-contesto-a-echarren-castelli-es-un-mentiroso-y-mala-persona\/","url_meta":{"origin":15572,"position":1},"title":"SEGUNDO ROUND: [AUDIO] ETCHEVARREN (DOLORES) LE CONTEST\u00d3 A ECHARREN (CASTELLI) \u00abES UN MENTIROSO Y MALA PERSONA\u00bb","author":"Alejandro Sosa Ruda","date":"19 junio, 2020","format":false,"excerpt":"Luego que tomara trascendencia el audio del intendente de Castelli, Franc\u00edsco Echarren, donde acusa a su par de Dolores, Camilo Etchevarren de impedirle el ingreso a la ciudad, para llevarle leche a su beb\u00e9 reci\u00e9n nacido que se encuentra en el hospital de Dolores junto a su mam\u00e1, no tard\u00f3\u2026","rel":"","context":"En \u00abCASTELLI\u00bb","block_context":{"text":"CASTELLI","link":"https:\/\/larevistadigital.com.ar\/blog\/category\/castelli\/"},"img":{"alt_text":"","src":"https:\/\/i0.wp.com\/larevistadigital.com.ar\/blog\/wp-content\/uploads\/sds.jpg?fit=1000%2C625&ssl=1&resize=350%2C200","width":350,"height":200,"srcset":"https:\/\/i0.wp.com\/larevistadigital.com.ar\/blog\/wp-content\/uploads\/sds.jpg?fit=1000%2C625&ssl=1&resize=350%2C200 1x, https:\/\/i0.wp.com\/larevistadigital.com.ar\/blog\/wp-content\/uploads\/sds.jpg?fit=1000%2C625&ssl=1&resize=525%2C300 1.5x, https:\/\/i0.wp.com\/larevistadigital.com.ar\/blog\/wp-content\/uploads\/sds.jpg?fit=1000%2C625&ssl=1&resize=700%2C400 2x"},"classes":[]},{"id":14774,"url":"https:\/\/larevistadigital.com.ar\/blog\/el-chelo-delgado-salio-al-cruce-de-mac-allister-y-lo-trato-de-mentiroso\/","url_meta":{"origin":15572,"position":2},"title":"EL \u00abCHELO\u00bb DELGADO SALI\u00d3 AL CRUCE DE MAC ALLISTER, Y LO TRAT\u00d3 DE MENTIROSO","author":"Alejandro Sosa Ruda","date":"12 febrero, 2020","format":false,"excerpt":"El nuevo integrante del consejo de f\u00fatbol del Xeneize sali\u00f3 a cruzar al delantero del Brighton luego de su salida del club de la ribera \u201cTuve varias charlas con Riquelme y mi principal posici\u00f3n fue quedarme. En ese lapso en que digo que quiero quedarme pasaron cosas que no me\u2026","rel":"","context":"En \u00abDEPORTES\u00bb","block_context":{"text":"DEPORTES","link":"https:\/\/larevistadigital.com.ar\/blog\/category\/deportes\/"},"img":{"alt_text":"","src":"https:\/\/i0.wp.com\/larevistadigital.com.ar\/blog\/wp-content\/uploads\/Screenshot_1-99.jpg?fit=732%2C409&ssl=1&resize=350%2C200","width":350,"height":200,"srcset":"https:\/\/i0.wp.com\/larevistadigital.com.ar\/blog\/wp-content\/uploads\/Screenshot_1-99.jpg?fit=732%2C409&ssl=1&resize=350%2C200 1x, https:\/\/i0.wp.com\/larevistadigital.com.ar\/blog\/wp-content\/uploads\/Screenshot_1-99.jpg?fit=732%2C409&ssl=1&resize=525%2C300 1.5x, https:\/\/i0.wp.com\/larevistadigital.com.ar\/blog\/wp-content\/uploads\/Screenshot_1-99.jpg?fit=732%2C409&ssl=1&resize=700%2C400 2x"},"classes":[]},{"id":30857,"url":"https:\/\/larevistadigital.com.ar\/blog\/video-hace-instantes-sergio-berni-fue-agredido-a-trompadas-y-pedradas-en-un-corte-de-colectiveros-en-gral-paz-y-ruta-3\/","url_meta":{"origin":15572,"position":3},"title":"[VIDEO] HACE INSTANTES: SERGIO BERNI FUE AGREDIDO A TROMPADAS Y PEDRADAS EN UN CORTE DE COLECTIVEROS EN GRAL. PAZ Y RUTA 3","author":"Alejandro Sosa Ruda","date":"3 abril, 2023","format":false,"excerpt":"El ministro de Seguridad bonaerense fue golpeado en el lugar donde se manifestaban por el crimen de un chofer en Virrey del Pino. 3 de abril de 2023 BUENOS AIRES -\u00a0 Sergio Berni\u00a0fue agredido esta ma\u00f1ana al arribar a la protesta que un grupo de choferes de colectivos realizaba en\u2026","rel":"","context":"En \u00abGREMIALES\u00bb","block_context":{"text":"GREMIALES","link":"https:\/\/larevistadigital.com.ar\/blog\/category\/gremiales\/"},"img":{"alt_text":"","src":"https:\/\/i0.wp.com\/larevistadigital.com.ar\/blog\/wp-content\/uploads\/BERNI-GOLPEADO.jpg?fit=700%2C400&ssl=1&resize=350%2C200","width":350,"height":200,"srcset":"https:\/\/i0.wp.com\/larevistadigital.com.ar\/blog\/wp-content\/uploads\/BERNI-GOLPEADO.jpg?fit=700%2C400&ssl=1&resize=350%2C200 1x, https:\/\/i0.wp.com\/larevistadigital.com.ar\/blog\/wp-content\/uploads\/BERNI-GOLPEADO.jpg?fit=700%2C400&ssl=1&resize=525%2C300 1.5x, https:\/\/i0.wp.com\/larevistadigital.com.ar\/blog\/wp-content\/uploads\/BERNI-GOLPEADO.jpg?fit=700%2C400&ssl=1&resize=700%2C400 2x"},"classes":[]},{"id":3857,"url":"https:\/\/larevistadigital.com.ar\/blog\/exclusivo-lrd-submarino-perdido-fuentes-la-investigacion-esperan-lo-peor\/","url_meta":{"origin":15572,"position":4},"title":"\u00a1EXCLUSIVO DE LRD! SUBMARINO PERDIDO: FUENTES DE LA INVESTIGACI\u00d3N \u201cESPERAN LO PEOR\u201d","author":"Alejandro Sosa Ruda","date":"18 noviembre, 2017","format":false,"excerpt":"La Revista Digital tuvo acceso a informaci\u00f3n de primera mano por parte de fuentes vinculadas a la b\u00fasqueda del submarino ARA San Juan que se encuentra perdido y del cual hasta ahora no hay noticias. Lo primero que nos contaron, es que la orden que se habr\u00eda emanado desde \u201carriba\u201d,\u2026","rel":"","context":"En \u00abPOLITICA\u00bb","block_context":{"text":"POLITICA","link":"https:\/\/larevistadigital.com.ar\/blog\/category\/politica\/"},"img":{"alt_text":"","src":"https:\/\/i0.wp.com\/larevistadigital.com.ar\/blog\/wp-content\/uploads\/2017\/11\/submarino-ara-san-juan-tecno.jpg?fit=1200%2C672&ssl=1&resize=350%2C200","width":350,"height":200,"srcset":"https:\/\/i0.wp.com\/larevistadigital.com.ar\/blog\/wp-content\/uploads\/2017\/11\/submarino-ara-san-juan-tecno.jpg?fit=1200%2C672&ssl=1&resize=350%2C200 1x, https:\/\/i0.wp.com\/larevistadigital.com.ar\/blog\/wp-content\/uploads\/2017\/11\/submarino-ara-san-juan-tecno.jpg?fit=1200%2C672&ssl=1&resize=525%2C300 1.5x, https:\/\/i0.wp.com\/larevistadigital.com.ar\/blog\/wp-content\/uploads\/2017\/11\/submarino-ara-san-juan-tecno.jpg?fit=1200%2C672&ssl=1&resize=700%2C400 2x, https:\/\/i0.wp.com\/larevistadigital.com.ar\/blog\/wp-content\/uploads\/2017\/11\/submarino-ara-san-juan-tecno.jpg?fit=1200%2C672&ssl=1&resize=1050%2C600 3x"},"classes":[]},{"id":20397,"url":"https:\/\/larevistadigital.com.ar\/blog\/el-presidente-de-la-ucr-cchascomus-cruzo-al-intendente-gaston-y-lo-trato-de-mentiroso\/","url_meta":{"origin":15572,"position":5},"title":"EL PRESIDENTE DE LA UCR CCHASCOM\u00daS CRUZ\u00d3 AL INTENDENTE GAST\u00d3N Y LO TRAT\u00d3 DE MENTIROSO","author":"Alejandro Sosa Ruda","date":"21 mayo, 2021","format":false,"excerpt":"En una nota a la p\u00e1gina web CRONOS, El presidente de la Uni\u00f3n C\u00edvica Radical de Chascom\u00fas se refiri\u00f3 a las declaraciones del intendente del Frente de Todos, Javier Gast\u00f3n, donde dispar\u00f3: \u201cEl intendente miente y falazmente ha dicho que no colaboramos en llevar tranquilidad a la poblaci\u00f3n\u201d CHASCOM\u00daS -\u2026","rel":"","context":"En \u00abINTERES GENERAL\u00bb","block_context":{"text":"INTERES GENERAL","link":"https:\/\/larevistadigital.com.ar\/blog\/category\/interes-general\/"},"img":{"alt_text":"","src":"https:\/\/i0.wp.com\/larevistadigital.com.ar\/blog\/wp-content\/uploads\/flavio-ponce-2.jpg?fit=800%2C911&ssl=1&resize=350%2C200","width":350,"height":200,"srcset":"https:\/\/i0.wp.com\/larevistadigital.com.ar\/blog\/wp-content\/uploads\/flavio-ponce-2.jpg?fit=800%2C911&ssl=1&resize=350%2C200 1x, https:\/\/i0.wp.com\/larevistadigital.com.ar\/blog\/wp-content\/uploads\/flavio-ponce-2.jpg?fit=800%2C911&ssl=1&resize=525%2C300 1.5x, https:\/\/i0.wp.com\/larevistadigital.com.ar\/blog\/wp-content\/uploads\/flavio-ponce-2.jpg?fit=800%2C911&ssl=1&resize=700%2C400 2x"},"classes":[]}],"_links":{"self":[{"href":"https:\/\/larevistadigital.com.ar\/blog\/wp-json\/wp\/v2\/posts\/15572","targetHints":{"allow":["GET"]}}],"collection":[{"href":"https:\/\/larevistadigital.com.ar\/blog\/wp-json\/wp\/v2\/posts"}],"about":[{"href":"https:\/\/larevistadigital.com.ar\/blog\/wp-json\/wp\/v2\/types\/post"}],"author":[{"embeddable":true,"href":"https:\/\/larevistadigital.com.ar\/blog\/wp-json\/wp\/v2\/users\/3"}],"replies":[{"embeddable":true,"href":"https:\/\/larevistadigital.com.ar\/blog\/wp-json\/wp\/v2\/comments?post=15572"}],"version-history":[{"count":1,"href":"https:\/\/larevistadigital.com.ar\/blog\/wp-json\/wp\/v2\/posts\/15572\/revisions"}],"predecessor-version":[{"id":15574,"href":"https:\/\/larevistadigital.com.ar\/blog\/wp-json\/wp\/v2\/posts\/15572\/revisions\/15574"}],"wp:featuredmedia":[{"embeddable":true,"href":"https:\/\/larevistadigital.com.ar\/blog\/wp-json\/wp\/v2\/media\/15573"}],"wp:attachment":[{"href":"https:\/\/larevistadigital.com.ar\/blog\/wp-json\/wp\/v2\/media?parent=15572"}],"wp:term":[{"taxonomy":"category","embeddable":true,"href":"https:\/\/larevistadigital.com.ar\/blog\/wp-json\/wp\/v2\/categories?post=15572"},{"taxonomy":"post_tag","embeddable":true,"href":"https:\/\/larevistadigital.com.ar\/blog\/wp-json\/wp\/v2\/tags?post=15572"}],"curies":[{"name":"wp","href":"https:\/\/api.w.org\/{rel}","templated":true}]}}