{"id":1560,"date":"2017-03-23T21:26:43","date_gmt":"2017-03-23T21:26:43","guid":{"rendered":"https:\/\/larevistadigital.com.ar\/blog\/?p=1560"},"modified":"2017-03-23T21:26:43","modified_gmt":"2017-03-23T21:26:43","slug":"comercio-cerro-un-20-de-aumento-en-dos-pagos","status":"publish","type":"post","link":"https:\/\/larevistadigital.com.ar\/blog\/comercio-cerro-un-20-de-aumento-en-dos-pagos\/","title":{"rendered":"COMERCIO CERR\u00d3 UN 20% DE AUMENTO EN DOS PAGOS."},"content":{"rendered":"<h2><strong><em>Finalmente EL gremio conducido por armando Cavalieri cerr\u00f3 un aumento del 20% que ser\u00e1 pagado el 10% en abril, y el otro 10% en julio pero con cl\u00e1usula gatillo de acuerdo a los valores de la inflaci\u00f3n.<\/em><\/strong><\/h2>\n<p>El CEC acord\u00f3 con las c\u00e1maras empresarias un incremento del 20% con la movilidad del incremento atada a la evoluci\u00f3n de la inflaci\u00f3n.<\/p>\n<p>El acuerdo se firm\u00f3 en el Ministerio de Trabajo con participaci\u00f3n del titular del gremio y representantes de la C\u00e1mara Argentina de Comercio (CAC),\u00a0<strong>Carlos de la Vega<\/strong>, y la Confederaci\u00f3n de la Mediana Empresa (CAME),\u00a0<strong>Osvaldo Cornide<\/strong>., y adem\u00e1s acordaron una <strong>\u00a0\u00abcl\u00e1usula gatillo\u00bb<\/strong>\u00a0que ser\u00e1 implementada en \u00a0<strong>octubre<\/strong>\u00a0si la inflaci\u00f3n supera el 20% acumulado para esa fecha.<\/p>\n<p><strong><em><a href=\"https:\/\/i0.wp.com\/larevistadigital.com.ar\/blog\/wp-content\/uploads\/2017\/03\/Triaca.jpg?ssl=1\"><img data-recalc-dims=\"1\" loading=\"lazy\" decoding=\"async\" class=\"alignnone size-full wp-image-1562\" src=\"https:\/\/i0.wp.com\/larevistadigital.com.ar\/blog\/wp-content\/uploads\/2017\/03\/Triaca.jpg?resize=600%2C400&#038;ssl=1\" alt=\"\" width=\"600\" height=\"400\" srcset=\"https:\/\/i0.wp.com\/larevistadigital.com.ar\/blog\/wp-content\/uploads\/2017\/03\/Triaca.jpg?w=600&amp;ssl=1 600w, https:\/\/i0.wp.com\/larevistadigital.com.ar\/blog\/wp-content\/uploads\/2017\/03\/Triaca.jpg?resize=300%2C200&amp;ssl=1 300w\" sizes=\"auto, (max-width: 600px) 100vw, 600px\" \/><\/a>\u00abEl gremio quer\u00eda esa cl\u00e1usula, se convers\u00f3 y se accedi\u00f3 a incluirla\u00bb<\/em><\/strong>, dijo <strong>Osvaldo Cornide<\/strong>, titular de CAME, a\u00a0<strong><em>C5N<\/em>.<\/strong><\/p>\n<p><strong>Jorge Di Fiore<\/strong>, de la CAC, sostuvo que <strong><em>\u00abes importante destacar la incorporaci\u00f3n de la\u00a0cl\u00e1usula &#8216;gatillo&#8217;\u00a0en el mes de\u00a0octubre de 2017 y enero 2018, en cuya virtud, y en la medida que la inflaci\u00f3n supere la pauta salarial, se proceder\u00e1 a los ajustes que pudiera corresponder\u00bb.<\/em><\/strong><\/p>\n<blockquote><p><strong>\u00a0El acuerdo tendr\u00e1 vigencia por un a\u00f1o, es decir desde el 1\u00b0 de abril de 2017 hasta el 31 de marzo de 2018, y como base de c\u00e1lculo de dichos porcentajes se tomaron las escalas vigentes a abril 2017.<\/strong><\/p><\/blockquote>\n<p>El\u00a0<strong>primer tramo<\/strong>\u00a0se incorporar\u00e1 en\u00a0<strong>car\u00e1cter remunerativo al salario a partir del 1\u00b0 de julio<\/strong>\u00a0de 2017, y el segundo mantendr\u00e1 el car\u00e1cter de\u00a0<strong>no remunerativo hasta el 31 de octubre<\/strong>\u00a0de 2017. Adem\u00e1s, los dos tramos del incremento no ser\u00e1n acumulativos.<\/p>\n<p>&nbsp;<\/p>\n<p>&nbsp;<\/p>\n<p>&nbsp;<\/p>\n","protected":false},"excerpt":{"rendered":"<div class=\"mh-excerpt\"><p>Finalmente EL gremio conducido por armando Cavalieri cerr\u00f3 un aumento del 20% que ser\u00e1 pagado el 10% en abril, y el otro 10% en julio pero con cl\u00e1usula gatillo de acuerdo a los valores de <a class=\"mh-excerpt-more\" href=\"https:\/\/larevistadigital.com.ar\/blog\/comercio-cerro-un-20-de-aumento-en-dos-pagos\/\" title=\"COMERCIO CERR\u00d3 UN 20% DE AUMENTO EN DOS PAGOS.\">[Leer M\u00e1s]<\/a><\/p>\n<\/div>","protected":false},"author":3,"featured_media":1561,"comment_status":"open","ping_status":"open","sticky":false,"template":"","format":"standard","meta":{"_jetpack_memberships_contains_paid_content":false,"footnotes":"","jetpack_publicize_message":"","jetpack_publicize_feature_enabled":true,"jetpack_social_post_already_shared":true,"jetpack_social_options":{"image_generator_settings":{"template":"highway","default_image_id":0,"font":"","enabled":false},"version":2}},"categories":[41,10,28],"tags":[],"class_list":{"0":"post-1560","1":"post","2":"type-post","3":"status-publish","4":"format-standard","5":"has-post-thumbnail","7":"category-destacadas","8":"category-gremiales","9":"category-nacionales"},"jetpack_publicize_connections":[],"jetpack_featured_media_url":"https:\/\/i0.wp.com\/larevistadigital.com.ar\/blog\/wp-content\/uploads\/2017\/03\/0000021768.jpg?fit=690%2C405&ssl=1","jetpack_sharing_enabled":true,"jetpack_shortlink":"https:\/\/wp.me\/p8qtrQ-pa","jetpack-related-posts":[{"id":530,"url":"https:\/\/larevistadigital.com.ar\/blog\/los-tres-gremios-pidieron-distintos-aumentos-coincidieron-la-necesidad-una-clausula-gatillo-la-inflacion\/","url_meta":{"origin":1560,"position":0},"title":"Los tres gremios pidieron distintos aumentos pero coincidieron en la necesidad de una cl\u00e1usula gatillo por la inflaci\u00f3n","author":"editor","date":"4 marzo, 2017","format":false,"excerpt":"Reuni\u00f3n de la Mesa Salarial Municipal En la ma\u00f1ana del jueves pasado, el Secretario de Gobierno, Cipriano P\u00e9rez del Cerro, junto al Director de Recursos Humanos, Jos\u00e9 Yezza Ross, recibieron a los representantes gremiales. Durante la reuni\u00f3n se aprob\u00f3 el listado de recategorizaciones correspondientes al sector de la Secretar\u00eda de\u2026","rel":"","context":"En \u00abGREMIALES\u00bb","block_context":{"text":"GREMIALES","link":"https:\/\/larevistadigital.com.ar\/blog\/category\/gremiales\/"},"img":{"alt_text":"","src":"https:\/\/i0.wp.com\/larevistadigital.com.ar\/blog\/wp-content\/uploads\/2017\/03\/gremios_elfuerte_040317.jpg?fit=946%2C641&ssl=1&resize=350%2C200","width":350,"height":200,"srcset":"https:\/\/i0.wp.com\/larevistadigital.com.ar\/blog\/wp-content\/uploads\/2017\/03\/gremios_elfuerte_040317.jpg?fit=946%2C641&ssl=1&resize=350%2C200 1x, https:\/\/i0.wp.com\/larevistadigital.com.ar\/blog\/wp-content\/uploads\/2017\/03\/gremios_elfuerte_040317.jpg?fit=946%2C641&ssl=1&resize=525%2C300 1.5x, https:\/\/i0.wp.com\/larevistadigital.com.ar\/blog\/wp-content\/uploads\/2017\/03\/gremios_elfuerte_040317.jpg?fit=946%2C641&ssl=1&resize=700%2C400 2x"},"classes":[]},{"id":5195,"url":"https:\/\/larevistadigital.com.ar\/blog\/chascomus-municipio-saber-hubo-acuerdo-los-gremios-19-aumento\/","url_meta":{"origin":1560,"position":1},"title":"CHASCOM\u00daS: EL MUNICIPIO HIZO SABER QUE HUBO ACUERDO CON LOS GREMIOS POR UN 19% DE AUMENTO","author":"Alejandro Sosa Ruda","date":"7 marzo, 2018","format":false,"excerpt":"La Municipalidad de Chascom\u00fas, desde su p\u00e1gina de facebook\u00a0 hizo conocer que tras realizarse el segundo encuentro de la Mesa Paritaria, el Departamento Ejecutivo logr\u00f3 un\u00a0 acuerdo con todos los gremios, sobre un incremento salarial para los empleados municipales del 19,1 %, en tres tramos que incluye la cl\u00e1usula gatillo.\u2026","rel":"","context":"En \u00abGREMIALES\u00bb","block_context":{"text":"GREMIALES","link":"https:\/\/larevistadigital.com.ar\/blog\/category\/gremiales\/"},"img":{"alt_text":"","src":"https:\/\/i0.wp.com\/larevistadigital.com.ar\/blog\/wp-content\/uploads\/2018\/03\/28783319_1801448603209350_666381720539938954_n.jpg?fit=883%2C589&ssl=1&resize=350%2C200","width":350,"height":200,"srcset":"https:\/\/i0.wp.com\/larevistadigital.com.ar\/blog\/wp-content\/uploads\/2018\/03\/28783319_1801448603209350_666381720539938954_n.jpg?fit=883%2C589&ssl=1&resize=350%2C200 1x, https:\/\/i0.wp.com\/larevistadigital.com.ar\/blog\/wp-content\/uploads\/2018\/03\/28783319_1801448603209350_666381720539938954_n.jpg?fit=883%2C589&ssl=1&resize=525%2C300 1.5x, https:\/\/i0.wp.com\/larevistadigital.com.ar\/blog\/wp-content\/uploads\/2018\/03\/28783319_1801448603209350_666381720539938954_n.jpg?fit=883%2C589&ssl=1&resize=700%2C400 2x"},"classes":[]},{"id":29506,"url":"https:\/\/larevistadigital.com.ar\/blog\/hasta-abril-acuerdo-para-que-los-medicamentos-no-aumenten-mas-del-38-mensual\/","url_meta":{"origin":1560,"position":2},"title":"(HASTA ABRIL) ACUERDO PARA QUE LOS MEDICAMENTOS NO AUMENTEN M\u00c1S DEL 3,8% MENSUAL","author":"Alejandro Sosa Ruda","date":"16 diciembre, 2022","format":false,"excerpt":"El tope se fijar\u00e1 a partir del \u00faltimo precio sugerido de venta al p\u00fablico de noviembre de 2022 e incluye una cl\u00e1usula gatillo para que, en caso de que la inflaci\u00f3n supere 5%, las empresas puedan aplicar un aumento hasta un punto por debajo de la medici\u00f3n del Indec al\u2026","rel":"","context":"En \u00abECONOMIA\u00bb","block_context":{"text":"ECONOMIA","link":"https:\/\/larevistadigital.com.ar\/blog\/category\/economia\/"},"img":{"alt_text":"","src":"https:\/\/i0.wp.com\/larevistadigital.com.ar\/blog\/wp-content\/uploads\/20221216170028_medicamentos-pastillas-20220613-1371260.jpg?fit=880%2C512&ssl=1&resize=350%2C200","width":350,"height":200,"srcset":"https:\/\/i0.wp.com\/larevistadigital.com.ar\/blog\/wp-content\/uploads\/20221216170028_medicamentos-pastillas-20220613-1371260.jpg?fit=880%2C512&ssl=1&resize=350%2C200 1x, https:\/\/i0.wp.com\/larevistadigital.com.ar\/blog\/wp-content\/uploads\/20221216170028_medicamentos-pastillas-20220613-1371260.jpg?fit=880%2C512&ssl=1&resize=525%2C300 1.5x, https:\/\/i0.wp.com\/larevistadigital.com.ar\/blog\/wp-content\/uploads\/20221216170028_medicamentos-pastillas-20220613-1371260.jpg?fit=880%2C512&ssl=1&resize=700%2C400 2x"},"classes":[]},{"id":4953,"url":"https:\/\/larevistadigital.com.ar\/blog\/paritarias-vidal-convoco-los-docentes-jueves\/","url_meta":{"origin":1560,"position":3},"title":"PARITARIAS: VIDAL CONVOC\u00d3 A LOS DOCENTES PARA EL JUEVES","author":"Alejandro Sosa Ruda","date":"20 febrero, 2018","format":false,"excerpt":"El gobierno de la provincia de Buenos Aires convoc\u00f3 a los gremios docentes a una nueva reuni\u00f3n paritaria, que se realizar\u00e1 el pr\u00f3ximo jueves a las 17. El \u00e1mbito de la reuni\u00f3n, ser\u00eda\u00a0en el Ministerio de Econom\u00eda bonaerense, en La Plata. En el primer encuentro, realizado la semana pasada, las\u2026","rel":"","context":"En \u00abDESTACADAS\u00bb","block_context":{"text":"DESTACADAS","link":"https:\/\/larevistadigital.com.ar\/blog\/category\/destacadas\/"},"img":{"alt_text":"","src":"https:\/\/i0.wp.com\/larevistadigital.com.ar\/blog\/wp-content\/uploads\/2018\/02\/not_879166_12_115344.jpg?fit=768%2C425&ssl=1&resize=350%2C200","width":350,"height":200,"srcset":"https:\/\/i0.wp.com\/larevistadigital.com.ar\/blog\/wp-content\/uploads\/2018\/02\/not_879166_12_115344.jpg?fit=768%2C425&ssl=1&resize=350%2C200 1x, https:\/\/i0.wp.com\/larevistadigital.com.ar\/blog\/wp-content\/uploads\/2018\/02\/not_879166_12_115344.jpg?fit=768%2C425&ssl=1&resize=525%2C300 1.5x, https:\/\/i0.wp.com\/larevistadigital.com.ar\/blog\/wp-content\/uploads\/2018\/02\/not_879166_12_115344.jpg?fit=768%2C425&ssl=1&resize=700%2C400 2x"},"classes":[]},{"id":6777,"url":"https:\/\/larevistadigital.com.ar\/blog\/chascomus-perez-del-cerro-aclaro-que-si-se-aplica-la-ordenanza-aprobada-en-el-concejo-todo-lo-acordado-con-los-gremios-quedaria-sin-efecto\/","url_meta":{"origin":1560,"position":4},"title":"CHASCOM\u00daS: P\u00c9REZ DEL CERRO ACLAR\u00d3 QUE \u00abSI SE APLICA LA ORDENANZA APROBADA EN EL CONCEJO, TODO LO ACORDADO CON LOS GREMIOS QUEDAR\u00cdA SIN EFECTO\u00bb","author":"Alejandro Sosa Ruda","date":"9 octubre, 2018","format":false,"excerpt":"El secretario de gobierno de Chascom\u00fas, Cipriano P\u00e9rez del Cerro, fue entrevistado por el periodista Alfredo Perona, durante el programa \u201cTardes El Tr\u00e9bol\u201d que se emite por la FM 102,1 (Radio UNO) en donde se refiri\u00f3 a la situaci\u00f3n con los gremios municipales. En primera instancia, confirm\u00f3 que se acord\u00f3\u2026","rel":"","context":"En \u00abPOLITICA\u00bb","block_context":{"text":"POLITICA","link":"https:\/\/larevistadigital.com.ar\/blog\/category\/politica\/"},"img":{"alt_text":"","src":"https:\/\/i0.wp.com\/larevistadigital.com.ar\/blog\/wp-content\/uploads\/2017\/12\/22780504_1589393954414042_8243408174756682577_n.jpg?fit=720%2C478&ssl=1&resize=350%2C200","width":350,"height":200,"srcset":"https:\/\/i0.wp.com\/larevistadigital.com.ar\/blog\/wp-content\/uploads\/2017\/12\/22780504_1589393954414042_8243408174756682577_n.jpg?fit=720%2C478&ssl=1&resize=350%2C200 1x, https:\/\/i0.wp.com\/larevistadigital.com.ar\/blog\/wp-content\/uploads\/2017\/12\/22780504_1589393954414042_8243408174756682577_n.jpg?fit=720%2C478&ssl=1&resize=525%2C300 1.5x, https:\/\/i0.wp.com\/larevistadigital.com.ar\/blog\/wp-content\/uploads\/2017\/12\/22780504_1589393954414042_8243408174756682577_n.jpg?fit=720%2C478&ssl=1&resize=700%2C400 2x"},"classes":[]},{"id":605,"url":"https:\/\/larevistadigital.com.ar\/blog\/mercedes-roldan-ningun-trabajador-puede-cobrar-menos-diez-mil-pesos-basico\/","url_meta":{"origin":1560,"position":5},"title":"Mercedes Rold\u00e1n: \u201cning\u00fan trabajador puede cobrar menos de diez mil pesos de b\u00e1sico\u201d","author":"editor","date":"6 marzo, 2017","format":false,"excerpt":"La secretaria general del Sindicato de Trabajadores Municipales de Chascom\u00fas Mercedes Rold\u00e1n, confirm\u00f3 que el pedido que su gremio hizo en la mesa del salario fue de \u201c\u2026 un b\u00e1sico de por lo menos diez mil pesos para el trabajador ingresante con r\u00e9gimen de 35 horas semanales, y que hoy\u2026","rel":"","context":"En \u00abGREMIALES\u00bb","block_context":{"text":"GREMIALES","link":"https:\/\/larevistadigital.com.ar\/blog\/category\/gremiales\/"},"img":{"alt_text":"","src":"https:\/\/i0.wp.com\/larevistadigital.com.ar\/blog\/wp-content\/uploads\/2017\/03\/mercedes-roldan-640x446.jpg?fit=640%2C446&ssl=1&resize=350%2C200","width":350,"height":200,"srcset":"https:\/\/i0.wp.com\/larevistadigital.com.ar\/blog\/wp-content\/uploads\/2017\/03\/mercedes-roldan-640x446.jpg?fit=640%2C446&ssl=1&resize=350%2C200 1x, https:\/\/i0.wp.com\/larevistadigital.com.ar\/blog\/wp-content\/uploads\/2017\/03\/mercedes-roldan-640x446.jpg?fit=640%2C446&ssl=1&resize=525%2C300 1.5x"},"classes":[]}],"_links":{"self":[{"href":"https:\/\/larevistadigital.com.ar\/blog\/wp-json\/wp\/v2\/posts\/1560","targetHints":{"allow":["GET"]}}],"collection":[{"href":"https:\/\/larevistadigital.com.ar\/blog\/wp-json\/wp\/v2\/posts"}],"about":[{"href":"https:\/\/larevistadigital.com.ar\/blog\/wp-json\/wp\/v2\/types\/post"}],"author":[{"embeddable":true,"href":"https:\/\/larevistadigital.com.ar\/blog\/wp-json\/wp\/v2\/users\/3"}],"replies":[{"embeddable":true,"href":"https:\/\/larevistadigital.com.ar\/blog\/wp-json\/wp\/v2\/comments?post=1560"}],"version-history":[{"count":1,"href":"https:\/\/larevistadigital.com.ar\/blog\/wp-json\/wp\/v2\/posts\/1560\/revisions"}],"predecessor-version":[{"id":1563,"href":"https:\/\/larevistadigital.com.ar\/blog\/wp-json\/wp\/v2\/posts\/1560\/revisions\/1563"}],"wp:featuredmedia":[{"embeddable":true,"href":"https:\/\/larevistadigital.com.ar\/blog\/wp-json\/wp\/v2\/media\/1561"}],"wp:attachment":[{"href":"https:\/\/larevistadigital.com.ar\/blog\/wp-json\/wp\/v2\/media?parent=1560"}],"wp:term":[{"taxonomy":"category","embeddable":true,"href":"https:\/\/larevistadigital.com.ar\/blog\/wp-json\/wp\/v2\/categories?post=1560"},{"taxonomy":"post_tag","embeddable":true,"href":"https:\/\/larevistadigital.com.ar\/blog\/wp-json\/wp\/v2\/tags?post=1560"}],"curies":[{"name":"wp","href":"https:\/\/api.w.org\/{rel}","templated":true}]}}