{"id":15609,"date":"2020-06-11T17:18:01","date_gmt":"2020-06-11T17:18:01","guid":{"rendered":"https:\/\/larevistadigital.com.ar\/blog\/?p=15609"},"modified":"2020-06-11T17:24:32","modified_gmt":"2020-06-11T17:24:32","slug":"balean-a-adolescente-en-asalto-a-una-casa-esta-grave","status":"publish","type":"post","link":"https:\/\/larevistadigital.com.ar\/blog\/balean-a-adolescente-en-asalto-a-una-casa-esta-grave\/","title":{"rendered":"BALEAN A ADOLESCENTE EN ASALTO A UNA CASA. EST\u00c1 GRAVE"},"content":{"rendered":"<h2><em>El hecho ocurri\u00f3 este jueves a la madrugada, cuando tres delincuentes ingresaron a una vivienda del barrio Peralta Ramos Oeste y le dispararon a un joven de 17 a\u00f1os. Los detuvieron a pocas cuadras y la v\u00edctima fue internada.<\/em><\/h2>\n<p>Un\u00a0<strong>adolescente de 17 a\u00f1os fue baleado este jueves a la madrugada por tres delincuentes<\/strong>\u00a0que ingresaron a robar a su casa y se encuentra internado en grave estado.<\/p>\n<p>El hecho se registr\u00f3 alrededor de las 3 de la ma\u00f1ana en una vivienda del barrio Peralta Ramos Oeste, y los asaltantes fueron detenidos a pocas cuadras del lugar. En tanto, el joven, que se habr\u00eda resistido al robo, fue trasladado al\u00a0<strong>Hospital Interzonal General de Agudos (HIGA)<\/strong>, donde qued\u00f3 internado.<\/p>\n<blockquote>\n<h3>Seg\u00fan la reconstrucci\u00f3n del caso realizada por\u00a0<strong>LA CAPITAL<\/strong>\u00a0a partir de la consulta de fuentes judiciales y policiales, la v\u00edctima se hallaba en compa\u00f1\u00eda de una amiga, de 21 a\u00f1os, y tres menores m\u00e1s en una propiedad ubicada en\u00a0<strong>San Salvador al 7400<\/strong>\u00a0cuando irrumpieron tres delincuentes armados y con los rostros cubiertos por barbijos. Tambi\u00e9n llevaban colocados guantes.<\/h3>\n<\/blockquote>\n<p>En ese momento, los presentes fueron reducidos por los asaltantes, que\u00a0<strong>se hicieron de una computadora y una suma de dinero en efectivo que no trascendi\u00f3<\/strong>. Fue entonces cuando uno de ellos le dispar\u00f3 al adolescente de 17 a\u00f1os, que habr\u00eda intentado evitar el robo.<\/p>\n<p>Acto seguido, los ladrones huyeron del lugar a bordo del\u00a0<strong>autom\u00f3vil marca Peugeot 207 que pertenece a la propia v\u00edctima<\/strong>, y a las pocas cuadras la polic\u00eda -ya advertida de lo ocurrido tras un llamado al 911- los intercept\u00f3 y los detuvo.<\/p>\n<blockquote>\n<h3>Mientras tanto, el menor herido fue conducido de urgencia al\u00a0<strong>HIGA<\/strong>, donde los m\u00e9dicos constataron que presentaba una herida de bala en el om\u00f3plato derecho. Al declarar ante los uniformados del destacamento ubicado dentro del nosocomio, el adolescente -que estaba l\u00facido y consciente- explic\u00f3 que hab\u00eda logrado reconocer a los atacantes y dijo que son habitantes del mismo barrio con los que tiene problemas desde hace tiempo.<\/h3>\n<\/blockquote>\n<p>De acuerdo a la informaci\u00f3n que pudo obtener este medio, los detenidos son tres, de 20, 21 y 22 a\u00f1os, y quedaron a disposici\u00f3n del fiscal<strong>\u00a0Mariano Moyano<\/strong>, quien los imput\u00f3 en una causa judicial caratulada \u201cRobo triplemente calificado, agravado por haber sido cometido en poblado y en banda, y homicidio agravado en grado de tentativa\u201d, una figura delictiva que prev\u00e9 altas penas de prisi\u00f3n. Participaron del operativo que acab\u00f3 con las aprehensiones\u00a0<strong>efectivos policiales del CPC Sur y la comisar\u00eda decimosexta<\/strong>, que tiene jurisdicci\u00f3n en el barrio donde ocurri\u00f3 el violento asalto.<\/p>\n<p>publicado en La Capital<\/p>\n<p>&nbsp;<\/p>\n","protected":false},"excerpt":{"rendered":"<div class=\"mh-excerpt\"><p>El hecho ocurri\u00f3 este jueves a la madrugada, cuando tres delincuentes ingresaron a una vivienda del barrio Peralta Ramos Oeste y le dispararon a un joven de 17 a\u00f1os. Los detuvieron a pocas cuadras y <a class=\"mh-excerpt-more\" href=\"https:\/\/larevistadigital.com.ar\/blog\/balean-a-adolescente-en-asalto-a-una-casa-esta-grave\/\" title=\"BALEAN A ADOLESCENTE EN ASALTO A UNA CASA. EST\u00c1 GRAVE\">[Leer M\u00e1s]<\/a><\/p>\n<\/div>","protected":false},"author":3,"featured_media":15610,"comment_status":"open","ping_status":"open","sticky":false,"template":"","format":"standard","meta":{"_jetpack_memberships_contains_paid_content":false,"footnotes":"","jetpack_publicize_message":"","jetpack_publicize_feature_enabled":true,"jetpack_social_post_already_shared":true,"jetpack_social_options":{"image_generator_settings":{"template":"highway","default_image_id":0,"font":"","enabled":false},"version":2}},"categories":[44,51],"tags":[],"class_list":{"0":"post-15609","1":"post","2":"type-post","3":"status-publish","4":"format-standard","5":"has-post-thumbnail","7":"category-policiales","8":"category-regionales"},"jetpack_publicize_connections":[],"jetpack_featured_media_url":"https:\/\/i0.wp.com\/larevistadigital.com.ar\/blog\/wp-content\/uploads\/Screenshot_2-96.jpg?fit=931%2C819&ssl=1","jetpack_sharing_enabled":true,"jetpack_shortlink":"https:\/\/wp.me\/p8qtrQ-43L","jetpack-related-posts":[{"id":45117,"url":"https:\/\/larevistadigital.com.ar\/blog\/chascomus-tres-delincuentes-ingresaron-a-una-vivienda-y-robaron-distintas-pertenencias\/","url_meta":{"origin":15609,"position":0},"title":"Chascom\u00fas: Tres delincuentes ingresaron a una vivienda y robaron distintas pertenencias","author":"Alejandro Sosa Ruda","date":"15 abril, 2026","format":false,"excerpt":"El hecho ocurri\u00f3 cuando la v\u00edctima se encontraba en su domicilio. Tras el episodio, debi\u00f3 ser asistida por personal de salud debido a una descompensaci\u00f3n. 15 de abril de 2026 CHASCOM\u00daS -\u00a0 \u00a0Un violento robo se registr\u00f3 en una vivienda de Chascom\u00fas, donde tres hombres ingresaron al domicilio y sustrajeron\u2026","rel":"","context":"En \u00abDESTACADAS\u00bb","block_context":{"text":"DESTACADAS","link":"https:\/\/larevistadigital.com.ar\/blog\/category\/destacadas\/"},"img":{"alt_text":"","src":"https:\/\/i0.wp.com\/larevistadigital.com.ar\/blog\/wp-content\/uploads\/POLICIA.png?fit=1002%2C658&ssl=1&resize=350%2C200","width":350,"height":200,"srcset":"https:\/\/i0.wp.com\/larevistadigital.com.ar\/blog\/wp-content\/uploads\/POLICIA.png?fit=1002%2C658&ssl=1&resize=350%2C200 1x, https:\/\/i0.wp.com\/larevistadigital.com.ar\/blog\/wp-content\/uploads\/POLICIA.png?fit=1002%2C658&ssl=1&resize=525%2C300 1.5x, https:\/\/i0.wp.com\/larevistadigital.com.ar\/blog\/wp-content\/uploads\/POLICIA.png?fit=1002%2C658&ssl=1&resize=700%2C400 2x"},"classes":[]},{"id":33697,"url":"https:\/\/larevistadigital.com.ar\/blog\/mato-a-su-companero-de-trabajo-arrastro-el-cuerpo-durante-cinco-cuadras-y-lo-atrapo-la-policia\/","url_meta":{"origin":15609,"position":1},"title":"MAT\u00d3 A SU COMPA\u00d1ERO DE TRABAJO, ARRASTR\u00d3 EL CUERPO DURANTE CINCO CUADRAS Y LO ATRAP\u00d3 LA POLIC\u00cdA","author":"Alejandro Sosa Ruda","date":"2 octubre, 2023","format":false,"excerpt":"El agresor, identificado como Pablo Rivera, de 33 a\u00f1os, era compa\u00f1ero de trabajo de la v\u00edctima, quien ten\u00eda 47 a\u00f1os y hab\u00eda llegado hac\u00eda poco a la ciudad, para trabajar como alba\u00f1il. Ambos compart\u00edan una vivienda. 2 de Octubre de 2023 MAR DEL PLATA -\u00a0 En la madrugada de este\u2026","rel":"","context":"En \u00abPOLICIALES\u00bb","block_context":{"text":"POLICIALES","link":"https:\/\/larevistadigital.com.ar\/blog\/category\/policiales\/"},"img":{"alt_text":"","src":"https:\/\/i0.wp.com\/larevistadigital.com.ar\/blog\/wp-content\/uploads\/20231002153508_patru.jpg?fit=880%2C512&ssl=1&resize=350%2C200","width":350,"height":200,"srcset":"https:\/\/i0.wp.com\/larevistadigital.com.ar\/blog\/wp-content\/uploads\/20231002153508_patru.jpg?fit=880%2C512&ssl=1&resize=350%2C200 1x, https:\/\/i0.wp.com\/larevistadigital.com.ar\/blog\/wp-content\/uploads\/20231002153508_patru.jpg?fit=880%2C512&ssl=1&resize=525%2C300 1.5x, https:\/\/i0.wp.com\/larevistadigital.com.ar\/blog\/wp-content\/uploads\/20231002153508_patru.jpg?fit=880%2C512&ssl=1&resize=700%2C400 2x"},"classes":[]},{"id":23800,"url":"https:\/\/larevistadigital.com.ar\/blog\/mar-del-plata-balean-a-joven-por-resistirse-a-que-le-roben-la-moto\/","url_meta":{"origin":15609,"position":2},"title":"MAR DEL PLATA: BALEAN A JOVEN POR RESISTIRSE A QUE LE ROBEN LA MOTO","author":"Alejandro Sosa Ruda","date":"3 febrero, 2022","format":false,"excerpt":"La v\u00edctima tiene 21 a\u00f1os y fue internada en el Hospital Interzonal General de Agudos tras sufrir una herida de bala en el abdomen. El hecho ocurri\u00f3 en el barrio Florentino Ameghino. MAR DEL PLATA -\u00a0 Un joven de 21 a\u00f1os fue baleado al resistirse al robo de su motocicleta\u2026","rel":"","context":"En \u00abPOLICIALES\u00bb","block_context":{"text":"POLICIALES","link":"https:\/\/larevistadigital.com.ar\/blog\/category\/policiales\/"},"img":{"alt_text":"","src":"https:\/\/i0.wp.com\/larevistadigital.com.ar\/blog\/wp-content\/uploads\/higa.jpg?fit=1140%2C708&ssl=1&resize=350%2C200","width":350,"height":200,"srcset":"https:\/\/i0.wp.com\/larevistadigital.com.ar\/blog\/wp-content\/uploads\/higa.jpg?fit=1140%2C708&ssl=1&resize=350%2C200 1x, https:\/\/i0.wp.com\/larevistadigital.com.ar\/blog\/wp-content\/uploads\/higa.jpg?fit=1140%2C708&ssl=1&resize=525%2C300 1.5x, https:\/\/i0.wp.com\/larevistadigital.com.ar\/blog\/wp-content\/uploads\/higa.jpg?fit=1140%2C708&ssl=1&resize=700%2C400 2x, https:\/\/i0.wp.com\/larevistadigital.com.ar\/blog\/wp-content\/uploads\/higa.jpg?fit=1140%2C708&ssl=1&resize=1050%2C600 3x"},"classes":[]},{"id":15593,"url":"https:\/\/larevistadigital.com.ar\/blog\/un-joven-quiso-sacar-frutas-de-un-arbol-y-se-electrocuto-esta-grave\/","url_meta":{"origin":15609,"position":3},"title":"UN JOVEN QUISO SACAR FRUTAS DE UN \u00c1RBOL Y SE ELECTROCUT\u00d3. EST\u00c1 GRAVE","author":"Alejandro Sosa Ruda","date":"11 junio, 2020","format":false,"excerpt":"La v\u00edctima es un adolescente de 15 a\u00f1os que toc\u00f3 la reja de una casa que, al parecer, estaba electrificada. Est\u00e1 internado en el hospital Iturraspe. SANTA FE - Un joven de 15 a\u00f1os se encuentra en grave estado tras sufrir una potente descarga el\u00e9ctrica mientras intentaba bajar naranjas de\u2026","rel":"","context":"En \u00abINTERES GENERAL\u00bb","block_context":{"text":"INTERES GENERAL","link":"https:\/\/larevistadigital.com.ar\/blog\/category\/interes-general\/"},"img":{"alt_text":"","src":"https:\/\/i0.wp.com\/larevistadigital.com.ar\/blog\/wp-content\/uploads\/Screenshot_2-95.jpg?fit=786%2C498&ssl=1&resize=350%2C200","width":350,"height":200,"srcset":"https:\/\/i0.wp.com\/larevistadigital.com.ar\/blog\/wp-content\/uploads\/Screenshot_2-95.jpg?fit=786%2C498&ssl=1&resize=350%2C200 1x, https:\/\/i0.wp.com\/larevistadigital.com.ar\/blog\/wp-content\/uploads\/Screenshot_2-95.jpg?fit=786%2C498&ssl=1&resize=525%2C300 1.5x, https:\/\/i0.wp.com\/larevistadigital.com.ar\/blog\/wp-content\/uploads\/Screenshot_2-95.jpg?fit=786%2C498&ssl=1&resize=700%2C400 2x"},"classes":[]},{"id":20607,"url":"https:\/\/larevistadigital.com.ar\/blog\/mar-del-plata-balearon-a-un-joven-en-el-cuello-esta-grave\/","url_meta":{"origin":15609,"position":4},"title":"MAR DEL PLATA: BALEARON A UN JOVEN EN EL CUELLO. EST\u00c1 GRAVE","author":"Alejandro Sosa Ruda","date":"2 junio, 2021","format":false,"excerpt":"Sucedi\u00f3 esta madrugada en el barrio Parque Independencia. El herido tiene 20 a\u00f1os y fue trasladado al hospital por una ambulancia del SAME. MAR DEL PLATA - Un sujeto de 20 a\u00f1os permanece internado en grave estado en el Hospital Interzonal General de Agudos (Higa) a donde fue trasladado de\u2026","rel":"","context":"En \u00abPOLICIALES\u00bb","block_context":{"text":"POLICIALES","link":"https:\/\/larevistadigital.com.ar\/blog\/category\/policiales\/"},"img":{"alt_text":"","src":"https:\/\/i0.wp.com\/larevistadigital.com.ar\/blog\/wp-content\/uploads\/Guardia-Higa-0311.jpg?fit=790%2C444&ssl=1&resize=350%2C200","width":350,"height":200,"srcset":"https:\/\/i0.wp.com\/larevistadigital.com.ar\/blog\/wp-content\/uploads\/Guardia-Higa-0311.jpg?fit=790%2C444&ssl=1&resize=350%2C200 1x, https:\/\/i0.wp.com\/larevistadigital.com.ar\/blog\/wp-content\/uploads\/Guardia-Higa-0311.jpg?fit=790%2C444&ssl=1&resize=525%2C300 1.5x, https:\/\/i0.wp.com\/larevistadigital.com.ar\/blog\/wp-content\/uploads\/Guardia-Higa-0311.jpg?fit=790%2C444&ssl=1&resize=700%2C400 2x"},"classes":[]},{"id":34378,"url":"https:\/\/larevistadigital.com.ar\/blog\/un-auto-fue-embestido-por-el-tren-y-murio-una-joven-de-19-anos\/","url_meta":{"origin":15609,"position":5},"title":"UN AUTO FUE EMBESTIDO POR EL TREN Y MURI\u00d3 UNA JOVEN DE 19 A\u00d1OS","author":"Alejandro Sosa Ruda","date":"6 noviembre, 2023","format":false,"excerpt":"La v\u00edctima viajaba junto a otros tres j\u00f3venes en el Renault Sandero que particip\u00f3 del violento impacto. Todos los ocupantes ten\u00edan 19 a\u00f1os. El conductor del veh\u00edculo fue aprehendido. RAMOS MEJ\u00cdA -\u00a0 \u00a0En la madrugada del domingo, un siniestro mortal ocurri\u00f3 en el paso a nivel de la calle Urquiza,\u2026","rel":"","context":"En \u00abINTERES GENERAL\u00bb","block_context":{"text":"INTERES GENERAL","link":"https:\/\/larevistadigital.com.ar\/blog\/category\/interes-general\/"},"img":{"alt_text":"","src":"https:\/\/i0.wp.com\/larevistadigital.com.ar\/blog\/wp-content\/uploads\/20231106155945_siniestro.jpg?fit=880%2C512&ssl=1&resize=350%2C200","width":350,"height":200,"srcset":"https:\/\/i0.wp.com\/larevistadigital.com.ar\/blog\/wp-content\/uploads\/20231106155945_siniestro.jpg?fit=880%2C512&ssl=1&resize=350%2C200 1x, https:\/\/i0.wp.com\/larevistadigital.com.ar\/blog\/wp-content\/uploads\/20231106155945_siniestro.jpg?fit=880%2C512&ssl=1&resize=525%2C300 1.5x, https:\/\/i0.wp.com\/larevistadigital.com.ar\/blog\/wp-content\/uploads\/20231106155945_siniestro.jpg?fit=880%2C512&ssl=1&resize=700%2C400 2x"},"classes":[]}],"_links":{"self":[{"href":"https:\/\/larevistadigital.com.ar\/blog\/wp-json\/wp\/v2\/posts\/15609","targetHints":{"allow":["GET"]}}],"collection":[{"href":"https:\/\/larevistadigital.com.ar\/blog\/wp-json\/wp\/v2\/posts"}],"about":[{"href":"https:\/\/larevistadigital.com.ar\/blog\/wp-json\/wp\/v2\/types\/post"}],"author":[{"embeddable":true,"href":"https:\/\/larevistadigital.com.ar\/blog\/wp-json\/wp\/v2\/users\/3"}],"replies":[{"embeddable":true,"href":"https:\/\/larevistadigital.com.ar\/blog\/wp-json\/wp\/v2\/comments?post=15609"}],"version-history":[{"count":3,"href":"https:\/\/larevistadigital.com.ar\/blog\/wp-json\/wp\/v2\/posts\/15609\/revisions"}],"predecessor-version":[{"id":15613,"href":"https:\/\/larevistadigital.com.ar\/blog\/wp-json\/wp\/v2\/posts\/15609\/revisions\/15613"}],"wp:featuredmedia":[{"embeddable":true,"href":"https:\/\/larevistadigital.com.ar\/blog\/wp-json\/wp\/v2\/media\/15610"}],"wp:attachment":[{"href":"https:\/\/larevistadigital.com.ar\/blog\/wp-json\/wp\/v2\/media?parent=15609"}],"wp:term":[{"taxonomy":"category","embeddable":true,"href":"https:\/\/larevistadigital.com.ar\/blog\/wp-json\/wp\/v2\/categories?post=15609"},{"taxonomy":"post_tag","embeddable":true,"href":"https:\/\/larevistadigital.com.ar\/blog\/wp-json\/wp\/v2\/tags?post=15609"}],"curies":[{"name":"wp","href":"https:\/\/api.w.org\/{rel}","templated":true}]}}