{"id":15614,"date":"2020-06-11T18:08:18","date_gmt":"2020-06-11T18:08:18","guid":{"rendered":"https:\/\/larevistadigital.com.ar\/blog\/?p=15614"},"modified":"2020-06-11T18:08:18","modified_gmt":"2020-06-11T18:08:18","slug":"video-como-hacer-casoncelli-la-primera-y-exquisita-pasta-rellena-de-la-historia","status":"publish","type":"post","link":"https:\/\/larevistadigital.com.ar\/blog\/video-como-hacer-casoncelli-la-primera-y-exquisita-pasta-rellena-de-la-historia\/","title":{"rendered":"[VIDEO] COMO HACER \u00abCASONCELLI\u00bb (LA PRIMERA Y EXQUISITA PASTA RELLENA DE LA HISTORIA)"},"content":{"rendered":"<p>Hoy les acercamos otra Video-Receta muy rica! Los Casoncelli. Otra vez, elegimos el canal de Youtube llamado \u00abEl Pastificio de Nicola\u00bb, donde uno encuentra todo lo que desee acerca de pastas, y sus formas y c\u00f3mo se cocinan.<\/p>\n<p>Se trata de un plato t\u00edpico de B\u00e9rgamo y Brescia. Una pasta rellena t\u00edpica de Lombard\u00eda.<\/p>\n<p>Ac\u00e1 compartimos el video! Esperamos que lo hagan y disfruten!<\/p>\n<p><span class=\"embed-youtube\" style=\"text-align:center; display: block;\"><iframe loading=\"lazy\" class=\"youtube-player\" width=\"640\" height=\"360\" src=\"https:\/\/www.youtube.com\/embed\/DdCc91pp2GY?version=3&#038;rel=1&#038;showsearch=0&#038;showinfo=1&#038;iv_load_policy=1&#038;fs=1&#038;hl=es-ES&#038;autohide=2&#038;wmode=transparent\" allowfullscreen=\"true\" style=\"border:0;\" sandbox=\"allow-scripts allow-same-origin allow-popups allow-presentation allow-popups-to-escape-sandbox\"><\/iframe><\/span><\/p>\n","protected":false},"excerpt":{"rendered":"<div class=\"mh-excerpt\"><p>Hoy les acercamos otra Video-Receta muy rica! Los Casoncelli. Otra vez, elegimos el canal de Youtube llamado \u00abEl Pastificio de Nicola\u00bb, donde uno encuentra todo lo que desee acerca de pastas, y sus formas y <a class=\"mh-excerpt-more\" href=\"https:\/\/larevistadigital.com.ar\/blog\/video-como-hacer-casoncelli-la-primera-y-exquisita-pasta-rellena-de-la-historia\/\" title=\"[VIDEO] COMO HACER \u00abCASONCELLI\u00bb (LA PRIMERA Y EXQUISITA PASTA RELLENA DE LA HISTORIA)\">[Leer M\u00e1s]<\/a><\/p>\n<\/div>","protected":false},"author":3,"featured_media":15615,"comment_status":"open","ping_status":"open","sticky":false,"template":"","format":"standard","meta":{"_jetpack_memberships_contains_paid_content":false,"footnotes":"","jetpack_publicize_message":"","jetpack_publicize_feature_enabled":true,"jetpack_social_post_already_shared":true,"jetpack_social_options":{"image_generator_settings":{"template":"highway","default_image_id":0,"font":"","enabled":false},"version":2}},"categories":[32,45],"tags":[89],"class_list":{"0":"post-15614","1":"post","2":"type-post","3":"status-publish","4":"format-standard","5":"has-post-thumbnail","7":"category-cocina","8":"category-lo-vi-en-internet","9":"tag-recetas"},"jetpack_publicize_connections":[],"jetpack_featured_media_url":"https:\/\/i0.wp.com\/larevistadigital.com.ar\/blog\/wp-content\/uploads\/maxresdefault-1.jpg?fit=1280%2C720&ssl=1","jetpack_sharing_enabled":true,"jetpack_shortlink":"https:\/\/wp.me\/p8qtrQ-43Q","jetpack-related-posts":[{"id":12328,"url":"https:\/\/larevistadigital.com.ar\/blog\/que-alfajores-y-turrones-fueron-prohibidos-por-la-anmat\/","url_meta":{"origin":15614,"position":0},"title":"QU\u00c9 ALFAJORES Y TURRONES FUERON PROHIBIDOS POR LA ANMAT","author":"Alejandro Sosa Ruda","date":"26 septiembre, 2019","format":false,"excerpt":"Para el organismo, los productos no\u00a0cumplen \"con las especificaciones del art\u00edculo 155 tris del C\u00f3digo Alimentario Argentino\". la Administraci\u00f3n Nacional de Medicamentos, Alimentos y Tecnolog\u00eda M\u00e9dica (ANMAT) prohibi\u00f3 este jueves 26 de septiembre la comercializaci\u00f3n en todo el territorio nacional de varias golosinas, entre las que se encuentran alfajores y\u2026","rel":"","context":"En \u00abINTERES GENERAL\u00bb","block_context":{"text":"INTERES GENERAL","link":"https:\/\/larevistadigital.com.ar\/blog\/category\/interes-general\/"},"img":{"alt_text":"","src":"https:\/\/i0.wp.com\/larevistadigital.com.ar\/blog\/wp-content\/uploads\/Screenshot_1-41.jpg?fit=744%2C471&ssl=1&resize=350%2C200","width":350,"height":200,"srcset":"https:\/\/i0.wp.com\/larevistadigital.com.ar\/blog\/wp-content\/uploads\/Screenshot_1-41.jpg?fit=744%2C471&ssl=1&resize=350%2C200 1x, https:\/\/i0.wp.com\/larevistadigital.com.ar\/blog\/wp-content\/uploads\/Screenshot_1-41.jpg?fit=744%2C471&ssl=1&resize=525%2C300 1.5x, https:\/\/i0.wp.com\/larevistadigital.com.ar\/blog\/wp-content\/uploads\/Screenshot_1-41.jpg?fit=744%2C471&ssl=1&resize=700%2C400 2x"},"classes":[]},{"id":14518,"url":"https:\/\/larevistadigital.com.ar\/blog\/como-se-preparan-las-mejores-empanadas-argentinas-provincia-por-provincia\/","url_meta":{"origin":15614,"position":1},"title":"COMO SE PREPARAN LAS MEJORES EMPANADAS ARGENTINAS, PROVINCIA POR PROVINCIA","author":"Alejandro Sosa Ruda","date":"2 febrero, 2020","format":false,"excerpt":"La empanada es\u00a0una de las comidas que nos identifican en el mundo como argentinos, a pesar de que, como en tantas otras cosas, no hayamos sido los inventores. Porque se las debemos en realidad a los \u00e1rabes (por lo menos en su versi\u00f3n moderna) y, m\u00e1s cerca en el tiempo,\u2026","rel":"","context":"En \u00abCOCINA\u00bb","block_context":{"text":"COCINA","link":"https:\/\/larevistadigital.com.ar\/blog\/category\/suplementos\/cocina\/"},"img":{"alt_text":"","src":"https:\/\/i0.wp.com\/larevistadigital.com.ar\/blog\/wp-content\/uploads\/Receta-de-empanadas-de-carne-y-patata-640x480.jpg?fit=1200%2C900&ssl=1&resize=350%2C200","width":350,"height":200,"srcset":"https:\/\/i0.wp.com\/larevistadigital.com.ar\/blog\/wp-content\/uploads\/Receta-de-empanadas-de-carne-y-patata-640x480.jpg?fit=1200%2C900&ssl=1&resize=350%2C200 1x, https:\/\/i0.wp.com\/larevistadigital.com.ar\/blog\/wp-content\/uploads\/Receta-de-empanadas-de-carne-y-patata-640x480.jpg?fit=1200%2C900&ssl=1&resize=525%2C300 1.5x, https:\/\/i0.wp.com\/larevistadigital.com.ar\/blog\/wp-content\/uploads\/Receta-de-empanadas-de-carne-y-patata-640x480.jpg?fit=1200%2C900&ssl=1&resize=700%2C400 2x, https:\/\/i0.wp.com\/larevistadigital.com.ar\/blog\/wp-content\/uploads\/Receta-de-empanadas-de-carne-y-patata-640x480.jpg?fit=1200%2C900&ssl=1&resize=1050%2C600 3x"},"classes":[]},{"id":15484,"url":"https:\/\/larevistadigital.com.ar\/blog\/video-recetas-en-cuarentena-hoy-clasica-receta-italiana-de-pasta-y-alubias-pasta-e-fagioli\/","url_meta":{"origin":15614,"position":2},"title":"[VIDEO] (RECETAS EN CUARENTENA) HOY: CL\u00c1SICA RECETA ITALIANA DE PASTA Y ALUBIAS (\u00abPasta e Fagioli)","author":"Alejandro Sosa Ruda","date":"2 junio, 2020","format":false,"excerpt":"Para hacer m\u00e1s llevadera esta cuarentena, comenzamos con distintas entregas que tienen que ver con recetas, y otras cosas interesantes que se pueden encontrar en internet. Hoy arrancamos con una receta bien casera y f\u00e1cil, que es riqu\u00edsima e ideal para el invierno y el fr\u00edo. Aqu\u00ed la receta completa:\u2026","rel":"","context":"En \u00abCOCINA\u00bb","block_context":{"text":"COCINA","link":"https:\/\/larevistadigital.com.ar\/blog\/category\/suplementos\/cocina\/"},"img":{"alt_text":"","src":"https:\/\/i0.wp.com\/larevistadigital.com.ar\/blog\/wp-content\/uploads\/Pasta-e-fagioli-6-1200x1200-1.jpg?fit=1200%2C1200&ssl=1&resize=350%2C200","width":350,"height":200,"srcset":"https:\/\/i0.wp.com\/larevistadigital.com.ar\/blog\/wp-content\/uploads\/Pasta-e-fagioli-6-1200x1200-1.jpg?fit=1200%2C1200&ssl=1&resize=350%2C200 1x, https:\/\/i0.wp.com\/larevistadigital.com.ar\/blog\/wp-content\/uploads\/Pasta-e-fagioli-6-1200x1200-1.jpg?fit=1200%2C1200&ssl=1&resize=525%2C300 1.5x, https:\/\/i0.wp.com\/larevistadigital.com.ar\/blog\/wp-content\/uploads\/Pasta-e-fagioli-6-1200x1200-1.jpg?fit=1200%2C1200&ssl=1&resize=700%2C400 2x, https:\/\/i0.wp.com\/larevistadigital.com.ar\/blog\/wp-content\/uploads\/Pasta-e-fagioli-6-1200x1200-1.jpg?fit=1200%2C1200&ssl=1&resize=1050%2C600 3x"},"classes":[]},{"id":19216,"url":"https:\/\/larevistadigital.com.ar\/blog\/el-presidente-confirmo-que-marcela-losardo-se-va-de-justicia\/","url_meta":{"origin":15614,"position":3},"title":"EL PRESIDENTE CONFIRM\u00d3 QUE MARCELA LOSARDO SE VA DE JUSTICIA","author":"Alejandro Sosa Ruda","date":"9 marzo, 2021","format":false,"excerpt":"Dijo que \u201cella cree que el tiempo que viene es un tiempo para otra actitud\u201d. El Presidente volvi\u00f3 a cargar contra la Justicia al afirmar que est\u00e1 \u201cen parte de los s\u00f3tanos oscuros de la democracia\u201d. El presidente Alberto Fern\u00e1ndez confirm\u00f3 la salida de la ministra de Justicia de la\u2026","rel":"","context":"En \u00abINTERES GENERAL\u00bb","block_context":{"text":"INTERES GENERAL","link":"https:\/\/larevistadigital.com.ar\/blog\/category\/interes-general\/"},"img":{"alt_text":"","src":"https:\/\/i0.wp.com\/larevistadigital.com.ar\/blog\/wp-content\/uploads\/alberto-fernandez.jpg?fit=1200%2C862&ssl=1&resize=350%2C200","width":350,"height":200,"srcset":"https:\/\/i0.wp.com\/larevistadigital.com.ar\/blog\/wp-content\/uploads\/alberto-fernandez.jpg?fit=1200%2C862&ssl=1&resize=350%2C200 1x, https:\/\/i0.wp.com\/larevistadigital.com.ar\/blog\/wp-content\/uploads\/alberto-fernandez.jpg?fit=1200%2C862&ssl=1&resize=525%2C300 1.5x, https:\/\/i0.wp.com\/larevistadigital.com.ar\/blog\/wp-content\/uploads\/alberto-fernandez.jpg?fit=1200%2C862&ssl=1&resize=700%2C400 2x, https:\/\/i0.wp.com\/larevistadigital.com.ar\/blog\/wp-content\/uploads\/alberto-fernandez.jpg?fit=1200%2C862&ssl=1&resize=1050%2C600 3x"},"classes":[]},{"id":6962,"url":"https:\/\/larevistadigital.com.ar\/blog\/chascomus-otra-baja-en-el-frente-renovador-ahora-el-salto-lo-dio-cecilia-machado\/","url_meta":{"origin":15614,"position":4},"title":"CHASCOM\u00daS: OTRA BAJA EN EL FRENTE RENOVADOR. AHORA EL SALTO LO DI\u00d3 CECILIA MACHADO","author":"Alejandro Sosa Ruda","date":"25 octubre, 2018","format":false,"excerpt":"La concejal Cecila Machado, mantuvo un di\u00e1logo con el periodista Alfredo Perona en Radio Uno (fm 102.1) con respecto a su salida del Frente Renovador, para ingresar en el frente denominado Red Por Argentina, que integra el ex ministro Arroyo y lidera el ex gobernador Felipe Sol\u00e1. Mencion\u00f3 que han\u2026","rel":"","context":"En \u00abPOLITICA\u00bb","block_context":{"text":"POLITICA","link":"https:\/\/larevistadigital.com.ar\/blog\/category\/politica\/"},"img":{"alt_text":"","src":"https:\/\/i0.wp.com\/larevistadigital.com.ar\/blog\/wp-content\/uploads\/2018\/10\/machado_24deoctubrede2018_elfuerte.jpg?fit=737%2C415&ssl=1&resize=350%2C200","width":350,"height":200,"srcset":"https:\/\/i0.wp.com\/larevistadigital.com.ar\/blog\/wp-content\/uploads\/2018\/10\/machado_24deoctubrede2018_elfuerte.jpg?fit=737%2C415&ssl=1&resize=350%2C200 1x, https:\/\/i0.wp.com\/larevistadigital.com.ar\/blog\/wp-content\/uploads\/2018\/10\/machado_24deoctubrede2018_elfuerte.jpg?fit=737%2C415&ssl=1&resize=525%2C300 1.5x, https:\/\/i0.wp.com\/larevistadigital.com.ar\/blog\/wp-content\/uploads\/2018\/10\/machado_24deoctubrede2018_elfuerte.jpg?fit=737%2C415&ssl=1&resize=700%2C400 2x"},"classes":[]},{"id":1404,"url":"https:\/\/larevistadigital.com.ar\/blog\/1404-2\/","url_meta":{"origin":15614,"position":5},"title":"Como han atestiguado numerosos estudios,\u2026","author":"editor","date":"19 marzo, 2017","format":false,"excerpt":"Como han atestiguado numerosos estudios, el momento del d\u00eda en que realizamos nuestras comidas es determinante a la hora de perder o ganar peso. Cuanto m\u00e1s tarde cenemos, peor. Lo ideal es hacerlo dos horas antes de irnos a dormir, para no acostarnos haciendo la digesti\u00f3n. As\u00ed que de c\u00f3mida\u2026","rel":"","context":"En \u00abMUJER\u00bb","block_context":{"text":"MUJER","link":"https:\/\/larevistadigital.com.ar\/blog\/category\/suplementos\/mujer\/"},"img":{"alt_text":"","src":"https:\/\/i0.wp.com\/larevistadigital.com.ar\/blog\/wp-content\/uploads\/2017\/03\/AAolZyE.jpg?fit=728%2C454&ssl=1&resize=350%2C200","width":350,"height":200,"srcset":"https:\/\/i0.wp.com\/larevistadigital.com.ar\/blog\/wp-content\/uploads\/2017\/03\/AAolZyE.jpg?fit=728%2C454&ssl=1&resize=350%2C200 1x, https:\/\/i0.wp.com\/larevistadigital.com.ar\/blog\/wp-content\/uploads\/2017\/03\/AAolZyE.jpg?fit=728%2C454&ssl=1&resize=525%2C300 1.5x, https:\/\/i0.wp.com\/larevistadigital.com.ar\/blog\/wp-content\/uploads\/2017\/03\/AAolZyE.jpg?fit=728%2C454&ssl=1&resize=700%2C400 2x"},"classes":[]}],"_links":{"self":[{"href":"https:\/\/larevistadigital.com.ar\/blog\/wp-json\/wp\/v2\/posts\/15614","targetHints":{"allow":["GET"]}}],"collection":[{"href":"https:\/\/larevistadigital.com.ar\/blog\/wp-json\/wp\/v2\/posts"}],"about":[{"href":"https:\/\/larevistadigital.com.ar\/blog\/wp-json\/wp\/v2\/types\/post"}],"author":[{"embeddable":true,"href":"https:\/\/larevistadigital.com.ar\/blog\/wp-json\/wp\/v2\/users\/3"}],"replies":[{"embeddable":true,"href":"https:\/\/larevistadigital.com.ar\/blog\/wp-json\/wp\/v2\/comments?post=15614"}],"version-history":[{"count":1,"href":"https:\/\/larevistadigital.com.ar\/blog\/wp-json\/wp\/v2\/posts\/15614\/revisions"}],"predecessor-version":[{"id":15616,"href":"https:\/\/larevistadigital.com.ar\/blog\/wp-json\/wp\/v2\/posts\/15614\/revisions\/15616"}],"wp:featuredmedia":[{"embeddable":true,"href":"https:\/\/larevistadigital.com.ar\/blog\/wp-json\/wp\/v2\/media\/15615"}],"wp:attachment":[{"href":"https:\/\/larevistadigital.com.ar\/blog\/wp-json\/wp\/v2\/media?parent=15614"}],"wp:term":[{"taxonomy":"category","embeddable":true,"href":"https:\/\/larevistadigital.com.ar\/blog\/wp-json\/wp\/v2\/categories?post=15614"},{"taxonomy":"post_tag","embeddable":true,"href":"https:\/\/larevistadigital.com.ar\/blog\/wp-json\/wp\/v2\/tags?post=15614"}],"curies":[{"name":"wp","href":"https:\/\/api.w.org\/{rel}","templated":true}]}}