{"id":15617,"date":"2020-06-12T14:39:41","date_gmt":"2020-06-12T14:39:41","guid":{"rendered":"https:\/\/larevistadigital.com.ar\/blog\/?p=15617"},"modified":"2020-06-12T14:39:41","modified_gmt":"2020-06-12T14:39:41","slug":"berni-duro-con-nacion-no-hay-voluntad-de-asistir-a-la-provincia-estamos-solos-en-materia-de-seguridad","status":"publish","type":"post","link":"https:\/\/larevistadigital.com.ar\/blog\/berni-duro-con-nacion-no-hay-voluntad-de-asistir-a-la-provincia-estamos-solos-en-materia-de-seguridad\/","title":{"rendered":"BERNI DURO CON NACI\u00d3N: \u00abNO HAY VOLUNTAD DE ASISTIR A LA PROVINCIA. ESTAMOS SOLOS EN MATERIA DE SEGURIDAD\u00bb"},"content":{"rendered":"<h2 class=\"fz16 bold ctext\"><em>El Ministro de Seguridad de la Provincia acus\u00f3 a su par nacional de no atender sus reclamos, y dijo que est\u00e1n \u00abresignados a estar solos\u00bb en el combate contra el delito.<\/em><\/h2>\n<p>El ministro de seguridad bonaerense,\u00a0<strong>Sergio Berni<\/strong>, sali\u00f3 en dur\u00edsimos t\u00e9rminos a acusar a la gesti\u00f3n de\u00a0<strong>Alberto Fern\u00e1ndez<\/strong>\u00a0de haber abandonado a la Provincia en materia de seguridad, al asegura que \u201c<strong>estamos resignados a que estamos solos\u201d<\/strong>\u00a0en el combate contra el delito.<\/p>\n<p>En declaraciones period\u00edsticas formuladas al canal Am\u00e9rica, el funcionario de <strong>Kicillof<\/strong> acus\u00f3 a su par nacional, <strong>Sabrina Frederic<\/strong> de no atender sus reclamos, y consultado sobre si tiene \u201capoyo\u201d por parte del gobierno nacional, respondi\u00f3 \u201cnada\u201d.<\/p>\n<blockquote>\n<h3>Sorprendido por las declaraciones, <strong>Luis Novaresio<\/strong> insisti\u00f3 en preguntarle si \u201clo asiste Frederic\u201d a lo que Berni respondi\u00f3 \u201cvuelvo a repetir, nada\u201d.<\/h3>\n<\/blockquote>\n<p><strong>\u201cNo tiene que ver si somos del mismo o distinto partido, es voluntad del Gobierno Nacional de asistir a una Provincia que est\u00e1 en crisis de seguridad profunda, que se viene profundizando en los \u00faltimos a\u00f1os, y que no tiene recursos para afrontarla\u201d<\/strong>; se quej\u00f3 <strong>Berni.<\/strong><\/p>\n<blockquote>\n<h3>En ese sentido, remarc\u00f3 que\u00a0<strong>\u201ces inviable un trabajo profundo en materia de seguridad en la Provincia, si el Gobierno nacional no asiste\u201d<\/strong>.<\/h3>\n<h3>\u201cEs grav\u00edsimo lo que est\u00e1 diciendo\u201d, insisti\u00f3 el conductor: \u201ces real\u201d, respondi\u00f3 Berni.<\/h3>\n<\/blockquote>\n<p>Adem\u00e1s, se quej\u00f3 porque \u2013dijo-\u00a0<strong>\u201cla \u00faltima vez que habl\u00e9 con Frederic fue media hora antes de que se firmara el decreto de la cuarentena\u201d, aunque aclar\u00f3 que \u201cestamos acostumbrados\u201d a que la Naci\u00f3n nos asista a la Provincia en materia de seguridad.<\/strong><\/p>\n<p><em><strong>\u201cEsto no es una cuesti\u00f3n pol\u00edtica, hay que dimensionar la responsabilidad que tiene el gobierno nacional de ayudar a la Provincia\u201d<\/strong><\/em>, asegur\u00f3.<\/p>\n<p>Envalentonado, destac\u00f3, incluso, la decisi\u00f3n que tom\u00f3 durante su gesti\u00f3n la administraci\u00f3n de Mauricio Macri, al recordar que \u201ccuando asumi\u00f3, lo primero que hizo fue ayudar a la Polic\u00eda de la ciudad, no s\u00f3lo en fuerza de hombres sino con traspaso de tecnolog\u00eda\u201d, y, por contraste, compar\u00f3 la desatenci\u00f3n del gobierno actual a la gesti\u00f3n de Kicillof al asegurar: \u201cen la Provincia hoy estamos esperando que nos presten el helic\u00f3ptero que estamos pidiendo\u201d.<\/p>\n<blockquote>\n<h3><strong>\u201cUd me pregunta si tengo apoyo de Frederic en materia de seguridad, y yo le digo que no, esto lo venimos manifestando hace m\u00e1s de 6 meses: claramente hay una voluntad de no asistirnos, estamos totalmente resignados a tener que pelearla solos\u201d, asegur\u00f3 Berni.<\/strong><\/h3>\n<h3><strong>\u201cNo estoy enojado, estoy extremadamente satisfecho del trabajo que est\u00e1 haciendo la Provincia de Buenos Aires, me hubiera gustado que me acompa\u00f1e mucho m\u00e1s el ministerio de Seguridad de la naci\u00f3n, la verdad no ocurri\u00f3 pero bueno es la que nos toc\u00f3, y supongo que alg\u00fan d\u00eda entender\u00e1n\u201d.<\/strong><\/h3>\n<\/blockquote>\n<p><strong>Berni<\/strong> asegur\u00f3, adem\u00e1s, que no habl\u00f3 con Cristina Fern\u00e1ndez porque \u2013dijo-<strong>\u00a0\u201cesto es responsabilidad del Poder Ejecutivo\u201d, aunque aclar\u00f3 que \u201clo hablo con el Gobernador que es el jefe pol\u00edtico de la Provincia de Buenos Aires, y sabe lo que tiene que hacer\u201d.<\/strong><\/p>\n<p>Adem\u00e1s se quej\u00f3 porque pese a haber pedido fuerzas federales, \u201cno mandaron nada\u201d y aclar\u00f3 que \u201clas que mandaron andan ah\u00ed por la provincia, pero no sabemos ni cu\u00e1ntos, ni d\u00f3nde, ni qu\u00e9 hacen\u201d<\/p>\n<p><strong>\u201cLa provincia de Buenos Aires necesit\u00f3 siempre de la asistencia del gobierno nacional, y esta no puede ser la excepci\u00f3n. \u00bfCu\u00e1nto hace que no ve un gendarme en la Provincia de Buenos Aires?: nosotros ten\u00edamos \u2013cuando ocupaba la secretar\u00eda de seguridad interior- 8000 efectivos federales en la Provincia, y le d\u00e1bamos el control a la Provincia para que controle el territorio\u201d..<\/strong><\/p>\n<p><b>\u00abLo concreto es que estamos trabajando en la Provincia, con los pocos recursos que tenemos\u00bb;\u00a0<\/b>concluy\u00f3<\/p>\n","protected":false},"excerpt":{"rendered":"<div class=\"mh-excerpt\"><p>El Ministro de Seguridad de la Provincia acus\u00f3 a su par nacional de no atender sus reclamos, y dijo que est\u00e1n \u00abresignados a estar solos\u00bb en el combate contra el delito. El ministro de seguridad <a class=\"mh-excerpt-more\" href=\"https:\/\/larevistadigital.com.ar\/blog\/berni-duro-con-nacion-no-hay-voluntad-de-asistir-a-la-provincia-estamos-solos-en-materia-de-seguridad\/\" title=\"BERNI DURO CON NACI\u00d3N: \u00abNO HAY VOLUNTAD DE ASISTIR A LA PROVINCIA. ESTAMOS SOLOS EN MATERIA DE SEGURIDAD\u00bb\">[Leer M\u00e1s]<\/a><\/p>\n<\/div>","protected":false},"author":3,"featured_media":15618,"comment_status":"open","ping_status":"open","sticky":false,"template":"","format":"standard","meta":{"_jetpack_memberships_contains_paid_content":false,"footnotes":"","jetpack_publicize_message":"","jetpack_publicize_feature_enabled":true,"jetpack_social_post_already_shared":true,"jetpack_social_options":{"image_generator_settings":{"template":"highway","default_image_id":0,"font":"","enabled":false},"version":2}},"categories":[50,12],"tags":[],"class_list":{"0":"post-15617","1":"post","2":"type-post","3":"status-publish","4":"format-standard","5":"has-post-thumbnail","7":"category-interes-general","8":"category-politica"},"jetpack_publicize_connections":[],"jetpack_featured_media_url":"https:\/\/i0.wp.com\/larevistadigital.com.ar\/blog\/wp-content\/uploads\/EaKVBtGU8AMxTBU.jpg?fit=1200%2C800&ssl=1","jetpack_sharing_enabled":true,"jetpack_shortlink":"https:\/\/wp.me\/p8qtrQ-43T","jetpack-related-posts":[{"id":20578,"url":"https:\/\/larevistadigital.com.ar\/blog\/berni-contra-alberto-y-fredericno-pueden-repartir-gendarmes-como-si-fueran-caramelos\/","url_meta":{"origin":15617,"position":0},"title":"BERNI CONTRA ALBERTO Y FREDERIC:\u00bbNO PUEDEN REPARTIR GENDARMES COMO SI FUERAN CARAMELOS","author":"Alejandro Sosa Ruda","date":"31 mayo, 2021","format":false,"excerpt":"El ministro cuestion\u00f3 la estrategia de gestionar directo con los intendentes, avalada por el presidente. \"No entiende absolutamente nada\", dijo. Sergio Berni desempolv\u00f3 la interna contra Sabina Frederic, pero golpe\u00f3 tambi\u00e9n contra Alberto Fern\u00e1ndez por haber avalado la estrategia de la ministra de tratar directo con los intendentes del Conurbano,\u2026","rel":"","context":"En \u00abINTERES GENERAL\u00bb","block_context":{"text":"INTERES GENERAL","link":"https:\/\/larevistadigital.com.ar\/blog\/category\/interes-general\/"},"img":{"alt_text":"","src":"https:\/\/i0.wp.com\/larevistadigital.com.ar\/blog\/wp-content\/uploads\/5f578fb39c481_940_529.jpg?fit=940%2C529&ssl=1&resize=350%2C200","width":350,"height":200,"srcset":"https:\/\/i0.wp.com\/larevistadigital.com.ar\/blog\/wp-content\/uploads\/5f578fb39c481_940_529.jpg?fit=940%2C529&ssl=1&resize=350%2C200 1x, https:\/\/i0.wp.com\/larevistadigital.com.ar\/blog\/wp-content\/uploads\/5f578fb39c481_940_529.jpg?fit=940%2C529&ssl=1&resize=525%2C300 1.5x, https:\/\/i0.wp.com\/larevistadigital.com.ar\/blog\/wp-content\/uploads\/5f578fb39c481_940_529.jpg?fit=940%2C529&ssl=1&resize=700%2C400 2x"},"classes":[]},{"id":15876,"url":"https:\/\/larevistadigital.com.ar\/blog\/berni-aislado-por-haber-mantenido-contacto-estrecho-con-contagiado-de-covid-19\/","url_meta":{"origin":15617,"position":1},"title":"BERNI AISLADO: POR HABER MANTENIDO CONTACTO ESTRECHO CON CONTAGIADO DE COVID-19","author":"Alejandro Sosa Ruda","date":"10 agosto, 2020","format":false,"excerpt":"El ministro de Seguridad bonaerense,\u00a0Sergio Berni, qued\u00f3 aislado luego de haber mantenido contacto estrecho con un colaborador suyo que fue diagnosticado con coronavirus.\u00a0 Seg\u00fan confirm\u00f3 el Ministerio de Seguridad de la Provincia de Buenos Aires, Berni\u00a0se encuentra bien de salud pero permanece en observaci\u00f3n en su domicilio de Z\u00e1rate, donde\u2026","rel":"","context":"En \u00abINTERES GENERAL\u00bb","block_context":{"text":"INTERES GENERAL","link":"https:\/\/larevistadigital.com.ar\/blog\/category\/interes-general\/"},"img":{"alt_text":"","src":"https:\/\/i0.wp.com\/larevistadigital.com.ar\/blog\/wp-content\/uploads\/95295-berni-20para-20nota.jpg?fit=960%2C640&ssl=1&resize=350%2C200","width":350,"height":200,"srcset":"https:\/\/i0.wp.com\/larevistadigital.com.ar\/blog\/wp-content\/uploads\/95295-berni-20para-20nota.jpg?fit=960%2C640&ssl=1&resize=350%2C200 1x, https:\/\/i0.wp.com\/larevistadigital.com.ar\/blog\/wp-content\/uploads\/95295-berni-20para-20nota.jpg?fit=960%2C640&ssl=1&resize=525%2C300 1.5x, https:\/\/i0.wp.com\/larevistadigital.com.ar\/blog\/wp-content\/uploads\/95295-berni-20para-20nota.jpg?fit=960%2C640&ssl=1&resize=700%2C400 2x"},"classes":[]},{"id":33290,"url":"https:\/\/larevistadigital.com.ar\/blog\/berni-traslado-vehiculos-de-los-municipios-a-la-provincia-por-tareas-de-seguridad-que-distritos-seran-afectados\/","url_meta":{"origin":15617,"position":2},"title":"BERNI TRASLAD\u00d3 VEH\u00cdCULOS DE LOS MUNICIPIOS A LA PROVINCIA POR TAREAS DE SEGURIDAD: QU\u00c9 DISTRITOS SER\u00c1N AFECTADOS","author":"Alejandro Sosa Ruda","date":"5 septiembre, 2023","format":false,"excerpt":"En el caso de Chascom\u00fas, aportar\u00e1 4 motos Yamaha. 5 de Septiembre de 2023 LA PLATA -\u00a0 El Ministro de Seguridad Bonaerense, Sergio Berni, resolvi\u00f3 el traslado de veh\u00edculos pertenecientes a los municipios, hacia la Provincia para afectarlos a tareas de prevenci\u00f3n. Esto se debe a los episodios ocurridos de\u2026","rel":"","context":"En \u00abPOLITICA PROVINCIAL\u00bb","block_context":{"text":"POLITICA PROVINCIAL","link":"https:\/\/larevistadigital.com.ar\/blog\/category\/politica\/politica-provincial\/"},"img":{"alt_text":"","src":"https:\/\/i0.wp.com\/larevistadigital.com.ar\/blog\/wp-content\/uploads\/1693513174339.jpg?fit=765%2C478&ssl=1&resize=350%2C200","width":350,"height":200,"srcset":"https:\/\/i0.wp.com\/larevistadigital.com.ar\/blog\/wp-content\/uploads\/1693513174339.jpg?fit=765%2C478&ssl=1&resize=350%2C200 1x, https:\/\/i0.wp.com\/larevistadigital.com.ar\/blog\/wp-content\/uploads\/1693513174339.jpg?fit=765%2C478&ssl=1&resize=525%2C300 1.5x, https:\/\/i0.wp.com\/larevistadigital.com.ar\/blog\/wp-content\/uploads\/1693513174339.jpg?fit=765%2C478&ssl=1&resize=700%2C400 2x"},"classes":[]},{"id":40268,"url":"https:\/\/larevistadigital.com.ar\/blog\/kicillof-inauguro-la-nueva-sede-de-la-policia-cientifica-en-bolivar\/","url_meta":{"origin":15617,"position":3},"title":"Kicillof inaugur\u00f3 la nueva sede de la Polic\u00eda Cient\u00edfica en Bol\u00edvar","author":"Alejandro Sosa Ruda","date":"2 julio, 2025","format":false,"excerpt":"Adem\u00e1s, el Gobernador entreg\u00f3 patrulleros para fortalecer la seguridad en el distrito. 02 de Julio de 2025 BUENOS AIRES -\u00a0 \u00a0El gobernador de la provincia de Buenos Aires, Axel Kicillof, encabez\u00f3 este martes el acto de inauguraci\u00f3n de la nueva sede de la Polic\u00eda Cient\u00edfica en el municipio de Bol\u00edvar,\u2026","rel":"","context":"En \u00abPOLITICA PROVINCIAL\u00bb","block_context":{"text":"POLITICA PROVINCIAL","link":"https:\/\/larevistadigital.com.ar\/blog\/category\/politica\/politica-provincial\/"},"img":{"alt_text":"","src":"https:\/\/i0.wp.com\/larevistadigital.com.ar\/blog\/wp-content\/uploads\/DON3925.jpg?fit=743%2C530&ssl=1&resize=350%2C200","width":350,"height":200,"srcset":"https:\/\/i0.wp.com\/larevistadigital.com.ar\/blog\/wp-content\/uploads\/DON3925.jpg?fit=743%2C530&ssl=1&resize=350%2C200 1x, https:\/\/i0.wp.com\/larevistadigital.com.ar\/blog\/wp-content\/uploads\/DON3925.jpg?fit=743%2C530&ssl=1&resize=525%2C300 1.5x, https:\/\/i0.wp.com\/larevistadigital.com.ar\/blog\/wp-content\/uploads\/DON3925.jpg?fit=743%2C530&ssl=1&resize=700%2C400 2x"},"classes":[]},{"id":14094,"url":"https:\/\/larevistadigital.com.ar\/blog\/berni-propuso-bajarle-las-penas-a-los-presos-a-cambio-de-trabajar-para-el-estado\/","url_meta":{"origin":15617,"position":4},"title":"BERNI PROPUSO BAJARLE LAS PENAS A LOS PRESOS A CAMBIO DE TRABAJAR PARA EL ESTADO","author":"Alejandro Sosa Ruda","date":"9 enero, 2020","format":false,"excerpt":"El ministro de Seguridad de la provincia de Buenos Aires habl\u00f3 sobre la superpoblaci\u00f3n en las c\u00e1rceles y comisar\u00edas bonaerenses. Actualmente en las comisar\u00edas de la provincia de Buenos Aires\u00a0hay alojados m\u00e1s de 4.300 detenidos cuando la capacidad total es de 1.700, algo muy parecido\u00a0sucede en las c\u00e1rceles nacionales donde\u2026","rel":"","context":"En \u00abINTERES GENERAL\u00bb","block_context":{"text":"INTERES GENERAL","link":"https:\/\/larevistadigital.com.ar\/blog\/category\/interes-general\/"},"img":{"alt_text":"","src":"https:\/\/i0.wp.com\/larevistadigital.com.ar\/blog\/wp-content\/uploads\/berni-768x507-1.jpg?fit=768%2C507&ssl=1&resize=350%2C200","width":350,"height":200,"srcset":"https:\/\/i0.wp.com\/larevistadigital.com.ar\/blog\/wp-content\/uploads\/berni-768x507-1.jpg?fit=768%2C507&ssl=1&resize=350%2C200 1x, https:\/\/i0.wp.com\/larevistadigital.com.ar\/blog\/wp-content\/uploads\/berni-768x507-1.jpg?fit=768%2C507&ssl=1&resize=525%2C300 1.5x, https:\/\/i0.wp.com\/larevistadigital.com.ar\/blog\/wp-content\/uploads\/berni-768x507-1.jpg?fit=768%2C507&ssl=1&resize=700%2C400 2x"},"classes":[]},{"id":3962,"url":"https:\/\/larevistadigital.com.ar\/blog\/se-llevo-cabo-primer-congreso-nacional-seguridad-rural\/","url_meta":{"origin":15617,"position":5},"title":"Se llev\u00f3 a cabo el primer congreso nacional de seguridad rural.","author":"admin","date":"27 noviembre, 2017","format":false,"excerpt":"CPR Pila informa que en los d\u00edas 21 y 22 del mes en curso, se llev\u00f3 a cabo en la ciudad de Mar del Plata el primer congreso nacional de seguridad rural, contando con la presencia del Sr. Superintendente de Seguridad de la provincia de Buenos Aires, Comisario General Fabi\u00e1n\u2026","rel":"","context":"En \u00abPILA\u00bb","block_context":{"text":"PILA","link":"https:\/\/larevistadigital.com.ar\/blog\/category\/pila\/"},"img":{"alt_text":"","src":"https:\/\/i0.wp.com\/larevistadigital.com.ar\/blog\/wp-content\/uploads\/2017\/11\/WhatsApp-Image-2017-11-22-at-14.41.37.jpeg?fit=500%2C282&ssl=1&resize=350%2C200","width":350,"height":200},"classes":[]}],"_links":{"self":[{"href":"https:\/\/larevistadigital.com.ar\/blog\/wp-json\/wp\/v2\/posts\/15617","targetHints":{"allow":["GET"]}}],"collection":[{"href":"https:\/\/larevistadigital.com.ar\/blog\/wp-json\/wp\/v2\/posts"}],"about":[{"href":"https:\/\/larevistadigital.com.ar\/blog\/wp-json\/wp\/v2\/types\/post"}],"author":[{"embeddable":true,"href":"https:\/\/larevistadigital.com.ar\/blog\/wp-json\/wp\/v2\/users\/3"}],"replies":[{"embeddable":true,"href":"https:\/\/larevistadigital.com.ar\/blog\/wp-json\/wp\/v2\/comments?post=15617"}],"version-history":[{"count":1,"href":"https:\/\/larevistadigital.com.ar\/blog\/wp-json\/wp\/v2\/posts\/15617\/revisions"}],"predecessor-version":[{"id":15619,"href":"https:\/\/larevistadigital.com.ar\/blog\/wp-json\/wp\/v2\/posts\/15617\/revisions\/15619"}],"wp:featuredmedia":[{"embeddable":true,"href":"https:\/\/larevistadigital.com.ar\/blog\/wp-json\/wp\/v2\/media\/15618"}],"wp:attachment":[{"href":"https:\/\/larevistadigital.com.ar\/blog\/wp-json\/wp\/v2\/media?parent=15617"}],"wp:term":[{"taxonomy":"category","embeddable":true,"href":"https:\/\/larevistadigital.com.ar\/blog\/wp-json\/wp\/v2\/categories?post=15617"},{"taxonomy":"post_tag","embeddable":true,"href":"https:\/\/larevistadigital.com.ar\/blog\/wp-json\/wp\/v2\/tags?post=15617"}],"curies":[{"name":"wp","href":"https:\/\/api.w.org\/{rel}","templated":true}]}}