{"id":15620,"date":"2020-06-12T14:48:53","date_gmt":"2020-06-12T14:48:53","guid":{"rendered":"https:\/\/larevistadigital.com.ar\/blog\/?p=15620"},"modified":"2020-06-12T14:48:53","modified_gmt":"2020-06-12T14:48:53","slug":"acribillan-a-balazos-a-un-hombre-que-sobrevivio-pero-esta-muy-grave","status":"publish","type":"post","link":"https:\/\/larevistadigital.com.ar\/blog\/acribillan-a-balazos-a-un-hombre-que-sobrevivio-pero-esta-muy-grave\/","title":{"rendered":"ACRIBILLAN A BALAZOS A UN HOMBRE, QUE SOBREVIVI\u00d3, PERO EST\u00c1 MUY GRAVE"},"content":{"rendered":"<h2><em>La v\u00edctima tiene 28 a\u00f1os y recibi\u00f3 nueve heridas de arma de fuego y una de arma blanca.\u00a0<\/em><\/h2>\n<p><strong>MAR DEL PLATA &#8211;<\/strong> Un\u00a0<strong>hombre de 28 a\u00f1os<\/strong>\u00a0recibi\u00f3 nueve balazos esta ma\u00f1ana en la zona del complejo habitacional del Centenario y se encuentra internado en grave estado en el Hospital Interzonal.<\/p>\n<p>El hecho se registr\u00f3 cerca de las 7.30 de la ma\u00f1ana en Chile y Quintana cuando, por motivos que son de investigaci\u00f3n, un joven recibi\u00f3 nueve balazos en el cuerpo. Un llamado al 911 alert\u00f3 de la situaci\u00f3n e inmediatamente personal policial y una ambulancia del SAME fueron hasta el lugar.<\/p>\n<p>La v\u00edctima fue trasladada de urgencias al Hospital Interzonal, donde constataron que tambi\u00e9n hab\u00eda sido apu\u00f1alada, y qued\u00f3 internada y en grave estado.<\/p>\n<p>El hecho es investigado por el fiscal <strong>Leandro Ar\u00e9valo.<\/strong><\/p>\n","protected":false},"excerpt":{"rendered":"<div class=\"mh-excerpt\"><p>La v\u00edctima tiene 28 a\u00f1os y recibi\u00f3 nueve heridas de arma de fuego y una de arma blanca.\u00a0 MAR DEL PLATA &#8211; Un\u00a0hombre de 28 a\u00f1os\u00a0recibi\u00f3 nueve balazos esta ma\u00f1ana en la zona del complejo <a class=\"mh-excerpt-more\" href=\"https:\/\/larevistadigital.com.ar\/blog\/acribillan-a-balazos-a-un-hombre-que-sobrevivio-pero-esta-muy-grave\/\" title=\"ACRIBILLAN A BALAZOS A UN HOMBRE, QUE SOBREVIVI\u00d3, PERO EST\u00c1 MUY GRAVE\">[Leer M\u00e1s]<\/a><\/p>\n<\/div>","protected":false},"author":3,"featured_media":15277,"comment_status":"open","ping_status":"open","sticky":false,"template":"","format":"standard","meta":{"_jetpack_memberships_contains_paid_content":false,"footnotes":"","jetpack_publicize_message":"","jetpack_publicize_feature_enabled":true,"jetpack_social_post_already_shared":true,"jetpack_social_options":{"image_generator_settings":{"template":"highway","default_image_id":0,"font":"","enabled":false},"version":2}},"categories":[44,51],"tags":[],"class_list":{"0":"post-15620","1":"post","2":"type-post","3":"status-publish","4":"format-standard","5":"has-post-thumbnail","7":"category-policiales","8":"category-regionales"},"jetpack_publicize_connections":[],"jetpack_featured_media_url":"https:\/\/i0.wp.com\/larevistadigital.com.ar\/blog\/wp-content\/uploads\/higa.jpg?fit=1140%2C708&ssl=1","jetpack_sharing_enabled":true,"jetpack_shortlink":"https:\/\/wp.me\/p8qtrQ-43W","jetpack-related-posts":[{"id":11540,"url":"https:\/\/larevistadigital.com.ar\/blog\/le-pegaron-cuatro-balazos-a-un-joven-en-su-casa\/","url_meta":{"origin":15620,"position":0},"title":"LE PEGARON CUATRO BALAZOS A UN J\u00d3VEN EN SU CASA","author":"Alejandro Sosa Ruda","date":"26 julio, 2019","format":false,"excerpt":"Un joven tuvo que ser internado en el Hospital Interzonal General de Agudos (Higa) despu\u00e9s de ser v\u00edctima de una violenta balacera\u00a0en su casa ubicada en el barrio\u00a0Fortunato de la Plaza, de la Ciudad de Mar del Plata. El hecho se registr\u00f3 durante la madrugada de este viernes, cuando la\u2026","rel":"","context":"En \u00abPOLICIALES\u00bb","block_context":{"text":"POLICIALES","link":"https:\/\/larevistadigital.com.ar\/blog\/category\/policiales\/"},"img":{"alt_text":"","src":"https:\/\/i0.wp.com\/larevistadigital.com.ar\/blog\/wp-content\/uploads\/HIGA-Hospital-Interzonal-1921-1.jpg?fit=800%2C488&ssl=1&resize=350%2C200","width":350,"height":200,"srcset":"https:\/\/i0.wp.com\/larevistadigital.com.ar\/blog\/wp-content\/uploads\/HIGA-Hospital-Interzonal-1921-1.jpg?fit=800%2C488&ssl=1&resize=350%2C200 1x, https:\/\/i0.wp.com\/larevistadigital.com.ar\/blog\/wp-content\/uploads\/HIGA-Hospital-Interzonal-1921-1.jpg?fit=800%2C488&ssl=1&resize=525%2C300 1.5x, https:\/\/i0.wp.com\/larevistadigital.com.ar\/blog\/wp-content\/uploads\/HIGA-Hospital-Interzonal-1921-1.jpg?fit=800%2C488&ssl=1&resize=700%2C400 2x"},"classes":[]},{"id":9012,"url":"https:\/\/larevistadigital.com.ar\/blog\/mar-del-plata-ataque-a-tiros-en-la-calle-un-muerto-y-dos-heridos\/","url_meta":{"origin":15620,"position":1},"title":"MAR DEL PLATA: ATAQUE A TIROS EN LA CALLE. UN MUERTO Y DOS HERIDOS","author":"Alejandro Sosa Ruda","date":"12 marzo, 2019","format":false,"excerpt":"El ataque ocurri\u00f3 el domingo a la madrugada en el barrio General San Mart\u00edn. Omar Romad\u00e1n muri\u00f3 en el HIGA y otras dos personas quedaron\u00a0internadas. El noveno homicidio del a\u00f1o en Mar del Plata se confirm\u00f3 el domingo en el Hospital Interzonal General de Agudos (HIGA) cuando m\u00e1s all\u00e1 de\u2026","rel":"","context":"En \u00abPOLICIALES\u00bb","block_context":{"text":"POLICIALES","link":"https:\/\/larevistadigital.com.ar\/blog\/category\/policiales\/"},"img":{"alt_text":"","src":"https:\/\/i0.wp.com\/larevistadigital.com.ar\/blog\/wp-content\/uploads\/2019\/03\/1447176298971.jpg?fit=800%2C488&ssl=1&resize=350%2C200","width":350,"height":200,"srcset":"https:\/\/i0.wp.com\/larevistadigital.com.ar\/blog\/wp-content\/uploads\/2019\/03\/1447176298971.jpg?fit=800%2C488&ssl=1&resize=350%2C200 1x, https:\/\/i0.wp.com\/larevistadigital.com.ar\/blog\/wp-content\/uploads\/2019\/03\/1447176298971.jpg?fit=800%2C488&ssl=1&resize=525%2C300 1.5x, https:\/\/i0.wp.com\/larevistadigital.com.ar\/blog\/wp-content\/uploads\/2019\/03\/1447176298971.jpg?fit=800%2C488&ssl=1&resize=700%2C400 2x"},"classes":[]},{"id":11944,"url":"https:\/\/larevistadigital.com.ar\/blog\/balearon-a-un-hombre-para-robarle-las-zapatillas\/","url_meta":{"origin":15620,"position":2},"title":"BALEARON A UN HOMBRE PARA ROBARLE LAS ZAPATILLAS","author":"Alejandro Sosa Ruda","date":"20 agosto, 2019","format":false,"excerpt":"El hecho ocurri\u00f3 esta ma\u00f1ana en el barrio Fray Luis Beltr\u00e1n de la ciudad de Mar del Plata. La v\u00edctima tiene 36 a\u00f1os y tuvo que ser traslada al Hospital Interzonal con una herida en una pierna. Un hombre de 36 a\u00f1os fue baleado esta ma\u00f1ana en el barrio\u00a0Fray Luis\u2026","rel":"","context":"En \u00abINTERES GENERAL\u00bb","block_context":{"text":"INTERES GENERAL","link":"https:\/\/larevistadigital.com.ar\/blog\/category\/interes-general\/"},"img":{"alt_text":"","src":"https:\/\/i0.wp.com\/larevistadigital.com.ar\/blog\/wp-content\/uploads\/Screenshot_2-33.jpg?fit=1005%2C664&ssl=1&resize=350%2C200","width":350,"height":200,"srcset":"https:\/\/i0.wp.com\/larevistadigital.com.ar\/blog\/wp-content\/uploads\/Screenshot_2-33.jpg?fit=1005%2C664&ssl=1&resize=350%2C200 1x, https:\/\/i0.wp.com\/larevistadigital.com.ar\/blog\/wp-content\/uploads\/Screenshot_2-33.jpg?fit=1005%2C664&ssl=1&resize=525%2C300 1.5x, https:\/\/i0.wp.com\/larevistadigital.com.ar\/blog\/wp-content\/uploads\/Screenshot_2-33.jpg?fit=1005%2C664&ssl=1&resize=700%2C400 2x"},"classes":[]},{"id":25094,"url":"https:\/\/larevistadigital.com.ar\/blog\/delincuente-ataca-a-un-automovilista-a-piedrazos-para-robarle-y-la-victima-lo-mato-a-balazos\/","url_meta":{"origin":15620,"position":3},"title":"DELINCUENTE ATACA A UN AUTOMOVILISTA A PIEDRAZOS PARA ROBARLE Y LA V\u00cdCTIMA LO MATO A BALAZOS","author":"Alejandro Sosa Ruda","date":"15 abril, 2022","format":false,"excerpt":"Un joven fue asesinado a tiros\u00a0durante un aparente intento de robo en la autopista Rosario-C\u00f3rdoba, antes del ingreso a la ciudad santafesina. El hecho ocurri\u00f3 en la noche del mi\u00e9rcoles, a la altura del Puente Wilde y a 300 metros de la avenida de Circunvalaci\u00f3n. Seg\u00fan el primer reporte policial,\u2026","rel":"","context":"En \u00abINTERES GENERAL\u00bb","block_context":{"text":"INTERES GENERAL","link":"https:\/\/larevistadigital.com.ar\/blog\/category\/interes-general\/"},"img":{"alt_text":"","src":"https:\/\/i0.wp.com\/larevistadigital.com.ar\/blog\/wp-content\/uploads\/PIEDRAS-CONRA-TIROS.jpg?fit=1200%2C591&ssl=1&resize=350%2C200","width":350,"height":200,"srcset":"https:\/\/i0.wp.com\/larevistadigital.com.ar\/blog\/wp-content\/uploads\/PIEDRAS-CONRA-TIROS.jpg?fit=1200%2C591&ssl=1&resize=350%2C200 1x, https:\/\/i0.wp.com\/larevistadigital.com.ar\/blog\/wp-content\/uploads\/PIEDRAS-CONRA-TIROS.jpg?fit=1200%2C591&ssl=1&resize=525%2C300 1.5x, https:\/\/i0.wp.com\/larevistadigital.com.ar\/blog\/wp-content\/uploads\/PIEDRAS-CONRA-TIROS.jpg?fit=1200%2C591&ssl=1&resize=700%2C400 2x, https:\/\/i0.wp.com\/larevistadigital.com.ar\/blog\/wp-content\/uploads\/PIEDRAS-CONRA-TIROS.jpg?fit=1200%2C591&ssl=1&resize=1050%2C600 3x"},"classes":[]},{"id":29755,"url":"https:\/\/larevistadigital.com.ar\/blog\/chapadmalal-cayo-a-la-playa-desde-un-acantilado-y-esta-grave\/","url_meta":{"origin":15620,"position":4},"title":"CHAPADMALAL: CAY\u00d3 A LA PLAYA DESDE UN ACANTILADO Y EST\u00c1 GRAVE","author":"Alejandro Sosa Ruda","date":"16 enero, 2023","format":false,"excerpt":"Tiene aproximadamente 40 a\u00f1os y fue trasladado al Hospital Interzonal General de Agudos. En el lugar trabaj\u00f3 personal de Prefectura y bomberos. CHAPADMALAL -\u00a0 Un hombre de aproximadamente 40 a\u00f1os se encuentra en grave estado\u00a0tras haber ca\u00eddo de un acantilado de 10 metros de altura en la zona de Chapadmalal.\u2026","rel":"","context":"En \u00abPOLICIALES\u00bb","block_context":{"text":"POLICIALES","link":"https:\/\/larevistadigital.com.ar\/blog\/category\/policiales\/"},"img":{"alt_text":"","src":"https:\/\/i0.wp.com\/larevistadigital.com.ar\/blog\/wp-content\/uploads\/acantilados.jpg?fit=809%2C438&ssl=1&resize=350%2C200","width":350,"height":200,"srcset":"https:\/\/i0.wp.com\/larevistadigital.com.ar\/blog\/wp-content\/uploads\/acantilados.jpg?fit=809%2C438&ssl=1&resize=350%2C200 1x, https:\/\/i0.wp.com\/larevistadigital.com.ar\/blog\/wp-content\/uploads\/acantilados.jpg?fit=809%2C438&ssl=1&resize=525%2C300 1.5x, https:\/\/i0.wp.com\/larevistadigital.com.ar\/blog\/wp-content\/uploads\/acantilados.jpg?fit=809%2C438&ssl=1&resize=700%2C400 2x"},"classes":[]},{"id":14527,"url":"https:\/\/larevistadigital.com.ar\/blog\/mar-del-plata-apunalan-a-un-cuidacoches-en-la-puerta-del-hospital-materno\/","url_meta":{"origin":15620,"position":5},"title":"MAR DEL PLATA: APU\u00d1ALAN A UN CUIDACOCHES EN LA PUERTA DEL HOSPITAL MATERNO","author":"Alejandro Sosa Ruda","date":"2 febrero, 2020","format":false,"excerpt":"Fue durante una pelea con otros hombres. La v\u00edctima recibi\u00f3 dos puntazos y fue trasladada al Hospital Interzonal General de Agudos: se encuentra en grave estado. Un cuidacoches de 20 a\u00f1os fue apu\u00f1alado este domingo a la tarde en las inmediaciones del Hospital Materno Infantil durante una violenta confrontaci\u00f3n con\u2026","rel":"","context":"En \u00abPOLICIALES\u00bb","block_context":{"text":"POLICIALES","link":"https:\/\/larevistadigital.com.ar\/blog\/category\/policiales\/"},"img":{"alt_text":"","src":"https:\/\/i0.wp.com\/larevistadigital.com.ar\/blog\/wp-content\/uploads\/Screenshot_3-39.jpg?fit=600%2C684&ssl=1&resize=350%2C200","width":350,"height":200,"srcset":"https:\/\/i0.wp.com\/larevistadigital.com.ar\/blog\/wp-content\/uploads\/Screenshot_3-39.jpg?fit=600%2C684&ssl=1&resize=350%2C200 1x, https:\/\/i0.wp.com\/larevistadigital.com.ar\/blog\/wp-content\/uploads\/Screenshot_3-39.jpg?fit=600%2C684&ssl=1&resize=525%2C300 1.5x"},"classes":[]}],"_links":{"self":[{"href":"https:\/\/larevistadigital.com.ar\/blog\/wp-json\/wp\/v2\/posts\/15620","targetHints":{"allow":["GET"]}}],"collection":[{"href":"https:\/\/larevistadigital.com.ar\/blog\/wp-json\/wp\/v2\/posts"}],"about":[{"href":"https:\/\/larevistadigital.com.ar\/blog\/wp-json\/wp\/v2\/types\/post"}],"author":[{"embeddable":true,"href":"https:\/\/larevistadigital.com.ar\/blog\/wp-json\/wp\/v2\/users\/3"}],"replies":[{"embeddable":true,"href":"https:\/\/larevistadigital.com.ar\/blog\/wp-json\/wp\/v2\/comments?post=15620"}],"version-history":[{"count":1,"href":"https:\/\/larevistadigital.com.ar\/blog\/wp-json\/wp\/v2\/posts\/15620\/revisions"}],"predecessor-version":[{"id":15621,"href":"https:\/\/larevistadigital.com.ar\/blog\/wp-json\/wp\/v2\/posts\/15620\/revisions\/15621"}],"wp:featuredmedia":[{"embeddable":true,"href":"https:\/\/larevistadigital.com.ar\/blog\/wp-json\/wp\/v2\/media\/15277"}],"wp:attachment":[{"href":"https:\/\/larevistadigital.com.ar\/blog\/wp-json\/wp\/v2\/media?parent=15620"}],"wp:term":[{"taxonomy":"category","embeddable":true,"href":"https:\/\/larevistadigital.com.ar\/blog\/wp-json\/wp\/v2\/categories?post=15620"},{"taxonomy":"post_tag","embeddable":true,"href":"https:\/\/larevistadigital.com.ar\/blog\/wp-json\/wp\/v2\/tags?post=15620"}],"curies":[{"name":"wp","href":"https:\/\/api.w.org\/{rel}","templated":true}]}}