{"id":15622,"date":"2020-06-12T14:59:31","date_gmt":"2020-06-12T14:59:31","guid":{"rendered":"https:\/\/larevistadigital.com.ar\/blog\/?p=15622"},"modified":"2020-06-12T14:59:31","modified_gmt":"2020-06-12T14:59:31","slug":"que-miramos-aca-con-video-incluido-la-lupa-del-negro-carrizo-hoy-sobre","status":"publish","type":"post","link":"https:\/\/larevistadigital.com.ar\/blog\/que-miramos-aca-con-video-incluido-la-lupa-del-negro-carrizo-hoy-sobre\/","title":{"rendered":"\u00bfQU\u00c9 MIRAMOS? (AC\u00c1 CON VIDEO INCLU\u00cdDO), LA LUPA DEL \u00abNEGRO CARRIZO\u00bb HOY SOBRE&#8230;."},"content":{"rendered":"<p><strong>Guas\u00f3n\u2026o el joker<\/strong><br \/>\nDC Comic se dio cuenta que el negocio de los superh\u00e9roes no era tan redituable, aparte de que Marvel ya hab\u00eda dilatado bastante la cuesti\u00f3n ,se propone entonces darle vida cinematogr\u00e1fica a sus villanos mas representativos.<\/p>\n<p>No pod\u00eda faltar su m\u00e1ximo exponente a esta nueva forma de hacer cine, y no tardo en llegar el Guas\u00f3n, no se si el mejor o el peor eso cada quien lo eval\u00faa seg\u00fan el perfil de villanos que les guste, el asunto es que DC nos trae esta pel\u00edcula donde vemos a un Guas\u00f3n muy humanizado.<\/p>\n<p>Lejos de parecerse a sus antecesores, esta versi\u00f3n del peor enemigo de Batman crece en la pobreza y abandono total a su persona, sufre de una rara enfermedad que hace que siempre parezca que esta ri\u00e9ndose y demuestra las falencias de un estado del primer mundo que hace caso omiso a las problem\u00e1ticas de la clase media baja.<\/p>\n<p>Con algunos detalles de los a\u00f1os 40 la pel\u00edcula lejos de ser una opci\u00f3n razonable para ni\u00f1os o fans de las historieta nos muestra un drama de una persona que cansada de ser ignorada o s\u00edmbolo de burla comienza a crear su propio anarquismo, esta condici\u00f3n es imitada por varias personas de G\u00f3tica y sin quererlo crea un movimiento antisistema que invita a la reflexi\u00f3n, en algunos casos la empat\u00eda y demuestra como con un poco de carisma y bastante exceso de estr\u00e9s uno se puede volver loco f\u00e1cilmente.<\/p>\n<p>Es considerada una obra de arte, y tal vez lo sea; en lo que a mi respecta es una buena pel\u00edcula para prestarle atenci\u00f3n y pasar un buen rato.<\/p>\n<p>&nbsp;<\/p>\n<p><span class=\"embed-youtube\" style=\"text-align:center; display: block;\"><iframe loading=\"lazy\" class=\"youtube-player\" width=\"640\" height=\"360\" src=\"https:\/\/www.youtube.com\/embed\/Hib3HbLxo4s?version=3&#038;rel=1&#038;showsearch=0&#038;showinfo=1&#038;iv_load_policy=1&#038;fs=1&#038;hl=es-ES&#038;autohide=2&#038;wmode=transparent\" allowfullscreen=\"true\" style=\"border:0;\" sandbox=\"allow-scripts allow-same-origin allow-popups allow-presentation allow-popups-to-escape-sandbox\"><\/iframe><\/span><\/p>\n","protected":false},"excerpt":{"rendered":"<div class=\"mh-excerpt\"><p>Guas\u00f3n\u2026o el joker DC Comic se dio cuenta que el negocio de los superh\u00e9roes no era tan redituable, aparte de que Marvel ya hab\u00eda dilatado bastante la cuesti\u00f3n ,se propone entonces darle vida cinematogr\u00e1fica a <a class=\"mh-excerpt-more\" href=\"https:\/\/larevistadigital.com.ar\/blog\/que-miramos-aca-con-video-incluido-la-lupa-del-negro-carrizo-hoy-sobre\/\" title=\"\u00bfQU\u00c9 MIRAMOS? (AC\u00c1 CON VIDEO INCLU\u00cdDO), LA LUPA DEL \u00abNEGRO CARRIZO\u00bb HOY SOBRE&#8230;.\">[Leer M\u00e1s]<\/a><\/p>\n<\/div>","protected":false},"author":3,"featured_media":15623,"comment_status":"open","ping_status":"open","sticky":false,"template":"","format":"standard","meta":{"_jetpack_memberships_contains_paid_content":false,"footnotes":"","jetpack_publicize_message":"","jetpack_publicize_feature_enabled":true,"jetpack_social_post_already_shared":true,"jetpack_social_options":{"image_generator_settings":{"template":"highway","default_image_id":0,"font":"","enabled":false},"version":2}},"categories":[50],"tags":[],"class_list":{"0":"post-15622","1":"post","2":"type-post","3":"status-publish","4":"format-standard","5":"has-post-thumbnail","7":"category-interes-general"},"jetpack_publicize_connections":[],"jetpack_featured_media_url":"https:\/\/i0.wp.com\/larevistadigital.com.ar\/blog\/wp-content\/uploads\/TODO-SOBRE-CINE.jpg?fit=1024%2C768&ssl=1","jetpack_sharing_enabled":true,"jetpack_shortlink":"https:\/\/wp.me\/p8qtrQ-43Y","jetpack-related-posts":[{"id":15386,"url":"https:\/\/larevistadigital.com.ar\/blog\/imperdible-2-x-1-el-negro-carrizo-hoy-peliculas\/","url_meta":{"origin":15622,"position":0},"title":"IMPERDIBLE! 2 X 1 EL \u00abNEGRO CARRIZO\u00bb HOY PEL\u00cdCULAS!","author":"Alejandro Sosa Ruda","date":"28 mayo, 2020","format":false,"excerpt":"#Batman Lego (2017) NO debe existir versi\u00f3n mejor! Bueno obviamente que s\u00ed; aunque esta versi\u00f3n desde un perfil un tanto ir\u00f3nico sintetiza al gran Bruno D\u00edaz y su identidad a esta altura poco secreta. En esta historia podemos conocer al Batman detr\u00e1s del s\u00faper h\u00e9roe; como a pesar del \u00e9xito\u2026","rel":"","context":"En \u00abINTERES GENERAL\u00bb","block_context":{"text":"INTERES GENERAL","link":"https:\/\/larevistadigital.com.ar\/blog\/category\/interes-general\/"},"img":{"alt_text":"","src":"https:\/\/i0.wp.com\/larevistadigital.com.ar\/blog\/wp-content\/uploads\/LO-QUE-VIENE-NETFLIX.jpg?fit=620%2C330&ssl=1&resize=350%2C200","width":350,"height":200,"srcset":"https:\/\/i0.wp.com\/larevistadigital.com.ar\/blog\/wp-content\/uploads\/LO-QUE-VIENE-NETFLIX.jpg?fit=620%2C330&ssl=1&resize=350%2C200 1x, https:\/\/i0.wp.com\/larevistadigital.com.ar\/blog\/wp-content\/uploads\/LO-QUE-VIENE-NETFLIX.jpg?fit=620%2C330&ssl=1&resize=525%2C300 1.5x"},"classes":[]},{"id":25375,"url":"https:\/\/larevistadigital.com.ar\/blog\/chascomus-el-municipio-traslada-a-sus-trabajadores-peor-que-al-ganado\/","url_meta":{"origin":15622,"position":1},"title":"CHASCOM\u00daS: EL MUNICIPIO TRASLADA A SUS TRABAJADORES PEOR QUE AL GANADO&#8230;","author":"Alejandro Sosa Ruda","date":"24 mayo, 2022","format":false,"excerpt":"Una lectora hizo llegar a nuestra redacci\u00f3n unas indignantes fotos que tom\u00f3 en horas del mediod\u00eda, que son una muestra de la poca empat\u00eda que los funcionarios municipales tienen por sus empleados. CHASCOM\u00daS -\u00a0 La vecina y docente de nuestra ciudad, Betty Martinez, nos hizo llegar unas fotos que tom\u00f3\u2026","rel":"","context":"En \u00abINTERES GENERAL\u00bb","block_context":{"text":"INTERES GENERAL","link":"https:\/\/larevistadigital.com.ar\/blog\/category\/interes-general\/"},"img":{"alt_text":"","src":"https:\/\/i0.wp.com\/larevistadigital.com.ar\/blog\/wp-content\/uploads\/283682371_10228260322840289_8252466639984458246_n.jpg?fit=1125%2C870&ssl=1&resize=350%2C200","width":350,"height":200,"srcset":"https:\/\/i0.wp.com\/larevistadigital.com.ar\/blog\/wp-content\/uploads\/283682371_10228260322840289_8252466639984458246_n.jpg?fit=1125%2C870&ssl=1&resize=350%2C200 1x, https:\/\/i0.wp.com\/larevistadigital.com.ar\/blog\/wp-content\/uploads\/283682371_10228260322840289_8252466639984458246_n.jpg?fit=1125%2C870&ssl=1&resize=525%2C300 1.5x, https:\/\/i0.wp.com\/larevistadigital.com.ar\/blog\/wp-content\/uploads\/283682371_10228260322840289_8252466639984458246_n.jpg?fit=1125%2C870&ssl=1&resize=700%2C400 2x, https:\/\/i0.wp.com\/larevistadigital.com.ar\/blog\/wp-content\/uploads\/283682371_10228260322840289_8252466639984458246_n.jpg?fit=1125%2C870&ssl=1&resize=1050%2C600 3x"},"classes":[]},{"id":21882,"url":"https:\/\/larevistadigital.com.ar\/blog\/para-pensar-reflexion-de-la-dirigente-peronista-alexa-oyhamburu\/","url_meta":{"origin":15622,"position":2},"title":"PARA PENSAR&#8230;REFLEXION DE LA DIRIGENTE PERONISTA ALEXA OYHAMBURU","author":"Alejandro Sosa Ruda","date":"6 septiembre, 2021","format":false,"excerpt":"Alexa Oyhamburu, es una joven militante y dirigente peronista, que en la pasada elecci\u00f3n fue una de los referentes de Florencio Randazzo, en la ciudad de Chascom\u00fas, compitiendo en las PASO como pre candidata a concejal. Hoy, desde su cuenta de Facebook, escribi\u00f3 una interesante reflexi\u00f3n que compartimos LA PUBLICACI\u00d3N\u2026","rel":"","context":"En \u00abCHASCOM\u00daS\u00bb","block_context":{"text":"CHASCOM\u00daS","link":"https:\/\/larevistadigital.com.ar\/blog\/category\/chascomus\/"},"img":{"alt_text":"","src":"https:\/\/i0.wp.com\/larevistadigital.com.ar\/blog\/wp-content\/uploads\/20842267_10212206662915739_5414198624297714223_n-e1630903969782.jpg?fit=639%2C527&ssl=1&resize=350%2C200","width":350,"height":200,"srcset":"https:\/\/i0.wp.com\/larevistadigital.com.ar\/blog\/wp-content\/uploads\/20842267_10212206662915739_5414198624297714223_n-e1630903969782.jpg?fit=639%2C527&ssl=1&resize=350%2C200 1x, https:\/\/i0.wp.com\/larevistadigital.com.ar\/blog\/wp-content\/uploads\/20842267_10212206662915739_5414198624297714223_n-e1630903969782.jpg?fit=639%2C527&ssl=1&resize=525%2C300 1.5x"},"classes":[]},{"id":30178,"url":"https:\/\/larevistadigital.com.ar\/blog\/chascomus-estupor-y-pesar-por-el-fallecimiento-de-una-criatura-de-11-anos-de-edad\/","url_meta":{"origin":15622,"position":3},"title":"CHASCOM\u00daS: ESTUPOR Y PESAR POR EL FALLECIMIENTO DE UNA CRIATURA DE 11 A\u00d1OS DE EDAD","author":"Alejandro Sosa Ruda","date":"16 febrero, 2023","format":false,"excerpt":"Fue encontrada sin vida por su mam\u00e1. La causa est\u00e1 caratulada \"averiguaci\u00f3n de causales de muerte\". CHASCOM\u00daS -\u00a0 Profundo pesar sacudi\u00f3 ayer a toda la comunidad chascomunense ante la noticia del fallecimiento de una nena de 11 a\u00f1os de edad, aparentemente por un disparo de arma de fuego. Resulta imposible\u2026","rel":"","context":"En \u00abDESTACADAS\u00bb","block_context":{"text":"DESTACADAS","link":"https:\/\/larevistadigital.com.ar\/blog\/category\/destacadas\/"},"img":{"alt_text":"","src":"https:\/\/i0.wp.com\/larevistadigital.com.ar\/blog\/wp-content\/uploads\/2017\/10\/CRESP%C3%93N-NEGRO.jpg?fit=900%2C900&ssl=1&resize=350%2C200","width":350,"height":200,"srcset":"https:\/\/i0.wp.com\/larevistadigital.com.ar\/blog\/wp-content\/uploads\/2017\/10\/CRESP%C3%93N-NEGRO.jpg?fit=900%2C900&ssl=1&resize=350%2C200 1x, https:\/\/i0.wp.com\/larevistadigital.com.ar\/blog\/wp-content\/uploads\/2017\/10\/CRESP%C3%93N-NEGRO.jpg?fit=900%2C900&ssl=1&resize=525%2C300 1.5x, https:\/\/i0.wp.com\/larevistadigital.com.ar\/blog\/wp-content\/uploads\/2017\/10\/CRESP%C3%93N-NEGRO.jpg?fit=900%2C900&ssl=1&resize=700%2C400 2x"},"classes":[]},{"id":36374,"url":"https:\/\/larevistadigital.com.ar\/blog\/un-joven-de-villa-gesell-murio-en-brasil-atropellado-por-un-auto-y-su-familia-hace-una-colecta-para-traer-sus-restos\/","url_meta":{"origin":15622,"position":4},"title":"UN JOVEN DE VILLA GESELL MURI\u00d3 EN BRASIL ATROPELLADO POR UN AUTO, Y SU FAMILIA HACE UNA COLECTA PARA TRAER SUS RESTOS","author":"Alejandro Sosa Ruda","date":"21 junio, 2024","format":false,"excerpt":"Ariel Cabral un chico geselino, sufri\u00f3 un accidente fatal en Brasil, su familia geselina , esta destrozada por lo ocurrido. Se realizaron los tr\u00e1mites correspondientes, mediante v\u00eda Cancilleria y las autoridades locales de Brasil, para traer los restos del joven, la familia debe costear el traslado en su totalidad, y\u2026","rel":"","context":"En \u00abREGIONALES\u00bb","block_context":{"text":"REGIONALES","link":"https:\/\/larevistadigital.com.ar\/blog\/category\/regionales\/"},"img":{"alt_text":"","src":"https:\/\/i0.wp.com\/larevistadigital.com.ar\/blog\/wp-content\/uploads\/2-19.jpg?fit=700%2C700&ssl=1&resize=350%2C200","width":350,"height":200,"srcset":"https:\/\/i0.wp.com\/larevistadigital.com.ar\/blog\/wp-content\/uploads\/2-19.jpg?fit=700%2C700&ssl=1&resize=350%2C200 1x, https:\/\/i0.wp.com\/larevistadigital.com.ar\/blog\/wp-content\/uploads\/2-19.jpg?fit=700%2C700&ssl=1&resize=525%2C300 1.5x, https:\/\/i0.wp.com\/larevistadigital.com.ar\/blog\/wp-content\/uploads\/2-19.jpg?fit=700%2C700&ssl=1&resize=700%2C400 2x"},"classes":[]},{"id":45143,"url":"https:\/\/larevistadigital.com.ar\/blog\/encuesta-se-desplomo-la-expectativa-sobre-el-futuro-del-pais\/","url_meta":{"origin":15622,"position":5},"title":"Encuesta: se desplom\u00f3 la expectativa sobre el futuro del pa\u00eds","author":"Alejandro Sosa Ruda","date":"16 abril, 2026","format":false,"excerpt":"Una nueva encuesta revel\u00f3 que m\u00e1s del 60% cree que la Argentina est\u00e1 peor y que se derrumb\u00f3 la expectativa de mejora para 2027. 16 de abril de 2026 Una nueva medici\u00f3n de Opina Argentina reflej\u00f3 un deterioro en el clima social y en las expectativas econ\u00f3micas del pa\u00eds. El\u2026","rel":"","context":"En \u00abINTERES GENERAL\u00bb","block_context":{"text":"INTERES GENERAL","link":"https:\/\/larevistadigital.com.ar\/blog\/category\/interes-general\/"},"img":{"alt_text":"","src":"https:\/\/i0.wp.com\/larevistadigital.com.ar\/blog\/wp-content\/uploads\/Captura-de-pantalla-2026-04-16-192017.jpg?fit=657%2C383&ssl=1&resize=350%2C200","width":350,"height":200,"srcset":"https:\/\/i0.wp.com\/larevistadigital.com.ar\/blog\/wp-content\/uploads\/Captura-de-pantalla-2026-04-16-192017.jpg?fit=657%2C383&ssl=1&resize=350%2C200 1x, https:\/\/i0.wp.com\/larevistadigital.com.ar\/blog\/wp-content\/uploads\/Captura-de-pantalla-2026-04-16-192017.jpg?fit=657%2C383&ssl=1&resize=525%2C300 1.5x"},"classes":[]}],"_links":{"self":[{"href":"https:\/\/larevistadigital.com.ar\/blog\/wp-json\/wp\/v2\/posts\/15622","targetHints":{"allow":["GET"]}}],"collection":[{"href":"https:\/\/larevistadigital.com.ar\/blog\/wp-json\/wp\/v2\/posts"}],"about":[{"href":"https:\/\/larevistadigital.com.ar\/blog\/wp-json\/wp\/v2\/types\/post"}],"author":[{"embeddable":true,"href":"https:\/\/larevistadigital.com.ar\/blog\/wp-json\/wp\/v2\/users\/3"}],"replies":[{"embeddable":true,"href":"https:\/\/larevistadigital.com.ar\/blog\/wp-json\/wp\/v2\/comments?post=15622"}],"version-history":[{"count":1,"href":"https:\/\/larevistadigital.com.ar\/blog\/wp-json\/wp\/v2\/posts\/15622\/revisions"}],"predecessor-version":[{"id":15624,"href":"https:\/\/larevistadigital.com.ar\/blog\/wp-json\/wp\/v2\/posts\/15622\/revisions\/15624"}],"wp:featuredmedia":[{"embeddable":true,"href":"https:\/\/larevistadigital.com.ar\/blog\/wp-json\/wp\/v2\/media\/15623"}],"wp:attachment":[{"href":"https:\/\/larevistadigital.com.ar\/blog\/wp-json\/wp\/v2\/media?parent=15622"}],"wp:term":[{"taxonomy":"category","embeddable":true,"href":"https:\/\/larevistadigital.com.ar\/blog\/wp-json\/wp\/v2\/categories?post=15622"},{"taxonomy":"post_tag","embeddable":true,"href":"https:\/\/larevistadigital.com.ar\/blog\/wp-json\/wp\/v2\/tags?post=15622"}],"curies":[{"name":"wp","href":"https:\/\/api.w.org\/{rel}","templated":true}]}}