{"id":15625,"date":"2020-06-12T15:32:26","date_gmt":"2020-06-12T15:32:26","guid":{"rendered":"https:\/\/larevistadigital.com.ar\/blog\/?p=15625"},"modified":"2020-06-12T15:32:26","modified_gmt":"2020-06-12T15:32:26","slug":"el-obispo-malfa-bendijo-las-instalaciones-del-complejo-cultural-y-destaco-el-crecimiento-de-lezama","status":"publish","type":"post","link":"https:\/\/larevistadigital.com.ar\/blog\/el-obispo-malfa-bendijo-las-instalaciones-del-complejo-cultural-y-destaco-el-crecimiento-de-lezama\/","title":{"rendered":"EL OBISPO MALFA BENDIJO LAS INSTALACIONES DEL COMPLEJO CULTURAL Y DESTAC\u00d3 EL CRECIMIENTO DE LEZAMA"},"content":{"rendered":"<p>En visita oficial <strong>Monse\u00f1or Malfa<\/strong> recorri\u00f3 con el intendente <strong>Harispe<\/strong> distintos sitios de la ciudad y entreg\u00f3 un protocolo para cuando se habilite la realizaci\u00f3n de la santa misa.<\/p>\n<p>En la ma\u00f1ana del jueves visit\u00f3 la ciudad de Lezama <strong>Monse\u00f1or Carlos Malfa<\/strong>, Obispo de la Di\u00f3cesis de Chascom\u00fas, en el marco de una recorrida por los municipios que la integran, con el prop\u00f3sito de dialogar con l<span class=\"text_exposed_show\">os intendentes sobre la situaci\u00f3n actual y entregar un protocolo para la celebraci\u00f3n de misas. El obispo lleg\u00f3 alrededor de las 9 a Lezama y luego de pasar por el puesto de sanitizaci\u00f3n fue recibido por el intendente municipal Agrim. <strong>Arnaldo Harispe.<\/strong> Junto a integrantes del gabinete la autoridad eclesi\u00e1stica y el jefe comunal recorrieron la obra del nuevo Jard\u00edn de Infantes N\u00ba 901 y el flamante Polideportivo Municipal<strong> Jos\u00e9 Chich\u00edn Pisani.<\/strong><\/span><\/p>\n<div class=\"text_exposed_show\">\n<blockquote>\n<h3>Luego la comitiva fue recibida por el Director de Cultura <strong>Dar\u00edo Blanco<\/strong> en el Complejo Cultural General San Mart\u00edn. All\u00ed <strong>Monse\u00f1or Malfa<\/strong> destac\u00f3 las dimensiones y caracter\u00edsticas de la obra, como tambi\u00e9n el origen de este espacio ligado a la pionera Sociedad de Fomento. Por el mismo motivo elogi\u00f3 la elecci\u00f3n de la huella digital para el logo de este espacio cultural, remarcando la identidad afianzada que tienen los pueblos como el nuestro.<\/h3>\n<\/blockquote>\n<p>El momento fue propicio para pedir la bendici\u00f3n formal de las nuevas instalaciones de la cultura local y es as\u00ed que, 8 meses y medio despu\u00e9s de su inauguraci\u00f3n, el 11 de junio de 2020 el Complejo Cultural GSM fue bendecido por Monse\u00f1or Carlos Humberto Malfa, Obispo de la Di\u00f3cesis de Chascom\u00fas.<\/p>\n<blockquote>\n<h3>M\u00e1s tarde mantuvo una reuni\u00f3n con el jefe comunal en la que dialogaron acerca de las obras terminadas y los proyectos de Lezama. \u201cCon monse\u00f1or tenemos un afecto especial porque nos conocemos desde hace m\u00e1s de 15 a\u00f1os, cuando fui delegado por primera vez\u201d, relat\u00f3 Harispe. \u201cFue una reuni\u00f3n muy amena en la que pudimos hablar de varios temas, \u00e9l se mostr\u00f3 sorprendido por el crecimiento que ha tenido nuestro municipio en el \u00faltimo tiempo. Le cont\u00e9 adem\u00e1s sobre distintas gestiones que estamos llevando a cabo, las obras de vivienda, pavimento y el trabajo que venimos llevando en la parte social con la asistencia a familias\u201d, describi\u00f3.<\/h3>\n<\/blockquote>\n<p>Al final de su visita el obispo entreg\u00f3 una carta al intendente municipal y un protocolo para la celebraci\u00f3n de las misas, para cuando el ejecutivo local habilite las actividades de cultos. Antes de partir para la vecina ciudad de Castelli, <strong>Malfa<\/strong> dialog\u00f3 acerca de la visita y otros temas con radio FM La Nube, aprovechando la ocasi\u00f3n para saludar a toda la comunidad.<\/p>\n<\/div>\n","protected":false},"excerpt":{"rendered":"<div class=\"mh-excerpt\"><p>En visita oficial Monse\u00f1or Malfa recorri\u00f3 con el intendente Harispe distintos sitios de la ciudad y entreg\u00f3 un protocolo para cuando se habilite la realizaci\u00f3n de la santa misa. En la ma\u00f1ana del jueves visit\u00f3 <a class=\"mh-excerpt-more\" href=\"https:\/\/larevistadigital.com.ar\/blog\/el-obispo-malfa-bendijo-las-instalaciones-del-complejo-cultural-y-destaco-el-crecimiento-de-lezama\/\" title=\"EL OBISPO MALFA BENDIJO LAS INSTALACIONES DEL COMPLEJO CULTURAL Y DESTAC\u00d3 EL CRECIMIENTO DE LEZAMA\">[Leer M\u00e1s]<\/a><\/p>\n<\/div>","protected":false},"author":3,"featured_media":15626,"comment_status":"open","ping_status":"open","sticky":false,"template":"","format":"standard","meta":{"_jetpack_memberships_contains_paid_content":false,"footnotes":"","jetpack_publicize_message":"","jetpack_publicize_feature_enabled":true,"jetpack_social_post_already_shared":true,"jetpack_social_options":{"image_generator_settings":{"template":"highway","default_image_id":0,"font":"","enabled":false},"version":2}},"categories":[7,51],"tags":[],"class_list":{"0":"post-15625","1":"post","2":"type-post","3":"status-publish","4":"format-standard","5":"has-post-thumbnail","7":"category-lezama","8":"category-regionales"},"jetpack_publicize_connections":[],"jetpack_featured_media_url":"https:\/\/i0.wp.com\/larevistadigital.com.ar\/blog\/wp-content\/uploads\/103866483_1784184365107590_2881902149380552732_o.jpg?fit=2048%2C1365&ssl=1","jetpack_sharing_enabled":true,"jetpack_shortlink":"https:\/\/wp.me\/p8qtrQ-441","jetpack-related-posts":[{"id":7374,"url":"https:\/\/larevistadigital.com.ar\/blog\/dolores-se-invita-a-acompanar-los-festejos-por-los-40-anos-de-ordenacion-del-obispo-monsenor-carlos-malfa\/","url_meta":{"origin":15625,"position":0},"title":"DOLORES: SE INVITA A ACOMPA\u00d1AR LOS FESTEJOS POR LOS 40 A\u00d1OS DE ORDENACI\u00d3N DEL OBISPO MONSE\u00d1OR CARLOS MALFA","author":"Alejandro Sosa Ruda","date":"26 diciembre, 2018","format":false,"excerpt":"La Parroquia Nuestra Se\u00f1ora de los Dolores, ubicada en la calle Belgrano N\u00b0 351 de la ciudad de Dolores,\u00a0 invita a la comunidad de toda la regi\u00f3n a la celebraci\u00f3n de la Santa Misa de Acci\u00f3n de Gracias por los 40 a\u00f1os de ordenaci\u00f3n sacerdotal de Monse\u00f1or Carlos Malfa, el\u2026","rel":"","context":"En \u00abPOLITICA\u00bb","block_context":{"text":"POLITICA","link":"https:\/\/larevistadigital.com.ar\/blog\/category\/politica\/"},"img":{"alt_text":"","src":"https:\/\/i0.wp.com\/larevistadigital.com.ar\/blog\/wp-content\/uploads\/2018\/12\/pers_Carlos_Malfa161215724534.jpg?fit=642%2C366&ssl=1&resize=350%2C200","width":350,"height":200,"srcset":"https:\/\/i0.wp.com\/larevistadigital.com.ar\/blog\/wp-content\/uploads\/2018\/12\/pers_Carlos_Malfa161215724534.jpg?fit=642%2C366&ssl=1&resize=350%2C200 1x, https:\/\/i0.wp.com\/larevistadigital.com.ar\/blog\/wp-content\/uploads\/2018\/12\/pers_Carlos_Malfa161215724534.jpg?fit=642%2C366&ssl=1&resize=525%2C300 1.5x"},"classes":[]},{"id":25803,"url":"https:\/\/larevistadigital.com.ar\/blog\/chascomus-comunicado-oficial-del-obispo-por-la-desaparicion-del-sacerdote-de-maipu\/","url_meta":{"origin":15625,"position":1},"title":"CHASCOM\u00daS: COMUNICADO OFICIAL DEL OBISPO, POR LA DESAPARICI\u00d3N DEL SACERDOTE DE MAIP\u00da","author":"Alejandro Sosa Ruda","date":"12 junio, 2022","format":false,"excerpt":"Luego de que la desaparici\u00f3n del p\u00e1rroco de Maip\u00fa, Enrique Navarro Le\u00f3n Ludovis, cobrara gran trascendencia y tuviera en vilo a la ciudad y gran parte de la regi\u00f3n, el obispo Monse\u00f1or Carlos Malfa emiti\u00f3 un comunicado abordando el tema, y brindando explicaciones acerca del caso. El comunicado, encabezado con\u2026","rel":"","context":"En \u00abDESTACADAS\u00bb","block_context":{"text":"DESTACADAS","link":"https:\/\/larevistadigital.com.ar\/blog\/category\/destacadas\/"},"img":{"alt_text":"","src":"https:\/\/i0.wp.com\/larevistadigital.com.ar\/blog\/wp-content\/uploads\/Malfa652c-Copy.jpg?fit=1024%2C768&ssl=1&resize=350%2C200","width":350,"height":200,"srcset":"https:\/\/i0.wp.com\/larevistadigital.com.ar\/blog\/wp-content\/uploads\/Malfa652c-Copy.jpg?fit=1024%2C768&ssl=1&resize=350%2C200 1x, https:\/\/i0.wp.com\/larevistadigital.com.ar\/blog\/wp-content\/uploads\/Malfa652c-Copy.jpg?fit=1024%2C768&ssl=1&resize=525%2C300 1.5x, https:\/\/i0.wp.com\/larevistadigital.com.ar\/blog\/wp-content\/uploads\/Malfa652c-Copy.jpg?fit=1024%2C768&ssl=1&resize=700%2C400 2x"},"classes":[]},{"id":20150,"url":"https:\/\/larevistadigital.com.ar\/blog\/monsenor-malfa-pidio-poder-celebrar-misas-en-toda-la-diosesis\/","url_meta":{"origin":15625,"position":2},"title":"MONSE\u00d1OR MALFA PIDI\u00d3 PODER CELEBRAR MISAS EN T\u00d3DA LA DI\u00d3SESIS","author":"Alejandro Sosa Ruda","date":"7 mayo, 2021","format":false,"excerpt":"El Obispo de Chascom\u00fas, Carlos H. Malfa, reiter\u00f3 las gestiones ante la gobernaci\u00f3n de la provincia para que se revean \u201clas medidas desproporcionadas que restringen la libertad de culto\u201d, en referencia a la \u00faltima resoluci\u00f3n de la Jefatura de Gabinete provincial. En di\u00e1logo telef\u00f3nico con el director provincial de Relaciones\u2026","rel":"","context":"En \u00abINTERES GENERAL\u00bb","block_context":{"text":"INTERES GENERAL","link":"https:\/\/larevistadigital.com.ar\/blog\/category\/interes-general\/"},"img":{"alt_text":"","src":"https:\/\/i0.wp.com\/larevistadigital.com.ar\/blog\/wp-content\/uploads\/dd7ad842f55cc1b2ce84e5eb879667862f6fc928.png?fit=1140%2C669&ssl=1&resize=350%2C200","width":350,"height":200,"srcset":"https:\/\/i0.wp.com\/larevistadigital.com.ar\/blog\/wp-content\/uploads\/dd7ad842f55cc1b2ce84e5eb879667862f6fc928.png?fit=1140%2C669&ssl=1&resize=350%2C200 1x, https:\/\/i0.wp.com\/larevistadigital.com.ar\/blog\/wp-content\/uploads\/dd7ad842f55cc1b2ce84e5eb879667862f6fc928.png?fit=1140%2C669&ssl=1&resize=525%2C300 1.5x, https:\/\/i0.wp.com\/larevistadigital.com.ar\/blog\/wp-content\/uploads\/dd7ad842f55cc1b2ce84e5eb879667862f6fc928.png?fit=1140%2C669&ssl=1&resize=700%2C400 2x, https:\/\/i0.wp.com\/larevistadigital.com.ar\/blog\/wp-content\/uploads\/dd7ad842f55cc1b2ce84e5eb879667862f6fc928.png?fit=1140%2C669&ssl=1&resize=1050%2C600 3x"},"classes":[]},{"id":16074,"url":"https:\/\/larevistadigital.com.ar\/blog\/lezama-dio-negativo-el-hisopado-del-intendente-harispe\/","url_meta":{"origin":15625,"position":3},"title":"LEZAMA: DIO NEGATIVO EL HISOPADO DEL INTENDENTE HARISPE","author":"Alejandro Sosa Ruda","date":"20 agosto, 2020","format":false,"excerpt":"El Intendente de Lezama Arnaldo Harispe dio a conocer a trav\u00e9s de las redes sociales el siguiente mensaje: \u201cQuiero informar a la comunidad que, despu\u00e9s de haber sido hisopado por presentar s\u00edntomas compatibles, recib\u00ed hoy el resultado negativo para Covid-19. Estoy con un cuadro gripal pero en buen estado de\u2026","rel":"","context":"En \u00abLEZAMA\u00bb","block_context":{"text":"LEZAMA","link":"https:\/\/larevistadigital.com.ar\/blog\/category\/lezama\/"},"img":{"alt_text":"","src":"https:\/\/i0.wp.com\/larevistadigital.com.ar\/blog\/wp-content\/uploads\/WhatsApp-Image-2020-08-19-at-10.08.17-PM.jpeg?fit=600%2C600&ssl=1&resize=350%2C200","width":350,"height":200,"srcset":"https:\/\/i0.wp.com\/larevistadigital.com.ar\/blog\/wp-content\/uploads\/WhatsApp-Image-2020-08-19-at-10.08.17-PM.jpeg?fit=600%2C600&ssl=1&resize=350%2C200 1x, https:\/\/i0.wp.com\/larevistadigital.com.ar\/blog\/wp-content\/uploads\/WhatsApp-Image-2020-08-19-at-10.08.17-PM.jpeg?fit=600%2C600&ssl=1&resize=525%2C300 1.5x"},"classes":[]},{"id":2787,"url":"https:\/\/larevistadigital.com.ar\/blog\/lezama-el-intendente-harispe-inaugurara-en-nuevo-concejo-delibertante\/","url_meta":{"origin":15625,"position":4},"title":"LEZAMA: EL INTENDENTE HARISPE INAUGURAR\u00c1 EN NUEVO CONCEJO DELIBERTANTE","author":"Alejandro Sosa Ruda","date":"27 julio, 2017","format":false,"excerpt":"Ma\u00f1ana a las 11 horas el intendente de Lezama, \u00a0Arnaldo Harispe, \u00a0pondr\u00e1 en funcionamiento el Geri\u00e1trico Do\u00f1a Celina de Girard, acompa\u00f1ado de funcionarios del PAMI. Se supo que dar\u00e1 a conocer los motivos por los cuales se retras\u00f3 su puesta en funcionamiento, adem\u00e1s de los tr\u00e1mites para hacer efectiva la\u2026","rel":"","context":"En \u00abLEZAMA\u00bb","block_context":{"text":"LEZAMA","link":"https:\/\/larevistadigital.com.ar\/blog\/category\/lezama\/"},"img":{"alt_text":"","src":"https:\/\/i0.wp.com\/larevistadigital.com.ar\/blog\/wp-content\/uploads\/2017\/07\/lezama.jpg?fit=960%2C720&ssl=1&resize=350%2C200","width":350,"height":200,"srcset":"https:\/\/i0.wp.com\/larevistadigital.com.ar\/blog\/wp-content\/uploads\/2017\/07\/lezama.jpg?fit=960%2C720&ssl=1&resize=350%2C200 1x, https:\/\/i0.wp.com\/larevistadigital.com.ar\/blog\/wp-content\/uploads\/2017\/07\/lezama.jpg?fit=960%2C720&ssl=1&resize=525%2C300 1.5x, https:\/\/i0.wp.com\/larevistadigital.com.ar\/blog\/wp-content\/uploads\/2017\/07\/lezama.jpg?fit=960%2C720&ssl=1&resize=700%2C400 2x"},"classes":[]},{"id":12987,"url":"https:\/\/larevistadigital.com.ar\/blog\/el-obispo-reprende-al-cura-de-lezama-que-se-enfrenta-con-los-fieles-por-politica\/","url_meta":{"origin":15625,"position":5},"title":"EL OBISPO REPRENDE AL CURA DE LEZAMA, QUE SE ENFRENTA CON LOS FIELES POR POL\u00cdTICA","author":"Alejandro Sosa Ruda","date":"2 noviembre, 2019","format":false,"excerpt":"La Iglesia le ha confiado servir pastoralmente y lo llam\u00f3 para que reconsidere su actitud que poco bien le hace a los fieles. El se\u00f1or Obispo diocesano, Monse\u00f1or Carlos H. Malfa, mantuvo una conversaci\u00f3n con el Padre\u00a0Di Sanzo con la esperanza de lograr un cambio de actitud y comunicarle que\u2026","rel":"","context":"En \u00abLEZAMA\u00bb","block_context":{"text":"LEZAMA","link":"https:\/\/larevistadigital.com.ar\/blog\/category\/lezama\/"},"img":{"alt_text":"","src":"https:\/\/i0.wp.com\/larevistadigital.com.ar\/blog\/wp-content\/uploads\/cura-lezama-jc-di-sanzo.png?fit=1200%2C679&ssl=1&resize=350%2C200","width":350,"height":200,"srcset":"https:\/\/i0.wp.com\/larevistadigital.com.ar\/blog\/wp-content\/uploads\/cura-lezama-jc-di-sanzo.png?fit=1200%2C679&ssl=1&resize=350%2C200 1x, https:\/\/i0.wp.com\/larevistadigital.com.ar\/blog\/wp-content\/uploads\/cura-lezama-jc-di-sanzo.png?fit=1200%2C679&ssl=1&resize=525%2C300 1.5x, https:\/\/i0.wp.com\/larevistadigital.com.ar\/blog\/wp-content\/uploads\/cura-lezama-jc-di-sanzo.png?fit=1200%2C679&ssl=1&resize=700%2C400 2x, https:\/\/i0.wp.com\/larevistadigital.com.ar\/blog\/wp-content\/uploads\/cura-lezama-jc-di-sanzo.png?fit=1200%2C679&ssl=1&resize=1050%2C600 3x"},"classes":[]}],"_links":{"self":[{"href":"https:\/\/larevistadigital.com.ar\/blog\/wp-json\/wp\/v2\/posts\/15625","targetHints":{"allow":["GET"]}}],"collection":[{"href":"https:\/\/larevistadigital.com.ar\/blog\/wp-json\/wp\/v2\/posts"}],"about":[{"href":"https:\/\/larevistadigital.com.ar\/blog\/wp-json\/wp\/v2\/types\/post"}],"author":[{"embeddable":true,"href":"https:\/\/larevistadigital.com.ar\/blog\/wp-json\/wp\/v2\/users\/3"}],"replies":[{"embeddable":true,"href":"https:\/\/larevistadigital.com.ar\/blog\/wp-json\/wp\/v2\/comments?post=15625"}],"version-history":[{"count":1,"href":"https:\/\/larevistadigital.com.ar\/blog\/wp-json\/wp\/v2\/posts\/15625\/revisions"}],"predecessor-version":[{"id":15627,"href":"https:\/\/larevistadigital.com.ar\/blog\/wp-json\/wp\/v2\/posts\/15625\/revisions\/15627"}],"wp:featuredmedia":[{"embeddable":true,"href":"https:\/\/larevistadigital.com.ar\/blog\/wp-json\/wp\/v2\/media\/15626"}],"wp:attachment":[{"href":"https:\/\/larevistadigital.com.ar\/blog\/wp-json\/wp\/v2\/media?parent=15625"}],"wp:term":[{"taxonomy":"category","embeddable":true,"href":"https:\/\/larevistadigital.com.ar\/blog\/wp-json\/wp\/v2\/categories?post=15625"},{"taxonomy":"post_tag","embeddable":true,"href":"https:\/\/larevistadigital.com.ar\/blog\/wp-json\/wp\/v2\/tags?post=15625"}],"curies":[{"name":"wp","href":"https:\/\/api.w.org\/{rel}","templated":true}]}}