{"id":15630,"date":"2020-06-13T15:12:13","date_gmt":"2020-06-13T15:12:13","guid":{"rendered":"https:\/\/larevistadigital.com.ar\/blog\/?p=15630"},"modified":"2020-06-13T19:27:53","modified_gmt":"2020-06-13T19:27:53","slug":"proteccion-de-ultima-generacion-o-simplemente-un-impedimento-para-que-vecinos-lleguen-a-sus-casas","status":"publish","type":"post","link":"https:\/\/larevistadigital.com.ar\/blog\/proteccion-de-ultima-generacion-o-simplemente-un-impedimento-para-que-vecinos-lleguen-a-sus-casas\/","title":{"rendered":"\u00bfPROTECCI\u00d3N DE \u00daLTIMA GENERACI\u00d3N?  O SIMPLEMENTE UN IMPEDIMENTO PARA QUE VECINOS LLEGUEN A SUS CASAS"},"content":{"rendered":"<p>Con la pandemia, llegaron los controles, y con los controles las distintas formas y estrat\u00e9gias de llevarlos a cabo. En algunos casos, como por ejemplo en Castelli, se colocaron puestos de control en los accesos de la ciudad, durante las 24 hs. con agentes que toman la temperatura de quienes pretenden ingresas con su auto a la ciudad, y luego hacen una desinfecci\u00f3n del veh\u00edculo para reci\u00e9n permitir el ingreso.<\/p>\n<blockquote>\n<h3>En cada puesto de control (en Castelli) hay polic\u00eda y personal de salud. Se proh\u00edbe el ingreso y\/o permanencia a toda persona no domiciliada en la ciudad y s\u00f3lo podr\u00e1n entrar proveedores de alimentos, medicamentos, higiene y combustibles.<\/h3>\n<\/blockquote>\n<p>En el caso de Chascom\u00fas, es una ciudad que tiene m\u00faltiples accesos. varios por la ruta, otros por Barrio Parque, la ruta 20 etc.<\/p>\n<blockquote>\n<h3>Hoy nos ocupamos del caso del camino a Manantiales, un camino rural que es sumamente transitada, y que como \u00abpuesto de bloqueo\u00bb, simplemente se han colocado unos barriles y una faja de peligro.<\/h3>\n<\/blockquote>\n<p>Como lo plantea una vecina en su cuenta de facebook:<em><strong> \u00ab\u00bfnadie pens\u00f3 que est\u00e1n aislando a quienes viven en esa zona del resto de la ciudad?\u00bb.\u00a0<\/strong><\/em><\/p>\n<p>Luego, contin\u00faa diciendo: <em><b>\u00abCreo que amerita otro tipo de control en<\/b><span class=\"text_exposed_show\"><b>\u00a0este tipo de caminos y no limitarse a poner mont\u00edculos de tierra o tambores con cinta.<\/b><br \/>\n<b>Mis padres, mayores de 70 a\u00f1os, que vinieron ayer a la ciudad a buscar provisiones y medicamentos al volver hoy al campo se encontraron con este bloqueo, el cual los oblig\u00f3 a volver a la ciudad, ir a la ruta y tomar otro camino alternativo m\u00e1s largo y riesgoso que el directo que utilizaron siempre.<\/b><br \/>\n<b>Podr\u00edan rever el tema!?\u00bb.<\/b><\/span><\/em><\/p>\n<blockquote>\n<h3>Es comprensible el reclamo de la vecina, que se le dificulta o imposibilita la salida de su domicilio para llegar al centro o al lugar m\u00e1s cercano para comprar los alimentos y art\u00edculos de primera necesidad para su familia.<\/h3>\n<\/blockquote>\n<p>Por otra parte, esto es un riesgo en s\u00ed mismo, ya que si hubiera la necesidad de que alguien tuviera que salir de urgencia, o por un parto, o por un accidente, o tuviera que ingresar una ambulancia, o no podr\u00edan hacerlo, o les llevar\u00eda demasiado tiempo el abrirse paso.<\/p>\n<p>Cuando se mira la foto, solo pareciera que las autoridades hubieran querido sacarse el problema de encima, simplemente taponando de manera bizarra el camino, y sin pensar en las derivaciones. En lo que estamos seguros, que es la variante m\u00e1s econ\u00f3mica (para ellos).<\/p>\n<p>Salvo, que el diablo meta la cola, alguien salga perjudicado por esto, y luego haya otro juicio que en definitiva terminaremos pagando entre todos.<\/p>\n<p>&nbsp;<\/p>\n<p>&nbsp;<\/p>\n<p>&nbsp;<\/p>\n","protected":false},"excerpt":{"rendered":"<div class=\"mh-excerpt\"><p>Con la pandemia, llegaron los controles, y con los controles las distintas formas y estrat\u00e9gias de llevarlos a cabo. En algunos casos, como por ejemplo en Castelli, se colocaron puestos de control en los accesos <a class=\"mh-excerpt-more\" href=\"https:\/\/larevistadigital.com.ar\/blog\/proteccion-de-ultima-generacion-o-simplemente-un-impedimento-para-que-vecinos-lleguen-a-sus-casas\/\" title=\"\u00bfPROTECCI\u00d3N DE \u00daLTIMA GENERACI\u00d3N?  O SIMPLEMENTE UN IMPEDIMENTO PARA QUE VECINOS LLEGUEN A SUS CASAS\">[Leer M\u00e1s]<\/a><\/p>\n<\/div>","protected":false},"author":3,"featured_media":15634,"comment_status":"open","ping_status":"open","sticky":false,"template":"","format":"standard","meta":{"_jetpack_memberships_contains_paid_content":false,"footnotes":"","jetpack_publicize_message":"","jetpack_publicize_feature_enabled":true,"jetpack_social_post_already_shared":true,"jetpack_social_options":{"image_generator_settings":{"template":"highway","default_image_id":0,"font":"","enabled":false},"version":2}},"categories":[41],"tags":[],"class_list":{"0":"post-15630","1":"post","2":"type-post","3":"status-publish","4":"format-standard","5":"has-post-thumbnail","7":"category-destacadas"},"jetpack_publicize_connections":[],"jetpack_featured_media_url":"https:\/\/i0.wp.com\/larevistadigital.com.ar\/blog\/wp-content\/uploads\/BLOQUEO-DE-CAMINO.jpg?fit=960%2C720&ssl=1","jetpack_sharing_enabled":true,"jetpack_shortlink":"https:\/\/wp.me\/p8qtrQ-446","jetpack-related-posts":[{"id":17027,"url":"https:\/\/larevistadigital.com.ar\/blog\/castelli-nuevas-medidas-desde-hoy-rige-el-horario-comercial-de-7-a-14-hs\/","url_meta":{"origin":15630,"position":0},"title":"CASTELLI: NUEVAS MEDIDAS. DESDE HOY RIGE EL HORARIO COMERCIAL DE 7 A 14 HS.","author":"Alejandro Sosa Ruda","date":"19 octubre, 2020","format":false,"excerpt":"Debido a que la velocidad de contagios de COVID-19 viene en aumento en Castelli, se defini\u00f3 que durante 14 d\u00edas y a partir del d\u00eda lunes 19, haya nuevas medidas de flexibilizaci\u00f3n y se repongan los controles en los accesos a la ciudad. La medida surge de forma preventiva, para\u2026","rel":"","context":"En \u00abCASTELLI\u00bb","block_context":{"text":"CASTELLI","link":"https:\/\/larevistadigital.com.ar\/blog\/category\/castelli\/"},"img":{"alt_text":"","src":"https:\/\/i0.wp.com\/larevistadigital.com.ar\/blog\/wp-content\/uploads\/121775800_1605779902925039_3770798184185899918_n.jpg?fit=960%2C640&ssl=1&resize=350%2C200","width":350,"height":200,"srcset":"https:\/\/i0.wp.com\/larevistadigital.com.ar\/blog\/wp-content\/uploads\/121775800_1605779902925039_3770798184185899918_n.jpg?fit=960%2C640&ssl=1&resize=350%2C200 1x, https:\/\/i0.wp.com\/larevistadigital.com.ar\/blog\/wp-content\/uploads\/121775800_1605779902925039_3770798184185899918_n.jpg?fit=960%2C640&ssl=1&resize=525%2C300 1.5x, https:\/\/i0.wp.com\/larevistadigital.com.ar\/blog\/wp-content\/uploads\/121775800_1605779902925039_3770798184185899918_n.jpg?fit=960%2C640&ssl=1&resize=700%2C400 2x"},"classes":[]},{"id":18019,"url":"https:\/\/larevistadigital.com.ar\/blog\/rauch-el-municipio-mando-a-levantar-los-puestos-de-control-sanitario\/","url_meta":{"origin":15630,"position":1},"title":"RAUCH: EL MUNICIPIO MAND\u00d3 A LEVANTAR LOS PUESTOS DE CONTROL SANITARIO","author":"Alejandro Sosa Ruda","date":"10 diciembre, 2020","format":false,"excerpt":"Tras haber sido anticipado por el intendente Maximiliano Suescun a mediados de esta semana, el Gobierno Municipal finalmente dispuso el pasado viernes 4, levantar los puestos de control sanitarios ubicados sobre la ruta 30 en los accesos a Rauch por avenida San Mart\u00edn, General paz y Alvear, como as\u00ed tambi\u00e9n\u2026","rel":"","context":"En \u00abREGIONALES\u00bb","block_context":{"text":"REGIONALES","link":"https:\/\/larevistadigital.com.ar\/blog\/category\/regionales\/"},"img":{"alt_text":"","src":"https:\/\/i0.wp.com\/larevistadigital.com.ar\/blog\/wp-content\/uploads\/CONTROLESlevantan-Rauch-4-12-2020.jpg?fit=696%2C391&ssl=1&resize=350%2C200","width":350,"height":200,"srcset":"https:\/\/i0.wp.com\/larevistadigital.com.ar\/blog\/wp-content\/uploads\/CONTROLESlevantan-Rauch-4-12-2020.jpg?fit=696%2C391&ssl=1&resize=350%2C200 1x, https:\/\/i0.wp.com\/larevistadigital.com.ar\/blog\/wp-content\/uploads\/CONTROLESlevantan-Rauch-4-12-2020.jpg?fit=696%2C391&ssl=1&resize=525%2C300 1.5x"},"classes":[]},{"id":8611,"url":"https:\/\/larevistadigital.com.ar\/blog\/castelli-acceso-sur-renovado-y-con-nueva-iluminacion\/","url_meta":{"origin":15630,"position":2},"title":"CASTELLI: ACCESO SUR: RENOVADO Y CON NUEVA ILUMINACI\u00d3N","author":"Alejandro Sosa Ruda","date":"20 febrero, 2019","format":false,"excerpt":"Ya se encuentra abierto al tr\u00e1nsito el Acceso Sur por Autov\u00eda 2 a Castelli. Anoche se culminaron con las tareas de instalaci\u00f3n de nuevas luminarias de led, que brindan una mejor visibilidad al conductor y adem\u00e1s generan un marco destacado para el ingreso a la ciudad. Por otro lado, se\u2026","rel":"","context":"En \u00abCASTELLI\u00bb","block_context":{"text":"CASTELLI","link":"https:\/\/larevistadigital.com.ar\/blog\/category\/castelli\/"},"img":{"alt_text":"","src":"https:\/\/i0.wp.com\/larevistadigital.com.ar\/blog\/wp-content\/uploads\/2019\/02\/52555104_1119939378175763_6647650862061584384_n.jpg?fit=960%2C691&ssl=1&resize=350%2C200","width":350,"height":200,"srcset":"https:\/\/i0.wp.com\/larevistadigital.com.ar\/blog\/wp-content\/uploads\/2019\/02\/52555104_1119939378175763_6647650862061584384_n.jpg?fit=960%2C691&ssl=1&resize=350%2C200 1x, https:\/\/i0.wp.com\/larevistadigital.com.ar\/blog\/wp-content\/uploads\/2019\/02\/52555104_1119939378175763_6647650862061584384_n.jpg?fit=960%2C691&ssl=1&resize=525%2C300 1.5x, https:\/\/i0.wp.com\/larevistadigital.com.ar\/blog\/wp-content\/uploads\/2019\/02\/52555104_1119939378175763_6647650862061584384_n.jpg?fit=960%2C691&ssl=1&resize=700%2C400 2x"},"classes":[]},{"id":17078,"url":"https:\/\/larevistadigital.com.ar\/blog\/accesos-a-todo-color-continuan-los-trabajos-de-renovacion-en-los-carteles-de-bienvenida-a-lezama\/","url_meta":{"origin":15630,"position":3},"title":"ACCESOS A TODO COLOR: CONTIN\u00daAN LOS TRABAJOS DE RENOVACI\u00d3N EN LOS CARTELES DE BIENVENIDA A LEZAMA","author":"Alejandro Sosa Ruda","date":"20 octubre, 2020","format":false,"excerpt":"La semana anterior se termin\u00f3 el trabajo de renovaci\u00f3n de pintura con coloridos motivos en el cartel de ingreso a la ciudad por Autov\u00eda 2, mano hacia la costa atl\u00e1ntica, obra de la Profesora Agustina Menconi, integrante del staff de talleristas de la Direcci\u00f3n de Cultura y Relaciones Institucionales del\u2026","rel":"","context":"En \u00abLEZAMA\u00bb","block_context":{"text":"LEZAMA","link":"https:\/\/larevistadigital.com.ar\/blog\/category\/lezama\/"},"img":{"alt_text":"","src":"https:\/\/i0.wp.com\/larevistadigital.com.ar\/blog\/wp-content\/uploads\/121672654_1898527993673226_1569951159424123149_o.jpg?fit=1200%2C800&ssl=1&resize=350%2C200","width":350,"height":200,"srcset":"https:\/\/i0.wp.com\/larevistadigital.com.ar\/blog\/wp-content\/uploads\/121672654_1898527993673226_1569951159424123149_o.jpg?fit=1200%2C800&ssl=1&resize=350%2C200 1x, https:\/\/i0.wp.com\/larevistadigital.com.ar\/blog\/wp-content\/uploads\/121672654_1898527993673226_1569951159424123149_o.jpg?fit=1200%2C800&ssl=1&resize=525%2C300 1.5x, https:\/\/i0.wp.com\/larevistadigital.com.ar\/blog\/wp-content\/uploads\/121672654_1898527993673226_1569951159424123149_o.jpg?fit=1200%2C800&ssl=1&resize=700%2C400 2x, https:\/\/i0.wp.com\/larevistadigital.com.ar\/blog\/wp-content\/uploads\/121672654_1898527993673226_1569951159424123149_o.jpg?fit=1200%2C800&ssl=1&resize=1050%2C600 3x"},"classes":[]},{"id":43627,"url":"https:\/\/larevistadigital.com.ar\/blog\/la-municipalidad-incorporo-nuevo-equipamiento-para-controles-de-alcoholemia\/","url_meta":{"origin":15630,"position":4},"title":"La Municipalidad incorpor\u00f3 nuevo equipamiento para controles de alcoholemia","author":"Alejandro Sosa Ruda","date":"27 enero, 2026","format":false,"excerpt":"Los dispositivos fueron entregados en comodato por el Ministerio de Transporte bonaerense y ser\u00e1n utilizados por el \u00e1rea de Seguridad Urbana en operativos nocturnos y en accesos a la ciudad. La Municipalidad de Chascom\u00fas incorpor\u00f3 nuevo equipamiento para fortalecer los controles de alcoholemia que se realizan en la ciudad, en\u2026","rel":"","context":"En \u00abCHASCOM\u00daS\u00bb","block_context":{"text":"CHASCOM\u00daS","link":"https:\/\/larevistadigital.com.ar\/blog\/category\/chascomus\/"},"img":{"alt_text":"","src":"https:\/\/i0.wp.com\/larevistadigital.com.ar\/blog\/wp-content\/uploads\/6978f147d3d0d.png?fit=668%2C445&ssl=1&resize=350%2C200","width":350,"height":200,"srcset":"https:\/\/i0.wp.com\/larevistadigital.com.ar\/blog\/wp-content\/uploads\/6978f147d3d0d.png?fit=668%2C445&ssl=1&resize=350%2C200 1x, https:\/\/i0.wp.com\/larevistadigital.com.ar\/blog\/wp-content\/uploads\/6978f147d3d0d.png?fit=668%2C445&ssl=1&resize=525%2C300 1.5x"},"classes":[]},{"id":44160,"url":"https:\/\/larevistadigital.com.ar\/blog\/chascomus-vialidad-provincial-realizara-obras-de-reparacion-y-bacheo-en-accesos-a-la-ciudad\/","url_meta":{"origin":15630,"position":5},"title":"Chascom\u00fas: Vialidad Provincial realizar\u00e1 obras de reparaci\u00f3n y bacheo en accesos a la ciudad","author":"Alejandro Sosa Ruda","date":"24 febrero, 2026","format":false,"excerpt":"Los trabajos se iniciar\u00e1n este mi\u00e9rcoles en la ruta 58 y continuar\u00e1n en la avenida Juan Manuel de Rosas. 23 de febrero de 2026 CHASCOM\u00daS\u00a0 -\u00a0 \u00a0Vialidad Provincial realizar\u00e1 una obra integral de bacheo en la ruta provincial 58 (ex avenida Campa\u00f1as al Desierto) y en la avenida Juan Manuel\u2026","rel":"","context":"En \u00abCHASCOM\u00daS\u00bb","block_context":{"text":"CHASCOM\u00daS","link":"https:\/\/larevistadigital.com.ar\/blog\/category\/chascomus\/"},"img":{"alt_text":"","src":"https:\/\/i0.wp.com\/larevistadigital.com.ar\/blog\/wp-content\/uploads\/699dc912943a7.png?fit=668%2C445&ssl=1&resize=350%2C200","width":350,"height":200,"srcset":"https:\/\/i0.wp.com\/larevistadigital.com.ar\/blog\/wp-content\/uploads\/699dc912943a7.png?fit=668%2C445&ssl=1&resize=350%2C200 1x, https:\/\/i0.wp.com\/larevistadigital.com.ar\/blog\/wp-content\/uploads\/699dc912943a7.png?fit=668%2C445&ssl=1&resize=525%2C300 1.5x"},"classes":[]}],"_links":{"self":[{"href":"https:\/\/larevistadigital.com.ar\/blog\/wp-json\/wp\/v2\/posts\/15630","targetHints":{"allow":["GET"]}}],"collection":[{"href":"https:\/\/larevistadigital.com.ar\/blog\/wp-json\/wp\/v2\/posts"}],"about":[{"href":"https:\/\/larevistadigital.com.ar\/blog\/wp-json\/wp\/v2\/types\/post"}],"author":[{"embeddable":true,"href":"https:\/\/larevistadigital.com.ar\/blog\/wp-json\/wp\/v2\/users\/3"}],"replies":[{"embeddable":true,"href":"https:\/\/larevistadigital.com.ar\/blog\/wp-json\/wp\/v2\/comments?post=15630"}],"version-history":[{"count":3,"href":"https:\/\/larevistadigital.com.ar\/blog\/wp-json\/wp\/v2\/posts\/15630\/revisions"}],"predecessor-version":[{"id":15637,"href":"https:\/\/larevistadigital.com.ar\/blog\/wp-json\/wp\/v2\/posts\/15630\/revisions\/15637"}],"wp:featuredmedia":[{"embeddable":true,"href":"https:\/\/larevistadigital.com.ar\/blog\/wp-json\/wp\/v2\/media\/15634"}],"wp:attachment":[{"href":"https:\/\/larevistadigital.com.ar\/blog\/wp-json\/wp\/v2\/media?parent=15630"}],"wp:term":[{"taxonomy":"category","embeddable":true,"href":"https:\/\/larevistadigital.com.ar\/blog\/wp-json\/wp\/v2\/categories?post=15630"},{"taxonomy":"post_tag","embeddable":true,"href":"https:\/\/larevistadigital.com.ar\/blog\/wp-json\/wp\/v2\/tags?post=15630"}],"curies":[{"name":"wp","href":"https:\/\/api.w.org\/{rel}","templated":true}]}}