{"id":15640,"date":"2020-06-15T17:28:32","date_gmt":"2020-06-15T17:28:32","guid":{"rendered":"https:\/\/larevistadigital.com.ar\/blog\/?p=15640"},"modified":"2020-06-15T17:28:32","modified_gmt":"2020-06-15T17:28:32","slug":"el-negro-carrizo-nos-comenta-acerca-de-una-serie-la-ves-o-no-la-ves","status":"publish","type":"post","link":"https:\/\/larevistadigital.com.ar\/blog\/el-negro-carrizo-nos-comenta-acerca-de-una-serie-la-ves-o-no-la-ves\/","title":{"rendered":"EL \u00abNEGRO CARRIZO\u00bb, NOS COMENTA ACERCA DE UNA SERIE&#8230; \u00bfLA VES, O NO LA VES?"},"content":{"rendered":"<h3>\u00abREALITY Z\u00bb<\/h3>\n<p>Es una serie brasile\u00f1a sobre zombies que se centra en los participantes de un popular reality. En realidad es un &#8216;remake&#8217; de la miniserie brit\u00e1nica \u201cDead Set\u201d, del creador de \u00abBlack Mirror\u00bb, y se trata de la primera incursi\u00f3n brasilera en el genero ZOMBIES.<\/p>\n<p>La historia relata un apocalipsis zombie que se desata cuando un grupo de participantes y productores del \u201cOlimpo\u201d, un reality similiar \u201cGran Hermano\u201d, est\u00e1n en medio de las grabaciones para ser emitido por televisi\u00f3n.<\/p>\n<p>Con lo poco que tengan a la mano, intentar\u00e1n sobrevivir y refugiarse de las criaturas; mientras todo se desmorona en el mundo.<\/p>\n<p>Aunque hay bastante ingenuidad en algunos tramos de la serie o falta de experiencia en el genero, se defiende bastante bien y entre varias cosas interesantes podremos ver a un R\u00edo de Janeiro totalmente destruido por el avance fulminante de estos zombies.<\/p>\n<p>&nbsp;<\/p>\n<p><img data-recalc-dims=\"1\" loading=\"lazy\" decoding=\"async\" class=\"alignnone size-full wp-image-15641\" src=\"https:\/\/i0.wp.com\/larevistadigital.com.ar\/blog\/wp-content\/uploads\/image_46.png_1341387227.png?resize=688%2C387&#038;ssl=1\" alt=\"\" width=\"688\" height=\"387\" srcset=\"https:\/\/i0.wp.com\/larevistadigital.com.ar\/blog\/wp-content\/uploads\/image_46.png_1341387227.png?w=688&amp;ssl=1 688w, https:\/\/i0.wp.com\/larevistadigital.com.ar\/blog\/wp-content\/uploads\/image_46.png_1341387227.png?resize=300%2C169&amp;ssl=1 300w, https:\/\/i0.wp.com\/larevistadigital.com.ar\/blog\/wp-content\/uploads\/image_46.png_1341387227.png?resize=678%2C381&amp;ssl=1 678w\" sizes=\"auto, (max-width: 688px) 100vw, 688px\" \/><\/p>\n","protected":false},"excerpt":{"rendered":"<div class=\"mh-excerpt\"><p>\u00abREALITY Z\u00bb Es una serie brasile\u00f1a sobre zombies que se centra en los participantes de un popular reality. En realidad es un &#8216;remake&#8217; de la miniserie brit\u00e1nica \u201cDead Set\u201d, del creador de \u00abBlack Mirror\u00bb, y <a class=\"mh-excerpt-more\" href=\"https:\/\/larevistadigital.com.ar\/blog\/el-negro-carrizo-nos-comenta-acerca-de-una-serie-la-ves-o-no-la-ves\/\" title=\"EL \u00abNEGRO CARRIZO\u00bb, NOS COMENTA ACERCA DE UNA SERIE&#8230; \u00bfLA VES, O NO LA VES?\">[Leer M\u00e1s]<\/a><\/p>\n<\/div>","protected":false},"author":3,"featured_media":15349,"comment_status":"open","ping_status":"open","sticky":false,"template":"","format":"standard","meta":{"_jetpack_memberships_contains_paid_content":false,"footnotes":"","jetpack_publicize_message":"","jetpack_publicize_feature_enabled":true,"jetpack_social_post_already_shared":true,"jetpack_social_options":{"image_generator_settings":{"template":"highway","default_image_id":0,"font":"","enabled":false},"version":2}},"categories":[50],"tags":[],"class_list":{"0":"post-15640","1":"post","2":"type-post","3":"status-publish","4":"format-standard","5":"has-post-thumbnail","7":"category-interes-general"},"jetpack_publicize_connections":[],"jetpack_featured_media_url":"https:\/\/i0.wp.com\/larevistadigital.com.ar\/blog\/wp-content\/uploads\/LO-QUE-VIENE-NETFLIX.jpg?fit=620%2C330&ssl=1","jetpack_sharing_enabled":true,"jetpack_shortlink":"https:\/\/wp.me\/p8qtrQ-44g","jetpack-related-posts":[{"id":43889,"url":"https:\/\/larevistadigital.com.ar\/blog\/programa-producir-igualdad-se-trabaja-en-pos-del-crecimiento-de-la-feria-emprendedoras\/","url_meta":{"origin":15640,"position":0},"title":"Programa \u201cProducir Igualdad\u201d: Se trabaja en pos del crecimiento de la feria emprendedoras","author":"Alejandro Sosa Ruda","date":"9 febrero, 2026","format":false,"excerpt":"\u00a0de Se busca que cada emprendedora encuentre las herramientas necesarias para crecer con independencia y confianza en su propio proyecto. 09 de febrero de 2026 CHASCOM\u00daS\u00a0 -\u00a0 \u00a0 El \u00faltimo viernes, se desarroll\u00f3 una reuni\u00f3n de autoridades municipales con el prop\u00f3sito de evaluar el primer mes de desarrollo de la\u2026","rel":"","context":"En \u00abCHASCOM\u00daS\u00bb","block_context":{"text":"CHASCOM\u00daS","link":"https:\/\/larevistadigital.com.ar\/blog\/category\/chascomus\/"},"img":{"alt_text":"","src":"https:\/\/i0.wp.com\/larevistadigital.com.ar\/blog\/wp-content\/uploads\/698a1dc9530f5.png?fit=668%2C445&ssl=1&resize=350%2C200","width":350,"height":200,"srcset":"https:\/\/i0.wp.com\/larevistadigital.com.ar\/blog\/wp-content\/uploads\/698a1dc9530f5.png?fit=668%2C445&ssl=1&resize=350%2C200 1x, https:\/\/i0.wp.com\/larevistadigital.com.ar\/blog\/wp-content\/uploads\/698a1dc9530f5.png?fit=668%2C445&ssl=1&resize=525%2C300 1.5x"},"classes":[]},{"id":36575,"url":"https:\/\/larevistadigital.com.ar\/blog\/chascomus-renovacion-y-mejoras-en-la-comisaria-de-la-mujer\/","url_meta":{"origin":15640,"position":1},"title":"CHASCOM\u00daS: RENOVACI\u00d3N Y MEJORAS EN LA COMISAR\u00cdA DE LA MUJER","author":"Alejandro Sosa Ruda","date":"3 julio, 2024","format":false,"excerpt":"La Municipalidad de Chascom\u00fas llev\u00f3 a cabo una serie de trabajos destinados a mejorar las condiciones de la Comisar\u00eda de la Mujer. 03 de Julio de 2024 CHASCOM\u00daS -\u00a0 Estas mejoras est\u00e1n destinadas a garantizar un ambiente m\u00e1s seguro para quienes acuden diariamente en b\u00fasqueda de orientaci\u00f3n y apoyo y\u2026","rel":"","context":"En \u00abCHASCOM\u00daS\u00bb","block_context":{"text":"CHASCOM\u00daS","link":"https:\/\/larevistadigital.com.ar\/blog\/category\/chascomus\/"},"img":{"alt_text":"","src":"https:\/\/i0.wp.com\/larevistadigital.com.ar\/blog\/wp-content\/uploads\/2024_07_04_01_21_50_3211993.jpg?fit=600%2C401&ssl=1&resize=350%2C200","width":350,"height":200,"srcset":"https:\/\/i0.wp.com\/larevistadigital.com.ar\/blog\/wp-content\/uploads\/2024_07_04_01_21_50_3211993.jpg?fit=600%2C401&ssl=1&resize=350%2C200 1x, https:\/\/i0.wp.com\/larevistadigital.com.ar\/blog\/wp-content\/uploads\/2024_07_04_01_21_50_3211993.jpg?fit=600%2C401&ssl=1&resize=525%2C300 1.5x"},"classes":[]},{"id":39707,"url":"https:\/\/larevistadigital.com.ar\/blog\/basapp-en-un-click-continuan-las-capacitaciones-en-escuelas-secundarias\/","url_meta":{"origin":15640,"position":2},"title":"Basapp en un Click: Contin\u00faan las capacitaciones en escuelas secundarias","author":"Alejandro Sosa Ruda","date":"8 mayo, 2025","format":false,"excerpt":"La Municipalidad de Chascom\u00fas trabaja para fortalecer la prevenci\u00f3n y el acompa\u00f1amiento a j\u00f3venes en situaciones de emergencia. 8 de Mayo de 2025 CHASCOM\u00daS -\u00a0 B Estudiantes de distintas escuelas secundarias de Chascom\u00fas participan de jornadas de capacitaci\u00f3n en el marco del programa municipal \u201cBasapp en un Click\u201d, orientado a\u2026","rel":"","context":"En \u00abCHASCOM\u00daS\u00bb","block_context":{"text":"CHASCOM\u00daS","link":"https:\/\/larevistadigital.com.ar\/blog\/category\/chascomus\/"},"img":{"alt_text":"","src":"https:\/\/i0.wp.com\/larevistadigital.com.ar\/blog\/wp-content\/uploads\/681ce5f83e026.png?fit=668%2C445&ssl=1&resize=350%2C200","width":350,"height":200,"srcset":"https:\/\/i0.wp.com\/larevistadigital.com.ar\/blog\/wp-content\/uploads\/681ce5f83e026.png?fit=668%2C445&ssl=1&resize=350%2C200 1x, https:\/\/i0.wp.com\/larevistadigital.com.ar\/blog\/wp-content\/uploads\/681ce5f83e026.png?fit=668%2C445&ssl=1&resize=525%2C300 1.5x"},"classes":[]},{"id":24632,"url":"https:\/\/larevistadigital.com.ar\/blog\/convocatoria-de-la-presidencia-del-concejo-deliberante\/","url_meta":{"origin":15640,"position":3},"title":"CONVOCATORIA DE LA PRESIDENCIA DEL CONCEJO DELIBERANTE","author":"Alejandro Sosa Ruda","date":"17 marzo, 2022","format":false,"excerpt":"Desde prensa de la Presidencia del Concejo Deliberante, nos hacen llegar el texto de \"convocatoria\" que a continuaci\u00f3n reproducimos: CONVOCATORIA Dirigida a todas las entidades y todos\/as\/es los\/as\/es miembros del colectivo LGBTTIQ+, representantes de organizaciones sociales, sindicales, acad\u00e9micas, productivas, religiosas, estudiantiles, deportivas, pol\u00edticas, culturales, judiciales, empresariales, etc., para invitarlos\/as\/es a\u2026","rel":"","context":"En \u00abCHASCOM\u00daS\u00bb","block_context":{"text":"CHASCOM\u00daS","link":"https:\/\/larevistadigital.com.ar\/blog\/category\/chascomus\/"},"img":{"alt_text":"","src":"https:\/\/i0.wp.com\/larevistadigital.com.ar\/blog\/wp-content\/uploads\/275979640_276653687976713_8653242570795404060_n.jpg?fit=1080%2C1080&ssl=1&resize=350%2C200","width":350,"height":200,"srcset":"https:\/\/i0.wp.com\/larevistadigital.com.ar\/blog\/wp-content\/uploads\/275979640_276653687976713_8653242570795404060_n.jpg?fit=1080%2C1080&ssl=1&resize=350%2C200 1x, https:\/\/i0.wp.com\/larevistadigital.com.ar\/blog\/wp-content\/uploads\/275979640_276653687976713_8653242570795404060_n.jpg?fit=1080%2C1080&ssl=1&resize=525%2C300 1.5x, https:\/\/i0.wp.com\/larevistadigital.com.ar\/blog\/wp-content\/uploads\/275979640_276653687976713_8653242570795404060_n.jpg?fit=1080%2C1080&ssl=1&resize=700%2C400 2x, https:\/\/i0.wp.com\/larevistadigital.com.ar\/blog\/wp-content\/uploads\/275979640_276653687976713_8653242570795404060_n.jpg?fit=1080%2C1080&ssl=1&resize=1050%2C600 3x"},"classes":[]},{"id":8293,"url":"https:\/\/larevistadigital.com.ar\/blog\/plumifero-feminista-panico-por-pajaro-que-ataca-solo-a-los-hombres\/","url_meta":{"origin":15640,"position":4},"title":"\u00a1PLUM\u00cdFERO FEMINISTA! P\u00c1NICO POR P\u00c1JARO QUE ATACA SOLO A LOS HOMBRES","author":"Alejandro Sosa Ruda","date":"10 febrero, 2019","format":false,"excerpt":"La temible ave picotea a las personas del g\u00e9nero masculino que pasan por la puerta de un hotel en Lima, Per\u00fa. Denuncias que son varios los casos.\u00a0\u00a1No te pierdas el video! Una usuaria de Twitter\u00a0comparti\u00f3 varios videos en los que se observa c\u00f3mo un p\u00e1jaro ataca a hombres en la\u2026","rel":"","context":"En \u00abCURIOSAS\u00bb","block_context":{"text":"CURIOSAS","link":"https:\/\/larevistadigital.com.ar\/blog\/category\/curiosas\/"},"img":{"alt_text":"","src":"https:\/\/i0.wp.com\/larevistadigital.com.ar\/blog\/wp-content\/uploads\/2019\/02\/pajarito.jpg_1734428432.jpg?fit=970%2C546&ssl=1&resize=350%2C200","width":350,"height":200,"srcset":"https:\/\/i0.wp.com\/larevistadigital.com.ar\/blog\/wp-content\/uploads\/2019\/02\/pajarito.jpg_1734428432.jpg?fit=970%2C546&ssl=1&resize=350%2C200 1x, https:\/\/i0.wp.com\/larevistadigital.com.ar\/blog\/wp-content\/uploads\/2019\/02\/pajarito.jpg_1734428432.jpg?fit=970%2C546&ssl=1&resize=525%2C300 1.5x, https:\/\/i0.wp.com\/larevistadigital.com.ar\/blog\/wp-content\/uploads\/2019\/02\/pajarito.jpg_1734428432.jpg?fit=970%2C546&ssl=1&resize=700%2C400 2x"},"classes":[]},{"id":34667,"url":"https:\/\/larevistadigital.com.ar\/blog\/baradero-hallan-en-un-campo-el-cuerpo-quemado-de-una-mujer-y-detienen-a-su-pareja\/","url_meta":{"origin":15640,"position":5},"title":"BARADERO: HALLAN EN UN CAMPO EL CUERPO QUEMADO DE UNA MUJER Y DETIENEN A SU PAREJA","author":"Alejandro Sosa Ruda","date":"27 noviembre, 2023","format":false,"excerpt":"Una mujer de 33 a\u00f1os fue encontrada muerta, con su cuerpo quemado en la localidad de Baradero y como sospechoso del hecho fue detenido su concubino, quien hab\u00eda sido denunciado por violencia de g\u00e9nero, informaron este lunes fuentes policiales. 27 de Noviembre de 2023 BARADERO -\u00a0 Dos recicladores urbanos hallaron\u2026","rel":"","context":"En \u00abPOLICIALES\u00bb","block_context":{"text":"POLICIALES","link":"https:\/\/larevistadigital.com.ar\/blog\/category\/policiales\/"},"img":{"alt_text":"","src":"https:\/\/i0.wp.com\/larevistadigital.com.ar\/blog\/wp-content\/uploads\/20231127150052_pol.jpg?fit=880%2C512&ssl=1&resize=350%2C200","width":350,"height":200,"srcset":"https:\/\/i0.wp.com\/larevistadigital.com.ar\/blog\/wp-content\/uploads\/20231127150052_pol.jpg?fit=880%2C512&ssl=1&resize=350%2C200 1x, https:\/\/i0.wp.com\/larevistadigital.com.ar\/blog\/wp-content\/uploads\/20231127150052_pol.jpg?fit=880%2C512&ssl=1&resize=525%2C300 1.5x, https:\/\/i0.wp.com\/larevistadigital.com.ar\/blog\/wp-content\/uploads\/20231127150052_pol.jpg?fit=880%2C512&ssl=1&resize=700%2C400 2x"},"classes":[]}],"_links":{"self":[{"href":"https:\/\/larevistadigital.com.ar\/blog\/wp-json\/wp\/v2\/posts\/15640","targetHints":{"allow":["GET"]}}],"collection":[{"href":"https:\/\/larevistadigital.com.ar\/blog\/wp-json\/wp\/v2\/posts"}],"about":[{"href":"https:\/\/larevistadigital.com.ar\/blog\/wp-json\/wp\/v2\/types\/post"}],"author":[{"embeddable":true,"href":"https:\/\/larevistadigital.com.ar\/blog\/wp-json\/wp\/v2\/users\/3"}],"replies":[{"embeddable":true,"href":"https:\/\/larevistadigital.com.ar\/blog\/wp-json\/wp\/v2\/comments?post=15640"}],"version-history":[{"count":1,"href":"https:\/\/larevistadigital.com.ar\/blog\/wp-json\/wp\/v2\/posts\/15640\/revisions"}],"predecessor-version":[{"id":15642,"href":"https:\/\/larevistadigital.com.ar\/blog\/wp-json\/wp\/v2\/posts\/15640\/revisions\/15642"}],"wp:featuredmedia":[{"embeddable":true,"href":"https:\/\/larevistadigital.com.ar\/blog\/wp-json\/wp\/v2\/media\/15349"}],"wp:attachment":[{"href":"https:\/\/larevistadigital.com.ar\/blog\/wp-json\/wp\/v2\/media?parent=15640"}],"wp:term":[{"taxonomy":"category","embeddable":true,"href":"https:\/\/larevistadigital.com.ar\/blog\/wp-json\/wp\/v2\/categories?post=15640"},{"taxonomy":"post_tag","embeddable":true,"href":"https:\/\/larevistadigital.com.ar\/blog\/wp-json\/wp\/v2\/tags?post=15640"}],"curies":[{"name":"wp","href":"https:\/\/api.w.org\/{rel}","templated":true}]}}