{"id":15645,"date":"2020-06-15T19:15:40","date_gmt":"2020-06-15T19:15:40","guid":{"rendered":"https:\/\/larevistadigital.com.ar\/blog\/?p=15645"},"modified":"2020-06-15T19:33:54","modified_gmt":"2020-06-15T19:33:54","slug":"la-plata-pelea-en-via-publica-hay-tres-apunalados","status":"publish","type":"post","link":"https:\/\/larevistadigital.com.ar\/blog\/la-plata-pelea-en-via-publica-hay-tres-apunalados\/","title":{"rendered":"GORINA: PELEA EN V\u00cdA P\u00daBLICA. HAY TRES APU\u00d1ALADOS"},"content":{"rendered":"<p class=\"selectionShareable\">Dos hombres de 27 y 34 a\u00f1os quedaron internados en el Hospital San Roque de Gonnet y otro de 44 en el Hospital Rossi del Barrio Hip\u00f3dromo como consecuencia de una ri\u00f1a ocurrida en las \u00faltimas horas en la localidad de Gorina.<\/p>\n<p class=\"selectionShareable\">El incidente sucedi\u00f3 137 y 484 cuando por motivos que se investigan hubo una discusi\u00f3n en la v\u00eda p\u00fablica y el hombre de 44 a\u00f1os apu\u00f1al\u00f3 al joven de 27 en la regi\u00f3n lumbar y al de 34 a\u00f1os en el abdomen.<\/p>\n<blockquote>\n<h3 class=\"selectionShareable\">Familiares de las v\u00edctimas las llevaron en autos particulares al Hospital Gonnet y al llegar al lugar del ataque, los efectivos policiales hallaron a un individuo tirado en el piso.<\/h3>\n<\/blockquote>\n<p class=\"selectionShareable\">El hombre se encontraba herido y fue derivado por una ambulancia al Hospital Rossi, donde qued\u00f3 internado con las siguientes lesiones: una herida punzante en el pulm\u00f3n derecho y traumatismo de cr\u00e1neo.<\/p>\n<p class=\"selectionShareable\">Al parecer, el tercer hombre herido fue atacado por vecinos del barrio La F\u00e1brica, los que salieron en defensa de los dos primeros damnificados.<\/p>\n<p class=\"selectionShareable\">En el caso tom\u00f3 intervenci\u00f3n la subcomisar\u00eda Gorina y la UFI N\u00b0 8 del fiscal Mart\u00edn Almir\u00f3n, en un hecho caratulado lesiones en ri\u00f1a.<\/p>\n<p>publicadoen eleditorplatense<\/p>\n","protected":false},"excerpt":{"rendered":"<div class=\"mh-excerpt\"><p>Dos hombres de 27 y 34 a\u00f1os quedaron internados en el Hospital San Roque de Gonnet y otro de 44 en el Hospital Rossi del Barrio Hip\u00f3dromo como consecuencia de una ri\u00f1a ocurrida en las <a class=\"mh-excerpt-more\" href=\"https:\/\/larevistadigital.com.ar\/blog\/la-plata-pelea-en-via-publica-hay-tres-apunalados\/\" title=\"GORINA: PELEA EN V\u00cdA P\u00daBLICA. HAY TRES APU\u00d1ALADOS\">[Leer M\u00e1s]<\/a><\/p>\n<\/div>","protected":false},"author":3,"featured_media":15646,"comment_status":"open","ping_status":"open","sticky":false,"template":"","format":"standard","meta":{"_jetpack_memberships_contains_paid_content":false,"footnotes":"","jetpack_publicize_message":"","jetpack_publicize_feature_enabled":true,"jetpack_social_post_already_shared":true,"jetpack_social_options":{"image_generator_settings":{"template":"highway","default_image_id":0,"font":"","enabled":false},"version":2}},"categories":[51],"tags":[],"class_list":{"0":"post-15645","1":"post","2":"type-post","3":"status-publish","4":"format-standard","5":"has-post-thumbnail","7":"category-regionales"},"jetpack_publicize_connections":[],"jetpack_featured_media_url":"https:\/\/i0.wp.com\/larevistadigital.com.ar\/blog\/wp-content\/uploads\/20200615133301_20190723130252_1.jpg?fit=880%2C586&ssl=1","jetpack_sharing_enabled":true,"jetpack_shortlink":"https:\/\/wp.me\/p8qtrQ-44l","jetpack-related-posts":[{"id":15535,"url":"https:\/\/larevistadigital.com.ar\/blog\/la-plata-muere-por-coronavirus-covid-19-una-mujer-de-62-anos-y-ya-son-9-los-fallecidos\/","url_meta":{"origin":15645,"position":0},"title":"LA PLATA: MUERE POR CORONAVIRUS COVID 19 UNA MUJER DE 62 A\u00d1OS Y YA SON 9 LOS FALLECIDOS.","author":"Alejandro Sosa Ruda","date":"8 junio, 2020","format":false,"excerpt":"La Municipalidad de La Plata inform\u00f3 esta noche sobre una nueva muerte por coronavirus en la Ciudad y de esta forma ascienden a 9 las v\u00edctimas fatales por la pandemia. Se trata de una mujer de 62 a\u00f1os que no registraba antecedentes epidemiol\u00f3gicos. Comenz\u00f3 el 03\/06 con s\u00edntomas compatibles con\u2026","rel":"","context":"En \u00abREGIONALES\u00bb","block_context":{"text":"REGIONALES","link":"https:\/\/larevistadigital.com.ar\/blog\/category\/regionales\/"},"img":{"alt_text":"","src":"https:\/\/i0.wp.com\/larevistadigital.com.ar\/blog\/wp-content\/uploads\/20200607204519_c0505678_7cda_4166_9ee4_8b5e64783e26.jpg?fit=880%2C586&ssl=1&resize=350%2C200","width":350,"height":200,"srcset":"https:\/\/i0.wp.com\/larevistadigital.com.ar\/blog\/wp-content\/uploads\/20200607204519_c0505678_7cda_4166_9ee4_8b5e64783e26.jpg?fit=880%2C586&ssl=1&resize=350%2C200 1x, https:\/\/i0.wp.com\/larevistadigital.com.ar\/blog\/wp-content\/uploads\/20200607204519_c0505678_7cda_4166_9ee4_8b5e64783e26.jpg?fit=880%2C586&ssl=1&resize=525%2C300 1.5x, https:\/\/i0.wp.com\/larevistadigital.com.ar\/blog\/wp-content\/uploads\/20200607204519_c0505678_7cda_4166_9ee4_8b5e64783e26.jpg?fit=880%2C586&ssl=1&resize=700%2C400 2x"},"classes":[]},{"id":15954,"url":"https:\/\/larevistadigital.com.ar\/blog\/detuvieron-a-el-sucio-que-era-fuertemente-buscado\/","url_meta":{"origin":15645,"position":1},"title":"DETUVIERON A \u00abEL SUCIO\u00bb QUE ERA FUERTEMENTE BUSCADO","author":"Alejandro Sosa Ruda","date":"11 agosto, 2020","format":false,"excerpt":"Esta acusado de intentar matar a un hombre y prenderle fuego el auto. Los ataques y la detenci\u00f3n fueron en City Bell. El presunto agresor tiene 24 a\u00f1os y la v\u00edctima, 30. En una de las tres casas allanadas incautaron una cuchilla. Le dicen \u201cEl Sucio\u201d, tiene 24 a\u00f1os y\u2026","rel":"","context":"En \u00abPOLICIALES\u00bb","block_context":{"text":"POLICIALES","link":"https:\/\/larevistadigital.com.ar\/blog\/category\/policiales\/"},"img":{"alt_text":"","src":"https:\/\/i0.wp.com\/larevistadigital.com.ar\/blog\/wp-content\/uploads\/20200811093945_aaa.jpg?fit=887%2C554&ssl=1&resize=350%2C200","width":350,"height":200,"srcset":"https:\/\/i0.wp.com\/larevistadigital.com.ar\/blog\/wp-content\/uploads\/20200811093945_aaa.jpg?fit=887%2C554&ssl=1&resize=350%2C200 1x, https:\/\/i0.wp.com\/larevistadigital.com.ar\/blog\/wp-content\/uploads\/20200811093945_aaa.jpg?fit=887%2C554&ssl=1&resize=525%2C300 1.5x, https:\/\/i0.wp.com\/larevistadigital.com.ar\/blog\/wp-content\/uploads\/20200811093945_aaa.jpg?fit=887%2C554&ssl=1&resize=700%2C400 2x"},"classes":[]},{"id":10179,"url":"https:\/\/larevistadigital.com.ar\/blog\/brandsen-encuentran-hombre-sin-vida-en-la-via-publica\/","url_meta":{"origin":15645,"position":2},"title":"BRANDSEN: ENCUENTRAN HOMBRE SIN VIDA EN LA V\u00cdA P\u00daBLICA","author":"Alejandro Sosa Ruda","date":"14 mayo, 2019","format":false,"excerpt":"El hecho se produjo esta ma\u00f1ana en ruta 29 y calle 117. Se investigan las causas del deceso. Vecinos alertaron a la polic\u00eda de haber visto una persona tendida en el suelo, entre un \u00e1rbol y la vereda, en ruta 29 y calle 117 de Brandsen Seg\u00fan trascendidos, cuando la\u2026","rel":"","context":"En \u00abPOLICIALES\u00bb","block_context":{"text":"POLICIALES","link":"https:\/\/larevistadigital.com.ar\/blog\/category\/policiales\/"},"img":{"alt_text":"","src":"https:\/\/i0.wp.com\/larevistadigital.com.ar\/blog\/wp-content\/uploads\/2019\/05\/IMG-20190513-WA0012-1024x573.jpg?fit=1024%2C573&ssl=1&resize=350%2C200","width":350,"height":200,"srcset":"https:\/\/i0.wp.com\/larevistadigital.com.ar\/blog\/wp-content\/uploads\/2019\/05\/IMG-20190513-WA0012-1024x573.jpg?fit=1024%2C573&ssl=1&resize=350%2C200 1x, https:\/\/i0.wp.com\/larevistadigital.com.ar\/blog\/wp-content\/uploads\/2019\/05\/IMG-20190513-WA0012-1024x573.jpg?fit=1024%2C573&ssl=1&resize=525%2C300 1.5x, https:\/\/i0.wp.com\/larevistadigital.com.ar\/blog\/wp-content\/uploads\/2019\/05\/IMG-20190513-WA0012-1024x573.jpg?fit=1024%2C573&ssl=1&resize=700%2C400 2x"},"classes":[]},{"id":18161,"url":"https:\/\/larevistadigital.com.ar\/blog\/mar-del-plata-muere-hombre-de-87-anos-tras-caer-del-tercer-piso-del-hospital-interzonal-de-agudos\/","url_meta":{"origin":15645,"position":3},"title":"MAR DEL PLATA: MUERE HOMBRE DE 87 A\u00d1OS TRAS CAER DEL TERCER PISO DEL HOSPITAL INTERZONAL DE AGUDOS","author":"Alejandro Sosa Ruda","date":"16 diciembre, 2020","format":false,"excerpt":"Ocurri\u00f3 este mi\u00e9rcoles por la ma\u00f1ana. Los investigadores buscan determinar las circunstancias en las que cay\u00f3 desde la ventana del hospital. Un\u00a0hombre de 87 a\u00f1os muri\u00f3 este mi\u00e9rcoles\u00a0por la ma\u00f1ana luego de\u00a0caer desde una ventana del tercer piso del Hospital Interzonal General de Agudos (Higa),\u00a0seg\u00fan confirmaron fuentes del lugar a\u00a00223.\u2026","rel":"","context":"En \u00abPOLITICA\u00bb","block_context":{"text":"POLITICA","link":"https:\/\/larevistadigital.com.ar\/blog\/category\/politica\/"},"img":{"alt_text":"","src":"https:\/\/i0.wp.com\/larevistadigital.com.ar\/blog\/wp-content\/uploads\/Screenshot_1-179.jpg?fit=1011%2C672&ssl=1&resize=350%2C200","width":350,"height":200,"srcset":"https:\/\/i0.wp.com\/larevistadigital.com.ar\/blog\/wp-content\/uploads\/Screenshot_1-179.jpg?fit=1011%2C672&ssl=1&resize=350%2C200 1x, https:\/\/i0.wp.com\/larevistadigital.com.ar\/blog\/wp-content\/uploads\/Screenshot_1-179.jpg?fit=1011%2C672&ssl=1&resize=525%2C300 1.5x, https:\/\/i0.wp.com\/larevistadigital.com.ar\/blog\/wp-content\/uploads\/Screenshot_1-179.jpg?fit=1011%2C672&ssl=1&resize=700%2C400 2x"},"classes":[]},{"id":18108,"url":"https:\/\/larevistadigital.com.ar\/blog\/mar-del-plata-asesinan-a-golpes-a-un-hombre-en-el-barrio-las-heras\/","url_meta":{"origin":15645,"position":4},"title":"MAR DEL PLATA: ASESINAN A GOLPES A UN HOMBRE, EN EL BARRIO LAS HERAS","author":"Alejandro Sosa Ruda","date":"14 diciembre, 2020","format":false,"excerpt":"Fue encontrado inconsciente en la calle y muri\u00f3 poco despu\u00e9s. Investigan las circunstancias en que se produjo el asesinato. Un\u00a0hombre de 27 a\u00f1os\u00a0fue asesinado a golpes en la v\u00eda p\u00fablica. El sujeto fue hallado el s\u00e1bado en el barrio Las Heras, inconsciente, y pocas horas despu\u00e9s muri\u00f3 producto del ataque.\u2026","rel":"","context":"En \u00abPOLICIALES\u00bb","block_context":{"text":"POLICIALES","link":"https:\/\/larevistadigital.com.ar\/blog\/category\/policiales\/"},"img":{"alt_text":"","src":"https:\/\/i0.wp.com\/larevistadigital.com.ar\/blog\/wp-content\/uploads\/Screenshot_1-176.jpg?fit=1004%2C563&ssl=1&resize=350%2C200","width":350,"height":200,"srcset":"https:\/\/i0.wp.com\/larevistadigital.com.ar\/blog\/wp-content\/uploads\/Screenshot_1-176.jpg?fit=1004%2C563&ssl=1&resize=350%2C200 1x, https:\/\/i0.wp.com\/larevistadigital.com.ar\/blog\/wp-content\/uploads\/Screenshot_1-176.jpg?fit=1004%2C563&ssl=1&resize=525%2C300 1.5x, https:\/\/i0.wp.com\/larevistadigital.com.ar\/blog\/wp-content\/uploads\/Screenshot_1-176.jpg?fit=1004%2C563&ssl=1&resize=700%2C400 2x"},"classes":[]},{"id":11944,"url":"https:\/\/larevistadigital.com.ar\/blog\/balearon-a-un-hombre-para-robarle-las-zapatillas\/","url_meta":{"origin":15645,"position":5},"title":"BALEARON A UN HOMBRE PARA ROBARLE LAS ZAPATILLAS","author":"Alejandro Sosa Ruda","date":"20 agosto, 2019","format":false,"excerpt":"El hecho ocurri\u00f3 esta ma\u00f1ana en el barrio Fray Luis Beltr\u00e1n de la ciudad de Mar del Plata. La v\u00edctima tiene 36 a\u00f1os y tuvo que ser traslada al Hospital Interzonal con una herida en una pierna. Un hombre de 36 a\u00f1os fue baleado esta ma\u00f1ana en el barrio\u00a0Fray Luis\u2026","rel":"","context":"En \u00abINTERES GENERAL\u00bb","block_context":{"text":"INTERES GENERAL","link":"https:\/\/larevistadigital.com.ar\/blog\/category\/interes-general\/"},"img":{"alt_text":"","src":"https:\/\/i0.wp.com\/larevistadigital.com.ar\/blog\/wp-content\/uploads\/Screenshot_2-33.jpg?fit=1005%2C664&ssl=1&resize=350%2C200","width":350,"height":200,"srcset":"https:\/\/i0.wp.com\/larevistadigital.com.ar\/blog\/wp-content\/uploads\/Screenshot_2-33.jpg?fit=1005%2C664&ssl=1&resize=350%2C200 1x, https:\/\/i0.wp.com\/larevistadigital.com.ar\/blog\/wp-content\/uploads\/Screenshot_2-33.jpg?fit=1005%2C664&ssl=1&resize=525%2C300 1.5x, https:\/\/i0.wp.com\/larevistadigital.com.ar\/blog\/wp-content\/uploads\/Screenshot_2-33.jpg?fit=1005%2C664&ssl=1&resize=700%2C400 2x"},"classes":[]}],"_links":{"self":[{"href":"https:\/\/larevistadigital.com.ar\/blog\/wp-json\/wp\/v2\/posts\/15645","targetHints":{"allow":["GET"]}}],"collection":[{"href":"https:\/\/larevistadigital.com.ar\/blog\/wp-json\/wp\/v2\/posts"}],"about":[{"href":"https:\/\/larevistadigital.com.ar\/blog\/wp-json\/wp\/v2\/types\/post"}],"author":[{"embeddable":true,"href":"https:\/\/larevistadigital.com.ar\/blog\/wp-json\/wp\/v2\/users\/3"}],"replies":[{"embeddable":true,"href":"https:\/\/larevistadigital.com.ar\/blog\/wp-json\/wp\/v2\/comments?post=15645"}],"version-history":[{"count":2,"href":"https:\/\/larevistadigital.com.ar\/blog\/wp-json\/wp\/v2\/posts\/15645\/revisions"}],"predecessor-version":[{"id":15648,"href":"https:\/\/larevistadigital.com.ar\/blog\/wp-json\/wp\/v2\/posts\/15645\/revisions\/15648"}],"wp:featuredmedia":[{"embeddable":true,"href":"https:\/\/larevistadigital.com.ar\/blog\/wp-json\/wp\/v2\/media\/15646"}],"wp:attachment":[{"href":"https:\/\/larevistadigital.com.ar\/blog\/wp-json\/wp\/v2\/media?parent=15645"}],"wp:term":[{"taxonomy":"category","embeddable":true,"href":"https:\/\/larevistadigital.com.ar\/blog\/wp-json\/wp\/v2\/categories?post=15645"},{"taxonomy":"post_tag","embeddable":true,"href":"https:\/\/larevistadigital.com.ar\/blog\/wp-json\/wp\/v2\/tags?post=15645"}],"curies":[{"name":"wp","href":"https:\/\/api.w.org\/{rel}","templated":true}]}}