{"id":15649,"date":"2020-06-15T19:55:25","date_gmt":"2020-06-15T19:55:25","guid":{"rendered":"https:\/\/larevistadigital.com.ar\/blog\/?p=15649"},"modified":"2020-06-15T19:55:25","modified_gmt":"2020-06-15T19:55:25","slug":"vecino-podaba-un-arbol-y-dejo-sin-luz-a-gran-parte-de-city-bell","status":"publish","type":"post","link":"https:\/\/larevistadigital.com.ar\/blog\/vecino-podaba-un-arbol-y-dejo-sin-luz-a-gran-parte-de-city-bell\/","title":{"rendered":"VECINO PODABA UN \u00c1RBOL Y DEJ\u00d3 SIN LUZ A GRAN PARTE DE CITY BELL"},"content":{"rendered":"<h2 class=\"fparrafo ctext fz18 lh25\">Las cuadrillas de Edelap trabajan en 476 y 30 bis. El suministro se repuso parcialmente<\/h2>\n<p class=\"selectionShareable\">La empresa Edelap inform\u00f3 que un vecino de la localidad de City Bell produjo accidentalmente una suspensi\u00f3n del servicio mientras se encontraba podando un \u00e1rbol en su domicilio. Seg\u00fan determin\u00f3 una guardia t\u00e9cnica de la empresa, el vecino cort\u00f3 una rama de gran porte de un \u00e1rbol ubicado dentro de su finca, la cual cay\u00f3 sobre la l\u00ednea municipal y provoc\u00f3 la salida de servicio de un tendido de la red de Media Tensi\u00f3n que brinda suministro en sectores de City Bell, afectando colateralmente con su salida de servicio a sectores de Gorina.<\/p>\n<p class=\"selectionShareable\">El hecho ocurri\u00f3 alrededor de 13,30 horas sobre la calle 476 en su intersecci\u00f3n con 30 bis. Personal de la empresa ya se encuentra en el lugar disponiendo del operativo para reparar los da\u00f1os provocados sobre las redes y ya se est\u00e1n realizando restituciones del servicio. Cabe informar que las protecciones de los tendidos actuaron provocando la suspensi\u00f3n del suministro el\u00e9ctrico por cuestiones de seguridad.<\/p>\n<p>publicado en eleditorplatense<\/p>\n","protected":false},"excerpt":{"rendered":"<div class=\"mh-excerpt\"><p>Las cuadrillas de Edelap trabajan en 476 y 30 bis. El suministro se repuso parcialmente La empresa Edelap inform\u00f3 que un vecino de la localidad de City Bell produjo accidentalmente una suspensi\u00f3n del servicio mientras <a class=\"mh-excerpt-more\" href=\"https:\/\/larevistadigital.com.ar\/blog\/vecino-podaba-un-arbol-y-dejo-sin-luz-a-gran-parte-de-city-bell\/\" title=\"VECINO PODABA UN \u00c1RBOL Y DEJ\u00d3 SIN LUZ A GRAN PARTE DE CITY BELL\">[Leer M\u00e1s]<\/a><\/p>\n<\/div>","protected":false},"author":3,"featured_media":15650,"comment_status":"open","ping_status":"open","sticky":false,"template":"","format":"standard","meta":{"_jetpack_memberships_contains_paid_content":false,"footnotes":"","jetpack_publicize_message":"","jetpack_publicize_feature_enabled":true,"jetpack_social_post_already_shared":true,"jetpack_social_options":{"image_generator_settings":{"template":"highway","default_image_id":0,"font":"","enabled":false},"version":2}},"categories":[51],"tags":[],"class_list":{"0":"post-15649","1":"post","2":"type-post","3":"status-publish","4":"format-standard","5":"has-post-thumbnail","7":"category-regionales"},"jetpack_publicize_connections":[],"jetpack_featured_media_url":"https:\/\/i0.wp.com\/larevistadigital.com.ar\/blog\/wp-content\/uploads\/20200615141938_poda_segovia.jpg?fit=880%2C586&ssl=1","jetpack_sharing_enabled":true,"jetpack_shortlink":"https:\/\/wp.me\/p8qtrQ-44p","jetpack-related-posts":[{"id":25226,"url":"https:\/\/larevistadigital.com.ar\/blog\/city-bell-detectan-fraudes-electricos-que-seran-denunciados-penalmente\/","url_meta":{"origin":15649,"position":0},"title":"CITY BELL: DETECTAN FRAUDES EL\u00c9CTRICOS QUE SER\u00c1N DENUNCIADOS PENALMENTE","author":"Alejandro Sosa Ruda","date":"22 abril, 2022","format":false,"excerpt":"La distribuidora de energ\u00eda platense, EDELAP, en otro de sus operativos nocturnos antifraude, para identificar y desarticular conexiones ilegales que afectan la calidad de servicio que reciben los usuarios, detect\u00f3 varios locales comerciales en la localidad platense de City Bell, con \u201cconexiones clandestinas\u201d. CITY BELL -\u00a0 En los \u00faltimos d\u00edas,\u2026","rel":"","context":"En \u00abPOLICIALES\u00bb","block_context":{"text":"POLICIALES","link":"https:\/\/larevistadigital.com.ar\/blog\/category\/policiales\/"},"img":{"alt_text":"","src":"https:\/\/i0.wp.com\/larevistadigital.com.ar\/blog\/wp-content\/uploads\/20220421071224_rau-kal.jpg?fit=880%2C512&ssl=1&resize=350%2C200","width":350,"height":200,"srcset":"https:\/\/i0.wp.com\/larevistadigital.com.ar\/blog\/wp-content\/uploads\/20220421071224_rau-kal.jpg?fit=880%2C512&ssl=1&resize=350%2C200 1x, https:\/\/i0.wp.com\/larevistadigital.com.ar\/blog\/wp-content\/uploads\/20220421071224_rau-kal.jpg?fit=880%2C512&ssl=1&resize=525%2C300 1.5x, https:\/\/i0.wp.com\/larevistadigital.com.ar\/blog\/wp-content\/uploads\/20220421071224_rau-kal.jpg?fit=880%2C512&ssl=1&resize=700%2C400 2x"},"classes":[]},{"id":11682,"url":"https:\/\/larevistadigital.com.ar\/blog\/la-plata-la-justicia-ratifico-que-edelap-debe-bonificar-las-facturas-de-julio-a-los-afectados-por-el-apagon\/","url_meta":{"origin":15649,"position":1},"title":"LA PLATA: LA JUSTICIA RATIFIC\u00d3 QUE EDELAP DEBE BONIFICAR LAS FACTURAS DE JULIO A LOS AFECTADOS POR EL APAG\u00d3N","author":"Alejandro Sosa Ruda","date":"2 agosto, 2019","format":false,"excerpt":"La justicia en lo Contencioso Administrativo de La Plata ratifico\u0301 que la empresa Edelap debera\u0301 bonificar la factura de julio de los usuarios que fueron afectados por un apago\u0301n ocurrido en junio en la zona norte de la capital provincial por la falla de un cable de alta tensio\u0301n. La\u2026","rel":"","context":"En \u00abREGIONALES\u00bb","block_context":{"text":"REGIONALES","link":"https:\/\/larevistadigital.com.ar\/blog\/category\/regionales\/"},"img":{"alt_text":"","src":"https:\/\/i0.wp.com\/larevistadigital.com.ar\/blog\/wp-content\/uploads\/1564697619244.jpg?fit=1200%2C679&ssl=1&resize=350%2C200","width":350,"height":200,"srcset":"https:\/\/i0.wp.com\/larevistadigital.com.ar\/blog\/wp-content\/uploads\/1564697619244.jpg?fit=1200%2C679&ssl=1&resize=350%2C200 1x, https:\/\/i0.wp.com\/larevistadigital.com.ar\/blog\/wp-content\/uploads\/1564697619244.jpg?fit=1200%2C679&ssl=1&resize=525%2C300 1.5x, https:\/\/i0.wp.com\/larevistadigital.com.ar\/blog\/wp-content\/uploads\/1564697619244.jpg?fit=1200%2C679&ssl=1&resize=700%2C400 2x, https:\/\/i0.wp.com\/larevistadigital.com.ar\/blog\/wp-content\/uploads\/1564697619244.jpg?fit=1200%2C679&ssl=1&resize=1050%2C600 3x"},"classes":[]},{"id":11891,"url":"https:\/\/larevistadigital.com.ar\/blog\/la-plata-arrancan-los-cortes-y-desvios-de-transito-por-las-obras-en-la-subestacion-city-bell\/","url_meta":{"origin":15649,"position":2},"title":"LA PLATA: ARRANCAN LOS CORTES Y DESV\u00cdOS DE TR\u00c1NSITO POR LAS OBRAS EN LA SUBESTACI\u00d3N CITY BELL","author":"Alejandro Sosa Ruda","date":"19 agosto, 2019","format":false,"excerpt":"Desde el municipio informaron\u00a0que, a partir\u00a0de hoy, se implementar\u00e1n cortes y desv\u00edos en el tr\u00e1nsito de la zona norte de la ciudad debido al comienzo de la obra en la Subestaci\u00f3n El\u00e9ctrica de City Bell. En este contexto, se inform\u00f3 que los trabajos que la empresa Edelap pone en marcha\u2026","rel":"","context":"En \u00abREGIONALES\u00bb","block_context":{"text":"REGIONALES","link":"https:\/\/larevistadigital.com.ar\/blog\/category\/regionales\/"},"img":{"alt_text":"","src":"https:\/\/i0.wp.com\/larevistadigital.com.ar\/blog\/wp-content\/uploads\/1566040127757.jpg?fit=1200%2C679&ssl=1&resize=350%2C200","width":350,"height":200,"srcset":"https:\/\/i0.wp.com\/larevistadigital.com.ar\/blog\/wp-content\/uploads\/1566040127757.jpg?fit=1200%2C679&ssl=1&resize=350%2C200 1x, https:\/\/i0.wp.com\/larevistadigital.com.ar\/blog\/wp-content\/uploads\/1566040127757.jpg?fit=1200%2C679&ssl=1&resize=525%2C300 1.5x, https:\/\/i0.wp.com\/larevistadigital.com.ar\/blog\/wp-content\/uploads\/1566040127757.jpg?fit=1200%2C679&ssl=1&resize=700%2C400 2x, https:\/\/i0.wp.com\/larevistadigital.com.ar\/blog\/wp-content\/uploads\/1566040127757.jpg?fit=1200%2C679&ssl=1&resize=1050%2C600 3x"},"classes":[]},{"id":33283,"url":"https:\/\/larevistadigital.com.ar\/blog\/la-plata-alertan-por-falsos-operarios-de-edelap-que-estafan-y-roban-a-los-vecinos\/","url_meta":{"origin":15649,"position":3},"title":"LA PLATA: ALERTAN POR FALSOS OPERARIOS DE EDELAP QUE ESTAFAN Y ROBAN A LOS VECINOS","author":"Alejandro Sosa Ruda","date":"5 septiembre, 2023","format":false,"excerpt":"La compa\u00f1\u00eda que brinda el servicio el\u00e9ctrico en la regi\u00f3n\u00a0alert\u00f3 a los usuarios debido a que han recibido quejas por distintos episodios delictivos. 04 de septiembre de 2023 La empresa\u00a0Edelap S.A, encargada de prestar el servicio el\u00e9ctrico en La Plata y la regi\u00f3n, denunci\u00f3 que\u00a0algunas personas se estuvieron haciendo pasar\u2026","rel":"","context":"En \u00abINTERES GENERAL\u00bb","block_context":{"text":"INTERES GENERAL","link":"https:\/\/larevistadigital.com.ar\/blog\/category\/interes-general\/"},"img":{"alt_text":"","src":"https:\/\/i0.wp.com\/larevistadigital.com.ar\/blog\/wp-content\/uploads\/descarga-27.jpg?fit=800%2C396&ssl=1&resize=350%2C200","width":350,"height":200,"srcset":"https:\/\/i0.wp.com\/larevistadigital.com.ar\/blog\/wp-content\/uploads\/descarga-27.jpg?fit=800%2C396&ssl=1&resize=350%2C200 1x, https:\/\/i0.wp.com\/larevistadigital.com.ar\/blog\/wp-content\/uploads\/descarga-27.jpg?fit=800%2C396&ssl=1&resize=525%2C300 1.5x, https:\/\/i0.wp.com\/larevistadigital.com.ar\/blog\/wp-content\/uploads\/descarga-27.jpg?fit=800%2C396&ssl=1&resize=700%2C400 2x"},"classes":[]},{"id":26104,"url":"https:\/\/larevistadigital.com.ar\/blog\/la-plata-se-detecto-fraude-electrico-en-varios-negocios-y-edelap-los-denunciara-penalmente\/","url_meta":{"origin":15649,"position":4},"title":"LA PLATA: SE DETECT\u00d3 FRAUDE ELECTRICO EN VARIOS NEGOCIOS Y EDELAP LOS DENUNCIAR\u00c1 PENALMENTE","author":"Alejandro Sosa Ruda","date":"26 junio, 2022","format":false,"excerpt":"La empresa realiz\u00f3 un operativo nocturno y registr\u00f3 conexiones clandestinas en locales de la ciudad, las cuales afectan el servicio al resto de los usuarios. LA PLATA -\u00a0 Edelap detect\u00f3 fraude el\u00e9ctrico en comercios de La Plata\u00a0y los denunciar\u00e1 penalmente por robo de energ\u00eda. Durante un operativo nocturno realizado en\u2026","rel":"","context":"En \u00abPOLICIALES\u00bb","block_context":{"text":"POLICIALES","link":"https:\/\/larevistadigital.com.ar\/blog\/category\/policiales\/"},"img":{"alt_text":"","src":"https:\/\/i0.wp.com\/larevistadigital.com.ar\/blog\/wp-content\/uploads\/1656255509345.jpg?fit=1200%2C594&ssl=1&resize=350%2C200","width":350,"height":200,"srcset":"https:\/\/i0.wp.com\/larevistadigital.com.ar\/blog\/wp-content\/uploads\/1656255509345.jpg?fit=1200%2C594&ssl=1&resize=350%2C200 1x, https:\/\/i0.wp.com\/larevistadigital.com.ar\/blog\/wp-content\/uploads\/1656255509345.jpg?fit=1200%2C594&ssl=1&resize=525%2C300 1.5x, https:\/\/i0.wp.com\/larevistadigital.com.ar\/blog\/wp-content\/uploads\/1656255509345.jpg?fit=1200%2C594&ssl=1&resize=700%2C400 2x, https:\/\/i0.wp.com\/larevistadigital.com.ar\/blog\/wp-content\/uploads\/1656255509345.jpg?fit=1200%2C594&ssl=1&resize=1050%2C600 3x"},"classes":[]},{"id":20930,"url":"https:\/\/larevistadigital.com.ar\/blog\/mar-del-plata-los-fuertes-vientos-provocaron-destrozos-caida-de-arboles-y-cortes-de-luz\/","url_meta":{"origin":15649,"position":5},"title":"MAR DEL PLATA: LOS FUERTES VIENTOS PROVOCARON DESTROZOS, CA\u00cdDA DE \u00c1RBOLES Y CORTES DE LUZ","author":"Alejandro Sosa Ruda","date":"28 junio, 2021","format":false,"excerpt":"En el Bosque Peralta Ramos, un \u00e1rbol cay\u00f3 sobre una vivienda y rompi\u00f3 un ca\u00f1o de gas. Adem\u00e1s, otro ejemplar cedi\u00f3 y termin\u00f3 sobre un auto. Edea comunic\u00f3 que algunos de sus distribuidores est\u00e1n fuera de servicio y Defensa Civil pide \u201ctransitar con cautela\u201d. MAR DEL PLATA - El intenso\u2026","rel":"","context":"En \u00abREGIONALES\u00bb","block_context":{"text":"REGIONALES","link":"https:\/\/larevistadigital.com.ar\/blog\/category\/regionales\/"},"img":{"alt_text":"","src":"https:\/\/i0.wp.com\/larevistadigital.com.ar\/blog\/wp-content\/uploads\/TEMPORAL-MDQ.png?fit=997%2C651&ssl=1&resize=350%2C200","width":350,"height":200,"srcset":"https:\/\/i0.wp.com\/larevistadigital.com.ar\/blog\/wp-content\/uploads\/TEMPORAL-MDQ.png?fit=997%2C651&ssl=1&resize=350%2C200 1x, https:\/\/i0.wp.com\/larevistadigital.com.ar\/blog\/wp-content\/uploads\/TEMPORAL-MDQ.png?fit=997%2C651&ssl=1&resize=525%2C300 1.5x, https:\/\/i0.wp.com\/larevistadigital.com.ar\/blog\/wp-content\/uploads\/TEMPORAL-MDQ.png?fit=997%2C651&ssl=1&resize=700%2C400 2x"},"classes":[]}],"_links":{"self":[{"href":"https:\/\/larevistadigital.com.ar\/blog\/wp-json\/wp\/v2\/posts\/15649","targetHints":{"allow":["GET"]}}],"collection":[{"href":"https:\/\/larevistadigital.com.ar\/blog\/wp-json\/wp\/v2\/posts"}],"about":[{"href":"https:\/\/larevistadigital.com.ar\/blog\/wp-json\/wp\/v2\/types\/post"}],"author":[{"embeddable":true,"href":"https:\/\/larevistadigital.com.ar\/blog\/wp-json\/wp\/v2\/users\/3"}],"replies":[{"embeddable":true,"href":"https:\/\/larevistadigital.com.ar\/blog\/wp-json\/wp\/v2\/comments?post=15649"}],"version-history":[{"count":1,"href":"https:\/\/larevistadigital.com.ar\/blog\/wp-json\/wp\/v2\/posts\/15649\/revisions"}],"predecessor-version":[{"id":15651,"href":"https:\/\/larevistadigital.com.ar\/blog\/wp-json\/wp\/v2\/posts\/15649\/revisions\/15651"}],"wp:featuredmedia":[{"embeddable":true,"href":"https:\/\/larevistadigital.com.ar\/blog\/wp-json\/wp\/v2\/media\/15650"}],"wp:attachment":[{"href":"https:\/\/larevistadigital.com.ar\/blog\/wp-json\/wp\/v2\/media?parent=15649"}],"wp:term":[{"taxonomy":"category","embeddable":true,"href":"https:\/\/larevistadigital.com.ar\/blog\/wp-json\/wp\/v2\/categories?post=15649"},{"taxonomy":"post_tag","embeddable":true,"href":"https:\/\/larevistadigital.com.ar\/blog\/wp-json\/wp\/v2\/tags?post=15649"}],"curies":[{"name":"wp","href":"https:\/\/api.w.org\/{rel}","templated":true}]}}