{"id":15652,"date":"2020-06-16T14:16:34","date_gmt":"2020-06-16T14:16:34","guid":{"rendered":"https:\/\/larevistadigital.com.ar\/blog\/?p=15652"},"modified":"2020-06-16T14:16:34","modified_gmt":"2020-06-16T14:16:34","slug":"vecino-pide-la-renuncia-del-presidente-de-la-c-d-del-golf-country-por-permitir-violaciones-de-la-cuarentena","status":"publish","type":"post","link":"https:\/\/larevistadigital.com.ar\/blog\/vecino-pide-la-renuncia-del-presidente-de-la-c-d-del-golf-country-por-permitir-violaciones-de-la-cuarentena\/","title":{"rendered":"VECINO PIDE LA RENUNCIA DEL PRESIDENTE DE LA C.D. DEL GOLF COUNTRY, POR PERMITIR VIOLACIONES DE LA CUARENTENA"},"content":{"rendered":"<p>D\u00edas atr\u00e1s, un vecino de Chascom\u00fas que reside en el Golf Country Club, realiz\u00f3 una grave denuncia, en la que plantea que ocurrir\u00edan situaciones de violaci\u00f3n de la cuarentena, incluyendo una burla a las autoridades y emisi\u00f3n de certificados o permisos an\u00f3malos y sin sustento por parte del presidente de la Comisi\u00f3n Directiva del Country mencionado.<\/p>\n<blockquote>\n<h3>La historia, perfectamente narrada por<strong> Rub\u00e9n Dario Fabbre<\/strong>, relata c\u00f3mo sus vecinos lindantes, que viven en CABA, y usan su casa los fines de semana, ingresan sin ning\u00fan problema al predio, incumpliendo las normas, y poniendo en riesgo a la salud de todos los copropietarios y a la ciudad toda. <strong>Fabbre<\/strong> denunci\u00f3 esto en un mail al presidente del Country, se\u00f1or <strong>Ruben Saa<\/strong>, quien por la misma via contest\u00f3 que nada pod\u00eda hacer al respecto.<\/h3>\n<\/blockquote>\n<p>Luego, se hizo la denuncia a nivel municipal y ocurri\u00f3 un incidente en el que los denunciados, llegaban a la ciudad y fueron detenidos en un control, impidi\u00e9ndose su ingreso. Ellos, seg\u00fan narr\u00f3 <strong>Fabbre<\/strong>, habr\u00edan llamado a <strong>Saa<\/strong>, quien no solo se present\u00f3 en el lugar a defender y reclamar a los inspectores que permitan la entrada al matrimonio, sino que luego de retirarse junto a ellos, les habr\u00eda franqueado la entrada al Country por otro acceso, burl\u00e1ndose de los representantes de la ley.<\/p>\n<blockquote>\n<h3>Luego de esto, y de no tener respuestas a su denuncia, con la l\u00f3gica indignaci\u00f3n de ser testigo de la injusticia que cometer\u00edan sus vecinos y la protecci\u00f3n que les brindar\u00eda el presidente de la Comisi\u00f3n Directiva, <strong>Fabbre<\/strong> escribi\u00f3 una nota que aqu\u00ed transcribimos, en donde expresa su enojo, y pide la inmediata renuncia del presidente del Country, <strong>Rub\u00e9n Saa<\/strong>, y de cualquier miembro de la Comisi\u00f3n Directiva que apoyara su accionar.<\/h3>\n<\/blockquote>\n<p>Resulta insultante, y una falta de respeto intolerable, que mientras hay personas que vienen cumpliendo desde el 20 de marzo un aislamiento que no les permite ver a sus seres queridos, e inclusive enterrar con dignidad a sus muertos, como lo relataba otro vecino en una nota de hace d\u00edas, haya quienes hacen lo que se les antoja, y porque se les antoja.<\/p>\n<h3><strong>LA NOTA DE FABBRE:<\/strong><\/h3>\n<p><em><strong>Chascom\u00fas,09 de junio de 2020<\/strong><\/em><\/p>\n<p><em><strong>Se\u00f1ores miembros<\/strong><\/em><\/p>\n<p><em><strong>del Consejo de Administraci\u00f3n del Consorcio<\/strong><\/em><\/p>\n<p><em><strong>de Propietarios del Golf Chascom\u00fas Country Club<\/strong><\/em><\/p>\n<p><em><strong>S______________________\/_______________________D<\/strong><\/em><\/p>\n<p>&nbsp;<\/p>\n<p><em><strong>Me dirijo a ustedes en mi car\u00e1cter de propietario de la UF N\u00b074, y con motivo de la situaci\u00f3n particular que viene d\u00e1ndose en nuestra copropiedad de manera ininterrumpida desde el comienzo de la cuarentena.<\/strong><\/em><\/p>\n<p><em><strong>Antes de continuar, debemos recordar lo que estableci\u00f3 el art\u00edculo 2\u00b0 del DNU PEN 297\/2020:<\/strong><\/em><\/p>\n<p><em><strong>\u201cART\u00cdCULO 2\u00b0- Durante la vigencia del \u201cAislamiento social, preventivo y obligatorio\u201d, las personas deber\u00e1n permanecer en sus residencias habituales, o en la residencia en que se encuentren a las 0:00 hs. del d\u00eda 20 de marzo de 2020, momento de inicio de la medida dispuesta. Deber\u00e1n abstenerse de concurrir a sus lugares de trabajo y no podr\u00e1n desplazarse por rutas, v\u00edas y espacios p\u00fablicos. Todo ello con el fin de prevenir la circulaci\u00f3n y el contagio del virus COVID 19 y la consiguiente afectaci\u00f3n a la salud p\u00fablica y los dem\u00e1s derechos subjetivos derivados tales como la vida y la integridad f\u00edsica de las personas\u201d.<\/strong><\/em><\/p>\n<p><em><strong>Es decir, que desde las 0:00 hs. del d\u00eda 20.03.2020 solo deber\u00edan haber permanecido en este predio o bien aquellos copropietarios \u2013e integrantes de su grupo familiar- que tengan aqu\u00ed su residencia habitual (CCC73), o bien quienes se encontrasen aqu\u00ed en ese momento, ya sea porque son copropietarios o familiares de estos, que vienen los fines de semana, o porque aun no siendo ni copropietarios ni familiares, se encontraban aqu\u00ed como invitados, los que despu\u00e9s fueron conocidos como \u201cvarados\u201d.<\/strong><\/em><\/p>\n<p><em><strong>De hecho, hubo copropietarios que regresaron de un viaje, y debieron cumplir la cuarentena en su casa dentro del country, sin poder salir siquiera a hacer las compras.<\/strong><\/em><\/p>\n<p><em><strong>Pues bien, se\u00f1ores, lo cierto es que esta cuarentena no se ha respetado en el country, como hubiese correspondido, y por ende todos ustedes como autoridad de aplicaci\u00f3n dentro del consorcio son los responsables directos de ese incumplimiento, y de las consecuencias que se deriven.<\/strong><\/em><\/p>\n<p><em><strong>Saben que consultando la base de datos del ingreso\/egreso al country, y revisando las filmaciones de los accesos (principal y servicio), pueden verificar por ustedes mismos que desde las 0:00hs. del 20.3.2020 a la fecha, han ingresado al predio en reiteradas ocasiones copropietarios, y\/o familiares de estos que no tienen aqu\u00ed su residencia habitual, y que solo vienen los fines de semana en franca violaci\u00f3n a la cuarentena.<\/strong><\/em><\/p>\n<p><em><strong>Ni siquiera nuestro presidente tiene aqu\u00ed su residencia habitual, pero tal vez estaba aqu\u00ed antes de las 0:00 hs. del 20.03.2020 y tuvo que quedarse \u2013ignoro si durante este tiempo tuvo que viajar a su lugar de residencia habitual-.<\/strong><\/em><\/p>\n<p><em><strong>En lo personal, he advertido que fin de semana tras fin de semana los copropietarios de la Unidad funcional N\u00b0 73 \u2013Cerullo, Gustavo y Vattimo Gladys-, mis vecinos, continuaron viniendo los fines de semana, siendo que tienen su lugar de residencia habitual en la zona de Florencio Varela.<\/strong><\/em><\/p>\n<p><em><strong>Esta circunstancia fue puesta en conocimiento del presidente del consorcio, mediante mail que le enviara el 6.4.2020, que me permito transcribir:<\/strong><\/em><\/p>\n<p><em><strong>\u201cEstimado se\u00f1or presidente, de acuerdo al DNU del cumplimiento de la cuarentena de los habitantes del territorio nacional, establece que las personas deber\u00e1n quedarse en su domicilio o en el lugar donde estuviesen al inicio de la misma, por lo general en el domicilio real, s\u00e9 que muchos copropietarios lo est\u00e1n haciendo en su domicilio real y no el legal, pero no viene al caso, el d\u00eda s\u00e1bado 04\u00a0 del corriente mes en horas de la noche, se hizo presente en su propiedad el se\u00f1or Gustavo Cerullo y su se\u00f1ora, obviamente incumpliendo totalmente lo dispuesto por el estado nacional, no solamente exponi\u00e9ndose ellos, sino tambi\u00e9n a la copropiedad, que desconozco si ten\u00edan alg\u00fan permiso especial de nuestra administraci\u00f3n, que no deber\u00eda existir, y desconozco tambi\u00e9n por qu\u00e9 la guardia les permiti\u00f3 el ingreso a sabiendas que no viven permanentemente en nuestro country. Los mismos permanecieron hasta el domingo, desconozco el horario en que se habr\u00e1n retirado, pero supongo que despu\u00e9s del mediod\u00eda. Tuve toda la intenci\u00f3n de hacer la denuncia policial, pero, a decir verdad, sent\u00ed pena por ellos, por los trastornos que eles pod\u00eda ocasionar, pero creo que me equivoqu\u00e9, porque a ellos no les import\u00f3 mucho el incumplimiento de la cuarentena obligatoria. Agradezco su tiempo, y espero tener una respuesta al respecto.<\/strong><\/em><\/p>\n<p><em><strong>Cordialmente, Rub\u00e9n Dar\u00edo Fabbre\u201d.<\/strong><\/em><\/p>\n<p><em><strong>La respuesta que recibiera del presidente por mail el 8.4.2020 fue:<\/strong><\/em><\/p>\n<p><em><strong>\u201cSe\u00f1or Ruben Fabbre: Tengo el agrado de dirigirme a usted en respuesta a vuestro correo fechado 6 de abril pasado. Dando cumplimiento a tal cometido le hago saber que en atenci\u00f3n a que esta copropiedad se rige por la ley 13.512 de propiedad horizontal la seguridad no tiene poder de polic\u00eda para impedir el ingreso de un copropietario. Esto sin prejuicio de la facultad de usted de poder efectuar la denuncia a trav\u00e9s del n\u00famero 134 si usted considera que se ha violado el decreto 297\/20 del P.E.N. tal cual se informara a la Copropiedad por mail de fecha 21 de marzo pasado. Saluda a usted atentamente.<\/strong><\/em><\/p>\n<p><em><strong>Ruben Saa<\/strong><\/em><\/p>\n<p><em><strong>Los nombrados continuaron viniendo al country como si nada. Burl\u00e1ndose de aquellos que venimos respetando la norma, cuid\u00e1ndonos y cuidando al otro.<\/strong><\/em><\/p>\n<p><em><strong>Me contact\u00e9 con las autoridades del municipio y pregunt\u00e9 si esto era lo correcto. A lo que me respondieron que no y que tomar\u00edan medidas al respecto, porque ello no pod\u00eda ser.<\/strong><\/em><\/p>\n<p><em><strong>El viernes 5.6.2020 por la tarde noche, el matrimonio Cerullo\/Vattimo vino para el country \u2013como lo hac\u00edan casi todos los fines de semana-, y al llegar a la rotonda ubicada en la intersecci\u00f3n de la ruta 20 y Juan Manuel de Rosas, los detuvieron en el control policial. Luego de pedirles los documentos de estilo, les hicieron saber que no pod\u00edan ingresar a Chascom\u00fas, y, por ende, no pod\u00edan ingresar a nuestro country.<\/strong><\/em><\/p>\n<p><em><strong>Los nombrados se comunicaron con nuestro presidente que se aperson\u00f3 en el lugar, protagonizando un esc\u00e1ndalo para que los dejaran pasar.<\/strong><\/em><\/p>\n<p><em><strong>La polic\u00eda a pesar de la situaci\u00f3n escandalosa, no les permiti\u00f3 el ingreso y el matrimonio y el se\u00f1or Saa se retiraron del lugar.<\/strong><\/em><\/p>\n<p><em><strong>Las autoridades supusieron que volver\u00edan a su lugar de residencia habitual. Eso es en el caso del matrimonio en la zona de Florencio Varela, pero no fue as\u00ed.<\/strong><\/em><\/p>\n<p><em><strong>Lleg\u00f3 a mi conocimiento que a pesar de que la autoridad les dijo que no pod\u00edan ingresar, se les facilit\u00f3 el ingreso al country burlando el control policial. M\u00e1s all\u00e1 de como hayan ingresado, dicha circunstancia podr\u00e1 ser verificada por ustedes \u2013entre otros elementos- con las c\u00e1maras de seguridad que tiene instaladas el consorcio en los distintos accesos que esperemos que justo ese d\u00eda no se hayan descompuesto.<\/strong><\/em><\/p>\n<p><em><strong>Tambi\u00e9n lleg\u00f3 a mi conocimiento que este matrimonio habr\u00eda estado circulando con un documento emitido por el Golf Chascom\u00fas Country Club y firmado por su presidente Ruben Rodolfo Saa en el que se certifica que est\u00e1n cumpliendo la cuarentena en su casa del country, lo que les habr\u00eda permitido el ingreso durante los fines de semana. Definitivamente no es cierto lo que reflejar\u00eda ese documento que resulta ser a todas luces ideol\u00f3gicamente falso. Y no van a venir a decirme a m\u00ed que soy el vecino. Cerullo y Vattimo no tienen su residencia habitual en el country, ni estaban aqu\u00ed a las 0:00hs. del 20.03.2020, por lo que mal pueden estar cumpliendo aqu\u00ed la cuarentena. Adem\u00e1s, me llama la atenci\u00f3n que cuando el presidente contest\u00f3 mi mail me dijera que no pod\u00eda hacer nada, cuando en realidad tendr\u00eda que haberme dicho que el matrimonio se encontraba cumpliendo la cuarentena en el country. Esto me lleva a pensar que la nota fue \u201cfabricada\u201d con fecha posterior al 8.4.2020, fecha del mail de Saa.<\/strong><\/em><\/p>\n<p><em><strong>Y, de hecho, es cierto que ingresaron al country por cuanto el rodado apareci\u00f3 en el frente de la unidad funcional N\u00b073. El matrimonio se retir\u00f3 el domingo 07.06.2020.<\/strong><\/em><\/p>\n<p><em><strong>Pongo en conocimiento de ese concejo los hechos precedentemente relatados por las siguientes razones:<\/strong><\/em><\/p>\n<ol>\n<li><em><strong>El DNU que dispuso la cuarentena es muy claro, y no requiere la interpretaci\u00f3n de gente muy inteligente para poder comprenderlo.<\/strong><\/em><\/li>\n<li><em><strong>La cuarentena es igual para todos sin excepciones, incluso aquellas personas afectadas a actividades esenciales, lo p\u00fanico que pueden hacer a diferencia del resto es circular para ir de su lugar de residencia habitual a su lugar de trabajo, y de este regresar a su lugar de residencia habitual.<\/strong><\/em><\/li>\n<li><em><strong>Las personas que vivimos en el country estamos haciendo grandes sacrificios por esta cuarentena. En lo personal hace casi tres meses que con mi esposa estamos en mi casa y no podemos ver a nuestros hijos, ni a nuestro nieto, que en pocos d\u00edas cumplir\u00e1 un a\u00f1o.<\/strong><\/em><\/li>\n<li><em><strong>Siento que este matrimonio, as\u00ed como todos los copropietarios y\/o familiares que hacen lo mismo, me est\u00e1n faltando el respeto a m\u00ed, a mi familia ya todas las familias que SI VIVIMOS EN EL COUNTRY, que cumplimos con las normas como corresponde como hace la gente de bien (quedan exclu\u00eddos de este grupo los que incumplen)<\/strong><\/em><\/li>\n<li><em><strong>Siento que no solo nos faltan el respeto, sino, y lo que es peor, que no les importa nada de nadie, m\u00e1s que de ellos mismos, poniendo en grave riesgo la salud de todos nosotros. Y cuando digo nosotros, incluyo tambi\u00e9n a todas aquellas personas que conforman la comunidad chascomunense. Vuelvo a decir: NO LES IMPORTA NADA NI NADIE QUE NO SEAN ELLOS MISMOS.<\/strong><\/em><\/li>\n<li><em><strong>Que quienes tambi\u00e9n deben cumplir las normas, y est\u00e1n en situaci\u00f3n de hacerlas cumplir, no solo no lo hacen, sino que adem\u00e1s por AMIGUISMO incumplen la cuarentena, brindan falsa informaci\u00f3n y\/o documentaci\u00f3n, y hasta se burlan de las autoridades policiales, municipales, provinciales y nacionales. Ni el mismo presidente, ni los miembros del Concejo De Administraci\u00f3n son los \u201cdue\u00f1os\u201d del country, aunque as\u00ed se sientan, producto del abuso de poder al que se llega despu\u00e9s de estar tant\u00edsimos a\u00f1os donde est\u00e1n (algunos llevan cerca de 20 a\u00f1os o m\u00e1s).<\/strong><\/em><\/li>\n<li><em><strong>Que todo cuanto he dicho en la presente, est\u00e1 en conocimiento de las autoridades locales y\/o federales, de quienes espero que cumplan con sus mandatos legales.<\/strong><\/em><\/li>\n<\/ol>\n<p><em><strong>En cuanto a usted, se\u00f1or presidente, le pido que RENUNCIE, pues su actitud es una falta de respeto para con todas las familias que integramos el consorcio, las familias de Chascom\u00fas, e incluso para con sus AMIGOS, porque el COVID-19 no conoce amistades.<\/strong><\/em><\/p>\n<p><em><strong>Y si alguno de los representantes del Concejo decide apoyar en esta actitud al se\u00f1or presidente, pues que TAMBI\u00c9N RENUNCIE. Est\u00e9n bien tranquilos que sin ustedes, vamos a poder vivir.<\/strong><\/em><\/p>\n<p><em><strong>Por \u00faltimo, solicito que la presente nota sea transcripta en el acta de la pr\u00f3xima reuni\u00f3n del Concejo de Administraci\u00f3n, y se le d\u00e9 amplia difusi\u00f3n en nuestro medio.<\/strong><\/em><\/p>\n<p><em><strong>Sin otro particular, los saludo con mi m\u00e1s distinguida consideraci\u00f3n y respeto.<\/strong><\/em><\/p>\n<p><em><strong>RUBEN DAR\u00cdO FABBRE (UF 74)<\/strong><\/em><\/p>\n<p><em><strong>\u00a0\u00a0\u00a0\u00a0\u00a0\u00a0\u00a0\u00a0\u00a0\u00a0\u00a0 D.N.I. 16.100.735<\/strong><\/em><\/p>\n","protected":false},"excerpt":{"rendered":"<div class=\"mh-excerpt\"><p>D\u00edas atr\u00e1s, un vecino de Chascom\u00fas que reside en el Golf Country Club, realiz\u00f3 una grave denuncia, en la que plantea que ocurrir\u00edan situaciones de violaci\u00f3n de la cuarentena, incluyendo una burla a las autoridades <a class=\"mh-excerpt-more\" href=\"https:\/\/larevistadigital.com.ar\/blog\/vecino-pide-la-renuncia-del-presidente-de-la-c-d-del-golf-country-por-permitir-violaciones-de-la-cuarentena\/\" title=\"VECINO PIDE LA RENUNCIA DEL PRESIDENTE DE LA C.D. DEL GOLF COUNTRY, POR PERMITIR VIOLACIONES DE LA CUARENTENA\">[Leer M\u00e1s]<\/a><\/p>\n<\/div>","protected":false},"author":3,"featured_media":15653,"comment_status":"open","ping_status":"open","sticky":false,"template":"","format":"standard","meta":{"_jetpack_memberships_contains_paid_content":false,"footnotes":"","jetpack_publicize_message":"","jetpack_publicize_feature_enabled":true,"jetpack_social_post_already_shared":true,"jetpack_social_options":{"image_generator_settings":{"template":"highway","default_image_id":0,"font":"","enabled":false},"version":2}},"categories":[41],"tags":[],"class_list":{"0":"post-15652","1":"post","2":"type-post","3":"status-publish","4":"format-standard","5":"has-post-thumbnail","7":"category-destacadas"},"jetpack_publicize_connections":[],"jetpack_featured_media_url":"https:\/\/i0.wp.com\/larevistadigital.com.ar\/blog\/wp-content\/uploads\/00385149-01.jpg?fit=711%2C418&ssl=1","jetpack_sharing_enabled":true,"jetpack_shortlink":"https:\/\/wp.me\/p8qtrQ-44s","jetpack-related-posts":[{"id":14986,"url":"https:\/\/larevistadigital.com.ar\/blog\/cuarentena-el-presidente-alberto-fernandez-hablara-al-pais-a-las-19\/","url_meta":{"origin":15652,"position":0},"title":"CUARENTENA: EL PRESIDENTE ALBERTO FERN\u00c1NDEZ HABLAR\u00c1 AL PA\u00cdS A LAS 19","author":"Alejandro Sosa Ruda","date":"29 marzo, 2020","format":false,"excerpt":"En un mensaje desde Olivos explicitar\u00e1 c\u00f3mo seguir\u00e1 la forzosa pr\u00f3rroga del aislamiento general y se sabr\u00e1 si hay m\u00e1s actividades que quedan fuera del cese. El presidente Alberto Fern\u00e1ndez estuvo reunido este domingo 29 de marzo con funcionarios del Ministerio de Salud P\u00fablica y diversos expertos en la materia\u2026","rel":"","context":"En \u00abINTERES GENERAL\u00bb","block_context":{"text":"INTERES GENERAL","link":"https:\/\/larevistadigital.com.ar\/blog\/category\/interes-general\/"},"img":{"alt_text":"","src":"https:\/\/i0.wp.com\/larevistadigital.com.ar\/blog\/wp-content\/uploads\/alberto-20discurso-20foto-20bernardino-20avila.jpg?fit=960%2C640&ssl=1&resize=350%2C200","width":350,"height":200,"srcset":"https:\/\/i0.wp.com\/larevistadigital.com.ar\/blog\/wp-content\/uploads\/alberto-20discurso-20foto-20bernardino-20avila.jpg?fit=960%2C640&ssl=1&resize=350%2C200 1x, https:\/\/i0.wp.com\/larevistadigital.com.ar\/blog\/wp-content\/uploads\/alberto-20discurso-20foto-20bernardino-20avila.jpg?fit=960%2C640&ssl=1&resize=525%2C300 1.5x, https:\/\/i0.wp.com\/larevistadigital.com.ar\/blog\/wp-content\/uploads\/alberto-20discurso-20foto-20bernardino-20avila.jpg?fit=960%2C640&ssl=1&resize=700%2C400 2x"},"classes":[]},{"id":15012,"url":"https:\/\/larevistadigital.com.ar\/blog\/el-presidente-extendio-la-cuarentena-hasta-el-fin-de-semana-santa\/","url_meta":{"origin":15652,"position":1},"title":"EL PRESIDENTE EXTENDI\u00d3 LA CUARENTENA HASTA EL FIN DE SEMANA SANTA","author":"Alejandro Sosa Ruda","date":"30 marzo, 2020","format":false,"excerpt":"La primera etapa de aislamiento terminaba el martes, pero los expertos en salud aconsejaron prorrogarla. La extensi\u00f3n de la cuarentena ocurre cuando\u00a0se registran 820 casos oficiales de coronavirus en el pa\u00eds,\u00a0seg\u00fan el reporte del Ministerio de Salud de la naci\u00f3n.\u00a0Los pacientes fallecidos son 20. Este domingo hubo 75 casos nuevos\u2026","rel":"","context":"En \u00abDESTACADAS\u00bb","block_context":{"text":"DESTACADAS","link":"https:\/\/larevistadigital.com.ar\/blog\/category\/destacadas\/"},"img":{"alt_text":"","src":"https:\/\/i0.wp.com\/larevistadigital.com.ar\/blog\/wp-content\/uploads\/Screenshot_2-91.jpg?fit=1200%2C657&ssl=1&resize=350%2C200","width":350,"height":200,"srcset":"https:\/\/i0.wp.com\/larevistadigital.com.ar\/blog\/wp-content\/uploads\/Screenshot_2-91.jpg?fit=1200%2C657&ssl=1&resize=350%2C200 1x, https:\/\/i0.wp.com\/larevistadigital.com.ar\/blog\/wp-content\/uploads\/Screenshot_2-91.jpg?fit=1200%2C657&ssl=1&resize=525%2C300 1.5x, https:\/\/i0.wp.com\/larevistadigital.com.ar\/blog\/wp-content\/uploads\/Screenshot_2-91.jpg?fit=1200%2C657&ssl=1&resize=700%2C400 2x, https:\/\/i0.wp.com\/larevistadigital.com.ar\/blog\/wp-content\/uploads\/Screenshot_2-91.jpg?fit=1200%2C657&ssl=1&resize=1050%2C600 3x"},"classes":[]},{"id":15807,"url":"https:\/\/larevistadigital.com.ar\/blog\/nuevo-caso-positivo-en-chascomus-es-una-persona-del-golf-country-club\/","url_meta":{"origin":15652,"position":2},"title":"NUEVO CASO POSITIVO EN CHASCOM\u00daS: ES UNA PERSONA DEL GOLF COUNTRY CLUB","author":"Alejandro Sosa Ruda","date":"25 junio, 2020","format":false,"excerpt":"Durante la ma\u00f1ana de hoy, esta circulando la informaci\u00f3n que un nuevo caso de COVID 19 habr\u00eda dado positivo en la ciudad de Chascom\u00fas. En este caso se trata de una persona que reside en el Golf Country Club, y el mismo infectado, habr\u00eda comunicado por distintos grupos de whatsapp\u2026","rel":"","context":"En \u00abDESTACADAS\u00bb","block_context":{"text":"DESTACADAS","link":"https:\/\/larevistadigital.com.ar\/blog\/category\/destacadas\/"},"img":{"alt_text":"","src":"https:\/\/i0.wp.com\/larevistadigital.com.ar\/blog\/wp-content\/uploads\/PLANTILLA-CORONAVIRUS.jpg?fit=1200%2C600&ssl=1&resize=350%2C200","width":350,"height":200,"srcset":"https:\/\/i0.wp.com\/larevistadigital.com.ar\/blog\/wp-content\/uploads\/PLANTILLA-CORONAVIRUS.jpg?fit=1200%2C600&ssl=1&resize=350%2C200 1x, https:\/\/i0.wp.com\/larevistadigital.com.ar\/blog\/wp-content\/uploads\/PLANTILLA-CORONAVIRUS.jpg?fit=1200%2C600&ssl=1&resize=525%2C300 1.5x, https:\/\/i0.wp.com\/larevistadigital.com.ar\/blog\/wp-content\/uploads\/PLANTILLA-CORONAVIRUS.jpg?fit=1200%2C600&ssl=1&resize=700%2C400 2x, https:\/\/i0.wp.com\/larevistadigital.com.ar\/blog\/wp-content\/uploads\/PLANTILLA-CORONAVIRUS.jpg?fit=1200%2C600&ssl=1&resize=1050%2C600 3x"},"classes":[]},{"id":15441,"url":"https:\/\/larevistadigital.com.ar\/blog\/reflexiones-de-un-vecino-de-chascomus-de-un-muro-de-facebook\/","url_meta":{"origin":15652,"position":3},"title":"\u00abREFLEXIONES DE UN VECINO DE CHASCOM\u00daS\u00bb&#8230; DE UN MURO DE FACEBOOK","author":"Alejandro Sosa Ruda","date":"31 mayo, 2020","format":false,"excerpt":"Entre las cosas que uno puede observar mientras navega por las redes sociales, uno puede encontrar desde un insulto a una persona porque sedujo a su pareja y quien escribe se ha sentido enga\u00f1ado, hasta declaraciones de amor, pasando por frases, fotos, pensamientos, y todo lo que se nos puede\u2026","rel":"","context":"En \u00abCHASCOM\u00daS\u00bb","block_context":{"text":"CHASCOM\u00daS","link":"https:\/\/larevistadigital.com.ar\/blog\/category\/chascomus\/"},"img":{"alt_text":"","src":"https:\/\/i0.wp.com\/larevistadigital.com.ar\/blog\/wp-content\/uploads\/redes-sociales.jpg?fit=1200%2C812&ssl=1&resize=350%2C200","width":350,"height":200,"srcset":"https:\/\/i0.wp.com\/larevistadigital.com.ar\/blog\/wp-content\/uploads\/redes-sociales.jpg?fit=1200%2C812&ssl=1&resize=350%2C200 1x, https:\/\/i0.wp.com\/larevistadigital.com.ar\/blog\/wp-content\/uploads\/redes-sociales.jpg?fit=1200%2C812&ssl=1&resize=525%2C300 1.5x, https:\/\/i0.wp.com\/larevistadigital.com.ar\/blog\/wp-content\/uploads\/redes-sociales.jpg?fit=1200%2C812&ssl=1&resize=700%2C400 2x, https:\/\/i0.wp.com\/larevistadigital.com.ar\/blog\/wp-content\/uploads\/redes-sociales.jpg?fit=1200%2C812&ssl=1&resize=1050%2C600 3x"},"classes":[]},{"id":3800,"url":"https:\/\/larevistadigital.com.ar\/blog\/chascomus-accidente-sin-consecuencias\/","url_meta":{"origin":15652,"position":4},"title":"CHASCOM\u00daS: ACCIDENTE SIN CONSECUENCIAS","author":"Alejandro Sosa Ruda","date":"13 noviembre, 2017","format":false,"excerpt":"Tras un despiste sobre la curva de la ruta 20 en inmediaciones del golf Country ayer domingo por el mediod\u00eda, un residente del mismo, Morales Fernando de 53 a\u00f1os, sufri\u00f3 una serie de heridas tras rodar por sobre el pasto. El hombre, fue asistido por amigos y vecinos. Se hizo\u2026","rel":"","context":"En \u00abDESTACADAS\u00bb","block_context":{"text":"DESTACADAS","link":"https:\/\/larevistadigital.com.ar\/blog\/category\/destacadas\/"},"img":{"alt_text":"","src":"https:\/\/i0.wp.com\/larevistadigital.com.ar\/blog\/wp-content\/uploads\/2017\/11\/hospi1-1024x767-111-700x524.jpg?fit=700%2C524&ssl=1&resize=350%2C200","width":350,"height":200,"srcset":"https:\/\/i0.wp.com\/larevistadigital.com.ar\/blog\/wp-content\/uploads\/2017\/11\/hospi1-1024x767-111-700x524.jpg?fit=700%2C524&ssl=1&resize=350%2C200 1x, https:\/\/i0.wp.com\/larevistadigital.com.ar\/blog\/wp-content\/uploads\/2017\/11\/hospi1-1024x767-111-700x524.jpg?fit=700%2C524&ssl=1&resize=525%2C300 1.5x, https:\/\/i0.wp.com\/larevistadigital.com.ar\/blog\/wp-content\/uploads\/2017\/11\/hospi1-1024x767-111-700x524.jpg?fit=700%2C524&ssl=1&resize=700%2C400 2x"},"classes":[]},{"id":15082,"url":"https:\/\/larevistadigital.com.ar\/blog\/15082-2\/","url_meta":{"origin":15652,"position":5},"title":"DISTINTOS GRADOS DE IDIOTEZ DE \u00abVIOLADORES DE LA CUARENTENA\u00bb","author":"Alejandro Sosa Ruda","date":"1 mayo, 2020","format":false,"excerpt":"Unas 66 mil infracciones y cuatro mil veh\u00edculos secuestrados. Ciudadanos escondidos en ba\u00fales, pr\u00f3fugos, permisos de m\u00e9dicos falsos y contrabando de alimentos. En la Ruta 9 Ramal Escobar un camionero pas\u00f3 uno de los controles que el Gobierno nacional realiza desde el 20 de marzo y advirti\u00f3 que un taxista\u2026","rel":"","context":"En \u00abINTERES GENERAL\u00bb","block_context":{"text":"INTERES GENERAL","link":"https:\/\/larevistadigital.com.ar\/blog\/category\/interes-general\/"},"img":{"alt_text":"","src":"https:\/\/i0.wp.com\/larevistadigital.com.ar\/blog\/wp-content\/uploads\/operativos-de-control-policial-por-la-cuarentena-948751.jpg?fit=840%2C472&ssl=1&resize=350%2C200","width":350,"height":200,"srcset":"https:\/\/i0.wp.com\/larevistadigital.com.ar\/blog\/wp-content\/uploads\/operativos-de-control-policial-por-la-cuarentena-948751.jpg?fit=840%2C472&ssl=1&resize=350%2C200 1x, https:\/\/i0.wp.com\/larevistadigital.com.ar\/blog\/wp-content\/uploads\/operativos-de-control-policial-por-la-cuarentena-948751.jpg?fit=840%2C472&ssl=1&resize=525%2C300 1.5x, https:\/\/i0.wp.com\/larevistadigital.com.ar\/blog\/wp-content\/uploads\/operativos-de-control-policial-por-la-cuarentena-948751.jpg?fit=840%2C472&ssl=1&resize=700%2C400 2x"},"classes":[]}],"_links":{"self":[{"href":"https:\/\/larevistadigital.com.ar\/blog\/wp-json\/wp\/v2\/posts\/15652","targetHints":{"allow":["GET"]}}],"collection":[{"href":"https:\/\/larevistadigital.com.ar\/blog\/wp-json\/wp\/v2\/posts"}],"about":[{"href":"https:\/\/larevistadigital.com.ar\/blog\/wp-json\/wp\/v2\/types\/post"}],"author":[{"embeddable":true,"href":"https:\/\/larevistadigital.com.ar\/blog\/wp-json\/wp\/v2\/users\/3"}],"replies":[{"embeddable":true,"href":"https:\/\/larevistadigital.com.ar\/blog\/wp-json\/wp\/v2\/comments?post=15652"}],"version-history":[{"count":1,"href":"https:\/\/larevistadigital.com.ar\/blog\/wp-json\/wp\/v2\/posts\/15652\/revisions"}],"predecessor-version":[{"id":15654,"href":"https:\/\/larevistadigital.com.ar\/blog\/wp-json\/wp\/v2\/posts\/15652\/revisions\/15654"}],"wp:featuredmedia":[{"embeddable":true,"href":"https:\/\/larevistadigital.com.ar\/blog\/wp-json\/wp\/v2\/media\/15653"}],"wp:attachment":[{"href":"https:\/\/larevistadigital.com.ar\/blog\/wp-json\/wp\/v2\/media?parent=15652"}],"wp:term":[{"taxonomy":"category","embeddable":true,"href":"https:\/\/larevistadigital.com.ar\/blog\/wp-json\/wp\/v2\/categories?post=15652"},{"taxonomy":"post_tag","embeddable":true,"href":"https:\/\/larevistadigital.com.ar\/blog\/wp-json\/wp\/v2\/tags?post=15652"}],"curies":[{"name":"wp","href":"https:\/\/api.w.org\/{rel}","templated":true}]}}