{"id":15656,"date":"2020-06-16T17:18:03","date_gmt":"2020-06-16T17:18:03","guid":{"rendered":"https:\/\/larevistadigital.com.ar\/blog\/?p=15656"},"modified":"2020-06-16T17:18:03","modified_gmt":"2020-06-16T17:18:03","slug":"triste-decision-de-un-vecino-de-quitarse-la-vida","status":"publish","type":"post","link":"https:\/\/larevistadigital.com.ar\/blog\/triste-decision-de-un-vecino-de-quitarse-la-vida\/","title":{"rendered":"TRISTE DECISI\u00d3N DE UN VECINO DE QUITARSE LA VIDA"},"content":{"rendered":"<p>Durante la jornada de ayer y ante un llamado al 911, la polic\u00eda se hizo presente en las calles San Cayetano y Alfonsina Storni del barrio San Cayetano donde una persona se hab\u00eda quitado la vida.<\/p>\n<blockquote>\n<h3>Se trataba de un hombre, de 47 a\u00f1os de edad, llamado Ul\u00edses Sergio Diaz, quien se habr\u00eda quitado la vida por ahorcamiento.<\/h3>\n<\/blockquote>\n<p>La Polic\u00eda cient\u00edfica realiz\u00f3 las actuaciones de rigor en el lugar, y la car\u00e1tula es\u00bbav causales de muerte\u00bb, interviene la UFI n\u00b010 del departamento Judicial<\/p>\n<p>Dolores.<\/p>\n","protected":false},"excerpt":{"rendered":"<div class=\"mh-excerpt\"><p>Durante la jornada de ayer y ante un llamado al 911, la polic\u00eda se hizo presente en las calles San Cayetano y Alfonsina Storni del barrio San Cayetano donde una persona se hab\u00eda quitado la <a class=\"mh-excerpt-more\" href=\"https:\/\/larevistadigital.com.ar\/blog\/triste-decision-de-un-vecino-de-quitarse-la-vida\/\" title=\"TRISTE DECISI\u00d3N DE UN VECINO DE QUITARSE LA VIDA\">[Leer M\u00e1s]<\/a><\/p>\n<\/div>","protected":false},"author":3,"featured_media":7573,"comment_status":"open","ping_status":"open","sticky":false,"template":"","format":"standard","meta":{"_jetpack_memberships_contains_paid_content":false,"footnotes":"","jetpack_publicize_message":"","jetpack_publicize_feature_enabled":true,"jetpack_social_post_already_shared":true,"jetpack_social_options":{"image_generator_settings":{"template":"highway","default_image_id":0,"font":"","enabled":false},"version":2}},"categories":[6],"tags":[],"class_list":{"0":"post-15656","1":"post","2":"type-post","3":"status-publish","4":"format-standard","5":"has-post-thumbnail","7":"category-chascomus"},"jetpack_publicize_connections":[],"jetpack_featured_media_url":"https:\/\/i0.wp.com\/larevistadigital.com.ar\/blog\/wp-content\/uploads\/2019\/01\/CRESP%C3%93N-NEGRO.jpg?fit=900%2C900&ssl=1","jetpack_sharing_enabled":true,"jetpack_shortlink":"https:\/\/wp.me\/p8qtrQ-44w","jetpack-related-posts":[{"id":27543,"url":"https:\/\/larevistadigital.com.ar\/blog\/chascomus-profundo-pesar-por-un-nuevo-hecho-de-suicidio-enluta-a-la-sociedad\/","url_meta":{"origin":15656,"position":0},"title":"CHASCOM\u00daS: PROFUNDO PESAR POR UN NUEVO HECHO DE SUICIDIO QUE ENLUTA A LA SOCIEDAD","author":"Alejandro Sosa Ruda","date":"4 septiembre, 2022","format":false,"excerpt":"Fue el d\u00eda de ayer.\u00a0 Otro lamentable hecho. 04de septiembre de 2022 CHASCOM\u00daS -\u00a0 Durante la jornada de ayer, y mediante el llamado de un familiar directo, la polic\u00eda tom\u00f3 conocimiento que una persona se hab\u00eda quitado la vida. Al llegar, la polic\u00eda corrobor\u00f3 el deceso del hombre de 53\u2026","rel":"","context":"En \u00abDESTACADAS\u00bb","block_context":{"text":"DESTACADAS","link":"https:\/\/larevistadigital.com.ar\/blog\/category\/destacadas\/"},"img":{"alt_text":"","src":"https:\/\/i0.wp.com\/larevistadigital.com.ar\/blog\/wp-content\/uploads\/2017\/10\/CRESP%C3%93N-NEGRO.jpg?fit=900%2C900&ssl=1&resize=350%2C200","width":350,"height":200,"srcset":"https:\/\/i0.wp.com\/larevistadigital.com.ar\/blog\/wp-content\/uploads\/2017\/10\/CRESP%C3%93N-NEGRO.jpg?fit=900%2C900&ssl=1&resize=350%2C200 1x, https:\/\/i0.wp.com\/larevistadigital.com.ar\/blog\/wp-content\/uploads\/2017\/10\/CRESP%C3%93N-NEGRO.jpg?fit=900%2C900&ssl=1&resize=525%2C300 1.5x, https:\/\/i0.wp.com\/larevistadigital.com.ar\/blog\/wp-content\/uploads\/2017\/10\/CRESP%C3%93N-NEGRO.jpg?fit=900%2C900&ssl=1&resize=700%2C400 2x"},"classes":[]},{"id":23740,"url":"https:\/\/larevistadigital.com.ar\/blog\/carlos-tejedor-investigan-un-femicidio-seguido-de-suicidio\/","url_meta":{"origin":15656,"position":1},"title":"CARLOS TEJEDOR: INVESTIGAN UN FEMICIDIO SEGUIDO DE SUICIDIO","author":"Alejandro Sosa Ruda","date":"1 febrero, 2022","format":false,"excerpt":"Si bien las identidades no trascendieron, se tratar\u00eda de una pareja de 74 a\u00f1os el hombre y 65 la mujer, ambos de la localidad de Timote. El hombre habr\u00eda ultimado a la mujer con un arma blanca y con la misma se habr\u00eda quitado tambi\u00e9n la vida \u00e9l. CARLOS TEJEDOR\u2026","rel":"","context":"En \u00abINTERES GENERAL\u00bb","block_context":{"text":"INTERES GENERAL","link":"https:\/\/larevistadigital.com.ar\/blog\/category\/interes-general\/"},"img":{"alt_text":"","src":"https:\/\/i0.wp.com\/larevistadigital.com.ar\/blog\/wp-content\/uploads\/20220131122940_carlos-tejedorpng.jpg?fit=880%2C512&ssl=1&resize=350%2C200","width":350,"height":200,"srcset":"https:\/\/i0.wp.com\/larevistadigital.com.ar\/blog\/wp-content\/uploads\/20220131122940_carlos-tejedorpng.jpg?fit=880%2C512&ssl=1&resize=350%2C200 1x, https:\/\/i0.wp.com\/larevistadigital.com.ar\/blog\/wp-content\/uploads\/20220131122940_carlos-tejedorpng.jpg?fit=880%2C512&ssl=1&resize=525%2C300 1.5x, https:\/\/i0.wp.com\/larevistadigital.com.ar\/blog\/wp-content\/uploads\/20220131122940_carlos-tejedorpng.jpg?fit=880%2C512&ssl=1&resize=700%2C400 2x"},"classes":[]},{"id":20934,"url":"https:\/\/larevistadigital.com.ar\/blog\/decapitaron-una-escultura-de-san-cayetano-en-una-parroquia\/","url_meta":{"origin":15656,"position":2},"title":"DECAPITARON UNA ESCULTURA DE SAN CAYETANO EN UNA PARROQUIA","author":"Alejandro Sosa Ruda","date":"28 junio, 2021","format":false,"excerpt":"Ocurri\u00f3 ayer a la tarde en Moreno al 6600 y un joven de 24 a\u00f1os fue aprehendido. MAR DEL PLATA - Una escultura religiosa de una parroquia del barrio San Cayetano\u00a0fue decapitada el domingo por un joven de 24 a\u00f1os que luego fue aprehendido por la polic\u00eda. El hecho ocurri\u00f3\u2026","rel":"","context":"En \u00abINTERES GENERAL\u00bb","block_context":{"text":"INTERES GENERAL","link":"https:\/\/larevistadigital.com.ar\/blog\/category\/interes-general\/"},"img":{"alt_text":"","src":"https:\/\/i0.wp.com\/larevistadigital.com.ar\/blog\/wp-content\/uploads\/SAN-CAYETANO.png?fit=1010%2C756&ssl=1&resize=350%2C200","width":350,"height":200,"srcset":"https:\/\/i0.wp.com\/larevistadigital.com.ar\/blog\/wp-content\/uploads\/SAN-CAYETANO.png?fit=1010%2C756&ssl=1&resize=350%2C200 1x, https:\/\/i0.wp.com\/larevistadigital.com.ar\/blog\/wp-content\/uploads\/SAN-CAYETANO.png?fit=1010%2C756&ssl=1&resize=525%2C300 1.5x, https:\/\/i0.wp.com\/larevistadigital.com.ar\/blog\/wp-content\/uploads\/SAN-CAYETANO.png?fit=1010%2C756&ssl=1&resize=700%2C400 2x"},"classes":[]},{"id":10651,"url":"https:\/\/larevistadigital.com.ar\/blog\/dolores-vecina-se-habria-quitado-la-vida\/","url_meta":{"origin":15656,"position":3},"title":"DOLORES: VECINA SE HABR\u00cdA QUITADO LA VIDA","author":"Alejandro Sosa Ruda","date":"20 junio, 2019","format":false,"excerpt":"Una vecina de nuestra ciudad se quit\u00f3 la vida en el interior de su domicilio, en calle Libres del Sur. La infausta noticia se conoci\u00f3 a media ma\u00f1ana, y seg\u00fan la informaci\u00f3n que se pudo recoger en el lugar, la septuagenaria mujer habr\u00e1 sido hallada por un familiar directo en\u2026","rel":"","context":"En \u00abDOLORES\u00bb","block_context":{"text":"DOLORES","link":"https:\/\/larevistadigital.com.ar\/blog\/category\/dolores\/"},"img":{"alt_text":"","src":"https:\/\/i0.wp.com\/larevistadigital.com.ar\/blog\/wp-content\/uploads\/DSC_0015-660x330.jpg?fit=660%2C330&ssl=1&resize=350%2C200","width":350,"height":200,"srcset":"https:\/\/i0.wp.com\/larevistadigital.com.ar\/blog\/wp-content\/uploads\/DSC_0015-660x330.jpg?fit=660%2C330&ssl=1&resize=350%2C200 1x, https:\/\/i0.wp.com\/larevistadigital.com.ar\/blog\/wp-content\/uploads\/DSC_0015-660x330.jpg?fit=660%2C330&ssl=1&resize=525%2C300 1.5x"},"classes":[]},{"id":26132,"url":"https:\/\/larevistadigital.com.ar\/blog\/chascomus-la-policia-evito-un-linchamiento-y-detuvo-a-un-individuo-con-frondosos-antecedentes\/","url_meta":{"origin":15656,"position":4},"title":"CHASCOM\u00daS: LA POLIC\u00cdA EVIT\u00d3 UN LINCHAMIENTO Y DETUVO A UN INDIVIDUO CON FRONDOSOS ANTECEDENTES","author":"Alejandro Sosa Ruda","date":"26 junio, 2022","format":false,"excerpt":"CHASCOM\u00daS -\u00a0 Luego de ser alertados por vecinos, la Polic\u00eda Comunal, logr\u00f3 detener en el barrio San Cayetano a un sujeto que habr\u00eda cometido gran cantidad de il\u00edcitos. El hecho ocurri\u00f3 apenas pasadas las 14 hs. Todo comenz\u00f3 con el robo de una moto marca \"Gilera\" lo que provoc\u00f3 que\u2026","rel":"","context":"En \u00abINTERES GENERAL\u00bb","block_context":{"text":"INTERES GENERAL","link":"https:\/\/larevistadigital.com.ar\/blog\/category\/interes-general\/"},"img":{"alt_text":"","src":"https:\/\/i0.wp.com\/larevistadigital.com.ar\/blog\/wp-content\/uploads\/WhatsApp-Image-2022-06-26-at-4.28.00-PM.jpeg?fit=1200%2C675&ssl=1&resize=350%2C200","width":350,"height":200,"srcset":"https:\/\/i0.wp.com\/larevistadigital.com.ar\/blog\/wp-content\/uploads\/WhatsApp-Image-2022-06-26-at-4.28.00-PM.jpeg?fit=1200%2C675&ssl=1&resize=350%2C200 1x, https:\/\/i0.wp.com\/larevistadigital.com.ar\/blog\/wp-content\/uploads\/WhatsApp-Image-2022-06-26-at-4.28.00-PM.jpeg?fit=1200%2C675&ssl=1&resize=525%2C300 1.5x, https:\/\/i0.wp.com\/larevistadigital.com.ar\/blog\/wp-content\/uploads\/WhatsApp-Image-2022-06-26-at-4.28.00-PM.jpeg?fit=1200%2C675&ssl=1&resize=700%2C400 2x, https:\/\/i0.wp.com\/larevistadigital.com.ar\/blog\/wp-content\/uploads\/WhatsApp-Image-2022-06-26-at-4.28.00-PM.jpeg?fit=1200%2C675&ssl=1&resize=1050%2C600 3x"},"classes":[]},{"id":17348,"url":"https:\/\/larevistadigital.com.ar\/blog\/hoy-se-define-si-el-gobierno-de-gaston-no-responde-la-nota-de-los-vecinos-el-lunes-habra-marcha-desde-el-barrio-san-cayetano-al-municipio\/","url_meta":{"origin":15656,"position":5},"title":"HOY SE DEFINE: SI EL GOBIERNO DE GAST\u00d3N NO RESPONDE LA NOTA DE LOS VECINOS, EL LUNES HABR\u00c1 MARCHA DESDE EL BARRIO SAN CAYETANO AL MUNICIPIO","author":"Alejandro Sosa Ruda","date":"30 octubre, 2020","format":false,"excerpt":"Tal como lo adelantamos d\u00edas atr\u00e1s, los vecinos del barrio San Cayetano no toleran m\u00e1s el ser ignorados por las autoridades que gobiernan la ciudad de Chascom\u00fas. Luego de reclamos de toda \u00edndole, sin recibir ninguna respuesta, los vecinos suspendieron los cortes que ven\u00edan haciendo en el acceso a la\u2026","rel":"","context":"En \u00abDESTACADAS\u00bb","block_context":{"text":"DESTACADAS","link":"https:\/\/larevistadigital.com.ar\/blog\/category\/destacadas\/"},"img":{"alt_text":"","src":"https:\/\/i0.wp.com\/larevistadigital.com.ar\/blog\/wp-content\/uploads\/convocatoria.jpeg?fit=675%2C1200&ssl=1&resize=350%2C200","width":350,"height":200,"srcset":"https:\/\/i0.wp.com\/larevistadigital.com.ar\/blog\/wp-content\/uploads\/convocatoria.jpeg?fit=675%2C1200&ssl=1&resize=350%2C200 1x, https:\/\/i0.wp.com\/larevistadigital.com.ar\/blog\/wp-content\/uploads\/convocatoria.jpeg?fit=675%2C1200&ssl=1&resize=525%2C300 1.5x"},"classes":[]}],"_links":{"self":[{"href":"https:\/\/larevistadigital.com.ar\/blog\/wp-json\/wp\/v2\/posts\/15656","targetHints":{"allow":["GET"]}}],"collection":[{"href":"https:\/\/larevistadigital.com.ar\/blog\/wp-json\/wp\/v2\/posts"}],"about":[{"href":"https:\/\/larevistadigital.com.ar\/blog\/wp-json\/wp\/v2\/types\/post"}],"author":[{"embeddable":true,"href":"https:\/\/larevistadigital.com.ar\/blog\/wp-json\/wp\/v2\/users\/3"}],"replies":[{"embeddable":true,"href":"https:\/\/larevistadigital.com.ar\/blog\/wp-json\/wp\/v2\/comments?post=15656"}],"version-history":[{"count":1,"href":"https:\/\/larevistadigital.com.ar\/blog\/wp-json\/wp\/v2\/posts\/15656\/revisions"}],"predecessor-version":[{"id":15657,"href":"https:\/\/larevistadigital.com.ar\/blog\/wp-json\/wp\/v2\/posts\/15656\/revisions\/15657"}],"wp:featuredmedia":[{"embeddable":true,"href":"https:\/\/larevistadigital.com.ar\/blog\/wp-json\/wp\/v2\/media\/7573"}],"wp:attachment":[{"href":"https:\/\/larevistadigital.com.ar\/blog\/wp-json\/wp\/v2\/media?parent=15656"}],"wp:term":[{"taxonomy":"category","embeddable":true,"href":"https:\/\/larevistadigital.com.ar\/blog\/wp-json\/wp\/v2\/categories?post=15656"},{"taxonomy":"post_tag","embeddable":true,"href":"https:\/\/larevistadigital.com.ar\/blog\/wp-json\/wp\/v2\/tags?post=15656"}],"curies":[{"name":"wp","href":"https:\/\/api.w.org\/{rel}","templated":true}]}}