{"id":15677,"date":"2020-06-17T14:35:18","date_gmt":"2020-06-17T14:35:18","guid":{"rendered":"https:\/\/larevistadigital.com.ar\/blog\/?p=15677"},"modified":"2020-06-17T14:35:18","modified_gmt":"2020-06-17T14:35:18","slug":"la-ex-gobernadora-maria-eugenia-vidal-dio-positivo-de-covid-19","status":"publish","type":"post","link":"https:\/\/larevistadigital.com.ar\/blog\/la-ex-gobernadora-maria-eugenia-vidal-dio-positivo-de-covid-19\/","title":{"rendered":"LA EX GOBERNADORA MAR\u00cdA EUGENIA VIDAL DIO POSITIVO DE COVID &#8211; 19"},"content":{"rendered":"<p>La referente de Juntos por el Cambio hab\u00eda estado en contacto con el diputado bonaerense <strong>Alex Campbell<\/strong> quien ayer confirm\u00f3 que estaba infectado de COVID-19<\/p>\n<blockquote>\n<h3>La ex gobernadora de la provincia de Buenos Aires, Mar\u00eda Eugenia Vidal, dio positivo de coronavirus. La referente de Juntos por el Cambio hab\u00eda estado en contacto con el diputado bonaerense Alex Campbell, quien ayer se confirm\u00f3 que estaba infectado tras haber estado reunido con dirigentes del entorno de Mart\u00edn Insaurralde.<\/h3>\n<\/blockquote>\n<p>Seg\u00fan confirmaron desde el entorno de la ex gobernadora, <strong>Vidal<\/strong> es asintom\u00e1tica y se tuvo que realizar el test por haber estado en contacto con el legislador bonaerense <strong>Campbell<\/strong>. Se encuentra en buen estado de salud y hasta el momento tampoco present\u00f3 un cuadro febril.<\/p>\n<blockquote><p><strong>El lunes a \u00faltima hora, Campbell confirm\u00f3 a trav\u00e9s de sus redes sociales que hab\u00eda dado positivo de COVID-19. El diputado hab\u00eda mantenido reuniones con funcionarios del entorno del intendente de\u00a0<a title=\"\" href=\"https:\/\/detrasdelanoticia.com.ar\/ciudad\/lomas-de-zamora\/\" target=\"_blank\" rel=\"noopener noreferrer\" data-seo-automated-link-building=\"9\" data-title=\"Lomas de Zamora\">Lomas de Zamora<\/a>, a quien se le diagnostic\u00f3 coronavirus la semana pasada. Todos los legisladores y dirigentes que estuvieron reunidos con Campbell fueron testeados por precauci\u00f3n, entre ellos Vidal a quien se le confirm\u00f3 la enfermedad a \u00faltima hora del martes.<\/strong><\/p><\/blockquote>\n<p>Ahora la atenci\u00f3n estar\u00e1 puesta en los contactos que mantuvo la ex gobernadora en los \u00faltimos d\u00edas. El \u00faltimo viernes compartieron una comida con Vidal, el jefe de Gobierno de la Ciudad de Buenos Aires,<strong> Horacio Rodr\u00edguez Larreta<\/strong>, el senador nacional <strong>Mart\u00edn Lousteau<\/strong> y el ex titular de la C\u00e1mara de Diputados de la Naci\u00f3n, <strong>Emilio Monz\u00f3.<\/strong><\/p>\n<p>En tanto este mi\u00e9rcoles estar\u00e1n los resultados de los hisopados que se realizaron a los diputados del bloque de Juntos por el Cambio de la Legislatura bonaerense. Al menos la mitad del espacio opositor fue testeada este martes justamente por haber mantenido contacto con <strong>Campbell<\/strong>.<\/p>\n","protected":false},"excerpt":{"rendered":"<div class=\"mh-excerpt\"><p>La referente de Juntos por el Cambio hab\u00eda estado en contacto con el diputado bonaerense Alex Campbell quien ayer confirm\u00f3 que estaba infectado de COVID-19 La ex gobernadora de la provincia de Buenos Aires, Mar\u00eda <a class=\"mh-excerpt-more\" href=\"https:\/\/larevistadigital.com.ar\/blog\/la-ex-gobernadora-maria-eugenia-vidal-dio-positivo-de-covid-19\/\" title=\"LA EX GOBERNADORA MAR\u00cdA EUGENIA VIDAL DIO POSITIVO DE COVID &#8211; 19\">[Leer M\u00e1s]<\/a><\/p>\n<\/div>","protected":false},"author":3,"featured_media":15678,"comment_status":"open","ping_status":"open","sticky":false,"template":"","format":"standard","meta":{"_jetpack_memberships_contains_paid_content":false,"footnotes":"","jetpack_publicize_message":"","jetpack_publicize_feature_enabled":true,"jetpack_social_post_already_shared":true,"jetpack_social_options":{"image_generator_settings":{"template":"highway","default_image_id":0,"font":"","enabled":false},"version":2}},"categories":[50],"tags":[],"class_list":{"0":"post-15677","1":"post","2":"type-post","3":"status-publish","4":"format-standard","5":"has-post-thumbnail","7":"category-interes-general"},"jetpack_publicize_connections":[],"jetpack_featured_media_url":"https:\/\/i0.wp.com\/larevistadigital.com.ar\/blog\/wp-content\/uploads\/20200617_000917.jpg?fit=1080%2C642&ssl=1","jetpack_sharing_enabled":true,"jetpack_shortlink":"https:\/\/wp.me\/p8qtrQ-44R","jetpack-related-posts":[{"id":12447,"url":"https:\/\/larevistadigital.com.ar\/blog\/vidal-grabo-un-aviso-de-campana-con-dos-santos-y-recibio-a-la-mama-de-navila\/","url_meta":{"origin":15677,"position":0},"title":"VIDAL GRAB\u00d3 UN AVISO DE CAMPA\u00d1A CON DOS SANTOS Y RECIBI\u00d3 A LA MAM\u00c1 DE N\u00c1VILA","author":"Alejandro Sosa Ruda","date":"4 octubre, 2019","format":false,"excerpt":"En el marco de una reuni\u00f3n con la gobernadora de la Provincia de Buenos Aires, Mar\u00eda Eugenia Vidal, el candidato a intendente del espacio Juntos por el Cambio, Santiago Dos Santos y el candidato a primer concejal, Alejandro Bartoletti viajaron a La Plata y grabaron un video de campa\u00f1a con\u2026","rel":"","context":"En \u00abINTERES GENERAL\u00bb","block_context":{"text":"INTERES GENERAL","link":"https:\/\/larevistadigital.com.ar\/blog\/category\/interes-general\/"},"img":{"alt_text":"","src":"https:\/\/i0.wp.com\/larevistadigital.com.ar\/blog\/wp-content\/uploads\/Screenshot_2-45.jpg?fit=596%2C535&ssl=1&resize=350%2C200","width":350,"height":200,"srcset":"https:\/\/i0.wp.com\/larevistadigital.com.ar\/blog\/wp-content\/uploads\/Screenshot_2-45.jpg?fit=596%2C535&ssl=1&resize=350%2C200 1x, https:\/\/i0.wp.com\/larevistadigital.com.ar\/blog\/wp-content\/uploads\/Screenshot_2-45.jpg?fit=596%2C535&ssl=1&resize=525%2C300 1.5x"},"classes":[]},{"id":2295,"url":"https:\/\/larevistadigital.com.ar\/blog\/javier-tizado-asume-al-frente-del-ministerio-de-produccion-bonaerense\/","url_meta":{"origin":15677,"position":1},"title":"JAVIER TIZADO ASUME AL FRENTE DEL MINISTERIO DE PRODUCCI\u00d3N BONAERENSE","author":"Alejandro Sosa Ruda","date":"12 mayo, 2017","format":false,"excerpt":"El subsecretario de Comercio Interior de la Naci\u00f3n, Javier Tizado, ser\u00e1 designado por la gobernadora Mar\u00eda Eugenia Vidal como ministro de la Producci\u00f3n bonaerense. \u00a0 As\u00ed lo confirm\u00f3 Federico Salvai, jefe de Gabinete de la provincia,\u00a0que de esta manera cubri\u00f3 un cargo que est\u00e1 vacante desde hace 160 d\u00edas, cuando\u2026","rel":"","context":"En \u00abSin categor\u00eda\u00bb","block_context":{"text":"Sin categor\u00eda","link":"https:\/\/larevistadigital.com.ar\/blog\/category\/sin-categoria\/"},"img":{"alt_text":"","src":"https:\/\/i0.wp.com\/larevistadigital.com.ar\/blog\/wp-content\/uploads\/2017\/05\/Tizado_0.jpg?fit=1200%2C675&ssl=1&resize=350%2C200","width":350,"height":200,"srcset":"https:\/\/i0.wp.com\/larevistadigital.com.ar\/blog\/wp-content\/uploads\/2017\/05\/Tizado_0.jpg?fit=1200%2C675&ssl=1&resize=350%2C200 1x, https:\/\/i0.wp.com\/larevistadigital.com.ar\/blog\/wp-content\/uploads\/2017\/05\/Tizado_0.jpg?fit=1200%2C675&ssl=1&resize=525%2C300 1.5x, https:\/\/i0.wp.com\/larevistadigital.com.ar\/blog\/wp-content\/uploads\/2017\/05\/Tizado_0.jpg?fit=1200%2C675&ssl=1&resize=700%2C400 2x, https:\/\/i0.wp.com\/larevistadigital.com.ar\/blog\/wp-content\/uploads\/2017\/05\/Tizado_0.jpg?fit=1200%2C675&ssl=1&resize=1050%2C600 3x"},"classes":[]},{"id":11263,"url":"https:\/\/larevistadigital.com.ar\/blog\/la-gobernadora-maria-eugenia-vidal-hizo-un-video-saludando-al-pediatra-chascomunense-jorge-ortale\/","url_meta":{"origin":15677,"position":2},"title":"LA GOBERNADORA MAR\u00cdA EUGENIA VIDAL HIZO UN VIDEO SALUDANDO AL PEDIATRA CHASCOMUNENSE JORGE ORTALE","author":"Alejandro Sosa Ruda","date":"13 julio, 2019","format":false,"excerpt":"Luego de que el \u00faltimo jueves 11 de julio en la Sesi\u00f3n del Concejo Deliberante se homenajeara al m\u00e9dico pediatra Jorge Ortale, declar\u00e1ndolo \"Personalidad Destacada de Chascom\u00fas\", han llegado muestras de cari\u00f1o y afecto al querido profesional, de todos los \u00e1mbitos posibles. Ese d\u00eda, los concejales\u00a0 consensuaron modificar el Orden\u2026","rel":"","context":"En \u00abCHASCOM\u00daS\u00bb","block_context":{"text":"CHASCOM\u00daS","link":"https:\/\/larevistadigital.com.ar\/blog\/category\/chascomus\/"},"img":{"alt_text":"","src":"https:\/\/i0.wp.com\/larevistadigital.com.ar\/blog\/wp-content\/uploads\/Screenshot_1-28.jpg?fit=600%2C985&ssl=1&resize=350%2C200","width":350,"height":200,"srcset":"https:\/\/i0.wp.com\/larevistadigital.com.ar\/blog\/wp-content\/uploads\/Screenshot_1-28.jpg?fit=600%2C985&ssl=1&resize=350%2C200 1x, https:\/\/i0.wp.com\/larevistadigital.com.ar\/blog\/wp-content\/uploads\/Screenshot_1-28.jpg?fit=600%2C985&ssl=1&resize=525%2C300 1.5x"},"classes":[]},{"id":1672,"url":"https:\/\/larevistadigital.com.ar\/blog\/la-justicia-rechazo-el-pago-de-un-premio-para-docentes-que-no-adhirieron-al-paro\/","url_meta":{"origin":15677,"position":3},"title":"La Justicia rechaz\u00f3 el pago de un premio para docentes que no adhirieron al paro","author":"editor","date":"27 marzo, 2017","format":false,"excerpt":"El fallo fue dictado por la jueza en lo contencioso administrativo 4 de La Plata, Mar\u00eda Ventura Mart\u00ednez, que intim\u00f3 a la Direcci\u00f3n General de Cultura y Educaci\u00f3n bonaerense. Aulas vac\u00edas. La Justicia Contenciosa Administrativa otra vez fall\u00f3 en contra de la gobernadora bonaerense, Mar\u00eda Eugenia Vidal. Foto T\u00e9lam\/InfoGEI La\u2026","rel":"","context":"En \u00abDESTACADAS\u00bb","block_context":{"text":"DESTACADAS","link":"https:\/\/larevistadigital.com.ar\/blog\/category\/destacadas\/"},"img":{"alt_text":"","src":"https:\/\/i0.wp.com\/larevistadigital.com.ar\/blog\/wp-content\/uploads\/2017\/03\/20170326114808_paro_docente.jpg?fit=620%2C370&ssl=1&resize=350%2C200","width":350,"height":200,"srcset":"https:\/\/i0.wp.com\/larevistadigital.com.ar\/blog\/wp-content\/uploads\/2017\/03\/20170326114808_paro_docente.jpg?fit=620%2C370&ssl=1&resize=350%2C200 1x, https:\/\/i0.wp.com\/larevistadigital.com.ar\/blog\/wp-content\/uploads\/2017\/03\/20170326114808_paro_docente.jpg?fit=620%2C370&ssl=1&resize=525%2C300 1.5x"},"classes":[]},{"id":2454,"url":"https:\/\/larevistadigital.com.ar\/blog\/macri-y-vidal-escrachados-por-gremialistas-docentes-en-tigre\/","url_meta":{"origin":15677,"position":4},"title":"MACRI Y VIDAL ESCRACHADOS POR GREMIALISTAS DOCENTES EN TIGRE","author":"Alejandro Sosa Ruda","date":"16 junio, 2017","format":false,"excerpt":"Ocurri\u00f3 durante una visita a una librer\u00eda en una recorrida a pie en Tigre, en donde partidarios de Baradel les gritaron reclamando paritarias. El presidente Mauricio Macri y la gobernadora Mar\u00eda Eugenia Vidal\u00a0fueron escrachados hoy por integrantes del sindicato docente SUTEBA\u00a0cuando los l\u00edderes del PRO participaban de una actividad en\u2026","rel":"","context":"En \u00abDESTACADAS\u00bb","block_context":{"text":"DESTACADAS","link":"https:\/\/larevistadigital.com.ar\/blog\/category\/destacadas\/"},"img":{"alt_text":"","src":"https:\/\/i0.wp.com\/larevistadigital.com.ar\/blog\/wp-content\/uploads\/2017\/06\/escrache-macri-vidal.jpg?fit=650%2C526&ssl=1&resize=350%2C200","width":350,"height":200,"srcset":"https:\/\/i0.wp.com\/larevistadigital.com.ar\/blog\/wp-content\/uploads\/2017\/06\/escrache-macri-vidal.jpg?fit=650%2C526&ssl=1&resize=350%2C200 1x, https:\/\/i0.wp.com\/larevistadigital.com.ar\/blog\/wp-content\/uploads\/2017\/06\/escrache-macri-vidal.jpg?fit=650%2C526&ssl=1&resize=525%2C300 1.5x"},"classes":[]},{"id":1385,"url":"https:\/\/larevistadigital.com.ar\/blog\/desde-suteba-acusaron-a-maria-eugenia-vidal-la-ultima-vez-que-hablo-mas-que-puentes-tiro-nafta\/","url_meta":{"origin":15677,"position":5},"title":"Desde Suteba acusaron a Mar\u00eda Eugenia Vidal: \u00abLa \u00faltima vez que habl\u00f3 m\u00e1s que puentes tir\u00f3 nafta\u00bb","author":"editor","date":"19 marzo, 2017","format":false,"excerpt":"A ya dos semanas de paro en las escuelas p\u00fablicas, Mar\u00eda Laura Torres, secretaria de Suteba, insisti\u00f3 en que el conflicto real es salarial y apunt\u00f3 contra la gobernadora de la provincia,Mar\u00eda Eugenia Vidal , a quien acus\u00f3 de tirar nafta en vez de tender puentes. \"Ma\u00f1ana hay convocada una\u2026","rel":"","context":"En \u00abGREMIALES\u00bb","block_context":{"text":"GREMIALES","link":"https:\/\/larevistadigital.com.ar\/blog\/category\/gremiales\/"},"img":{"alt_text":"","src":"https:\/\/i0.wp.com\/larevistadigital.com.ar\/blog\/wp-content\/uploads\/2017\/03\/BByo9My.jpg?fit=728%2C410&ssl=1&resize=350%2C200","width":350,"height":200,"srcset":"https:\/\/i0.wp.com\/larevistadigital.com.ar\/blog\/wp-content\/uploads\/2017\/03\/BByo9My.jpg?fit=728%2C410&ssl=1&resize=350%2C200 1x, https:\/\/i0.wp.com\/larevistadigital.com.ar\/blog\/wp-content\/uploads\/2017\/03\/BByo9My.jpg?fit=728%2C410&ssl=1&resize=525%2C300 1.5x, https:\/\/i0.wp.com\/larevistadigital.com.ar\/blog\/wp-content\/uploads\/2017\/03\/BByo9My.jpg?fit=728%2C410&ssl=1&resize=700%2C400 2x"},"classes":[]}],"_links":{"self":[{"href":"https:\/\/larevistadigital.com.ar\/blog\/wp-json\/wp\/v2\/posts\/15677","targetHints":{"allow":["GET"]}}],"collection":[{"href":"https:\/\/larevistadigital.com.ar\/blog\/wp-json\/wp\/v2\/posts"}],"about":[{"href":"https:\/\/larevistadigital.com.ar\/blog\/wp-json\/wp\/v2\/types\/post"}],"author":[{"embeddable":true,"href":"https:\/\/larevistadigital.com.ar\/blog\/wp-json\/wp\/v2\/users\/3"}],"replies":[{"embeddable":true,"href":"https:\/\/larevistadigital.com.ar\/blog\/wp-json\/wp\/v2\/comments?post=15677"}],"version-history":[{"count":1,"href":"https:\/\/larevistadigital.com.ar\/blog\/wp-json\/wp\/v2\/posts\/15677\/revisions"}],"predecessor-version":[{"id":15679,"href":"https:\/\/larevistadigital.com.ar\/blog\/wp-json\/wp\/v2\/posts\/15677\/revisions\/15679"}],"wp:featuredmedia":[{"embeddable":true,"href":"https:\/\/larevistadigital.com.ar\/blog\/wp-json\/wp\/v2\/media\/15678"}],"wp:attachment":[{"href":"https:\/\/larevistadigital.com.ar\/blog\/wp-json\/wp\/v2\/media?parent=15677"}],"wp:term":[{"taxonomy":"category","embeddable":true,"href":"https:\/\/larevistadigital.com.ar\/blog\/wp-json\/wp\/v2\/categories?post=15677"},{"taxonomy":"post_tag","embeddable":true,"href":"https:\/\/larevistadigital.com.ar\/blog\/wp-json\/wp\/v2\/tags?post=15677"}],"curies":[{"name":"wp","href":"https:\/\/api.w.org\/{rel}","templated":true}]}}