{"id":15680,"date":"2020-06-17T14:39:21","date_gmt":"2020-06-17T14:39:21","guid":{"rendered":"https:\/\/larevistadigital.com.ar\/blog\/?p=15680"},"modified":"2020-06-17T14:39:21","modified_gmt":"2020-06-17T14:39:21","slug":"vuelco-en-la-ruta-11-un-dolorense-fallecido","status":"publish","type":"post","link":"https:\/\/larevistadigital.com.ar\/blog\/vuelco-en-la-ruta-11-un-dolorense-fallecido\/","title":{"rendered":"VUELCO EN LA RUTA 11, UN DOLORENSE FALLECIDO"},"content":{"rendered":"<p>En la noche del domingo se produjo un tr\u00e1gico accidente en la Ruta 11 a la altura de la calle 58 del Mar del Tuy\u00fa, Partido de La Costa.<\/p>\n<p>Producto del accidente falleci\u00f3 de manera inmediata un hombre de 32 a\u00f1os y su primo debi\u00f3 ser trasladado al Hospital de Santa Teresita.<\/p>\n<p>Cabe destacar que los dos accidentados son oriundos de Dolores, que residen en Mar del Tuyu.<\/p>\n<p>Seg\u00fan de pudo saber quien conduc\u00eda el Renault Clio, por cuestiones que se tratan de establecer perdi\u00f3 el control del veh\u00edculo y volc\u00f3.<\/p>\n<p>PUBLICADO EN DIARIOCOMPROMISO<\/p>\n","protected":false},"excerpt":{"rendered":"<div class=\"mh-excerpt\"><p>En la noche del domingo se produjo un tr\u00e1gico accidente en la Ruta 11 a la altura de la calle 58 del Mar del Tuy\u00fa, Partido de La Costa. Producto del accidente falleci\u00f3 de manera <a class=\"mh-excerpt-more\" href=\"https:\/\/larevistadigital.com.ar\/blog\/vuelco-en-la-ruta-11-un-dolorense-fallecido\/\" title=\"VUELCO EN LA RUTA 11, UN DOLORENSE FALLECIDO\">[Leer M\u00e1s]<\/a><\/p>\n<\/div>","protected":false},"author":3,"featured_media":15681,"comment_status":"open","ping_status":"open","sticky":false,"template":"","format":"standard","meta":{"_jetpack_memberships_contains_paid_content":false,"footnotes":"","jetpack_publicize_message":"","jetpack_publicize_feature_enabled":true,"jetpack_social_post_already_shared":true,"jetpack_social_options":{"image_generator_settings":{"template":"highway","default_image_id":0,"font":"","enabled":false},"version":2}},"categories":[43,51],"tags":[],"class_list":{"0":"post-15680","1":"post","2":"type-post","3":"status-publish","4":"format-standard","5":"has-post-thumbnail","7":"category-dolores","8":"category-regionales"},"jetpack_publicize_connections":[],"jetpack_featured_media_url":"https:\/\/i0.wp.com\/larevistadigital.com.ar\/blog\/wp-content\/uploads\/Dolorense.jpg?fit=627%2C307&ssl=1","jetpack_sharing_enabled":true,"jetpack_shortlink":"https:\/\/wp.me\/p8qtrQ-44U","jetpack-related-posts":[{"id":13300,"url":"https:\/\/larevistadigital.com.ar\/blog\/mar-del-tuyu-comisario-sufre-grave-accidente-en-la-ruta-11\/","url_meta":{"origin":15680,"position":0},"title":"MAR DEL TUY\u00da: COMISARIO SUFRE GRAVE ACCIDENTE EN LA RUTA 11","author":"Alejandro Sosa Ruda","date":"20 noviembre, 2019","format":false,"excerpt":"La m\u00e1xima autoridad de la dependencia policial de esa localidad perdi\u00f3 parte de su masa encef\u00e1lica y se encuentra internado en terapia intensiva. MAR DEL TUYU - El accidente se produjo en la Ruta 11, a la altura de Las Toninas, seg\u00fan inform\u00f3 Canal 5 de San Clemente del Tuy\u00fa.\u2026","rel":"","context":"En \u00abPOLICIALES\u00bb","block_context":{"text":"POLICIALES","link":"https:\/\/larevistadigital.com.ar\/blog\/category\/policiales\/"},"img":{"alt_text":"","src":"https:\/\/i0.wp.com\/larevistadigital.com.ar\/blog\/wp-content\/uploads\/Screenshot_2-65.jpg?fit=1200%2C712&ssl=1&resize=350%2C200","width":350,"height":200,"srcset":"https:\/\/i0.wp.com\/larevistadigital.com.ar\/blog\/wp-content\/uploads\/Screenshot_2-65.jpg?fit=1200%2C712&ssl=1&resize=350%2C200 1x, https:\/\/i0.wp.com\/larevistadigital.com.ar\/blog\/wp-content\/uploads\/Screenshot_2-65.jpg?fit=1200%2C712&ssl=1&resize=525%2C300 1.5x, https:\/\/i0.wp.com\/larevistadigital.com.ar\/blog\/wp-content\/uploads\/Screenshot_2-65.jpg?fit=1200%2C712&ssl=1&resize=700%2C400 2x, https:\/\/i0.wp.com\/larevistadigital.com.ar\/blog\/wp-content\/uploads\/Screenshot_2-65.jpg?fit=1200%2C712&ssl=1&resize=1050%2C600 3x"},"classes":[]},{"id":37352,"url":"https:\/\/larevistadigital.com.ar\/blog\/mar-del-tuyu-muere-un-motociclista-en-un-accidente-en-la-ruta-11\/","url_meta":{"origin":15680,"position":1},"title":"Mar del Tuy\u00fa: Muere un motociclista en un accidente en la ruta 11","author":"Alejandro Sosa Ruda","date":"29 septiembre, 2024","format":false,"excerpt":"El veh\u00edculo en el que circulaba colision\u00f3 con un auto y el conductor sali\u00f3 despedido. 29 de Septiembre de 2024 PARTIDO DE LA COSTA -\u00a0 \u00a0El accidente ocurri\u00f3 el d\u00eda viernes, en la ruta 11 justo frente al ingreso de Mar del Tuy\u00fa, donde un motociclista perdi\u00f3 la vida minutos\u2026","rel":"","context":"En \u00abPOLICIALES\u00bb","block_context":{"text":"POLICIALES","link":"https:\/\/larevistadigital.com.ar\/blog\/category\/policiales\/"},"img":{"alt_text":"","src":"https:\/\/i0.wp.com\/larevistadigital.com.ar\/blog\/wp-content\/uploads\/fa1d18fe58e2a182012566d3f3846050229e662d.jpg?fit=1140%2C722&ssl=1&resize=350%2C200","width":350,"height":200,"srcset":"https:\/\/i0.wp.com\/larevistadigital.com.ar\/blog\/wp-content\/uploads\/fa1d18fe58e2a182012566d3f3846050229e662d.jpg?fit=1140%2C722&ssl=1&resize=350%2C200 1x, https:\/\/i0.wp.com\/larevistadigital.com.ar\/blog\/wp-content\/uploads\/fa1d18fe58e2a182012566d3f3846050229e662d.jpg?fit=1140%2C722&ssl=1&resize=525%2C300 1.5x, https:\/\/i0.wp.com\/larevistadigital.com.ar\/blog\/wp-content\/uploads\/fa1d18fe58e2a182012566d3f3846050229e662d.jpg?fit=1140%2C722&ssl=1&resize=700%2C400 2x, https:\/\/i0.wp.com\/larevistadigital.com.ar\/blog\/wp-content\/uploads\/fa1d18fe58e2a182012566d3f3846050229e662d.jpg?fit=1140%2C722&ssl=1&resize=1050%2C600 3x"},"classes":[]},{"id":36388,"url":"https:\/\/larevistadigital.com.ar\/blog\/accidente-de-transito-en-ruta-11-con-el-saldo-de-tres-heridos\/","url_meta":{"origin":15680,"position":2},"title":"ACCIDENTE DE TR\u00c1NSITO EN RUTA 11 CON EL SALDO DE TRES HERIDOS","author":"Alejandro Sosa Ruda","date":"21 junio, 2024","format":false,"excerpt":"El siniestro fue en horas de la ma\u00f1ana a la altura de San Clemente del Tuy\u00fa. 21 de Junio de 2024 BUENOS AIRES -\u00a0 En horas de la ma\u00f1ana, y por razones que tratan de establecerse, el conductor de un Chevrolet Sonic que se dirig\u00eda en direcci\u00f3n a San Clemente\u2026","rel":"","context":"En \u00abPOLICIALES\u00bb","block_context":{"text":"POLICIALES","link":"https:\/\/larevistadigital.com.ar\/blog\/category\/policiales\/"},"img":{"alt_text":"","src":"https:\/\/i0.wp.com\/larevistadigital.com.ar\/blog\/wp-content\/uploads\/7066ec414f65b52064df4601dcc100e9f7677b1c.jpg?fit=1140%2C699&ssl=1&resize=350%2C200","width":350,"height":200,"srcset":"https:\/\/i0.wp.com\/larevistadigital.com.ar\/blog\/wp-content\/uploads\/7066ec414f65b52064df4601dcc100e9f7677b1c.jpg?fit=1140%2C699&ssl=1&resize=350%2C200 1x, https:\/\/i0.wp.com\/larevistadigital.com.ar\/blog\/wp-content\/uploads\/7066ec414f65b52064df4601dcc100e9f7677b1c.jpg?fit=1140%2C699&ssl=1&resize=525%2C300 1.5x, https:\/\/i0.wp.com\/larevistadigital.com.ar\/blog\/wp-content\/uploads\/7066ec414f65b52064df4601dcc100e9f7677b1c.jpg?fit=1140%2C699&ssl=1&resize=700%2C400 2x, https:\/\/i0.wp.com\/larevistadigital.com.ar\/blog\/wp-content\/uploads\/7066ec414f65b52064df4601dcc100e9f7677b1c.jpg?fit=1140%2C699&ssl=1&resize=1050%2C600 3x"},"classes":[]},{"id":729,"url":"https:\/\/larevistadigital.com.ar\/blog\/la-construccion-la-autovia-conesa-san-clemente-del-tuyu-generara-190-puestos-trabajo\/","url_meta":{"origin":15680,"position":3},"title":"La construcci\u00f3n de la Autov\u00eda Conesa \u2013 San Clemente del Tuy\u00fa generar\u00e1 190 puestos de trabajo","author":"editor","date":"8 marzo, 2017","format":false,"excerpt":"INFORM\u00d3 EL INTENDENTE DE DOLORES- El Intendente Camilo Etchevarren, recibi\u00f3 al Secretario de Organizaci\u00f3n de la UOCRA Regional Dolores Miguel M\u00e1rquez, quien lo interioriz\u00f3 sobre la Autov\u00eda en la Ruta 11 que construir\u00e1 la Provincia de Buenos Aires desde General Conesa a San Clemente del Tuy\u00fa. La Regional Dolores a\u2026","rel":"","context":"En \u00abDOLORES\u00bb","block_context":{"text":"DOLORES","link":"https:\/\/larevistadigital.com.ar\/blog\/category\/dolores\/"},"img":{"alt_text":"","src":"https:\/\/i0.wp.com\/larevistadigital.com.ar\/blog\/wp-content\/uploads\/2017\/03\/170307-ETCHEVARREN-M%C3%81RQUEZ-251.jpg?fit=800%2C533&ssl=1&resize=350%2C200","width":350,"height":200,"srcset":"https:\/\/i0.wp.com\/larevistadigital.com.ar\/blog\/wp-content\/uploads\/2017\/03\/170307-ETCHEVARREN-M%C3%81RQUEZ-251.jpg?fit=800%2C533&ssl=1&resize=350%2C200 1x, https:\/\/i0.wp.com\/larevistadigital.com.ar\/blog\/wp-content\/uploads\/2017\/03\/170307-ETCHEVARREN-M%C3%81RQUEZ-251.jpg?fit=800%2C533&ssl=1&resize=525%2C300 1.5x, https:\/\/i0.wp.com\/larevistadigital.com.ar\/blog\/wp-content\/uploads\/2017\/03\/170307-ETCHEVARREN-M%C3%81RQUEZ-251.jpg?fit=800%2C533&ssl=1&resize=700%2C400 2x"},"classes":[]},{"id":39094,"url":"https:\/\/larevistadigital.com.ar\/blog\/peligro-en-la-ruta-2-una-mujer-volco-con-su-auto-bajo-una-intensa-lluvia\/","url_meta":{"origin":15680,"position":4},"title":"Peligro en la Ruta 2: una mujer volc\u00f3 con su auto bajo una intensa lluvia","author":"Alejandro Sosa Ruda","date":"24 marzo, 2025","format":false,"excerpt":"El accidente ocurri\u00f3 a la altura de Dolores. La conductora, oriunda de Mar del Plata, fue trasladada para recibir atenci\u00f3n m\u00e9dica. 24 de Marzo de 2025 DOLORES -\u00a0 Un violento accidente de tr\u00e1nsito tuvo lugar este lunes en la Ruta 2, a la altura del kil\u00f3metro 213, en jurisdicci\u00f3n de\u2026","rel":"","context":"En \u00abDOLORES\u00bb","block_context":{"text":"DOLORES","link":"https:\/\/larevistadigital.com.ar\/blog\/category\/dolores\/"},"img":{"alt_text":"","src":"https:\/\/i0.wp.com\/larevistadigital.com.ar\/blog\/wp-content\/uploads\/7c9586409e4b052f03bbdd86c6dc20aacb1f6426.jpg?fit=1140%2C858&ssl=1&resize=350%2C200","width":350,"height":200,"srcset":"https:\/\/i0.wp.com\/larevistadigital.com.ar\/blog\/wp-content\/uploads\/7c9586409e4b052f03bbdd86c6dc20aacb1f6426.jpg?fit=1140%2C858&ssl=1&resize=350%2C200 1x, https:\/\/i0.wp.com\/larevistadigital.com.ar\/blog\/wp-content\/uploads\/7c9586409e4b052f03bbdd86c6dc20aacb1f6426.jpg?fit=1140%2C858&ssl=1&resize=525%2C300 1.5x, https:\/\/i0.wp.com\/larevistadigital.com.ar\/blog\/wp-content\/uploads\/7c9586409e4b052f03bbdd86c6dc20aacb1f6426.jpg?fit=1140%2C858&ssl=1&resize=700%2C400 2x, https:\/\/i0.wp.com\/larevistadigital.com.ar\/blog\/wp-content\/uploads\/7c9586409e4b052f03bbdd86c6dc20aacb1f6426.jpg?fit=1140%2C858&ssl=1&resize=1050%2C600 3x"},"classes":[]},{"id":21309,"url":"https:\/\/larevistadigital.com.ar\/blog\/tragedia-en-la-ruta-41-un-muerto-y-un-herido-en-choque-entre-camioneta-y-camion\/","url_meta":{"origin":15680,"position":5},"title":"TRAGEDIA EN LA RUTA 41, UN MUERTO Y UN HERIDO EN CHOQUE ENTRE CAMIONETA Y CAMI\u00d3N","author":"Alejandro Sosa Ruda","date":"30 julio, 2021","format":false,"excerpt":"El accidente se produjo a la altura de Castelli. Los efectivos eran oriundos del Partido de La Costa y volv\u00edan de prestar servicio en La Matanza. CASTELLI - Un joven efectivo policial falleci\u00f3 y otro se encuentra en grave estado tras chocar en la camioneta en que viajan contra un\u2026","rel":"","context":"En \u00abDESTACADAS\u00bb","block_context":{"text":"DESTACADAS","link":"https:\/\/larevistadigital.com.ar\/blog\/category\/destacadas\/"},"img":{"alt_text":"","src":"https:\/\/i0.wp.com\/larevistadigital.com.ar\/blog\/wp-content\/uploads\/d41074a186274508a605875d7452aff790827f44.jpg?fit=1140%2C775&ssl=1&resize=350%2C200","width":350,"height":200,"srcset":"https:\/\/i0.wp.com\/larevistadigital.com.ar\/blog\/wp-content\/uploads\/d41074a186274508a605875d7452aff790827f44.jpg?fit=1140%2C775&ssl=1&resize=350%2C200 1x, https:\/\/i0.wp.com\/larevistadigital.com.ar\/blog\/wp-content\/uploads\/d41074a186274508a605875d7452aff790827f44.jpg?fit=1140%2C775&ssl=1&resize=525%2C300 1.5x, https:\/\/i0.wp.com\/larevistadigital.com.ar\/blog\/wp-content\/uploads\/d41074a186274508a605875d7452aff790827f44.jpg?fit=1140%2C775&ssl=1&resize=700%2C400 2x, https:\/\/i0.wp.com\/larevistadigital.com.ar\/blog\/wp-content\/uploads\/d41074a186274508a605875d7452aff790827f44.jpg?fit=1140%2C775&ssl=1&resize=1050%2C600 3x"},"classes":[]}],"_links":{"self":[{"href":"https:\/\/larevistadigital.com.ar\/blog\/wp-json\/wp\/v2\/posts\/15680","targetHints":{"allow":["GET"]}}],"collection":[{"href":"https:\/\/larevistadigital.com.ar\/blog\/wp-json\/wp\/v2\/posts"}],"about":[{"href":"https:\/\/larevistadigital.com.ar\/blog\/wp-json\/wp\/v2\/types\/post"}],"author":[{"embeddable":true,"href":"https:\/\/larevistadigital.com.ar\/blog\/wp-json\/wp\/v2\/users\/3"}],"replies":[{"embeddable":true,"href":"https:\/\/larevistadigital.com.ar\/blog\/wp-json\/wp\/v2\/comments?post=15680"}],"version-history":[{"count":1,"href":"https:\/\/larevistadigital.com.ar\/blog\/wp-json\/wp\/v2\/posts\/15680\/revisions"}],"predecessor-version":[{"id":15682,"href":"https:\/\/larevistadigital.com.ar\/blog\/wp-json\/wp\/v2\/posts\/15680\/revisions\/15682"}],"wp:featuredmedia":[{"embeddable":true,"href":"https:\/\/larevistadigital.com.ar\/blog\/wp-json\/wp\/v2\/media\/15681"}],"wp:attachment":[{"href":"https:\/\/larevistadigital.com.ar\/blog\/wp-json\/wp\/v2\/media?parent=15680"}],"wp:term":[{"taxonomy":"category","embeddable":true,"href":"https:\/\/larevistadigital.com.ar\/blog\/wp-json\/wp\/v2\/categories?post=15680"},{"taxonomy":"post_tag","embeddable":true,"href":"https:\/\/larevistadigital.com.ar\/blog\/wp-json\/wp\/v2\/tags?post=15680"}],"curies":[{"name":"wp","href":"https:\/\/api.w.org\/{rel}","templated":true}]}}