{"id":15692,"date":"2020-06-17T17:03:07","date_gmt":"2020-06-17T17:03:07","guid":{"rendered":"https:\/\/larevistadigital.com.ar\/blog\/?p=15692"},"modified":"2020-06-17T17:03:07","modified_gmt":"2020-06-17T17:03:07","slug":"la-plata-atrapan-a-joven-que-apunalo-a-otro-en-romero","status":"publish","type":"post","link":"https:\/\/larevistadigital.com.ar\/blog\/la-plata-atrapan-a-joven-que-apunalo-a-otro-en-romero\/","title":{"rendered":"LA PLATA: ATRAPAN A JOVEN QUE APU\u00d1AL\u00d3 A OTRO EN ROMERO"},"content":{"rendered":"<p class=\"selectionShareable\">La polic\u00eda de la comisar\u00eda 14ta de Melchor Romero atrap\u00f3 este mediod\u00eda al autor de una tentativa de homicidio ocurrida en las \u00faltimas horas en 160 entre 42 y 43.<\/p>\n<blockquote>\n<h3 class=\"selectionShareable\">All\u00ed hab\u00eda resultado apu\u00f1alado en el abdomen y el cuello un joven de 24 a\u00f1os quien qued\u00f3 tendido en el piso y fue asistido por una ambulancia de SAME que los traslad\u00f3 al hospital Alejandro Korn. Ahora all\u00ed lucha por su vida.<\/h3>\n<\/blockquote>\n<p class=\"selectionShareable\">De acuerdo a lo que se\u00f1al\u00f3 m\u00e1s tarde su pareja, ambos manten\u00edan una disputa de vieja data que la resolvieron con una pelea cuerpo a cuerpo, en la que uno de los j\u00f3venes sorprendi\u00f3 al otro con un elemento punzo cortante.<\/p>\n<p class=\"selectionShareable\">El acusado fue atrapado hace instantes y est\u00e1 acusado de \u00abTentativa de homicidio\u00bb<\/p>\n<p>publicado en eleditorplatense<\/p>\n","protected":false},"excerpt":{"rendered":"<div class=\"mh-excerpt\"><p>La polic\u00eda de la comisar\u00eda 14ta de Melchor Romero atrap\u00f3 este mediod\u00eda al autor de una tentativa de homicidio ocurrida en las \u00faltimas horas en 160 entre 42 y 43. All\u00ed hab\u00eda resultado apu\u00f1alado en <a class=\"mh-excerpt-more\" href=\"https:\/\/larevistadigital.com.ar\/blog\/la-plata-atrapan-a-joven-que-apunalo-a-otro-en-romero\/\" title=\"LA PLATA: ATRAPAN A JOVEN QUE APU\u00d1AL\u00d3 A OTRO EN ROMERO\">[Leer M\u00e1s]<\/a><\/p>\n<\/div>","protected":false},"author":3,"featured_media":15693,"comment_status":"open","ping_status":"open","sticky":false,"template":"","format":"standard","meta":{"_jetpack_memberships_contains_paid_content":false,"footnotes":"","jetpack_publicize_message":"","jetpack_publicize_feature_enabled":true,"jetpack_social_post_already_shared":true,"jetpack_social_options":{"image_generator_settings":{"template":"highway","default_image_id":0,"font":"","enabled":false},"version":2}},"categories":[44,51],"tags":[],"class_list":{"0":"post-15692","1":"post","2":"type-post","3":"status-publish","4":"format-standard","5":"has-post-thumbnail","7":"category-policiales","8":"category-regionales"},"jetpack_publicize_connections":[],"jetpack_featured_media_url":"https:\/\/i0.wp.com\/larevistadigital.com.ar\/blog\/wp-content\/uploads\/20200617131213_8f2585e9_e380_4867_b1c1_e4e2a1856f0e.jpg?fit=880%2C586&ssl=1","jetpack_sharing_enabled":true,"jetpack_shortlink":"https:\/\/wp.me\/p8qtrQ-456","jetpack-related-posts":[{"id":19533,"url":"https:\/\/larevistadigital.com.ar\/blog\/detienen-acusado-de-tentativa-de-homicidio-mientras-miraba-vidrieras\/","url_meta":{"origin":15692,"position":0},"title":"DETIENEN ACUSADO DE TENTATIVA DE HOMICIDIO MIENTRAS MIRABA VIDRIERAS","author":"Alejandro Sosa Ruda","date":"29 marzo, 2021","format":false,"excerpt":"Tiene 20 a\u00f1os. Lo identificaron durante un control de rutina. Qued\u00f3 alojado en la Unidad Penal 44 de Bat\u00e1n. MAR DEL PLATA - Un\u00a0joven de 20 a\u00f1os\u00a0sobre quien pesaba un pedido captura en una causa por homicidio en grado de tentativa fue detenido en las \u00faltimas horas por personal policial\u2026","rel":"","context":"En \u00abPOLICIALES\u00bb","block_context":{"text":"POLICIALES","link":"https:\/\/larevistadigital.com.ar\/blog\/category\/policiales\/"},"img":{"alt_text":"","src":"https:\/\/i0.wp.com\/larevistadigital.com.ar\/blog\/wp-content\/uploads\/Captura-de-pantalla-2021-03-29-104148.png?fit=1003%2C562&ssl=1&resize=350%2C200","width":350,"height":200,"srcset":"https:\/\/i0.wp.com\/larevistadigital.com.ar\/blog\/wp-content\/uploads\/Captura-de-pantalla-2021-03-29-104148.png?fit=1003%2C562&ssl=1&resize=350%2C200 1x, https:\/\/i0.wp.com\/larevistadigital.com.ar\/blog\/wp-content\/uploads\/Captura-de-pantalla-2021-03-29-104148.png?fit=1003%2C562&ssl=1&resize=525%2C300 1.5x, https:\/\/i0.wp.com\/larevistadigital.com.ar\/blog\/wp-content\/uploads\/Captura-de-pantalla-2021-03-29-104148.png?fit=1003%2C562&ssl=1&resize=700%2C400 2x"},"classes":[]},{"id":43876,"url":"https:\/\/larevistadigital.com.ar\/blog\/mar-del-plata-murio-un-hombre-tras-una-brutal-golpiza-a-la-salida-de-un-boliche\/","url_meta":{"origin":15692,"position":1},"title":"Mar del Plata: Muri\u00f3 un hombre tras una brutal golpiza a la salida de un boliche","author":"Alejandro Sosa Ruda","date":"8 febrero, 2026","format":false,"excerpt":"La v\u00edctima ten\u00eda 30 a\u00f1os y el agresor, de 18, qued\u00f3 detenido. La causa fue recaratulada como homicidio. 08 de febrero de 2026 MAR DEL PLATA -\u00a0 \u00a0Un violento episodio ocurrido en la zona oeste termin\u00f3 con la muerte de un hombre de 30 a\u00f1os y la detenci\u00f3n de un\u2026","rel":"","context":"En \u00abPOLICIALES\u00bb","block_context":{"text":"POLICIALES","link":"https:\/\/larevistadigital.com.ar\/blog\/category\/policiales\/"},"img":{"alt_text":"","src":"https:\/\/i0.wp.com\/larevistadigital.com.ar\/blog\/wp-content\/uploads\/Captura-de-pantalla-2026-02-08-154217.jpg?fit=805%2C420&ssl=1&resize=350%2C200","width":350,"height":200,"srcset":"https:\/\/i0.wp.com\/larevistadigital.com.ar\/blog\/wp-content\/uploads\/Captura-de-pantalla-2026-02-08-154217.jpg?fit=805%2C420&ssl=1&resize=350%2C200 1x, https:\/\/i0.wp.com\/larevistadigital.com.ar\/blog\/wp-content\/uploads\/Captura-de-pantalla-2026-02-08-154217.jpg?fit=805%2C420&ssl=1&resize=525%2C300 1.5x, https:\/\/i0.wp.com\/larevistadigital.com.ar\/blog\/wp-content\/uploads\/Captura-de-pantalla-2026-02-08-154217.jpg?fit=805%2C420&ssl=1&resize=700%2C400 2x"},"classes":[]},{"id":29554,"url":"https:\/\/larevistadigital.com.ar\/blog\/saladillo-matan-al-hijo-de-una-concejal-y-balean-al-de-un-fiscal-en-un-campo\/","url_meta":{"origin":15692,"position":2},"title":"SALADILLO: MATAN AL HIJO DE UNA CONCEJAL Y BALEAN AL DE UN FISCAL EN UN CAMPO","author":"Alejandro Sosa Ruda","date":"20 diciembre, 2022","format":false,"excerpt":"El joven fallecido fue identificado por las fuentes como Lorenzo King (37), hijo de la concejala de Saladillo Silvina Cotignola (Frente de Todos), mientras que el herido es Tom\u00e1s Mat\u00edas Santopolo (31), guardavidas e hijo de la fiscal de esa ciudad, Patricia Hortel. 20 de diciembre de 2022 SALADILLO -\u00a0\u2026","rel":"","context":"En \u00abPOLICIALES\u00bb","block_context":{"text":"POLICIALES","link":"https:\/\/larevistadigital.com.ar\/blog\/category\/policiales\/"},"img":{"alt_text":"","src":"https:\/\/i0.wp.com\/larevistadigital.com.ar\/blog\/wp-content\/uploads\/20221219172846_patrullero-policia.jpg?fit=880%2C512&ssl=1&resize=350%2C200","width":350,"height":200,"srcset":"https:\/\/i0.wp.com\/larevistadigital.com.ar\/blog\/wp-content\/uploads\/20221219172846_patrullero-policia.jpg?fit=880%2C512&ssl=1&resize=350%2C200 1x, https:\/\/i0.wp.com\/larevistadigital.com.ar\/blog\/wp-content\/uploads\/20221219172846_patrullero-policia.jpg?fit=880%2C512&ssl=1&resize=525%2C300 1.5x, https:\/\/i0.wp.com\/larevistadigital.com.ar\/blog\/wp-content\/uploads\/20221219172846_patrullero-policia.jpg?fit=880%2C512&ssl=1&resize=700%2C400 2x"},"classes":[]},{"id":45851,"url":"https:\/\/larevistadigital.com.ar\/blog\/muerte-de-kevin-en-chascomus-me-indigne-dijo-el-hombre-que-golpeo-al-chico-en-la-camilla\/","url_meta":{"origin":15692,"position":3},"title":"Muerte de Kevin en Chascom\u00fas: \u00abMe indign\u00e9\u00bb, dijo el hombre que golpe\u00f3 al chico en la camilla","author":"Alejandro Sosa Ruda","date":"27 mayo, 2026","format":false,"excerpt":"De acuerdo a su declaraci\u00f3n, reconoci\u00f3 a Kevin como un chico que supuestamente lo quiso asaltar y eso lo llev\u00f3 a atacarlo por venganza. Leonardo Marzzellino qued\u00f3 imputado por \"homicidio en grado de tentativa con dolo eventual\". 27 de mayo de 2026 En el marco de la causa que investiga\u2026","rel":"","context":"En \u00abINTERES GENERAL\u00bb","block_context":{"text":"INTERES GENERAL","link":"https:\/\/larevistadigital.com.ar\/blog\/category\/interes-general\/"},"img":{"alt_text":"","src":"https:\/\/i0.wp.com\/larevistadigital.com.ar\/blog\/wp-content\/uploads\/Marzzellino.jpg?fit=626%2C351&ssl=1&resize=350%2C200","width":350,"height":200,"srcset":"https:\/\/i0.wp.com\/larevistadigital.com.ar\/blog\/wp-content\/uploads\/Marzzellino.jpg?fit=626%2C351&ssl=1&resize=350%2C200 1x, https:\/\/i0.wp.com\/larevistadigital.com.ar\/blog\/wp-content\/uploads\/Marzzellino.jpg?fit=626%2C351&ssl=1&resize=525%2C300 1.5x"},"classes":[]},{"id":21018,"url":"https:\/\/larevistadigital.com.ar\/blog\/denuncian-a-un-hombre-por-violar-a-su-hija-y-el-padre-de-su-ex-lo-baleo-en-la-cara\/","url_meta":{"origin":15692,"position":4},"title":"DENUNCIAN A UN HOMBRE POR VIOLAR A SU HIJA, Y EL PADRE DE SU EX LO BALE\u00d3 EN LA CARA","author":"Alejandro Sosa Ruda","date":"5 julio, 2021","format":false,"excerpt":"El ataqu\u00e9 ocurri\u00f3 ayer a la tarde, en el interior de una verduler\u00eda. La v\u00edctima tiene 28 a\u00f1os y qued\u00f3 internada en el Hospital Interzonal con una herida de arma de fuego en el rostro. El agresor se dio a la fuga y es buscado por la polic\u00eda. La fiscal\u00eda\u2026","rel":"","context":"En \u00abPOLICIALES\u00bb","block_context":{"text":"POLICIALES","link":"https:\/\/larevistadigital.com.ar\/blog\/category\/policiales\/"},"img":{"alt_text":"","src":"https:\/\/i0.wp.com\/larevistadigital.com.ar\/blog\/wp-content\/uploads\/Captura-de-pantalla-2021-07-04-210600.png?fit=1008%2C670&ssl=1&resize=350%2C200","width":350,"height":200,"srcset":"https:\/\/i0.wp.com\/larevistadigital.com.ar\/blog\/wp-content\/uploads\/Captura-de-pantalla-2021-07-04-210600.png?fit=1008%2C670&ssl=1&resize=350%2C200 1x, https:\/\/i0.wp.com\/larevistadigital.com.ar\/blog\/wp-content\/uploads\/Captura-de-pantalla-2021-07-04-210600.png?fit=1008%2C670&ssl=1&resize=525%2C300 1.5x, https:\/\/i0.wp.com\/larevistadigital.com.ar\/blog\/wp-content\/uploads\/Captura-de-pantalla-2021-07-04-210600.png?fit=1008%2C670&ssl=1&resize=700%2C400 2x"},"classes":[]},{"id":44074,"url":"https:\/\/larevistadigital.com.ar\/blog\/conmocion-hallan-muerto-a-un-interno-en-la-unidad-34-de-melchor-romero\/","url_meta":{"origin":15692,"position":5},"title":"Conmoci\u00f3n: Hallan muerto a un interno en la Unidad 34 de Melchor Romero","author":"Alejandro Sosa Ruda","date":"20 febrero, 2026","format":false,"excerpt":"Fernando Maximiliano L\u00f3pez Guarino, de 33 a\u00f1os, estaba detenido por tentativa de homicidio. Fue encontrado sin vida en su celda y la UFI N\u00b03 de La Plata orden\u00f3 autopsia y pericias. 20 de febrero de 2026 LA PLATA -\u00a0 \u00a0Un interno de 33 a\u00f1os fue hallado sin vida en la\u2026","rel":"","context":"En \u00abPOLICIALES\u00bb","block_context":{"text":"POLICIALES","link":"https:\/\/larevistadigital.com.ar\/blog\/category\/policiales\/"},"img":{"alt_text":"","src":"https:\/\/i0.wp.com\/larevistadigital.com.ar\/blog\/wp-content\/uploads\/Captura-de-pantalla-2026-02-20-174849.jpg?fit=884%2C438&ssl=1&resize=350%2C200","width":350,"height":200,"srcset":"https:\/\/i0.wp.com\/larevistadigital.com.ar\/blog\/wp-content\/uploads\/Captura-de-pantalla-2026-02-20-174849.jpg?fit=884%2C438&ssl=1&resize=350%2C200 1x, https:\/\/i0.wp.com\/larevistadigital.com.ar\/blog\/wp-content\/uploads\/Captura-de-pantalla-2026-02-20-174849.jpg?fit=884%2C438&ssl=1&resize=525%2C300 1.5x, https:\/\/i0.wp.com\/larevistadigital.com.ar\/blog\/wp-content\/uploads\/Captura-de-pantalla-2026-02-20-174849.jpg?fit=884%2C438&ssl=1&resize=700%2C400 2x"},"classes":[]}],"_links":{"self":[{"href":"https:\/\/larevistadigital.com.ar\/blog\/wp-json\/wp\/v2\/posts\/15692","targetHints":{"allow":["GET"]}}],"collection":[{"href":"https:\/\/larevistadigital.com.ar\/blog\/wp-json\/wp\/v2\/posts"}],"about":[{"href":"https:\/\/larevistadigital.com.ar\/blog\/wp-json\/wp\/v2\/types\/post"}],"author":[{"embeddable":true,"href":"https:\/\/larevistadigital.com.ar\/blog\/wp-json\/wp\/v2\/users\/3"}],"replies":[{"embeddable":true,"href":"https:\/\/larevistadigital.com.ar\/blog\/wp-json\/wp\/v2\/comments?post=15692"}],"version-history":[{"count":2,"href":"https:\/\/larevistadigital.com.ar\/blog\/wp-json\/wp\/v2\/posts\/15692\/revisions"}],"predecessor-version":[{"id":15695,"href":"https:\/\/larevistadigital.com.ar\/blog\/wp-json\/wp\/v2\/posts\/15692\/revisions\/15695"}],"wp:featuredmedia":[{"embeddable":true,"href":"https:\/\/larevistadigital.com.ar\/blog\/wp-json\/wp\/v2\/media\/15693"}],"wp:attachment":[{"href":"https:\/\/larevistadigital.com.ar\/blog\/wp-json\/wp\/v2\/media?parent=15692"}],"wp:term":[{"taxonomy":"category","embeddable":true,"href":"https:\/\/larevistadigital.com.ar\/blog\/wp-json\/wp\/v2\/categories?post=15692"},{"taxonomy":"post_tag","embeddable":true,"href":"https:\/\/larevistadigital.com.ar\/blog\/wp-json\/wp\/v2\/tags?post=15692"}],"curies":[{"name":"wp","href":"https:\/\/api.w.org\/{rel}","templated":true}]}}