{"id":15780,"date":"2020-06-24T15:36:06","date_gmt":"2020-06-24T15:36:06","guid":{"rendered":"https:\/\/larevistadigital.com.ar\/blog\/?p=15780"},"modified":"2020-06-24T15:36:06","modified_gmt":"2020-06-24T15:36:06","slug":"brandsen-que-hayan-tantos-casos-juntos-de-covid-19-es-un-shock-importante-dijo-el-director-del-hospital","status":"publish","type":"post","link":"https:\/\/larevistadigital.com.ar\/blog\/brandsen-que-hayan-tantos-casos-juntos-de-covid-19-es-un-shock-importante-dijo-el-director-del-hospital\/","title":{"rendered":"BRANDSEN: \u00abQUE HAYAN TANTOS CASOS JUNTOS DE COVID-19 ES UN SHOCK IMPORTANTE\u00bb DIJO EL DIRECTOR DEL HOSPITAL"},"content":{"rendered":"<h2><em>El municipio de 25 mil habitantes pas\u00f3\u00a0de 13 casos de coronavirus a 20 en un d\u00eda. \u00abTenemos casos donde no tenemos identificado adonde est\u00e1 el nexo epidemiol\u00f3gico y eso ya es tener transmisi\u00f3n comunitaria\u00bb, afirm\u00f3 el Dr. S\u00e1nchez.\u00a0<\/em><\/h2>\n<p>La comuna registr\u00f3 7 casos de COVID-19 en las \u00faltimas 24 horas y lleg\u00f3 a los 20 contagiados. Las autoridades sanitarias no pudieron establecer el nexo epidemiol\u00f3gico de todos los casos y<strong>\u00a0ya se considera \u201ctransmisi\u00f3n comunitaria\u201d.<\/strong><\/p>\n<p><strong><em>\u00abLa realidad es que de algunos casos uno tiene un nexo epidemiol\u00f3gico claro y concreto, entonces uno dice &#8216;tal persona se contagi\u00f3 en tal lado&#8217;, pero<\/em><em>\u00a0ya tenemos casos donde no tenemos identificado adonde est\u00e1 el nexo epidemiol\u00f3gico y eso ya es tener transmisi\u00f3n comunitaria\u00bb<\/em>\u00a0<\/strong>expres\u00f3 el Director del Hospital Municipal\u00a0<strong>Lucas S\u00e1nchez<\/strong>\u00a0al medio local DLN.<\/p>\n<p>Sobre la capacidad sanitaria local,<strong> S\u00e1nchez<\/strong>, llev\u00f3 tranquilidad pero advirti\u00f3 que se ira revaluado a medida que aparezcan m\u00e1s casos.\u00a0<strong><em>\u201cEn estos momentos est\u00e1 libre, no tiene camas ocupadas, tenemos la sala espec\u00edfica de Covid que todav\u00eda tiene lugar para internaci\u00f3n\u00a0y ma\u00f1ana estamos habilitando el Centro de Internaci\u00f3n Extrahospitalario para los casos confirmados leves y que cumplen criterios para no tener que estar en el hospital\u00bb.<\/em><\/strong><\/p>\n<p><strong><em>\u00abEstamos bien, pero seguramente aparezcan m\u00e1s casos positivos y ah\u00ed tendremos que ir revaluando.\u00a0Hoy que hayan aparecido tanta cantidad junta es un shock importante, es la noticia que nadie quiere recibir\u00bb<\/em>,\u00a0<\/strong>concluy\u00f3.<\/p>\n<p>publicado en LN1<\/p>\n","protected":false},"excerpt":{"rendered":"<div class=\"mh-excerpt\"><p>El municipio de 25 mil habitantes pas\u00f3\u00a0de 13 casos de coronavirus a 20 en un d\u00eda. \u00abTenemos casos donde no tenemos identificado adonde est\u00e1 el nexo epidemiol\u00f3gico y eso ya es tener transmisi\u00f3n comunitaria\u00bb, afirm\u00f3 <a class=\"mh-excerpt-more\" href=\"https:\/\/larevistadigital.com.ar\/blog\/brandsen-que-hayan-tantos-casos-juntos-de-covid-19-es-un-shock-importante-dijo-el-director-del-hospital\/\" title=\"BRANDSEN: \u00abQUE HAYAN TANTOS CASOS JUNTOS DE COVID-19 ES UN SHOCK IMPORTANTE\u00bb DIJO EL DIRECTOR DEL HOSPITAL\">[Leer M\u00e1s]<\/a><\/p>\n<\/div>","protected":false},"author":3,"featured_media":15781,"comment_status":"open","ping_status":"open","sticky":false,"template":"","format":"standard","meta":{"_jetpack_memberships_contains_paid_content":false,"footnotes":"","jetpack_publicize_message":"","jetpack_publicize_feature_enabled":true,"jetpack_social_post_already_shared":true,"jetpack_social_options":{"image_generator_settings":{"template":"highway","default_image_id":0,"font":"","enabled":false},"version":2}},"categories":[51],"tags":[],"class_list":{"0":"post-15780","1":"post","2":"type-post","3":"status-publish","4":"format-standard","5":"has-post-thumbnail","7":"category-regionales"},"jetpack_publicize_connections":[],"jetpack_featured_media_url":"https:\/\/i0.wp.com\/larevistadigital.com.ar\/blog\/wp-content\/uploads\/hospital22.jpg?fit=1024%2C768&ssl=1","jetpack_sharing_enabled":true,"jetpack_shortlink":"https:\/\/wp.me\/p8qtrQ-46w","jetpack-related-posts":[{"id":21708,"url":"https:\/\/larevistadigital.com.ar\/blog\/lamentable-noticia-confirman-la-circulacion-comunitaria-de-la-variante-delta-en-el-amba\/","url_meta":{"origin":15780,"position":0},"title":"LAMENTABLE NOTICIA: CONFIRMAN LA CIRCULACI\u00d3N COMUNITARIA DE LA \u00abVARIANTE DELTA\u00bb EN EL AMBA","author":"Alejandro Sosa Ruda","date":"25 agosto, 2021","format":false,"excerpt":"Lo informaron este mi\u00e9rcoles autoridades del Ministerio de Salud bonaerense. Sin embargo se\u00f1alan que la cepa \u201ca\u00fan no predomina\u201d. El jefe de asesores del Ministerio de Salud bonaerense, Enio Garc\u00eda, asegur\u00f3 que en la regi\u00f3n del Amba \u201chay circulaci\u00f3n comunitaria de la variante Delta pero todav\u00eda no predomina\u201d. \u201cApareci\u00f3 el\u2026","rel":"","context":"En \u00abINTERES GENERAL\u00bb","block_context":{"text":"INTERES GENERAL","link":"https:\/\/larevistadigital.com.ar\/blog\/category\/interes-general\/"},"img":{"alt_text":"","src":"https:\/\/i0.wp.com\/larevistadigital.com.ar\/blog\/wp-content\/uploads\/Captura-de-pantalla-2021-08-25-122328.png?fit=992%2C561&ssl=1&resize=350%2C200","width":350,"height":200,"srcset":"https:\/\/i0.wp.com\/larevistadigital.com.ar\/blog\/wp-content\/uploads\/Captura-de-pantalla-2021-08-25-122328.png?fit=992%2C561&ssl=1&resize=350%2C200 1x, https:\/\/i0.wp.com\/larevistadigital.com.ar\/blog\/wp-content\/uploads\/Captura-de-pantalla-2021-08-25-122328.png?fit=992%2C561&ssl=1&resize=525%2C300 1.5x, https:\/\/i0.wp.com\/larevistadigital.com.ar\/blog\/wp-content\/uploads\/Captura-de-pantalla-2021-08-25-122328.png?fit=992%2C561&ssl=1&resize=700%2C400 2x"},"classes":[]},{"id":17167,"url":"https:\/\/larevistadigital.com.ar\/blog\/tandil-rojo-fuerte\/","url_meta":{"origin":15780,"position":1},"title":"TANDIL: ROJO FUERTE!","author":"Alejandro Sosa Ruda","date":"24 octubre, 2020","format":false,"excerpt":"Tandil se encuentra en situaci\u00f3n complicada a nivel sanitario, presentando\u00a0 m\u00e1s de 1000 casos activos de Covid y 117 en las \u00faltimas 24 horas. En el reporte emitido este jueves por el Sistema Integrado de Salud (SISP) sobre la situaci\u00f3n del coronavirus en el partido de Tandil, se\u00f1ala que se\u2026","rel":"","context":"En \u00abREGIONALES\u00bb","block_context":{"text":"REGIONALES","link":"https:\/\/larevistadigital.com.ar\/blog\/category\/regionales\/"},"img":{"alt_text":"","src":"https:\/\/i0.wp.com\/larevistadigital.com.ar\/blog\/wp-content\/uploads\/semaforoenrojo-6e154eb7090a193bd4b75e68328021e9-1200x800-1.jpg?fit=1200%2C800&ssl=1&resize=350%2C200","width":350,"height":200,"srcset":"https:\/\/i0.wp.com\/larevistadigital.com.ar\/blog\/wp-content\/uploads\/semaforoenrojo-6e154eb7090a193bd4b75e68328021e9-1200x800-1.jpg?fit=1200%2C800&ssl=1&resize=350%2C200 1x, https:\/\/i0.wp.com\/larevistadigital.com.ar\/blog\/wp-content\/uploads\/semaforoenrojo-6e154eb7090a193bd4b75e68328021e9-1200x800-1.jpg?fit=1200%2C800&ssl=1&resize=525%2C300 1.5x, https:\/\/i0.wp.com\/larevistadigital.com.ar\/blog\/wp-content\/uploads\/semaforoenrojo-6e154eb7090a193bd4b75e68328021e9-1200x800-1.jpg?fit=1200%2C800&ssl=1&resize=700%2C400 2x, https:\/\/i0.wp.com\/larevistadigital.com.ar\/blog\/wp-content\/uploads\/semaforoenrojo-6e154eb7090a193bd4b75e68328021e9-1200x800-1.jpg?fit=1200%2C800&ssl=1&resize=1050%2C600 3x"},"classes":[]},{"id":15139,"url":"https:\/\/larevistadigital.com.ar\/blog\/guernica-confirman-nuevo-caso-de-covid-19-ya-son-seis-los-contagios\/","url_meta":{"origin":15780,"position":2},"title":"GUERNICA: CONFIRMAN NUEVO CASO DE COVID-19. YA SON SEIS LOS CONTAGIOS","author":"Alejandro Sosa Ruda","date":"8 mayo, 2020","format":false,"excerpt":"En la noche de este jueves 7 de mayo, la municipalidad del distrito bonaerense de Presidente Per\u00f3n confirm\u00f3 un nuevo caso de coronavirus y el total asciende a 6 contagios. Seg\u00fan indicaron en el nuevo parte epidemiol\u00f3gico, uno de los pacientes infectados logr\u00f3 recuperarse, mientras que otros 9 fueron testeados\u2026","rel":"","context":"En \u00abREGIONALES\u00bb","block_context":{"text":"REGIONALES","link":"https:\/\/larevistadigital.com.ar\/blog\/category\/regionales\/"},"img":{"alt_text":"","src":"https:\/\/i0.wp.com\/larevistadigital.com.ar\/blog\/wp-content\/uploads\/20200507_233329_wm.jpg?fit=1080%2C608&ssl=1&resize=350%2C200","width":350,"height":200,"srcset":"https:\/\/i0.wp.com\/larevistadigital.com.ar\/blog\/wp-content\/uploads\/20200507_233329_wm.jpg?fit=1080%2C608&ssl=1&resize=350%2C200 1x, https:\/\/i0.wp.com\/larevistadigital.com.ar\/blog\/wp-content\/uploads\/20200507_233329_wm.jpg?fit=1080%2C608&ssl=1&resize=525%2C300 1.5x, https:\/\/i0.wp.com\/larevistadigital.com.ar\/blog\/wp-content\/uploads\/20200507_233329_wm.jpg?fit=1080%2C608&ssl=1&resize=700%2C400 2x, https:\/\/i0.wp.com\/larevistadigital.com.ar\/blog\/wp-content\/uploads\/20200507_233329_wm.jpg?fit=1080%2C608&ssl=1&resize=1050%2C600 3x"},"classes":[]},{"id":15603,"url":"https:\/\/larevistadigital.com.ar\/blog\/se-disparan-casos-de-covid-19-en-guernica-10-contagiados-en-24-hs\/","url_meta":{"origin":15780,"position":3},"title":"SE DISPARAN CASOS DE COVID 19 EN GUERNICA: 10 CONTAGIADOS EN 24 HS.","author":"Alejandro Sosa Ruda","date":"11 junio, 2020","format":false,"excerpt":"En la noche de este miercoles 10 de junio, la Municipalidad del distrito bonaerense de\u00a0Presidente Per\u00f3n confirm\u00f3 diez nuevos casos de coronavirus y el total de contagios asciende a \"Diez de los 69 casos positivos lograron recuperarse mientras que los 59 restantes est\u00e1n en tratamiento. Asimismo hay 35 pacientes en\u2026","rel":"","context":"En \u00abREGIONALES\u00bb","block_context":{"text":"REGIONALES","link":"https:\/\/larevistadigital.com.ar\/blog\/category\/regionales\/"},"img":{"alt_text":"","src":"https:\/\/i0.wp.com\/larevistadigital.com.ar\/blog\/wp-content\/uploads\/Photo_1591844450813.jpg?fit=1080%2C607&ssl=1&resize=350%2C200","width":350,"height":200,"srcset":"https:\/\/i0.wp.com\/larevistadigital.com.ar\/blog\/wp-content\/uploads\/Photo_1591844450813.jpg?fit=1080%2C607&ssl=1&resize=350%2C200 1x, https:\/\/i0.wp.com\/larevistadigital.com.ar\/blog\/wp-content\/uploads\/Photo_1591844450813.jpg?fit=1080%2C607&ssl=1&resize=525%2C300 1.5x, https:\/\/i0.wp.com\/larevistadigital.com.ar\/blog\/wp-content\/uploads\/Photo_1591844450813.jpg?fit=1080%2C607&ssl=1&resize=700%2C400 2x, https:\/\/i0.wp.com\/larevistadigital.com.ar\/blog\/wp-content\/uploads\/Photo_1591844450813.jpg?fit=1080%2C607&ssl=1&resize=1050%2C600 3x"},"classes":[]},{"id":27367,"url":"https:\/\/larevistadigital.com.ar\/blog\/fiebre-hemorragica-argentina-otros-dos-casos-en-territorio-bonaerense\/","url_meta":{"origin":15780,"position":4},"title":"FIEBRE HEMORR\u00c1GICA ARGENTINA: OTROS DOS CASOS EN TERRITORIO BONAERENSE","author":"Alejandro Sosa Ruda","date":"29 agosto, 2022","format":false,"excerpt":"El \u00faltimo bolet\u00edn epidemiol\u00f3gico del Ministerio de Salud bonaerense report\u00f3 dos nuevos casos de Fiebre Hemorr\u00e1gica Argentina. El Ministerio de Salud de la provincia de Buenos Aires confirm\u00f3 dos nuevos contagios de Fiebre Hemorr\u00e1gica Argentina (FHA), por lo que el n\u00famero de casos subi\u00f3 a 22 en toda la regi\u00f3n\u2026","rel":"","context":"En \u00abSOCIEDAD\u00bb","block_context":{"text":"SOCIEDAD","link":"https:\/\/larevistadigital.com.ar\/blog\/category\/sociedad\/"},"img":{"alt_text":"","src":"https:\/\/i0.wp.com\/larevistadigital.com.ar\/blog\/wp-content\/uploads\/20220829161228_fha.jpg?fit=880%2C512&ssl=1&resize=350%2C200","width":350,"height":200,"srcset":"https:\/\/i0.wp.com\/larevistadigital.com.ar\/blog\/wp-content\/uploads\/20220829161228_fha.jpg?fit=880%2C512&ssl=1&resize=350%2C200 1x, https:\/\/i0.wp.com\/larevistadigital.com.ar\/blog\/wp-content\/uploads\/20220829161228_fha.jpg?fit=880%2C512&ssl=1&resize=525%2C300 1.5x, https:\/\/i0.wp.com\/larevistadigital.com.ar\/blog\/wp-content\/uploads\/20220829161228_fha.jpg?fit=880%2C512&ssl=1&resize=700%2C400 2x"},"classes":[]},{"id":15295,"url":"https:\/\/larevistadigital.com.ar\/blog\/san-vicente-se-confirma-un-nuevo-caso-y-ya-suman-51-contagios-en-el-distrito\/","url_meta":{"origin":15780,"position":5},"title":"SAN VICENTE: SE CONFIRMA UN NUEVO CASO Y YA SUMAN 51 CONTAGIOS EN EL DISTRITO","author":"Alejandro Sosa Ruda","date":"22 mayo, 2020","format":false,"excerpt":"En la tarde de este viernes 22 de mayo la municipalidad de San Vicente\u00a0confirm\u00f3 un nuevo caso de coronavirus y los contagios en el distrito llegaron a 51. \"En el d\u00eda de hoy se ha confirmado un nuevo caso positivo de COVID-19, el que se encuentra en estudio epidemiol\u00f3gico. Tambi\u00e9n,\u2026","rel":"","context":"En \u00abREGIONALES\u00bb","block_context":{"text":"REGIONALES","link":"https:\/\/larevistadigital.com.ar\/blog\/category\/regionales\/"},"img":{"alt_text":"","src":"https:\/\/i0.wp.com\/larevistadigital.com.ar\/blog\/wp-content\/uploads\/20200522_142123_wm.jpg?fit=1080%2C608&ssl=1&resize=350%2C200","width":350,"height":200,"srcset":"https:\/\/i0.wp.com\/larevistadigital.com.ar\/blog\/wp-content\/uploads\/20200522_142123_wm.jpg?fit=1080%2C608&ssl=1&resize=350%2C200 1x, https:\/\/i0.wp.com\/larevistadigital.com.ar\/blog\/wp-content\/uploads\/20200522_142123_wm.jpg?fit=1080%2C608&ssl=1&resize=525%2C300 1.5x, https:\/\/i0.wp.com\/larevistadigital.com.ar\/blog\/wp-content\/uploads\/20200522_142123_wm.jpg?fit=1080%2C608&ssl=1&resize=700%2C400 2x, https:\/\/i0.wp.com\/larevistadigital.com.ar\/blog\/wp-content\/uploads\/20200522_142123_wm.jpg?fit=1080%2C608&ssl=1&resize=1050%2C600 3x"},"classes":[]}],"_links":{"self":[{"href":"https:\/\/larevistadigital.com.ar\/blog\/wp-json\/wp\/v2\/posts\/15780","targetHints":{"allow":["GET"]}}],"collection":[{"href":"https:\/\/larevistadigital.com.ar\/blog\/wp-json\/wp\/v2\/posts"}],"about":[{"href":"https:\/\/larevistadigital.com.ar\/blog\/wp-json\/wp\/v2\/types\/post"}],"author":[{"embeddable":true,"href":"https:\/\/larevistadigital.com.ar\/blog\/wp-json\/wp\/v2\/users\/3"}],"replies":[{"embeddable":true,"href":"https:\/\/larevistadigital.com.ar\/blog\/wp-json\/wp\/v2\/comments?post=15780"}],"version-history":[{"count":1,"href":"https:\/\/larevistadigital.com.ar\/blog\/wp-json\/wp\/v2\/posts\/15780\/revisions"}],"predecessor-version":[{"id":15782,"href":"https:\/\/larevistadigital.com.ar\/blog\/wp-json\/wp\/v2\/posts\/15780\/revisions\/15782"}],"wp:featuredmedia":[{"embeddable":true,"href":"https:\/\/larevistadigital.com.ar\/blog\/wp-json\/wp\/v2\/media\/15781"}],"wp:attachment":[{"href":"https:\/\/larevistadigital.com.ar\/blog\/wp-json\/wp\/v2\/media?parent=15780"}],"wp:term":[{"taxonomy":"category","embeddable":true,"href":"https:\/\/larevistadigital.com.ar\/blog\/wp-json\/wp\/v2\/categories?post=15780"},{"taxonomy":"post_tag","embeddable":true,"href":"https:\/\/larevistadigital.com.ar\/blog\/wp-json\/wp\/v2\/tags?post=15780"}],"curies":[{"name":"wp","href":"https:\/\/api.w.org\/{rel}","templated":true}]}}