{"id":15788,"date":"2020-06-24T16:03:06","date_gmt":"2020-06-24T16:03:06","guid":{"rendered":"https:\/\/larevistadigital.com.ar\/blog\/?p=15788"},"modified":"2020-06-24T16:03:06","modified_gmt":"2020-06-24T16:03:06","slug":"video-increible-sancionan-a-policias-por-jugar-a-pinchar-un-globo-con-el-patrullero","status":"publish","type":"post","link":"https:\/\/larevistadigital.com.ar\/blog\/video-increible-sancionan-a-policias-por-jugar-a-pinchar-un-globo-con-el-patrullero\/","title":{"rendered":"[VIDEO] INCRE\u00cdBLE. SANCIONAN A POLIC\u00cdAS POR \u00abJUGAR A PINCHAR UN GLOBO CON EL PATRULLERO\u00bb"},"content":{"rendered":"<h2 class=\"fz16 bold ctext\">El Ministerio de Seguridad confirm\u00f3 la sanci\u00f3n disciplinaria contra los tres uniformados que fueron filmados mientras realizaban una tarea ins\u00f3lita.<\/h2>\n<p>Las imagenes se viralizaron r\u00e1pidamente, pero de manera confusa: algunos aseguraban\u00a0<strong>que hab\u00eda ocurrido en La Plata, otros en Lomas del Mirador.<\/strong><\/p>\n<p>Finalmente, el Ministerio de Seguridad aclar\u00f3 que los hechos corresponden a La Matanza, que tuvieron lugar el \u00faltimo 15 de junio y que hubo sanciones para tres uniformados por protagonizar tan bochornoso incidente.<\/p>\n<p><span class=\"embed-youtube\" style=\"text-align:center; display: block;\"><iframe loading=\"lazy\" class=\"youtube-player\" width=\"640\" height=\"360\" src=\"https:\/\/www.youtube.com\/embed\/y7g3RY5T978?version=3&#038;rel=1&#038;showsearch=0&#038;showinfo=1&#038;iv_load_policy=1&#038;fs=1&#038;hl=es-ES&#038;autohide=2&#038;start=5&#038;wmode=transparent\" allowfullscreen=\"true\" style=\"border:0;\" sandbox=\"allow-scripts allow-same-origin allow-popups allow-presentation allow-popups-to-escape-sandbox\"><\/iframe><\/span><\/p>\n<p><strong><em>\u00abSe inici\u00f3 una investigaci\u00f3n y tras identificarse a los involucrados, un sargento y una oficial de polic\u00eda, pertenecientes al \u00a0Comando de Patrullas La Matanza Norte, la Jefatura de Polic\u00eda dispuso una sanci\u00f3n disciplinaria\u00bb<\/em><\/strong>, comunicaron desde Seguridad.<\/p>\n<p>Al conductor, 8 d\u00edas de suspensi\u00f3n, a la acompa\u00f1ante, 4 d\u00edas. Pero tambi\u00e9n recibi\u00f3 sanciones el jefe del \u00e1rea: 5 d\u00edas. Las identidades de los uniformados, no obstante, no trascendieron.<\/p>\n","protected":false},"excerpt":{"rendered":"<div class=\"mh-excerpt\"><p>El Ministerio de Seguridad confirm\u00f3 la sanci\u00f3n disciplinaria contra los tres uniformados que fueron filmados mientras realizaban una tarea ins\u00f3lita. Las imagenes se viralizaron r\u00e1pidamente, pero de manera confusa: algunos aseguraban\u00a0que hab\u00eda ocurrido en La <a class=\"mh-excerpt-more\" href=\"https:\/\/larevistadigital.com.ar\/blog\/video-increible-sancionan-a-policias-por-jugar-a-pinchar-un-globo-con-el-patrullero\/\" title=\"[VIDEO] INCRE\u00cdBLE. SANCIONAN A POLIC\u00cdAS POR \u00abJUGAR A PINCHAR UN GLOBO CON EL PATRULLERO\u00bb\">[Leer M\u00e1s]<\/a><\/p>\n<\/div>","protected":false},"author":3,"featured_media":15789,"comment_status":"open","ping_status":"open","sticky":false,"template":"","format":"standard","meta":{"_jetpack_memberships_contains_paid_content":false,"footnotes":"","jetpack_publicize_message":"","jetpack_publicize_feature_enabled":true,"jetpack_social_post_already_shared":true,"jetpack_social_options":{"image_generator_settings":{"template":"highway","default_image_id":0,"font":"","enabled":false},"version":2}},"categories":[50],"tags":[],"class_list":{"0":"post-15788","1":"post","2":"type-post","3":"status-publish","4":"format-standard","5":"has-post-thumbnail","7":"category-interes-general"},"jetpack_publicize_connections":[],"jetpack_featured_media_url":"https:\/\/i0.wp.com\/larevistadigital.com.ar\/blog\/wp-content\/uploads\/unnamed-7.jpg?fit=512%2C281&ssl=1","jetpack_sharing_enabled":true,"jetpack_shortlink":"https:\/\/wp.me\/p8qtrQ-46E","jetpack-related-posts":[{"id":8422,"url":"https:\/\/larevistadigital.com.ar\/blog\/chascomus-policia-federal-secuestra-de-mas-de-150-000-en-contrabando\/","url_meta":{"origin":15788,"position":0},"title":"CHASCOM\u00daS: POLIC\u00cdA FEDERAL SECUESTRA DE M\u00c1S DE $150.000.- EN CONTRABANDO","author":"Alejandro Sosa Ruda","date":"13 febrero, 2019","format":false,"excerpt":"La Polic\u00eda Federal Argentina, detuvo a dos personas y secuestr\u00f3 m\u00e1s de 150.000 pesos en Chascom\u00fas, provincia de Buenos Aires. A solicitud del magistrado actuante y siguiendo los lineamientos del Ministerio de Seguridad de la Naci\u00f3n, los efectivos de la Subdelegaci\u00f3n Chascom\u00fas de la Polic\u00eda Federal, fuerza encabezada por N\u00e9stor\u2026","rel":"","context":"En \u00abPOLICIALES\u00bb","block_context":{"text":"POLICIALES","link":"https:\/\/larevistadigital.com.ar\/blog\/category\/policiales\/"},"img":{"alt_text":"","src":"https:\/\/i0.wp.com\/larevistadigital.com.ar\/blog\/wp-content\/uploads\/2019\/02\/secuestro-mercaderia-chascomus.jpg?fit=1032%2C774&ssl=1&resize=350%2C200","width":350,"height":200,"srcset":"https:\/\/i0.wp.com\/larevistadigital.com.ar\/blog\/wp-content\/uploads\/2019\/02\/secuestro-mercaderia-chascomus.jpg?fit=1032%2C774&ssl=1&resize=350%2C200 1x, https:\/\/i0.wp.com\/larevistadigital.com.ar\/blog\/wp-content\/uploads\/2019\/02\/secuestro-mercaderia-chascomus.jpg?fit=1032%2C774&ssl=1&resize=525%2C300 1.5x, https:\/\/i0.wp.com\/larevistadigital.com.ar\/blog\/wp-content\/uploads\/2019\/02\/secuestro-mercaderia-chascomus.jpg?fit=1032%2C774&ssl=1&resize=700%2C400 2x"},"classes":[]},{"id":1679,"url":"https:\/\/larevistadigital.com.ar\/blog\/como-funciona-el-equipo-anticorrupcion-de-las-fuerzas-de-seguridad\/","url_meta":{"origin":15788,"position":1},"title":"C\u00f3mo funciona el equipo anticorrupci\u00f3n de las fuerzas de seguridad","author":"editor","date":"27 marzo, 2017","format":false,"excerpt":"Un grupo especial del Ministerio de Seguridad controla a 96.700 agentes de la Federal, Prefectura, Gendarmer\u00eda y Policia Aeroportuaria; ya descabezaron a la c\u00fapula de Chascom\u00fas con un sistema de protecci\u00f3n de denunciantes Se consideran un equipo infranqueable, tomaron nota de la experiencia de los Estados Unidos, y conforman un\u2026","rel":"","context":"En \u00abCHASCOM\u00daS\u00bb","block_context":{"text":"CHASCOM\u00daS","link":"https:\/\/larevistadigital.com.ar\/blog\/category\/chascomus\/"},"img":{"alt_text":"","src":"https:\/\/i0.wp.com\/larevistadigital.com.ar\/blog\/wp-content\/uploads\/2017\/03\/167515_nacionales.jpg?fit=544%2C293&ssl=1&resize=350%2C200","width":350,"height":200,"srcset":"https:\/\/i0.wp.com\/larevistadigital.com.ar\/blog\/wp-content\/uploads\/2017\/03\/167515_nacionales.jpg?fit=544%2C293&ssl=1&resize=350%2C200 1x, https:\/\/i0.wp.com\/larevistadigital.com.ar\/blog\/wp-content\/uploads\/2017\/03\/167515_nacionales.jpg?fit=544%2C293&ssl=1&resize=525%2C300 1.5x"},"classes":[]},{"id":1651,"url":"https:\/\/larevistadigital.com.ar\/blog\/se-descabezo-a-la-policia-federal-de-chascomus-por-ayudar-a-delincuentes-vinculados-a-la-droga\/","url_meta":{"origin":15788,"position":2},"title":"SE DESCABEZ\u00d3 A LA POLIC\u00cdA FEDERAL DE CHASCOM\u00daS POR AYUDAR A DELINCUENTES VINCULADOS A LA DROGA","author":"Alejandro Sosa Ruda","date":"27 marzo, 2017","format":false,"excerpt":"Seg\u00fan confiaron al portal\u00a0 \u00a0Infobae\u00a0fuentes calificadas del ministerio de Seguridad, por medio del sistema de protecci\u00f3n de denunciantes fue\u00a0descabezada la unidad de la polic\u00eda Federal de Chascom\u00fas. A ra\u00edz de una denuncia interna de un\u00a0suboficial\u00a0que revistaba en la subdelegaci\u00f3n de esa localidad bonaerense, se descubri\u00f3 que el jefe de unidad,\u2026","rel":"","context":"En \u00abCHASCOM\u00daS\u00bb","block_context":{"text":"CHASCOM\u00daS","link":"https:\/\/larevistadigital.com.ar\/blog\/category\/chascomus\/"},"img":{"alt_text":"","src":"https:\/\/i0.wp.com\/larevistadigital.com.ar\/blog\/wp-content\/uploads\/2017\/03\/Operativo-policial-del-fin-de-semana-3.jpg?fit=1178%2C800&ssl=1&resize=350%2C200","width":350,"height":200,"srcset":"https:\/\/i0.wp.com\/larevistadigital.com.ar\/blog\/wp-content\/uploads\/2017\/03\/Operativo-policial-del-fin-de-semana-3.jpg?fit=1178%2C800&ssl=1&resize=350%2C200 1x, https:\/\/i0.wp.com\/larevistadigital.com.ar\/blog\/wp-content\/uploads\/2017\/03\/Operativo-policial-del-fin-de-semana-3.jpg?fit=1178%2C800&ssl=1&resize=525%2C300 1.5x, https:\/\/i0.wp.com\/larevistadigital.com.ar\/blog\/wp-content\/uploads\/2017\/03\/Operativo-policial-del-fin-de-semana-3.jpg?fit=1178%2C800&ssl=1&resize=700%2C400 2x, https:\/\/i0.wp.com\/larevistadigital.com.ar\/blog\/wp-content\/uploads\/2017\/03\/Operativo-policial-del-fin-de-semana-3.jpg?fit=1178%2C800&ssl=1&resize=1050%2C600 3x"},"classes":[]},{"id":726,"url":"https:\/\/larevistadigital.com.ar\/blog\/se-entregaron-equipos-comunicacion-la-policia-local\/","url_meta":{"origin":15788,"position":3},"title":"Se entregaron equipos de comunicaci\u00f3n para la Polic\u00eda Local","author":"editor","date":"8 marzo, 2017","format":false,"excerpt":"ADQUIRIDOS CON FONDOS DEL MINISTERIO DE SEGURIDAD DE LA NACI\u00d3N- El Intendente Camilo Etchevarren, anunci\u00f3 que con fondos provenientes del Ministerio de Seguridad de la Naci\u00f3n se adquirieron equipos de comunicaci\u00f3n para la Polic\u00eda Local. \u201cQuiero agradecer a la Ministra de Seguridad Patricia Bullrich y al Secretario de Seguridad Interior\u2026","rel":"","context":"En \u00abDOLORES\u00bb","block_context":{"text":"DOLORES","link":"https:\/\/larevistadigital.com.ar\/blog\/category\/dolores\/"},"img":{"alt_text":"","src":"https:\/\/i0.wp.com\/larevistadigital.com.ar\/blog\/wp-content\/uploads\/2017\/03\/170307-ENTREGA-ELEMENTOS-DE-COMUNICACI%C3%93N-POLICIA-LOCAL-004.jpg?fit=800%2C533&ssl=1&resize=350%2C200","width":350,"height":200,"srcset":"https:\/\/i0.wp.com\/larevistadigital.com.ar\/blog\/wp-content\/uploads\/2017\/03\/170307-ENTREGA-ELEMENTOS-DE-COMUNICACI%C3%93N-POLICIA-LOCAL-004.jpg?fit=800%2C533&ssl=1&resize=350%2C200 1x, https:\/\/i0.wp.com\/larevistadigital.com.ar\/blog\/wp-content\/uploads\/2017\/03\/170307-ENTREGA-ELEMENTOS-DE-COMUNICACI%C3%93N-POLICIA-LOCAL-004.jpg?fit=800%2C533&ssl=1&resize=525%2C300 1.5x, https:\/\/i0.wp.com\/larevistadigital.com.ar\/blog\/wp-content\/uploads\/2017\/03\/170307-ENTREGA-ELEMENTOS-DE-COMUNICACI%C3%93N-POLICIA-LOCAL-004.jpg?fit=800%2C533&ssl=1&resize=700%2C400 2x"},"classes":[]},{"id":14494,"url":"https:\/\/larevistadigital.com.ar\/blog\/intervienen-comisaria-de-la-tablada-por-denuncias-de-abuso-sexual-y-torturas\/","url_meta":{"origin":15788,"position":4},"title":"INTERVIENEN COMISAR\u00cdA DE LA TABLADA POR DENUNCIAS DE ABUSO SEXUAL Y TORTURAS","author":"Alejandro Sosa Ruda","date":"31 enero, 2020","format":false,"excerpt":"Una comisar\u00eda de La Tablada fue intervenida en las \u00faltimas horas por graves denuncias contra efectivos policiales de esa seccional por abusos sexuales y torturas. Seg\u00fan inform\u00f3 la Comisi\u00f3n por la Memoria (CPM), la intervenci\u00f3n realizada por el Ministerio de Seguridad bonaerense fue tras la\u00a0denuncia de mujeres alojadas en la\u2026","rel":"","context":"En \u00abPOLICIALES\u00bb","block_context":{"text":"POLICIALES","link":"https:\/\/larevistadigital.com.ar\/blog\/category\/policiales\/"},"img":{"alt_text":"","src":"https:\/\/i0.wp.com\/larevistadigital.com.ar\/blog\/wp-content\/uploads\/20200131_165907.jpg?fit=1080%2C636&ssl=1&resize=350%2C200","width":350,"height":200,"srcset":"https:\/\/i0.wp.com\/larevistadigital.com.ar\/blog\/wp-content\/uploads\/20200131_165907.jpg?fit=1080%2C636&ssl=1&resize=350%2C200 1x, https:\/\/i0.wp.com\/larevistadigital.com.ar\/blog\/wp-content\/uploads\/20200131_165907.jpg?fit=1080%2C636&ssl=1&resize=525%2C300 1.5x, https:\/\/i0.wp.com\/larevistadigital.com.ar\/blog\/wp-content\/uploads\/20200131_165907.jpg?fit=1080%2C636&ssl=1&resize=700%2C400 2x, https:\/\/i0.wp.com\/larevistadigital.com.ar\/blog\/wp-content\/uploads\/20200131_165907.jpg?fit=1080%2C636&ssl=1&resize=1050%2C600 3x"},"classes":[]},{"id":26887,"url":"https:\/\/larevistadigital.com.ar\/blog\/exclusivo-luego-de-un-dia-de-persecucion-que-incluyo-a-un-policia-atropellado-la-policia-detuvo-a-un-peligroso-delincuente-en-las-vias-del-30-de-mayo\/","url_meta":{"origin":15788,"position":5},"title":"EXCLUSIVO: LUEGO DE UN D\u00cdA DE PERSECUCI\u00d3N QUE INCLUY\u00d3 A UN UNIFORMADO ATROPELLADO, LA POLIC\u00cdA DETUVO A UN PELIGROSO DELINCUENTE EN LAS V\u00cdAS DEL 30 DE MAYO","author":"Alejandro Sosa Ruda","date":"30 julio, 2022","format":false,"excerpt":"Todo comenz\u00f3 por la ma\u00f1ana en La Tablada, donde el delincuente consigui\u00f3 escapar, pero finalmente, y con la ayuda de Monitoreo result\u00f3 detenido en Chascom\u00fas. Ser\u00eda el autor de dos hechos recientes de robo calificado. CHASCOM\u00daS -\u00a0 Durante la tarde de hoy, recibimos varios mensajes de vecinos del Barrio 30\u2026","rel":"","context":"En \u00abDESTACADAS\u00bb","block_context":{"text":"DESTACADAS","link":"https:\/\/larevistadigital.com.ar\/blog\/category\/destacadas\/"},"img":{"alt_text":"Im\u00e1gen ilustrativa","src":"https:\/\/i0.wp.com\/larevistadigital.com.ar\/blog\/wp-content\/uploads\/2019\/03\/esposado.jpg?fit=750%2C400&ssl=1&resize=350%2C200","width":350,"height":200,"srcset":"https:\/\/i0.wp.com\/larevistadigital.com.ar\/blog\/wp-content\/uploads\/2019\/03\/esposado.jpg?fit=750%2C400&ssl=1&resize=350%2C200 1x, https:\/\/i0.wp.com\/larevistadigital.com.ar\/blog\/wp-content\/uploads\/2019\/03\/esposado.jpg?fit=750%2C400&ssl=1&resize=525%2C300 1.5x, https:\/\/i0.wp.com\/larevistadigital.com.ar\/blog\/wp-content\/uploads\/2019\/03\/esposado.jpg?fit=750%2C400&ssl=1&resize=700%2C400 2x"},"classes":[]}],"_links":{"self":[{"href":"https:\/\/larevistadigital.com.ar\/blog\/wp-json\/wp\/v2\/posts\/15788","targetHints":{"allow":["GET"]}}],"collection":[{"href":"https:\/\/larevistadigital.com.ar\/blog\/wp-json\/wp\/v2\/posts"}],"about":[{"href":"https:\/\/larevistadigital.com.ar\/blog\/wp-json\/wp\/v2\/types\/post"}],"author":[{"embeddable":true,"href":"https:\/\/larevistadigital.com.ar\/blog\/wp-json\/wp\/v2\/users\/3"}],"replies":[{"embeddable":true,"href":"https:\/\/larevistadigital.com.ar\/blog\/wp-json\/wp\/v2\/comments?post=15788"}],"version-history":[{"count":1,"href":"https:\/\/larevistadigital.com.ar\/blog\/wp-json\/wp\/v2\/posts\/15788\/revisions"}],"predecessor-version":[{"id":15790,"href":"https:\/\/larevistadigital.com.ar\/blog\/wp-json\/wp\/v2\/posts\/15788\/revisions\/15790"}],"wp:featuredmedia":[{"embeddable":true,"href":"https:\/\/larevistadigital.com.ar\/blog\/wp-json\/wp\/v2\/media\/15789"}],"wp:attachment":[{"href":"https:\/\/larevistadigital.com.ar\/blog\/wp-json\/wp\/v2\/media?parent=15788"}],"wp:term":[{"taxonomy":"category","embeddable":true,"href":"https:\/\/larevistadigital.com.ar\/blog\/wp-json\/wp\/v2\/categories?post=15788"},{"taxonomy":"post_tag","embeddable":true,"href":"https:\/\/larevistadigital.com.ar\/blog\/wp-json\/wp\/v2\/tags?post=15788"}],"curies":[{"name":"wp","href":"https:\/\/api.w.org\/{rel}","templated":true}]}}